{"id":12432,"date":"2020-02-25T09:27:26","date_gmt":"2020-02-25T08:27:26","guid":{"rendered":"http:\/\/www.buhl.de\/vermieter-web\/?p=12432"},"modified":"2020-02-25T09:27:26","modified_gmt":"2020-02-25T08:27:26","slug":"heizungsabnahme-erfordert-dokumentation-2","status":"publish","type":"post","link":"https:\/\/www.buhl.de\/vermieter-web\/heizungsabnahme-erfordert-dokumentation-2\/","title":{"rendered":"WEG: Der Zugang zur \u201ezugangslosen\u201c Gemeinschaftsfl\u00e4che"},"content":{"rendered":"<p><strong>Eine Gemeinschaftsfl\u00e4che muss normalerweise f\u00fcr jeden Miteigent\u00fcmer erreichbar sein. Was aber, wenn dies nur \u00fcber die Sondernutzungsfl\u00e4che eines Eigent\u00fcmers m\u00f6glich ist? Das Landgericht Frankfurt\/Main stellte in einem Urteil fest, dass der Eigent\u00fcmer der Sondernutzungsfl\u00e4che keinen Zugang zur Gemeinschaftsfl\u00e4che einr\u00e4umen m\u00fcsse, wenn f\u00fcr diese Fl\u00e4che keine bestimmte Nutzungsart in der Teilungserkl\u00e4rung festgeschrieben wurde (Urteil vom 07.11.2019 \u2013 Aktenzeichen 2-13\u00a0S\u00a0103\/18). Der Zugang m\u00fcsse lediglich f\u00fcr Instandhaltungs- und Instandsetzungsma\u00dfnahmen einger\u00e4umt werden. Weitergehende Zugangsrechte m\u00fcssten in einer entsprechend zu \u00e4ndernden Teilungserkl\u00e4rung festgehalten werden. <\/strong><\/p>\n<p>In dem Verfahren ging es um eine Gemeinschaftsfl\u00e4che, die nach der Teilungserkl\u00e4rung keine besondere Funktion hatte. Diese Fl\u00e4che konnte nur \u00fcber eine Sondernutzungsfl\u00e4che erreicht werden.\u00a0 Ein Eigent\u00fcmer einer anderen Sondernutzungsfl\u00e4che wollte nun erzwingen, dass er Zugang zur Gemeinschaftsfl\u00e4che erhalte. Hierf\u00fcr ben\u00f6tigte er die Einwilligung des Eigent\u00fcmers der Sondernutzungsfl\u00e4che, \u00fcber die die Gemeinschaftsfl\u00e4che erreicht werden konnte. Diese Einwilligung erhielt er nicht. Der Inhaber der Sondernutzungsfl\u00e4che r\u00e4umte lediglich einen eingeschr\u00e4nkten Zugang zu der Gemeinschaftsfl\u00e4che ein. Die Erlaubnis beschr\u00e4nkte sich auf ein Betreten des Sondereigentums um Wartungs- und Reparaturarbeiten am Gemeinschaftseigentum durchzuf\u00fchren. Der Eigent\u00fcmer des anderen Sondereigentums verlangte jedoch ein uneingeschr\u00e4nktes Betretungsrecht. Deshalb klagte er vor dem Landgericht Frankfurt\/Main.<\/p>\n<p>Doch auch hier konnte er sich nicht durchsetzen. Das Gericht entschied, dass der Kl\u00e4ger keinen Anspruch darauf geltend machen k\u00f6nne, die Sondernutzungsfl\u00e4che des Beklagten zu betreten. In dem Sondernutzungsrecht des Beklagten sei nicht vorgesehen, dass er verpflichtet sei, anderen Eigent\u00fcmern den Zugang zu der Gemeinschaftsfl\u00e4che zu erm\u00f6glichen. Au\u00dferdem habe die Gemeinschaftsfl\u00e4che keine besondere Funktion, so dass eine regelm\u00e4\u00dfige Nutzung der Fl\u00e4che nicht notwendig sei. Das Gericht verglich die Gemeinschaftsfl\u00e4che mit einem Spitzboden, der auch nur zur Instandhaltung beziehungsweise -setzung betreten werden m\u00fcsse. Eine Zugangszusage f\u00fcr entsprechende Arbeiten habe der Beklagte jedoch gegeben.<\/p>\n<p>Wolle man ein erweitertes Betretungsrecht erreichen, so das Landgericht, m\u00fcssten sich die Eigent\u00fcmer darauf einigen, eine \u00c4nderung der Teilungserkl\u00e4rung vorzunehmen. Ohne diese \u00c4nderung k\u00f6nne aber vor dem Beklagten nicht verlangt werden, weitergehende Betretungsrechte einzur\u00e4umen.<\/p>\n<figure id=\"attachment_9793\" aria-describedby=\"caption-attachment-9793\" style=\"width: 90px\" class=\"wp-caption alignleft\"><img loading=\"lazy\" decoding=\"async\" class=\" wp-image-9793\" src=\"https:\/\/www.buhl.de\/vermieter-web\/wp-content\/uploads\/sites\/33\/2019\/09\/Verlinkung.jpg\" alt=\"\" width=\"90\" height=\"87\" \/><figcaption id=\"caption-attachment-9793\" class=\"wp-caption-text\">Falsche<\/figcaption><\/figure>\n<p><b><i>Das k\u00f6nnte Sie auch interessieren:<br \/>\n<\/i><\/b><a href=\"\/vermieter-web\/weg-eigentumsentzug-ohne-abmahnung\/\">WEG: Eigentumsentzug ohne Abmahnung<\/a><br \/>\n<a href=\"\/vermieter-web\/10093-2\/\">WEG: Eisdiele ist kein Laden<\/a><br \/>\n<a href=\"\/vermieter-web\/weg-abstimmung-in-der-waschkueche\/\">WEG: Abstimmung in der Waschk\u00fcche<\/a><b><i><br \/>\n<\/i><\/b><\/p>\n","protected":false},"excerpt":{"rendered":"<p>Eine Gemeinschaftsfl\u00e4che muss normalerweise f\u00fcr jeden Miteigent\u00fcmer erreichbar sein. Was aber, wenn dies nur \u00fcber die Sondernutzungsfl\u00e4che eines Eigent\u00fcmers m\u00f6glich ist? Das Landgericht Frankfurt\/Main stellte in einem Urteil fest, dass der Eigent\u00fcmer der Sondernutzungsfl\u00e4che keinen Zugang zur Gemeinschaftsfl\u00e4che einr\u00e4umen m\u00fcsse, wenn f\u00fcr diese Fl\u00e4che keine bestimmte Nutzungsart in der Teilungserkl\u00e4rung festgeschrieben wurde (Urteil vom 07.11.2019 &hellip; <\/p>\n<p class=\"link-more\"><a href=\"https:\/\/www.buhl.de\/vermieter-web\/heizungsabnahme-erfordert-dokumentation-2\/\" class=\"more-link\"><span class=\"screen-reader-text\">\u201eWEG: Der Zugang zur \u201ezugangslosen\u201c Gemeinschaftsfl\u00e4che\u201c<\/span> weiterlesen<\/a><\/p>\n","protected":false},"author":15,"featured_media":12434,"comment_status":"open","ping_status":"open","sticky":false,"template":"","format":"standard","meta":{"footnotes":""},"categories":[1],"tags":[526,2654,1394,392],"class_list":["post-12432","post","type-post","status-publish","format-standard","has-post-thumbnail","hentry","category-allgemein","tag-gemeinschaftseigentum","tag-sondereigentum","tag-teilungserklaerung","tag-weg"],"yoast_head":"<!-- This site is optimized with the Yoast SEO Premium plugin v27.4 (Yoast SEO v27.5) - https:\/\/yoast.com\/product\/yoast-seo-premium-wordpress\/ -->\n<title>Zugang zu Gemeinschaftsfl\u00e4chen \u00fcber Sondereigentum<\/title>\n<meta name=\"description\" content=\"Der Eigent\u00fcmer eines Sondereigentums muss den Zugang zu Gemeinschaftseigentum \u00fcber sein Eigentum nicht gestatten, wenn das Gemeinschaftseigentum keine Funktion f\u00fcr die Gemeinschaft hat.\" \/>\n<meta name=\"robots\" content=\"noindex, nofollow\" \/>\n<meta property=\"og:locale\" content=\"de_DE\" \/>\n<meta property=\"og:type\" content=\"article\" \/>\n<meta property=\"og:title\" content=\"WEG: Der Zugang zur \u201ezugangslosen\u201c Gemeinschaftsfl\u00e4che\" \/>\n<meta property=\"og:description\" content=\"Der Eigent\u00fcmer eines Sondereigentums muss den Zugang zu Gemeinschaftseigentum \u00fcber sein Eigentum nicht gestatten, wenn das Gemeinschaftseigentum keine Funktion f\u00fcr die Gemeinschaft hat.\" \/>\n<meta property=\"og:url\" content=\"https:\/\/www.buhl.de\/vermieter-web\/heizungsabnahme-erfordert-dokumentation-2\/\" \/>\n<meta property=\"og:site_name\" content=\"Online-Nebenkostenabrechnung mit WISO Vermieter-Web\" \/>\n<meta property=\"article:published_time\" content=\"2020-02-25T08:27:26+00:00\" \/>\n<meta property=\"og:image\" content=\"https:\/\/www.buhl.de\/vermieter-web\/wp-content\/uploads\/sites\/33\/2020\/02\/Halt-1.png\" \/>\n\t<meta property=\"og:image:width\" content=\"840\" \/>\n\t<meta property=\"og:image:height\" content=\"420\" \/>\n\t<meta property=\"og:image:type\" content=\"image\/png\" \/>\n<meta name=\"author\" content=\"Hartmut Fischer\" \/>\n<meta name=\"twitter:card\" content=\"summary_large_image\" \/>\n<meta name=\"twitter:label1\" content=\"Verfasst von\" \/>\n\t<meta name=\"twitter:data1\" content=\"Hartmut Fischer\" \/>\n\t<meta name=\"twitter:label2\" content=\"Gesch\u00e4tzte Lesezeit\" \/>\n\t<meta name=\"twitter:data2\" content=\"2\u00a0Minuten\" \/>\n<script type=\"application\/ld+json\" class=\"yoast-schema-graph\">{\"@context\":\"https:\\\/\\\/schema.org\",\"@graph\":[{\"@type\":\"Article\",\"@id\":\"https:\\\/\\\/www.buhl.de\\\/vermieter-web\\\/heizungsabnahme-erfordert-dokumentation-2\\\/#article\",\"isPartOf\":{\"@id\":\"https:\\\/\\\/www.buhl.de\\\/vermieter-web\\\/heizungsabnahme-erfordert-dokumentation-2\\\/\"},\"author\":{\"name\":\"Hartmut Fischer\",\"@id\":\"https:\\\/\\\/www.buhl.de\\\/vermieter-web\\\/#\\\/schema\\\/person\\\/82903e1cb04eb553382702d503991b4f\"},\"headline\":\"WEG: Der Zugang zur \u201ezugangslosen\u201c Gemeinschaftsfl\u00e4che\",\"datePublished\":\"2020-02-25T08:27:26+00:00\",\"mainEntityOfPage\":{\"@id\":\"https:\\\/\\\/www.buhl.de\\\/vermieter-web\\\/heizungsabnahme-erfordert-dokumentation-2\\\/\"},\"wordCount\":406,\"commentCount\":0,\"image\":{\"@id\":\"https:\\\/\\\/www.buhl.de\\\/vermieter-web\\\/heizungsabnahme-erfordert-dokumentation-2\\\/#primaryimage\"},\"thumbnailUrl\":\"https:\\\/\\\/www.buhl.de\\\/vermieter-web\\\/wp-content\\\/uploads\\\/sites\\\/33\\\/2020\\\/02\\\/Halt-1.png\",\"keywords\":[\"Gemeinschaftseigentum\",\"Sondereigentum\",\"Teilungserkl\u00e4rung\",\"WEG\"],\"inLanguage\":\"de\",\"potentialAction\":[{\"@type\":\"CommentAction\",\"name\":\"Comment\",\"target\":[\"https:\\\/\\\/www.buhl.de\\\/vermieter-web\\\/heizungsabnahme-erfordert-dokumentation-2\\\/#respond\"]}]},{\"@type\":\"WebPage\",\"@id\":\"https:\\\/\\\/www.buhl.de\\\/vermieter-web\\\/heizungsabnahme-erfordert-dokumentation-2\\\/\",\"url\":\"https:\\\/\\\/www.buhl.de\\\/vermieter-web\\\/heizungsabnahme-erfordert-dokumentation-2\\\/\",\"name\":\"Zugang zu Gemeinschaftsfl\u00e4chen \u00fcber Sondereigentum\",\"isPartOf\":{\"@id\":\"https:\\\/\\\/www.buhl.de\\\/vermieter-web\\\/#website\"},\"primaryImageOfPage\":{\"@id\":\"https:\\\/\\\/www.buhl.de\\\/vermieter-web\\\/heizungsabnahme-erfordert-dokumentation-2\\\/#primaryimage\"},\"image\":{\"@id\":\"https:\\\/\\\/www.buhl.de\\\/vermieter-web\\\/heizungsabnahme-erfordert-dokumentation-2\\\/#primaryimage\"},\"thumbnailUrl\":\"https:\\\/\\\/www.buhl.de\\\/vermieter-web\\\/wp-content\\\/uploads\\\/sites\\\/33\\\/2020\\\/02\\\/Halt-1.png\",\"datePublished\":\"2020-02-25T08:27:26+00:00\",\"author\":{\"@id\":\"https:\\\/\\\/www.buhl.de\\\/vermieter-web\\\/#\\\/schema\\\/person\\\/82903e1cb04eb553382702d503991b4f\"},\"description\":\"Der Eigent\u00fcmer eines Sondereigentums muss den Zugang zu Gemeinschaftseigentum \u00fcber sein Eigentum nicht gestatten, wenn das Gemeinschaftseigentum keine Funktion f\u00fcr die Gemeinschaft hat.\",\"breadcrumb\":{\"@id\":\"https:\\\/\\\/www.buhl.de\\\/vermieter-web\\\/heizungsabnahme-erfordert-dokumentation-2\\\/#breadcrumb\"},\"inLanguage\":\"de\",\"potentialAction\":[{\"@type\":\"ReadAction\",\"target\":[\"https:\\\/\\\/www.buhl.de\\\/vermieter-web\\\/heizungsabnahme-erfordert-dokumentation-2\\\/\"]}]},{\"@type\":\"ImageObject\",\"inLanguage\":\"de\",\"@id\":\"https:\\\/\\\/www.buhl.de\\\/vermieter-web\\\/heizungsabnahme-erfordert-dokumentation-2\\\/#primaryimage\",\"url\":\"https:\\\/\\\/www.buhl.de\\\/vermieter-web\\\/wp-content\\\/uploads\\\/sites\\\/33\\\/2020\\\/02\\\/Halt-1.png\",\"contentUrl\":\"https:\\\/\\\/www.buhl.de\\\/vermieter-web\\\/wp-content\\\/uploads\\\/sites\\\/33\\\/2020\\\/02\\\/Halt-1.png\",\"width\":840,\"height\":420,\"caption\":\"Kein Zugang zu funktionslosen Gemeinschaftsfl\u00e4chen \u00fcber Sondereigentum\"},{\"@type\":\"BreadcrumbList\",\"@id\":\"https:\\\/\\\/www.buhl.de\\\/vermieter-web\\\/heizungsabnahme-erfordert-dokumentation-2\\\/#breadcrumb\",\"itemListElement\":[{\"@type\":\"ListItem\",\"position\":1,\"name\":\"Startseite\",\"item\":\"https:\\\/\\\/www.buhl.de\\\/vermieter-web\\\/\"},{\"@type\":\"ListItem\",\"position\":2,\"name\":\"WEG: Der Zugang zur \u201ezugangslosen\u201c Gemeinschaftsfl\u00e4che\"}]},{\"@type\":\"WebSite\",\"@id\":\"https:\\\/\\\/www.buhl.de\\\/vermieter-web\\\/#website\",\"url\":\"https:\\\/\\\/www.buhl.de\\\/vermieter-web\\\/\",\"name\":\"Online-Nebenkostenabrechnung mit WISO Vermieter-Web\",\"description\":\"\",\"potentialAction\":[{\"@type\":\"SearchAction\",\"target\":{\"@type\":\"EntryPoint\",\"urlTemplate\":\"https:\\\/\\\/www.buhl.de\\\/vermieter-web\\\/?s={search_term_string}\"},\"query-input\":{\"@type\":\"PropertyValueSpecification\",\"valueRequired\":true,\"valueName\":\"search_term_string\"}}],\"inLanguage\":\"de\"},{\"@type\":\"Person\",\"@id\":\"https:\\\/\\\/www.buhl.de\\\/vermieter-web\\\/#\\\/schema\\\/person\\\/82903e1cb04eb553382702d503991b4f\",\"name\":\"Hartmut Fischer\"}]}<\/script>\n<!-- \/ Yoast SEO Premium plugin. -->","yoast_head_json":{"title":"Zugang zu Gemeinschaftsfl\u00e4chen \u00fcber Sondereigentum","description":"Der Eigent\u00fcmer eines Sondereigentums muss den Zugang zu Gemeinschaftseigentum \u00fcber sein Eigentum nicht gestatten, wenn das Gemeinschaftseigentum keine Funktion f\u00fcr die Gemeinschaft hat.","robots":{"index":"noindex","follow":"nofollow"},"og_locale":"de_DE","og_type":"article","og_title":"WEG: Der Zugang zur \u201ezugangslosen\u201c Gemeinschaftsfl\u00e4che","og_description":"Der Eigent\u00fcmer eines Sondereigentums muss den Zugang zu Gemeinschaftseigentum \u00fcber sein Eigentum nicht gestatten, wenn das Gemeinschaftseigentum keine Funktion f\u00fcr die Gemeinschaft hat.","og_url":"https:\/\/www.buhl.de\/vermieter-web\/heizungsabnahme-erfordert-dokumentation-2\/","og_site_name":"Online-Nebenkostenabrechnung mit WISO Vermieter-Web","article_published_time":"2020-02-25T08:27:26+00:00","og_image":[{"width":840,"height":420,"url":"https:\/\/www.buhl.de\/vermieter-web\/wp-content\/uploads\/sites\/33\/2020\/02\/Halt-1.png","type":"image\/png"}],"author":"Hartmut Fischer","twitter_card":"summary_large_image","twitter_misc":{"Verfasst von":"Hartmut Fischer","Gesch\u00e4tzte Lesezeit":"2\u00a0Minuten"},"schema":{"@context":"https:\/\/schema.org","@graph":[{"@type":"Article","@id":"https:\/\/www.buhl.de\/vermieter-web\/heizungsabnahme-erfordert-dokumentation-2\/#article","isPartOf":{"@id":"https:\/\/www.buhl.de\/vermieter-web\/heizungsabnahme-erfordert-dokumentation-2\/"},"author":{"name":"Hartmut Fischer","@id":"https:\/\/www.buhl.de\/vermieter-web\/#\/schema\/person\/82903e1cb04eb553382702d503991b4f"},"headline":"WEG: Der Zugang zur \u201ezugangslosen\u201c Gemeinschaftsfl\u00e4che","datePublished":"2020-02-25T08:27:26+00:00","mainEntityOfPage":{"@id":"https:\/\/www.buhl.de\/vermieter-web\/heizungsabnahme-erfordert-dokumentation-2\/"},"wordCount":406,"commentCount":0,"image":{"@id":"https:\/\/www.buhl.de\/vermieter-web\/heizungsabnahme-erfordert-dokumentation-2\/#primaryimage"},"thumbnailUrl":"https:\/\/www.buhl.de\/vermieter-web\/wp-content\/uploads\/sites\/33\/2020\/02\/Halt-1.png","keywords":["Gemeinschaftseigentum","Sondereigentum","Teilungserkl\u00e4rung","WEG"],"inLanguage":"de","potentialAction":[{"@type":"CommentAction","name":"Comment","target":["https:\/\/www.buhl.de\/vermieter-web\/heizungsabnahme-erfordert-dokumentation-2\/#respond"]}]},{"@type":"WebPage","@id":"https:\/\/www.buhl.de\/vermieter-web\/heizungsabnahme-erfordert-dokumentation-2\/","url":"https:\/\/www.buhl.de\/vermieter-web\/heizungsabnahme-erfordert-dokumentation-2\/","name":"Zugang zu Gemeinschaftsfl\u00e4chen \u00fcber Sondereigentum","isPartOf":{"@id":"https:\/\/www.buhl.de\/vermieter-web\/#website"},"primaryImageOfPage":{"@id":"https:\/\/www.buhl.de\/vermieter-web\/heizungsabnahme-erfordert-dokumentation-2\/#primaryimage"},"image":{"@id":"https:\/\/www.buhl.de\/vermieter-web\/heizungsabnahme-erfordert-dokumentation-2\/#primaryimage"},"thumbnailUrl":"https:\/\/www.buhl.de\/vermieter-web\/wp-content\/uploads\/sites\/33\/2020\/02\/Halt-1.png","datePublished":"2020-02-25T08:27:26+00:00","author":{"@id":"https:\/\/www.buhl.de\/vermieter-web\/#\/schema\/person\/82903e1cb04eb553382702d503991b4f"},"description":"Der Eigent\u00fcmer eines Sondereigentums muss den Zugang zu Gemeinschaftseigentum \u00fcber sein Eigentum nicht gestatten, wenn das Gemeinschaftseigentum keine Funktion f\u00fcr die Gemeinschaft hat.","breadcrumb":{"@id":"https:\/\/www.buhl.de\/vermieter-web\/heizungsabnahme-erfordert-dokumentation-2\/#breadcrumb"},"inLanguage":"de","potentialAction":[{"@type":"ReadAction","target":["https:\/\/www.buhl.de\/vermieter-web\/heizungsabnahme-erfordert-dokumentation-2\/"]}]},{"@type":"ImageObject","inLanguage":"de","@id":"https:\/\/www.buhl.de\/vermieter-web\/heizungsabnahme-erfordert-dokumentation-2\/#primaryimage","url":"https:\/\/www.buhl.de\/vermieter-web\/wp-content\/uploads\/sites\/33\/2020\/02\/Halt-1.png","contentUrl":"https:\/\/www.buhl.de\/vermieter-web\/wp-content\/uploads\/sites\/33\/2020\/02\/Halt-1.png","width":840,"height":420,"caption":"Kein Zugang zu funktionslosen Gemeinschaftsfl\u00e4chen \u00fcber Sondereigentum"},{"@type":"BreadcrumbList","@id":"https:\/\/www.buhl.de\/vermieter-web\/heizungsabnahme-erfordert-dokumentation-2\/#breadcrumb","itemListElement":[{"@type":"ListItem","position":1,"name":"Startseite","item":"https:\/\/www.buhl.de\/vermieter-web\/"},{"@type":"ListItem","position":2,"name":"WEG: Der Zugang zur \u201ezugangslosen\u201c Gemeinschaftsfl\u00e4che"}]},{"@type":"WebSite","@id":"https:\/\/www.buhl.de\/vermieter-web\/#website","url":"https:\/\/www.buhl.de\/vermieter-web\/","name":"Online-Nebenkostenabrechnung mit WISO Vermieter-Web","description":"","potentialAction":[{"@type":"SearchAction","target":{"@type":"EntryPoint","urlTemplate":"https:\/\/www.buhl.de\/vermieter-web\/?s={search_term_string}"},"query-input":{"@type":"PropertyValueSpecification","valueRequired":true,"valueName":"search_term_string"}}],"inLanguage":"de"},{"@type":"Person","@id":"https:\/\/www.buhl.de\/vermieter-web\/#\/schema\/person\/82903e1cb04eb553382702d503991b4f","name":"Hartmut Fischer"}]}},"_links":{"self":[{"href":"https:\/\/www.buhl.de\/vermieter-web\/wp-json\/wp\/v2\/posts\/12432","targetHints":{"allow":["GET"]}}],"collection":[{"href":"https:\/\/www.buhl.de\/vermieter-web\/wp-json\/wp\/v2\/posts"}],"about":[{"href":"https:\/\/www.buhl.de\/vermieter-web\/wp-json\/wp\/v2\/types\/post"}],"author":[{"embeddable":true,"href":"https:\/\/www.buhl.de\/vermieter-web\/wp-json\/wp\/v2\/users\/15"}],"replies":[{"embeddable":true,"href":"https:\/\/www.buhl.de\/vermieter-web\/wp-json\/wp\/v2\/comments?post=12432"}],"version-history":[{"count":1,"href":"https:\/\/www.buhl.de\/vermieter-web\/wp-json\/wp\/v2\/posts\/12432\/revisions"}],"predecessor-version":[{"id":12435,"href":"https:\/\/www.buhl.de\/vermieter-web\/wp-json\/wp\/v2\/posts\/12432\/revisions\/12435"}],"wp:featuredmedia":[{"embeddable":true,"href":"https:\/\/www.buhl.de\/vermieter-web\/wp-json\/wp\/v2\/media\/12434"}],"wp:attachment":[{"href":"https:\/\/www.buhl.de\/vermieter-web\/wp-json\/wp\/v2\/media?parent=12432"}],"wp:term":[{"taxonomy":"category","embeddable":true,"href":"https:\/\/www.buhl.de\/vermieter-web\/wp-json\/wp\/v2\/categories?post=12432"},{"taxonomy":"post_tag","embeddable":true,"href":"https:\/\/www.buhl.de\/vermieter-web\/wp-json\/wp\/v2\/tags?post=12432"}],"curies":[{"name":"wp","href":"https:\/\/api.w.org\/{rel}","templated":true}]}}