{"id":12472,"date":"2020-03-11T14:19:24","date_gmt":"2020-03-11T13:19:24","guid":{"rendered":"http:\/\/www.buhl.de\/vermieter-web\/?p=12472"},"modified":"2020-03-11T14:19:24","modified_gmt":"2020-03-11T13:19:24","slug":"eilantraege-gegen-berliner-mietdeckel","status":"publish","type":"post","link":"https:\/\/www.buhl.de\/vermieter-web\/eilantraege-gegen-berliner-mietdeckel\/","title":{"rendered":"Eilantr\u00e4ge gegen Berliner Mietendeckel"},"content":{"rendered":"<p><strong>Am 30.01.2020 wurde vom Berliner Senat der sogenannte \u201eMietendeckel\u201c verabschiedet <a href=\"https:\/\/www.buhl.de\/vermieter-web\/berliner-mietendeckel-ist-beschlossene-sache\/\">(siehe auch unseren Beitrag \u201eBerliner Mietendeckel ist beschlossene Sache\u201c<\/a><\/strong><strong>). Inzwischen sind beim Bundesverfassungsgericht bereits drei Eilantr\u00e4ge eingegangen, mit denen die Antragsteller erreichen wollen, dass das Vorhaben so lange au\u00dfer Kraft gesetzt wird, bis eine endg\u00fcltige Entscheidung durch das Bundesverfassungsgericht gef\u00e4llt wird. Ein erster Antrag wurde allerdings bereits vom Gericht wegen Formfehlern abgelehnt. <\/strong><\/p>\n<p>Das Bundesverfassungsgericht erkl\u00e4rte den \u201eAntrag auf Au\u00dferkraftsetzung einer Vorschrift des Gesetzes zur Neuregelung gesetzlicher Vorschriften zur Mietenbegrenzung des Landes Berlin (sogenannter \u201eMietendeckel) im Wege einer einstweiligen Anordnung\u201c f\u00fcr unzul\u00e4ssig.<\/p>\n<p>Die Antragsteller, die Wohnungen in Berlin vermieten, wollten mit ihrem Antrag erreichen, dass die Verletzung der Regelungen zu bestimmten Auskunftspflichten und zur gesetzlich bestimmten H\u00f6chstmiete vorl\u00e4ufig nicht als Ordnungswidrigkeit eingestuft werden. Das Gericht wies jedoch darauf hin, dass ein zul\u00e4ssiger Antrag auf Erlass einer einstweiligen Anordnung nach dem Bundesverfassungsgerichtsgesetz eine substantiierte Darlegung seiner Voraussetzungen beinhalten m\u00fcsse.<\/p>\n<p>Die Zul\u00e4ssigkeit eines Eilantrags gegen ein Gesetz vor seiner Verk\u00fcndung setzt dabei voraus, dass der Inhalt des Gesetzes feststeht und seine Verk\u00fcndung unmittelbar bevorsteht. Diesen Anforderungen gen\u00fcgte der Antrag nach Meinung der Verfassungsrichter nicht. Die Antragsteller h\u00e4tten nicht dargelegt, dass das Gesetzgebungsverfahren infolge der im Abgeordnetenhaus von Berlin im Januar 2020 durchgef\u00fchrten zweiten Lesung des Gesetzes zur Neuregelung gesetzlicher Vorschriften zur Mietenbegrenzung des Landes Berlin vollst\u00e4ndig abgeschlossen ist.<\/p>\n<p>Nach dem Berliner Landesrecht werden Gesetzesantr\u00e4ge zwar regelm\u00e4\u00dfig in zwei Lesungen beraten und beschlossen. Allerdings hat auf Verlangen des Pr\u00e4sidenten des Abgeordnetenhauses oder des Senats von Berlin eine dritte Lesung stattzufinden. Zudem hat der Pr\u00e4sident des Abgeordnetenhauses Gesetze unverz\u00fcglich auszufertigen. Im vorgelegten Antrag sei aber weder vorgetragen noch ersichtlich, dass sowohl der Pr\u00e4sident des Abgeordnetenhauses als auch der Senat von Berlin keine dritte Lesung verlangt haben, noch dass durch den Pr\u00e4sidenten des Abgeordnetenhauses die Ausfertigung desselben vorgenommen wurde. Der Antrag sei deshalb verfr\u00fcht und werde zur\u00fcckgewiesen.<\/p>\n","protected":false},"excerpt":{"rendered":"<p>Am 30.01.2020 wurde vom Berliner Senat der sogenannte \u201eMietendeckel\u201c verabschiedet (siehe auch unseren Beitrag \u201eBerliner Mietendeckel ist beschlossene Sache\u201c). Inzwischen sind beim Bundesverfassungsgericht bereits drei Eilantr\u00e4ge eingegangen, mit denen die Antragsteller erreichen wollen, dass das Vorhaben so lange au\u00dfer Kraft gesetzt wird, bis eine endg\u00fcltige Entscheidung durch das Bundesverfassungsgericht gef\u00e4llt wird. Ein erster Antrag wurde &hellip; <\/p>\n<p class=\"link-more\"><a href=\"https:\/\/www.buhl.de\/vermieter-web\/eilantraege-gegen-berliner-mietdeckel\/\" class=\"more-link\"><span class=\"screen-reader-text\">\u201eEilantr\u00e4ge gegen Berliner Mietendeckel\u201c<\/span> weiterlesen<\/a><\/p>\n","protected":false},"author":15,"featured_media":12470,"comment_status":"open","ping_status":"open","sticky":false,"template":"","format":"standard","meta":{"footnotes":""},"categories":[1],"tags":[477,482,3096],"class_list":["post-12472","post","type-post","status-publish","format-standard","has-post-thumbnail","hentry","category-allgemein","tag-berlin","tag-bundesverfassungsgericht","tag-mietendeckel"],"yoast_head":"<!-- This site is optimized with the Yoast SEO Premium plugin v27.4 (Yoast SEO v27.5) - https:\/\/yoast.com\/product\/yoast-seo-premium-wordpress\/ -->\n<title>Eilantrag gegen Mietendeckel traf zu fr\u00fch beim Verfassungsgericht ein<\/title>\n<meta name=\"description\" content=\"Weil der sogenannte Berliner Mietendeckel in nur zwei Lesungen verabschiedet wurde, aber auch eine dritte Lesung m\u00f6glich war, lehnte das Bundesverfassungsgericht einen Eilantrag gegen den Deckel als verfr\u00fcht ab.,\" \/>\n<meta name=\"robots\" content=\"noindex, nofollow\" \/>\n<meta property=\"og:locale\" content=\"de_DE\" \/>\n<meta property=\"og:type\" content=\"article\" \/>\n<meta property=\"og:title\" content=\"Eilantr\u00e4ge gegen Berliner Mietendeckel\" \/>\n<meta property=\"og:description\" content=\"Weil der sogenannte Berliner Mietendeckel in nur zwei Lesungen verabschiedet wurde, aber auch eine dritte Lesung m\u00f6glich war, lehnte das Bundesverfassungsgericht einen Eilantrag gegen den Deckel als verfr\u00fcht ab.,\" \/>\n<meta property=\"og:url\" content=\"https:\/\/www.buhl.de\/vermieter-web\/eilantraege-gegen-berliner-mietdeckel\/\" \/>\n<meta property=\"og:site_name\" content=\"Online-Nebenkostenabrechnung mit WISO Vermieter-Web\" \/>\n<meta property=\"article:published_time\" content=\"2020-03-11T13:19:24+00:00\" \/>\n<meta property=\"og:image\" content=\"https:\/\/www.buhl.de\/vermieter-web\/wp-content\/uploads\/sites\/33\/2020\/03\/1449227852.png\" \/>\n\t<meta property=\"og:image:width\" content=\"840\" \/>\n\t<meta property=\"og:image:height\" content=\"420\" \/>\n\t<meta property=\"og:image:type\" content=\"image\/png\" \/>\n<meta name=\"author\" content=\"Hartmut Fischer\" \/>\n<meta name=\"twitter:card\" content=\"summary_large_image\" \/>\n<meta name=\"twitter:label1\" content=\"Verfasst von\" \/>\n\t<meta name=\"twitter:data1\" content=\"Hartmut Fischer\" \/>\n\t<meta name=\"twitter:label2\" content=\"Gesch\u00e4tzte Lesezeit\" \/>\n\t<meta name=\"twitter:data2\" content=\"2\u00a0Minuten\" \/>\n<script type=\"application\/ld+json\" class=\"yoast-schema-graph\">{\"@context\":\"https:\\\/\\\/schema.org\",\"@graph\":[{\"@type\":\"Article\",\"@id\":\"https:\\\/\\\/www.buhl.de\\\/vermieter-web\\\/eilantraege-gegen-berliner-mietdeckel\\\/#article\",\"isPartOf\":{\"@id\":\"https:\\\/\\\/www.buhl.de\\\/vermieter-web\\\/eilantraege-gegen-berliner-mietdeckel\\\/\"},\"author\":{\"name\":\"Hartmut Fischer\",\"@id\":\"https:\\\/\\\/www.buhl.de\\\/vermieter-web\\\/#\\\/schema\\\/person\\\/82903e1cb04eb553382702d503991b4f\"},\"headline\":\"Eilantr\u00e4ge gegen Berliner Mietendeckel\",\"datePublished\":\"2020-03-11T13:19:24+00:00\",\"mainEntityOfPage\":{\"@id\":\"https:\\\/\\\/www.buhl.de\\\/vermieter-web\\\/eilantraege-gegen-berliner-mietdeckel\\\/\"},\"wordCount\":332,\"commentCount\":0,\"image\":{\"@id\":\"https:\\\/\\\/www.buhl.de\\\/vermieter-web\\\/eilantraege-gegen-berliner-mietdeckel\\\/#primaryimage\"},\"thumbnailUrl\":\"https:\\\/\\\/www.buhl.de\\\/vermieter-web\\\/wp-content\\\/uploads\\\/sites\\\/33\\\/2020\\\/03\\\/1449227852.png\",\"keywords\":[\"Berlin\",\"Bundesverfassungsgericht\",\"Mietendeckel\"],\"inLanguage\":\"de\",\"potentialAction\":[{\"@type\":\"CommentAction\",\"name\":\"Comment\",\"target\":[\"https:\\\/\\\/www.buhl.de\\\/vermieter-web\\\/eilantraege-gegen-berliner-mietdeckel\\\/#respond\"]}]},{\"@type\":\"WebPage\",\"@id\":\"https:\\\/\\\/www.buhl.de\\\/vermieter-web\\\/eilantraege-gegen-berliner-mietdeckel\\\/\",\"url\":\"https:\\\/\\\/www.buhl.de\\\/vermieter-web\\\/eilantraege-gegen-berliner-mietdeckel\\\/\",\"name\":\"Eilantrag gegen Mietendeckel traf zu fr\u00fch beim Verfassungsgericht ein\",\"isPartOf\":{\"@id\":\"https:\\\/\\\/www.buhl.de\\\/vermieter-web\\\/#website\"},\"primaryImageOfPage\":{\"@id\":\"https:\\\/\\\/www.buhl.de\\\/vermieter-web\\\/eilantraege-gegen-berliner-mietdeckel\\\/#primaryimage\"},\"image\":{\"@id\":\"https:\\\/\\\/www.buhl.de\\\/vermieter-web\\\/eilantraege-gegen-berliner-mietdeckel\\\/#primaryimage\"},\"thumbnailUrl\":\"https:\\\/\\\/www.buhl.de\\\/vermieter-web\\\/wp-content\\\/uploads\\\/sites\\\/33\\\/2020\\\/03\\\/1449227852.png\",\"datePublished\":\"2020-03-11T13:19:24+00:00\",\"author\":{\"@id\":\"https:\\\/\\\/www.buhl.de\\\/vermieter-web\\\/#\\\/schema\\\/person\\\/82903e1cb04eb553382702d503991b4f\"},\"description\":\"Weil der sogenannte Berliner Mietendeckel in nur zwei Lesungen verabschiedet wurde, aber auch eine dritte Lesung m\u00f6glich war, lehnte das Bundesverfassungsgericht einen Eilantrag gegen den Deckel als verfr\u00fcht ab.,\",\"breadcrumb\":{\"@id\":\"https:\\\/\\\/www.buhl.de\\\/vermieter-web\\\/eilantraege-gegen-berliner-mietdeckel\\\/#breadcrumb\"},\"inLanguage\":\"de\",\"potentialAction\":[{\"@type\":\"ReadAction\",\"target\":[\"https:\\\/\\\/www.buhl.de\\\/vermieter-web\\\/eilantraege-gegen-berliner-mietdeckel\\\/\"]}]},{\"@type\":\"ImageObject\",\"inLanguage\":\"de\",\"@id\":\"https:\\\/\\\/www.buhl.de\\\/vermieter-web\\\/eilantraege-gegen-berliner-mietdeckel\\\/#primaryimage\",\"url\":\"https:\\\/\\\/www.buhl.de\\\/vermieter-web\\\/wp-content\\\/uploads\\\/sites\\\/33\\\/2020\\\/03\\\/1449227852.png\",\"contentUrl\":\"https:\\\/\\\/www.buhl.de\\\/vermieter-web\\\/wp-content\\\/uploads\\\/sites\\\/33\\\/2020\\\/03\\\/1449227852.png\",\"width\":840,\"height\":420},{\"@type\":\"BreadcrumbList\",\"@id\":\"https:\\\/\\\/www.buhl.de\\\/vermieter-web\\\/eilantraege-gegen-berliner-mietdeckel\\\/#breadcrumb\",\"itemListElement\":[{\"@type\":\"ListItem\",\"position\":1,\"name\":\"Startseite\",\"item\":\"https:\\\/\\\/www.buhl.de\\\/vermieter-web\\\/\"},{\"@type\":\"ListItem\",\"position\":2,\"name\":\"Eilantr\u00e4ge gegen Berliner Mietendeckel\"}]},{\"@type\":\"WebSite\",\"@id\":\"https:\\\/\\\/www.buhl.de\\\/vermieter-web\\\/#website\",\"url\":\"https:\\\/\\\/www.buhl.de\\\/vermieter-web\\\/\",\"name\":\"Online-Nebenkostenabrechnung mit WISO Vermieter-Web\",\"description\":\"\",\"potentialAction\":[{\"@type\":\"SearchAction\",\"target\":{\"@type\":\"EntryPoint\",\"urlTemplate\":\"https:\\\/\\\/www.buhl.de\\\/vermieter-web\\\/?s={search_term_string}\"},\"query-input\":{\"@type\":\"PropertyValueSpecification\",\"valueRequired\":true,\"valueName\":\"search_term_string\"}}],\"inLanguage\":\"de\"},{\"@type\":\"Person\",\"@id\":\"https:\\\/\\\/www.buhl.de\\\/vermieter-web\\\/#\\\/schema\\\/person\\\/82903e1cb04eb553382702d503991b4f\",\"name\":\"Hartmut Fischer\"}]}<\/script>\n<!-- \/ Yoast SEO Premium plugin. -->","yoast_head_json":{"title":"Eilantrag gegen Mietendeckel traf zu fr\u00fch beim Verfassungsgericht ein","description":"Weil der sogenannte Berliner Mietendeckel in nur zwei Lesungen verabschiedet wurde, aber auch eine dritte Lesung m\u00f6glich war, lehnte das Bundesverfassungsgericht einen Eilantrag gegen den Deckel als verfr\u00fcht ab.,","robots":{"index":"noindex","follow":"nofollow"},"og_locale":"de_DE","og_type":"article","og_title":"Eilantr\u00e4ge gegen Berliner Mietendeckel","og_description":"Weil der sogenannte Berliner Mietendeckel in nur zwei Lesungen verabschiedet wurde, aber auch eine dritte Lesung m\u00f6glich war, lehnte das Bundesverfassungsgericht einen Eilantrag gegen den Deckel als verfr\u00fcht ab.,","og_url":"https:\/\/www.buhl.de\/vermieter-web\/eilantraege-gegen-berliner-mietdeckel\/","og_site_name":"Online-Nebenkostenabrechnung mit WISO Vermieter-Web","article_published_time":"2020-03-11T13:19:24+00:00","og_image":[{"width":840,"height":420,"url":"https:\/\/www.buhl.de\/vermieter-web\/wp-content\/uploads\/sites\/33\/2020\/03\/1449227852.png","type":"image\/png"}],"author":"Hartmut Fischer","twitter_card":"summary_large_image","twitter_misc":{"Verfasst von":"Hartmut Fischer","Gesch\u00e4tzte Lesezeit":"2\u00a0Minuten"},"schema":{"@context":"https:\/\/schema.org","@graph":[{"@type":"Article","@id":"https:\/\/www.buhl.de\/vermieter-web\/eilantraege-gegen-berliner-mietdeckel\/#article","isPartOf":{"@id":"https:\/\/www.buhl.de\/vermieter-web\/eilantraege-gegen-berliner-mietdeckel\/"},"author":{"name":"Hartmut Fischer","@id":"https:\/\/www.buhl.de\/vermieter-web\/#\/schema\/person\/82903e1cb04eb553382702d503991b4f"},"headline":"Eilantr\u00e4ge gegen Berliner Mietendeckel","datePublished":"2020-03-11T13:19:24+00:00","mainEntityOfPage":{"@id":"https:\/\/www.buhl.de\/vermieter-web\/eilantraege-gegen-berliner-mietdeckel\/"},"wordCount":332,"commentCount":0,"image":{"@id":"https:\/\/www.buhl.de\/vermieter-web\/eilantraege-gegen-berliner-mietdeckel\/#primaryimage"},"thumbnailUrl":"https:\/\/www.buhl.de\/vermieter-web\/wp-content\/uploads\/sites\/33\/2020\/03\/1449227852.png","keywords":["Berlin","Bundesverfassungsgericht","Mietendeckel"],"inLanguage":"de","potentialAction":[{"@type":"CommentAction","name":"Comment","target":["https:\/\/www.buhl.de\/vermieter-web\/eilantraege-gegen-berliner-mietdeckel\/#respond"]}]},{"@type":"WebPage","@id":"https:\/\/www.buhl.de\/vermieter-web\/eilantraege-gegen-berliner-mietdeckel\/","url":"https:\/\/www.buhl.de\/vermieter-web\/eilantraege-gegen-berliner-mietdeckel\/","name":"Eilantrag gegen Mietendeckel traf zu fr\u00fch beim Verfassungsgericht ein","isPartOf":{"@id":"https:\/\/www.buhl.de\/vermieter-web\/#website"},"primaryImageOfPage":{"@id":"https:\/\/www.buhl.de\/vermieter-web\/eilantraege-gegen-berliner-mietdeckel\/#primaryimage"},"image":{"@id":"https:\/\/www.buhl.de\/vermieter-web\/eilantraege-gegen-berliner-mietdeckel\/#primaryimage"},"thumbnailUrl":"https:\/\/www.buhl.de\/vermieter-web\/wp-content\/uploads\/sites\/33\/2020\/03\/1449227852.png","datePublished":"2020-03-11T13:19:24+00:00","author":{"@id":"https:\/\/www.buhl.de\/vermieter-web\/#\/schema\/person\/82903e1cb04eb553382702d503991b4f"},"description":"Weil der sogenannte Berliner Mietendeckel in nur zwei Lesungen verabschiedet wurde, aber auch eine dritte Lesung m\u00f6glich war, lehnte das Bundesverfassungsgericht einen Eilantrag gegen den Deckel als verfr\u00fcht ab.,","breadcrumb":{"@id":"https:\/\/www.buhl.de\/vermieter-web\/eilantraege-gegen-berliner-mietdeckel\/#breadcrumb"},"inLanguage":"de","potentialAction":[{"@type":"ReadAction","target":["https:\/\/www.buhl.de\/vermieter-web\/eilantraege-gegen-berliner-mietdeckel\/"]}]},{"@type":"ImageObject","inLanguage":"de","@id":"https:\/\/www.buhl.de\/vermieter-web\/eilantraege-gegen-berliner-mietdeckel\/#primaryimage","url":"https:\/\/www.buhl.de\/vermieter-web\/wp-content\/uploads\/sites\/33\/2020\/03\/1449227852.png","contentUrl":"https:\/\/www.buhl.de\/vermieter-web\/wp-content\/uploads\/sites\/33\/2020\/03\/1449227852.png","width":840,"height":420},{"@type":"BreadcrumbList","@id":"https:\/\/www.buhl.de\/vermieter-web\/eilantraege-gegen-berliner-mietdeckel\/#breadcrumb","itemListElement":[{"@type":"ListItem","position":1,"name":"Startseite","item":"https:\/\/www.buhl.de\/vermieter-web\/"},{"@type":"ListItem","position":2,"name":"Eilantr\u00e4ge gegen Berliner Mietendeckel"}]},{"@type":"WebSite","@id":"https:\/\/www.buhl.de\/vermieter-web\/#website","url":"https:\/\/www.buhl.de\/vermieter-web\/","name":"Online-Nebenkostenabrechnung mit WISO Vermieter-Web","description":"","potentialAction":[{"@type":"SearchAction","target":{"@type":"EntryPoint","urlTemplate":"https:\/\/www.buhl.de\/vermieter-web\/?s={search_term_string}"},"query-input":{"@type":"PropertyValueSpecification","valueRequired":true,"valueName":"search_term_string"}}],"inLanguage":"de"},{"@type":"Person","@id":"https:\/\/www.buhl.de\/vermieter-web\/#\/schema\/person\/82903e1cb04eb553382702d503991b4f","name":"Hartmut Fischer"}]}},"_links":{"self":[{"href":"https:\/\/www.buhl.de\/vermieter-web\/wp-json\/wp\/v2\/posts\/12472","targetHints":{"allow":["GET"]}}],"collection":[{"href":"https:\/\/www.buhl.de\/vermieter-web\/wp-json\/wp\/v2\/posts"}],"about":[{"href":"https:\/\/www.buhl.de\/vermieter-web\/wp-json\/wp\/v2\/types\/post"}],"author":[{"embeddable":true,"href":"https:\/\/www.buhl.de\/vermieter-web\/wp-json\/wp\/v2\/users\/15"}],"replies":[{"embeddable":true,"href":"https:\/\/www.buhl.de\/vermieter-web\/wp-json\/wp\/v2\/comments?post=12472"}],"version-history":[{"count":1,"href":"https:\/\/www.buhl.de\/vermieter-web\/wp-json\/wp\/v2\/posts\/12472\/revisions"}],"predecessor-version":[{"id":12474,"href":"https:\/\/www.buhl.de\/vermieter-web\/wp-json\/wp\/v2\/posts\/12472\/revisions\/12474"}],"wp:featuredmedia":[{"embeddable":true,"href":"https:\/\/www.buhl.de\/vermieter-web\/wp-json\/wp\/v2\/media\/12470"}],"wp:attachment":[{"href":"https:\/\/www.buhl.de\/vermieter-web\/wp-json\/wp\/v2\/media?parent=12472"}],"wp:term":[{"taxonomy":"category","embeddable":true,"href":"https:\/\/www.buhl.de\/vermieter-web\/wp-json\/wp\/v2\/categories?post=12472"},{"taxonomy":"post_tag","embeddable":true,"href":"https:\/\/www.buhl.de\/vermieter-web\/wp-json\/wp\/v2\/tags?post=12472"}],"curies":[{"name":"wp","href":"https:\/\/api.w.org\/{rel}","templated":true}]}}