{"id":12522,"date":"2020-03-30T10:21:29","date_gmt":"2020-03-30T08:21:29","guid":{"rendered":"http:\/\/www.buhl.de\/vermieter-web\/?p=12522"},"modified":"2020-03-30T10:21:29","modified_gmt":"2020-03-30T08:21:29","slug":"eigenbedarfskuendigung-wegen-zweitwohnungs-nutzung","status":"publish","type":"post","link":"https:\/\/www.buhl.de\/vermieter-web\/eigenbedarfskuendigung-wegen-zweitwohnungs-nutzung\/","title":{"rendered":"Eigenbedarfsk\u00fcndigung wegen Zweitwohnungs-Nutzung"},"content":{"rendered":"<p><strong>Will der Vermieter eine Wohnung aus Eigenbedarfsgr\u00fcnden k\u00fcndigen, weil er sie als Zweitwohnung nutzen m\u00f6chte, muss er im K\u00fcndigungsschreiben auch offenlegen, warum er die Zweitwohnung ben\u00f6tige und wie oft beziehungsweise wie lange die Wohnung als Zweitwohnung genutzt werde. Das entschied das Landgericht Berlin in einem Urteil vom 07.01.2020 (Aktenzeichen 67 S 249\/19).<\/strong><\/p>\n<p>In dem Verfahren ging es um eine Eigenbedarfsk\u00fcndigung, die der Mieter von seinem ausw\u00e4rts wohnenden Vermieter erhielt. Zur Begr\u00fcndung des Eigenbedarfs gab der Vermieter an, dass er die Wohnung f\u00fcr \u201enotwendige Aufenthalte als Zweitwohnung\u201c nutzen wolle.<\/p>\n<p>Der Mieter lehnte die Eigenbedarfsk\u00fcndigung jedoch ab. Darum versuchte der Vermieter diese K\u00fcndigung vor dem zust\u00e4ndigen Amtsgericht durchzusetzen und verlangte die R\u00e4umung und Herausgabe der Wohnung. Dort hatte er aber keinen Erfolg. Deshalb legte er Berufung vor dem Landgericht Berlin ein.<\/p>\n<p>Doch auch dort hatte er keinen Erfolg. Das Landgericht beabsichtigte die Klage zur\u00fcckzuweisen und best\u00e4tigte die Entscheidung des Amtsgerichts. Die Eigenbedarfsk\u00fcndigung sei formell unwirksam, da die formellen Voraussetzungen nach \u00a7 573 Abs. 3 BGB nicht erf\u00fcllt w\u00fcrden.<\/p>\n<hr \/>\n<p><strong><img loading=\"lazy\" decoding=\"async\" class=\" wp-image-9785 alignleft\" src=\"https:\/\/www.buhl.de\/vermieter-web\/wp-content\/uploads\/sites\/33\/2019\/09\/\u00a7.jpg\" alt=\"\" width=\"90\" height=\"87\" \/>\u00a7 573 Ordentliche K\u00fcndigung des Vermieters<\/strong><\/p>\n<p>(1) Der Vermieter kann nur k\u00fcndigen, wenn er ein berechtigtes Interesse an der Beendigung des Mietverh\u00e4ltnisses hat. Die K\u00fcndigung zum Zwecke der Mieterh\u00f6hung ist ausgeschlossen.<\/p>\n<p>(2) Ein berechtigtes Interesse des Vermieters an der Beendigung des Mietverh\u00e4ltnisses liegt insbesondere vor, wenn<\/p>\n<ol>\n<li>der Mieter seine vertraglichen Pflichten schuldhaft nicht unerheblich verletzt hat,<\/li>\n<li>der Vermieter die R\u00e4ume als Wohnung f\u00fcr sich, seine Familienangeh\u00f6rigen oder Angeh\u00f6rige seines Haushalts ben\u00f6tigt oder<\/li>\n<li>der Vermieter durch die Fortsetzung des Mietverh\u00e4ltnisses an einer angemessenen wirtschaftlichen Verwertung des Grundst\u00fccks gehindert und dadurch erhebliche Nachteile erleiden w\u00fcrde; die M\u00f6glichkeit, durch eine anderweitige Vermietung als Wohnraum eine h\u00f6here Miete zu erzielen, bleibt au\u00dfer Betracht; der Vermieter kann sich auch nicht darauf berufen, dass er die Mietr\u00e4ume im Zusammenhang mit einer beabsichtigten oder nach \u00dcberlassung an den Mieter erfolgten Begr\u00fcndung von Wohnungseigentum ver\u00e4u\u00dfern will.<\/li>\n<\/ol>\n<p>(3) Die Gr\u00fcnde f\u00fcr ein berechtigtes Interesse des Vermieters sind in dem K\u00fcndigungsschreiben anzugeben. Andere Gr\u00fcnde werden nur ber\u00fccksichtigt, soweit sie nachtr\u00e4glich entstanden sind.<\/p>\n<p>(4) Eine zum Nachteil des Mieters abweichende Vereinbarung ist unwirksam.<\/p>\n<hr \/>\n<p>Das Gericht hielt die angegebenen Gr\u00fcnde f\u00fcr die Eigenbedarfsk\u00fcndigung nicht ausreichend. Der allgemein gehaltene Hinweis eines Nutzungsinteresses beweise die Rechtfertigung der K\u00fcndigung nicht. Der Vermieter m\u00fcsse sie mit einem konkreten Sachverhalt begr\u00fcnden. Es m\u00fcsse f\u00fcr den Mieter erkennbar sein, ob vern\u00fcnftige, nachvollziehbare Gr\u00fcnde f\u00fcr die K\u00fcndigung vorliegen. Deshalb m\u00fcsse der Vermieter auch offenlegen, warum er die Zweitwohnung ben\u00f6tige und in welchem zeitliche Umfang die Wohnung ben\u00f6tigt w\u00fcrde (wie oft und wie lange).<\/p>\n<p><em><strong>Das k\u00f6nnte Sie auch interessieren:<br \/>\n<\/strong><\/em><a href=\"\/vermieter-web\/eigenbedarf-strenge-massstaebe-bei-haertefaellen\/\">Eigenbedarf: Strenge Ma\u00dfst\u00e4be bei H\u00e4rtef\u00e4llen<\/a><br \/>\n<a href=\"\/vermieter-web\/urteil-schadenersatz-bei-vorgetaeuschtem-eigenbedarf\/\">Urteil: Schadenersatz bei vorget\u00e4uschtem Eigenbedarf<\/a><br \/>\n<a href=\"\/vermieter-web\/10012-2\/\">Anspruch auf Eigenbedarf<\/a><em><strong><br \/>\n<\/strong><\/em><\/p>\n","protected":false},"excerpt":{"rendered":"<p>Will der Vermieter eine Wohnung aus Eigenbedarfsgr\u00fcnden k\u00fcndigen, weil er sie als Zweitwohnung nutzen m\u00f6chte, muss er im K\u00fcndigungsschreiben auch offenlegen, warum er die Zweitwohnung ben\u00f6tige und wie oft beziehungsweise wie lange die Wohnung als Zweitwohnung genutzt werde. Das entschied das Landgericht Berlin in einem Urteil vom 07.01.2020 (Aktenzeichen 67 S 249\/19). In dem Verfahren &hellip; <\/p>\n<p class=\"link-more\"><a href=\"https:\/\/www.buhl.de\/vermieter-web\/eigenbedarfskuendigung-wegen-zweitwohnungs-nutzung\/\" class=\"more-link\"><span class=\"screen-reader-text\">\u201eEigenbedarfsk\u00fcndigung wegen Zweitwohnungs-Nutzung\u201c<\/span> weiterlesen<\/a><\/p>\n","protected":false},"author":15,"featured_media":12524,"comment_status":"open","ping_status":"open","sticky":false,"template":"","format":"standard","meta":{"footnotes":""},"categories":[1],"tags":[648,4195],"class_list":["post-12522","post","type-post","status-publish","format-standard","has-post-thumbnail","hentry","category-allgemein","tag-eigenbedarf","tag-zweitwohnung"],"yoast_head":"<!-- This site is optimized with the Yoast SEO Premium plugin v27.4 (Yoast SEO v27.5) - https:\/\/yoast.com\/product\/yoast-seo-premium-wordpress\/ -->\n<title>Kann der Vermieter Eigenbedarf f\u00fcr eine Zweitwohnung geltend machen?<\/title>\n<meta name=\"description\" content=\"Will der Vermieter wegen Eigenbedarf k\u00fcndigen, weil er die Wohnung als Zweitwohnung nutzen will, muss er genau angeben, wie oft und wie lange er die Wohnung nutzen will.\" \/>\n<meta name=\"robots\" content=\"noindex, nofollow\" \/>\n<meta property=\"og:locale\" content=\"de_DE\" \/>\n<meta property=\"og:type\" content=\"article\" \/>\n<meta property=\"og:title\" content=\"Eigenbedarfsk\u00fcndigung wegen Zweitwohnungs-Nutzung\" \/>\n<meta property=\"og:description\" content=\"Will der Vermieter wegen Eigenbedarf k\u00fcndigen, weil er die Wohnung als Zweitwohnung nutzen will, muss er genau angeben, wie oft und wie lange er die Wohnung nutzen will.\" \/>\n<meta property=\"og:url\" content=\"https:\/\/www.buhl.de\/vermieter-web\/eigenbedarfskuendigung-wegen-zweitwohnungs-nutzung\/\" \/>\n<meta property=\"og:site_name\" content=\"Online-Nebenkostenabrechnung mit WISO Vermieter-Web\" \/>\n<meta property=\"article:published_time\" content=\"2020-03-30T08:21:29+00:00\" \/>\n<meta property=\"og:image\" content=\"https:\/\/www.buhl.de\/vermieter-web\/wp-content\/uploads\/sites\/33\/2020\/03\/Gericht.jpg\" \/>\n\t<meta property=\"og:image:width\" content=\"840\" \/>\n\t<meta property=\"og:image:height\" content=\"420\" \/>\n\t<meta property=\"og:image:type\" content=\"image\/jpeg\" \/>\n<meta name=\"author\" content=\"Hartmut Fischer\" \/>\n<meta name=\"twitter:card\" content=\"summary_large_image\" \/>\n<meta name=\"twitter:label1\" content=\"Verfasst von\" \/>\n\t<meta name=\"twitter:data1\" content=\"Hartmut Fischer\" \/>\n\t<meta name=\"twitter:label2\" content=\"Gesch\u00e4tzte Lesezeit\" \/>\n\t<meta name=\"twitter:data2\" content=\"2\u00a0Minuten\" \/>\n<script type=\"application\/ld+json\" class=\"yoast-schema-graph\">{\"@context\":\"https:\\\/\\\/schema.org\",\"@graph\":[{\"@type\":\"Article\",\"@id\":\"https:\\\/\\\/www.buhl.de\\\/vermieter-web\\\/eigenbedarfskuendigung-wegen-zweitwohnungs-nutzung\\\/#article\",\"isPartOf\":{\"@id\":\"https:\\\/\\\/www.buhl.de\\\/vermieter-web\\\/eigenbedarfskuendigung-wegen-zweitwohnungs-nutzung\\\/\"},\"author\":{\"name\":\"Hartmut Fischer\",\"@id\":\"https:\\\/\\\/www.buhl.de\\\/vermieter-web\\\/#\\\/schema\\\/person\\\/82903e1cb04eb553382702d503991b4f\"},\"headline\":\"Eigenbedarfsk\u00fcndigung wegen Zweitwohnungs-Nutzung\",\"datePublished\":\"2020-03-30T08:21:29+00:00\",\"mainEntityOfPage\":{\"@id\":\"https:\\\/\\\/www.buhl.de\\\/vermieter-web\\\/eigenbedarfskuendigung-wegen-zweitwohnungs-nutzung\\\/\"},\"wordCount\":487,\"commentCount\":0,\"image\":{\"@id\":\"https:\\\/\\\/www.buhl.de\\\/vermieter-web\\\/eigenbedarfskuendigung-wegen-zweitwohnungs-nutzung\\\/#primaryimage\"},\"thumbnailUrl\":\"https:\\\/\\\/www.buhl.de\\\/vermieter-web\\\/wp-content\\\/uploads\\\/sites\\\/33\\\/2020\\\/03\\\/Gericht.jpg\",\"keywords\":[\"Eigenbedarf\",\"Zweitwohnung\"],\"inLanguage\":\"de\",\"potentialAction\":[{\"@type\":\"CommentAction\",\"name\":\"Comment\",\"target\":[\"https:\\\/\\\/www.buhl.de\\\/vermieter-web\\\/eigenbedarfskuendigung-wegen-zweitwohnungs-nutzung\\\/#respond\"]}]},{\"@type\":\"WebPage\",\"@id\":\"https:\\\/\\\/www.buhl.de\\\/vermieter-web\\\/eigenbedarfskuendigung-wegen-zweitwohnungs-nutzung\\\/\",\"url\":\"https:\\\/\\\/www.buhl.de\\\/vermieter-web\\\/eigenbedarfskuendigung-wegen-zweitwohnungs-nutzung\\\/\",\"name\":\"Kann der Vermieter Eigenbedarf f\u00fcr eine Zweitwohnung geltend machen?\",\"isPartOf\":{\"@id\":\"https:\\\/\\\/www.buhl.de\\\/vermieter-web\\\/#website\"},\"primaryImageOfPage\":{\"@id\":\"https:\\\/\\\/www.buhl.de\\\/vermieter-web\\\/eigenbedarfskuendigung-wegen-zweitwohnungs-nutzung\\\/#primaryimage\"},\"image\":{\"@id\":\"https:\\\/\\\/www.buhl.de\\\/vermieter-web\\\/eigenbedarfskuendigung-wegen-zweitwohnungs-nutzung\\\/#primaryimage\"},\"thumbnailUrl\":\"https:\\\/\\\/www.buhl.de\\\/vermieter-web\\\/wp-content\\\/uploads\\\/sites\\\/33\\\/2020\\\/03\\\/Gericht.jpg\",\"datePublished\":\"2020-03-30T08:21:29+00:00\",\"author\":{\"@id\":\"https:\\\/\\\/www.buhl.de\\\/vermieter-web\\\/#\\\/schema\\\/person\\\/82903e1cb04eb553382702d503991b4f\"},\"description\":\"Will der Vermieter wegen Eigenbedarf k\u00fcndigen, weil er die Wohnung als Zweitwohnung nutzen will, muss er genau angeben, wie oft und wie lange er die Wohnung nutzen will.\",\"breadcrumb\":{\"@id\":\"https:\\\/\\\/www.buhl.de\\\/vermieter-web\\\/eigenbedarfskuendigung-wegen-zweitwohnungs-nutzung\\\/#breadcrumb\"},\"inLanguage\":\"de\",\"potentialAction\":[{\"@type\":\"ReadAction\",\"target\":[\"https:\\\/\\\/www.buhl.de\\\/vermieter-web\\\/eigenbedarfskuendigung-wegen-zweitwohnungs-nutzung\\\/\"]}]},{\"@type\":\"ImageObject\",\"inLanguage\":\"de\",\"@id\":\"https:\\\/\\\/www.buhl.de\\\/vermieter-web\\\/eigenbedarfskuendigung-wegen-zweitwohnungs-nutzung\\\/#primaryimage\",\"url\":\"https:\\\/\\\/www.buhl.de\\\/vermieter-web\\\/wp-content\\\/uploads\\\/sites\\\/33\\\/2020\\\/03\\\/Gericht.jpg\",\"contentUrl\":\"https:\\\/\\\/www.buhl.de\\\/vermieter-web\\\/wp-content\\\/uploads\\\/sites\\\/33\\\/2020\\\/03\\\/Gericht.jpg\",\"width\":840,\"height\":420,\"caption\":\"Zweitwohnung als Grund f\u00fcr Eigenbedarf?\"},{\"@type\":\"BreadcrumbList\",\"@id\":\"https:\\\/\\\/www.buhl.de\\\/vermieter-web\\\/eigenbedarfskuendigung-wegen-zweitwohnungs-nutzung\\\/#breadcrumb\",\"itemListElement\":[{\"@type\":\"ListItem\",\"position\":1,\"name\":\"Startseite\",\"item\":\"https:\\\/\\\/www.buhl.de\\\/vermieter-web\\\/\"},{\"@type\":\"ListItem\",\"position\":2,\"name\":\"Eigenbedarfsk\u00fcndigung wegen Zweitwohnungs-Nutzung\"}]},{\"@type\":\"WebSite\",\"@id\":\"https:\\\/\\\/www.buhl.de\\\/vermieter-web\\\/#website\",\"url\":\"https:\\\/\\\/www.buhl.de\\\/vermieter-web\\\/\",\"name\":\"Online-Nebenkostenabrechnung mit WISO Vermieter-Web\",\"description\":\"\",\"potentialAction\":[{\"@type\":\"SearchAction\",\"target\":{\"@type\":\"EntryPoint\",\"urlTemplate\":\"https:\\\/\\\/www.buhl.de\\\/vermieter-web\\\/?s={search_term_string}\"},\"query-input\":{\"@type\":\"PropertyValueSpecification\",\"valueRequired\":true,\"valueName\":\"search_term_string\"}}],\"inLanguage\":\"de\"},{\"@type\":\"Person\",\"@id\":\"https:\\\/\\\/www.buhl.de\\\/vermieter-web\\\/#\\\/schema\\\/person\\\/82903e1cb04eb553382702d503991b4f\",\"name\":\"Hartmut Fischer\"}]}<\/script>\n<!-- \/ Yoast SEO Premium plugin. -->","yoast_head_json":{"title":"Kann der Vermieter Eigenbedarf f\u00fcr eine Zweitwohnung geltend machen?","description":"Will der Vermieter wegen Eigenbedarf k\u00fcndigen, weil er die Wohnung als Zweitwohnung nutzen will, muss er genau angeben, wie oft und wie lange er die Wohnung nutzen will.","robots":{"index":"noindex","follow":"nofollow"},"og_locale":"de_DE","og_type":"article","og_title":"Eigenbedarfsk\u00fcndigung wegen Zweitwohnungs-Nutzung","og_description":"Will der Vermieter wegen Eigenbedarf k\u00fcndigen, weil er die Wohnung als Zweitwohnung nutzen will, muss er genau angeben, wie oft und wie lange er die Wohnung nutzen will.","og_url":"https:\/\/www.buhl.de\/vermieter-web\/eigenbedarfskuendigung-wegen-zweitwohnungs-nutzung\/","og_site_name":"Online-Nebenkostenabrechnung mit WISO Vermieter-Web","article_published_time":"2020-03-30T08:21:29+00:00","og_image":[{"width":840,"height":420,"url":"https:\/\/www.buhl.de\/vermieter-web\/wp-content\/uploads\/sites\/33\/2020\/03\/Gericht.jpg","type":"image\/jpeg"}],"author":"Hartmut Fischer","twitter_card":"summary_large_image","twitter_misc":{"Verfasst von":"Hartmut Fischer","Gesch\u00e4tzte Lesezeit":"2\u00a0Minuten"},"schema":{"@context":"https:\/\/schema.org","@graph":[{"@type":"Article","@id":"https:\/\/www.buhl.de\/vermieter-web\/eigenbedarfskuendigung-wegen-zweitwohnungs-nutzung\/#article","isPartOf":{"@id":"https:\/\/www.buhl.de\/vermieter-web\/eigenbedarfskuendigung-wegen-zweitwohnungs-nutzung\/"},"author":{"name":"Hartmut Fischer","@id":"https:\/\/www.buhl.de\/vermieter-web\/#\/schema\/person\/82903e1cb04eb553382702d503991b4f"},"headline":"Eigenbedarfsk\u00fcndigung wegen Zweitwohnungs-Nutzung","datePublished":"2020-03-30T08:21:29+00:00","mainEntityOfPage":{"@id":"https:\/\/www.buhl.de\/vermieter-web\/eigenbedarfskuendigung-wegen-zweitwohnungs-nutzung\/"},"wordCount":487,"commentCount":0,"image":{"@id":"https:\/\/www.buhl.de\/vermieter-web\/eigenbedarfskuendigung-wegen-zweitwohnungs-nutzung\/#primaryimage"},"thumbnailUrl":"https:\/\/www.buhl.de\/vermieter-web\/wp-content\/uploads\/sites\/33\/2020\/03\/Gericht.jpg","keywords":["Eigenbedarf","Zweitwohnung"],"inLanguage":"de","potentialAction":[{"@type":"CommentAction","name":"Comment","target":["https:\/\/www.buhl.de\/vermieter-web\/eigenbedarfskuendigung-wegen-zweitwohnungs-nutzung\/#respond"]}]},{"@type":"WebPage","@id":"https:\/\/www.buhl.de\/vermieter-web\/eigenbedarfskuendigung-wegen-zweitwohnungs-nutzung\/","url":"https:\/\/www.buhl.de\/vermieter-web\/eigenbedarfskuendigung-wegen-zweitwohnungs-nutzung\/","name":"Kann der Vermieter Eigenbedarf f\u00fcr eine Zweitwohnung geltend machen?","isPartOf":{"@id":"https:\/\/www.buhl.de\/vermieter-web\/#website"},"primaryImageOfPage":{"@id":"https:\/\/www.buhl.de\/vermieter-web\/eigenbedarfskuendigung-wegen-zweitwohnungs-nutzung\/#primaryimage"},"image":{"@id":"https:\/\/www.buhl.de\/vermieter-web\/eigenbedarfskuendigung-wegen-zweitwohnungs-nutzung\/#primaryimage"},"thumbnailUrl":"https:\/\/www.buhl.de\/vermieter-web\/wp-content\/uploads\/sites\/33\/2020\/03\/Gericht.jpg","datePublished":"2020-03-30T08:21:29+00:00","author":{"@id":"https:\/\/www.buhl.de\/vermieter-web\/#\/schema\/person\/82903e1cb04eb553382702d503991b4f"},"description":"Will der Vermieter wegen Eigenbedarf k\u00fcndigen, weil er die Wohnung als Zweitwohnung nutzen will, muss er genau angeben, wie oft und wie lange er die Wohnung nutzen will.","breadcrumb":{"@id":"https:\/\/www.buhl.de\/vermieter-web\/eigenbedarfskuendigung-wegen-zweitwohnungs-nutzung\/#breadcrumb"},"inLanguage":"de","potentialAction":[{"@type":"ReadAction","target":["https:\/\/www.buhl.de\/vermieter-web\/eigenbedarfskuendigung-wegen-zweitwohnungs-nutzung\/"]}]},{"@type":"ImageObject","inLanguage":"de","@id":"https:\/\/www.buhl.de\/vermieter-web\/eigenbedarfskuendigung-wegen-zweitwohnungs-nutzung\/#primaryimage","url":"https:\/\/www.buhl.de\/vermieter-web\/wp-content\/uploads\/sites\/33\/2020\/03\/Gericht.jpg","contentUrl":"https:\/\/www.buhl.de\/vermieter-web\/wp-content\/uploads\/sites\/33\/2020\/03\/Gericht.jpg","width":840,"height":420,"caption":"Zweitwohnung als Grund f\u00fcr Eigenbedarf?"},{"@type":"BreadcrumbList","@id":"https:\/\/www.buhl.de\/vermieter-web\/eigenbedarfskuendigung-wegen-zweitwohnungs-nutzung\/#breadcrumb","itemListElement":[{"@type":"ListItem","position":1,"name":"Startseite","item":"https:\/\/www.buhl.de\/vermieter-web\/"},{"@type":"ListItem","position":2,"name":"Eigenbedarfsk\u00fcndigung wegen Zweitwohnungs-Nutzung"}]},{"@type":"WebSite","@id":"https:\/\/www.buhl.de\/vermieter-web\/#website","url":"https:\/\/www.buhl.de\/vermieter-web\/","name":"Online-Nebenkostenabrechnung mit WISO Vermieter-Web","description":"","potentialAction":[{"@type":"SearchAction","target":{"@type":"EntryPoint","urlTemplate":"https:\/\/www.buhl.de\/vermieter-web\/?s={search_term_string}"},"query-input":{"@type":"PropertyValueSpecification","valueRequired":true,"valueName":"search_term_string"}}],"inLanguage":"de"},{"@type":"Person","@id":"https:\/\/www.buhl.de\/vermieter-web\/#\/schema\/person\/82903e1cb04eb553382702d503991b4f","name":"Hartmut Fischer"}]}},"_links":{"self":[{"href":"https:\/\/www.buhl.de\/vermieter-web\/wp-json\/wp\/v2\/posts\/12522","targetHints":{"allow":["GET"]}}],"collection":[{"href":"https:\/\/www.buhl.de\/vermieter-web\/wp-json\/wp\/v2\/posts"}],"about":[{"href":"https:\/\/www.buhl.de\/vermieter-web\/wp-json\/wp\/v2\/types\/post"}],"author":[{"embeddable":true,"href":"https:\/\/www.buhl.de\/vermieter-web\/wp-json\/wp\/v2\/users\/15"}],"replies":[{"embeddable":true,"href":"https:\/\/www.buhl.de\/vermieter-web\/wp-json\/wp\/v2\/comments?post=12522"}],"version-history":[{"count":1,"href":"https:\/\/www.buhl.de\/vermieter-web\/wp-json\/wp\/v2\/posts\/12522\/revisions"}],"predecessor-version":[{"id":12525,"href":"https:\/\/www.buhl.de\/vermieter-web\/wp-json\/wp\/v2\/posts\/12522\/revisions\/12525"}],"wp:featuredmedia":[{"embeddable":true,"href":"https:\/\/www.buhl.de\/vermieter-web\/wp-json\/wp\/v2\/media\/12524"}],"wp:attachment":[{"href":"https:\/\/www.buhl.de\/vermieter-web\/wp-json\/wp\/v2\/media?parent=12522"}],"wp:term":[{"taxonomy":"category","embeddable":true,"href":"https:\/\/www.buhl.de\/vermieter-web\/wp-json\/wp\/v2\/categories?post=12522"},{"taxonomy":"post_tag","embeddable":true,"href":"https:\/\/www.buhl.de\/vermieter-web\/wp-json\/wp\/v2\/tags?post=12522"}],"curies":[{"name":"wp","href":"https:\/\/api.w.org\/{rel}","templated":true}]}}