{"id":12544,"date":"2020-04-06T13:18:53","date_gmt":"2020-04-06T11:18:53","guid":{"rendered":"http:\/\/www.buhl.de\/vermieter-web\/?p=12544"},"modified":"2020-04-06T13:18:53","modified_gmt":"2020-04-06T11:18:53","slug":"unkorrekte-widerrufsbelehrung-bei-kreditvertraegen","status":"publish","type":"post","link":"https:\/\/www.buhl.de\/vermieter-web\/unkorrekte-widerrufsbelehrung-bei-kreditvertraegen\/","title":{"rendered":"Unkorrekte Widerrufsbelehrung bei Kreditvertr\u00e4gen"},"content":{"rendered":"<p><strong>Der Europ\u00e4ische Gerichtshof (EuGH) hat am 26.03.2020 ein Urteil gef\u00e4llt, dass es vielen Kreditnehmern erm\u00f6glicht, auch schon Jahre laufende Kreditvertr\u00e4ge zu k\u00fcndigen und sich von den Vertr\u00e4gen zu l\u00f6sen (Aktenzeichen C-66\/19).<\/strong><\/p>\n<p>Der EuGH bem\u00e4ngelte bei diesen Vertr\u00e4gen die Widerrufsklausel, in der eine \u201eKaskadenverweisung\u201c zu finden ist. Bei dieser Verweisung wird auf einen \u00a7 verwiesen, in dem aber weiter auf andere \u00a7\u00a7 verwiesen wird. Anders als der Bundesgerichtshof (BGH) hielt der EuGH diese Verweisung f\u00fcr unklar und dem Verbraucher nicht zumutbar.<\/p>\n<p>Der Europ\u00e4ische Gerichtshof hat in seinem Urteil klargestellt, dass in Verbrauchervertr\u00e4gen klar und eindeutig erkl\u00e4rt werden muss, auf welcher Basis die Widerrufszeiten festgelegt werden, in denen ein Kreditnehmer seinen Kreditvertrag widerrufen und sich so vom Vertrag l\u00f6sen kann.<\/p>\n<p>In der Vergangenheit h\u00e4ufiger, aber auch heute noch findet man in den Kreditvertr\u00e4gen eine sogenannte \u201eKaskadenverweisung\u201c. Diese besagt, dass der Darlehensnehmer den Vertrag innerhalb von 14 Tagen in Textform k\u00fcndigen kann. Weiter wird dann festgelegt, dass die Frist mit Abschluss des Vertrages beginnt, allerdings unter der Voraussetzung, dass der Darlehensnehmer alle Pflichtangaben \u00a7 492 Abs. 2 BGB erhalten hat. Diese Belehrung wurde bisher vom Bundesgerichtshof als ausreichend anerkannt.<\/p>\n<p>Nun verweist der \u00a7 493 Abs. 2 BGB aber auf Artikel 247 EGBGB (Einf\u00fchrungsgesetz zum BGB) \u00a7\u00a7 6 bis 13. Deshalb vertrat der Europ\u00e4ische Gerichtshof hier eine andere Ansicht, als der Bundesgerichtshof. Er entschied, dass solche Kaskadenklauseln nicht ausreichten, um den Verbraucher umfassend zu informieren. Man k\u00f6nne vom Kreditnehmer nicht verlangen, dass er sich mit verschiedenen gesetzlichen Bestimmungen auseinandersetzen m\u00fcsse, die sich dazu auch noch in unterschiedlichen Gesetzeswerken nachgelesen werden m\u00fcssten. Letztlich kam das Gericht zu dem Schluss, dass der Verbraucher nicht erkennen k\u00f6nne, welche vertraglichen Verpflichtungen er eingeht beziehungsweise ob der Vertrag die in der Klausel geforderten Angaben im Vertrag vorhanden sind. Deshalb k\u00f6nne der Verbraucher erkennen, ob beziehungsweise wann seine Wider\u00adrufs\u00adfrist begonnen hat.<\/p>\n<p>Enth\u00e4lt Ihr Vertrag diese vom EuGH bem\u00e4ngelte Klausel, hat die Widerrufsfrist noch nicht begonnen. Deshalb kann der Vertrag auch jetzt widerrufen werden \u2013 selbst, wenn er schon viele Jahre l\u00e4uft. Der Widerruf hat dann zur Folge, dass das gesamte Darlehen r\u00fcckabgewickelt werden muss. Das bedeutet beispielsweise, dass bei Immobiliendarlehen sich der Kreditnehmer aus dem Vertrag l\u00f6sen kann, ohne eine Vorf\u00e4lligkeitsentsch\u00e4digung zahlen zu m\u00fcssen. Das ist beispielsweise interessant, wenn die Immobilie verkauft werden soll oder aufgrund der derzeit extrem niedrigen Zinsen eine Umschuldung besonders vorteilhaft w\u00e4re. Zu viel gezahlte Zinsen muss Ihnen der Kreditgeber sogar erstatten.<\/p>\n<hr \/>\n<p>&nbsp;<\/p>\n<p><img loading=\"lazy\" decoding=\"async\" class=\" wp-image-9789 alignleft\" src=\"https:\/\/www.buhl.de\/vermieter-web\/wp-content\/uploads\/sites\/33\/2019\/09\/Link-1.jpg\" alt=\"\" width=\"90\" height=\"87\" \/>Gerade bei \u00e4lteren Kreditvertr\u00e4gen sollte man von einem Anwalt pr\u00fcfen lassen, ob der Kreditvertrag aufgrund des Urteils widerrufen werden kann. Dann ist der Weg frei, um einen Vertrag mit g\u00fcnstigeren Konditionen abzuschlie\u00dfen.<\/p>\n<hr \/>\n<p><img loading=\"lazy\" decoding=\"async\" class=\"wp-image-9793 alignleft\" style=\"font-weight: bold;color: #666666;font-size: 0.8125rem;font-style: italic\" src=\"https:\/\/www.buhl.de\/vermieter-web\/wp-content\/uploads\/sites\/33\/2019\/09\/Verlinkung.jpg\" alt=\"\" width=\"90\" height=\"87\" \/><em><strong>Das k\u00f6nnte Sie auch interessieren:<br \/>\n<\/strong><\/em><a href=\"http:\/\/e\/vermieter-web\/keine-gebuehren-bei-einvernehmlicher-darlehensrueckzahlung\/\">Keine Geb\u00fchren bei einvernehmlicher Darlehensr\u00fcckzahlung<\/a><br \/>\n<a href=\"\/vermieter-web\/praemie-fuer-kreditnehmer\/\">Pr\u00e4mie f\u00fcr Kreditnehmer?<\/a><br \/>\n<a href=\"\/vermieter-web\/tools\/darlehensrechner\/\">Darlehensrechner<\/a><\/p>\n<p>&nbsp;<\/p>\n","protected":false},"excerpt":{"rendered":"<p>Der Europ\u00e4ische Gerichtshof (EuGH) hat am 26.03.2020 ein Urteil gef\u00e4llt, dass es vielen Kreditnehmern erm\u00f6glicht, auch schon Jahre laufende Kreditvertr\u00e4ge zu k\u00fcndigen und sich von den Vertr\u00e4gen zu l\u00f6sen (Aktenzeichen C-66\/19). Der EuGH bem\u00e4ngelte bei diesen Vertr\u00e4gen die Widerrufsklausel, in der eine \u201eKaskadenverweisung\u201c zu finden ist. Bei dieser Verweisung wird auf einen \u00a7 verwiesen, in &hellip; <\/p>\n<p class=\"link-more\"><a href=\"https:\/\/www.buhl.de\/vermieter-web\/unkorrekte-widerrufsbelehrung-bei-kreditvertraegen\/\" class=\"more-link\"><span class=\"screen-reader-text\">\u201eUnkorrekte Widerrufsbelehrung bei Kreditvertr\u00e4gen\u201c<\/span> weiterlesen<\/a><\/p>\n","protected":false},"author":15,"featured_media":12547,"comment_status":"open","ping_status":"open","sticky":false,"template":"","format":"standard","meta":{"footnotes":""},"categories":[1],"tags":[3467,3466,4264],"class_list":["post-12544","post","type-post","status-publish","format-standard","has-post-thumbnail","hentry","category-allgemein","tag-darlehen","tag-kredit","tag-widerrufsbelehrung"],"yoast_head":"<!-- This site is optimized with the Yoast SEO Premium plugin v27.4 (Yoast SEO v27.5) - https:\/\/yoast.com\/product\/yoast-seo-premium-wordpress\/ -->\n<title>Widerrufsbelehrung in Kreditvertr\u00e4gen kann unwirksam sein<\/title>\n<meta name=\"description\" content=\"Wird in der Widerrufsbelehrung eines Kreditvertrages auf einen Paragrafen verwiesen, von dem aus auf weitere Paragrafen verwiesen wird, kann dies die Belehrung unwirksam machen.\" \/>\n<meta name=\"robots\" content=\"noindex, nofollow\" \/>\n<meta property=\"og:locale\" content=\"de_DE\" \/>\n<meta property=\"og:type\" content=\"article\" \/>\n<meta property=\"og:title\" content=\"Unkorrekte Widerrufsbelehrung bei Kreditvertr\u00e4gen\" \/>\n<meta property=\"og:description\" content=\"Wird in der Widerrufsbelehrung eines Kreditvertrages auf einen Paragrafen verwiesen, von dem aus auf weitere Paragrafen verwiesen wird, kann dies die Belehrung unwirksam machen.\" \/>\n<meta property=\"og:url\" content=\"https:\/\/www.buhl.de\/vermieter-web\/unkorrekte-widerrufsbelehrung-bei-kreditvertraegen\/\" \/>\n<meta property=\"og:site_name\" content=\"Online-Nebenkostenabrechnung mit WISO Vermieter-Web\" \/>\n<meta property=\"article:published_time\" content=\"2020-04-06T11:18:53+00:00\" \/>\n<meta property=\"og:image\" content=\"https:\/\/www.buhl.de\/vermieter-web\/wp-content\/uploads\/sites\/33\/2020\/04\/1025957659.jpg\" \/>\n\t<meta property=\"og:image:width\" content=\"840\" \/>\n\t<meta property=\"og:image:height\" content=\"420\" \/>\n\t<meta property=\"og:image:type\" content=\"image\/jpeg\" \/>\n<meta name=\"author\" content=\"Hartmut Fischer\" \/>\n<meta name=\"twitter:card\" content=\"summary_large_image\" \/>\n<meta name=\"twitter:label1\" content=\"Verfasst von\" \/>\n\t<meta name=\"twitter:data1\" content=\"Hartmut Fischer\" \/>\n\t<meta name=\"twitter:label2\" content=\"Gesch\u00e4tzte Lesezeit\" \/>\n\t<meta name=\"twitter:data2\" content=\"2\u00a0Minuten\" \/>\n<script type=\"application\/ld+json\" class=\"yoast-schema-graph\">{\"@context\":\"https:\\\/\\\/schema.org\",\"@graph\":[{\"@type\":\"Article\",\"@id\":\"https:\\\/\\\/www.buhl.de\\\/vermieter-web\\\/unkorrekte-widerrufsbelehrung-bei-kreditvertraegen\\\/#article\",\"isPartOf\":{\"@id\":\"https:\\\/\\\/www.buhl.de\\\/vermieter-web\\\/unkorrekte-widerrufsbelehrung-bei-kreditvertraegen\\\/\"},\"author\":{\"name\":\"Hartmut Fischer\",\"@id\":\"https:\\\/\\\/www.buhl.de\\\/vermieter-web\\\/#\\\/schema\\\/person\\\/82903e1cb04eb553382702d503991b4f\"},\"headline\":\"Unkorrekte Widerrufsbelehrung bei Kreditvertr\u00e4gen\",\"datePublished\":\"2020-04-06T11:18:53+00:00\",\"mainEntityOfPage\":{\"@id\":\"https:\\\/\\\/www.buhl.de\\\/vermieter-web\\\/unkorrekte-widerrufsbelehrung-bei-kreditvertraegen\\\/\"},\"wordCount\":478,\"commentCount\":0,\"image\":{\"@id\":\"https:\\\/\\\/www.buhl.de\\\/vermieter-web\\\/unkorrekte-widerrufsbelehrung-bei-kreditvertraegen\\\/#primaryimage\"},\"thumbnailUrl\":\"https:\\\/\\\/www.buhl.de\\\/vermieter-web\\\/wp-content\\\/uploads\\\/sites\\\/33\\\/2020\\\/04\\\/1025957659.jpg\",\"keywords\":[\"Darlehen\",\"Kredit\",\"Widerrufsbelehrung\"],\"inLanguage\":\"de\",\"potentialAction\":[{\"@type\":\"CommentAction\",\"name\":\"Comment\",\"target\":[\"https:\\\/\\\/www.buhl.de\\\/vermieter-web\\\/unkorrekte-widerrufsbelehrung-bei-kreditvertraegen\\\/#respond\"]}]},{\"@type\":\"WebPage\",\"@id\":\"https:\\\/\\\/www.buhl.de\\\/vermieter-web\\\/unkorrekte-widerrufsbelehrung-bei-kreditvertraegen\\\/\",\"url\":\"https:\\\/\\\/www.buhl.de\\\/vermieter-web\\\/unkorrekte-widerrufsbelehrung-bei-kreditvertraegen\\\/\",\"name\":\"Widerrufsbelehrung in Kreditvertr\u00e4gen kann unwirksam sein\",\"isPartOf\":{\"@id\":\"https:\\\/\\\/www.buhl.de\\\/vermieter-web\\\/#website\"},\"primaryImageOfPage\":{\"@id\":\"https:\\\/\\\/www.buhl.de\\\/vermieter-web\\\/unkorrekte-widerrufsbelehrung-bei-kreditvertraegen\\\/#primaryimage\"},\"image\":{\"@id\":\"https:\\\/\\\/www.buhl.de\\\/vermieter-web\\\/unkorrekte-widerrufsbelehrung-bei-kreditvertraegen\\\/#primaryimage\"},\"thumbnailUrl\":\"https:\\\/\\\/www.buhl.de\\\/vermieter-web\\\/wp-content\\\/uploads\\\/sites\\\/33\\\/2020\\\/04\\\/1025957659.jpg\",\"datePublished\":\"2020-04-06T11:18:53+00:00\",\"author\":{\"@id\":\"https:\\\/\\\/www.buhl.de\\\/vermieter-web\\\/#\\\/schema\\\/person\\\/82903e1cb04eb553382702d503991b4f\"},\"description\":\"Wird in der Widerrufsbelehrung eines Kreditvertrages auf einen Paragrafen verwiesen, von dem aus auf weitere Paragrafen verwiesen wird, kann dies die Belehrung unwirksam machen.\",\"breadcrumb\":{\"@id\":\"https:\\\/\\\/www.buhl.de\\\/vermieter-web\\\/unkorrekte-widerrufsbelehrung-bei-kreditvertraegen\\\/#breadcrumb\"},\"inLanguage\":\"de\",\"potentialAction\":[{\"@type\":\"ReadAction\",\"target\":[\"https:\\\/\\\/www.buhl.de\\\/vermieter-web\\\/unkorrekte-widerrufsbelehrung-bei-kreditvertraegen\\\/\"]}]},{\"@type\":\"ImageObject\",\"inLanguage\":\"de\",\"@id\":\"https:\\\/\\\/www.buhl.de\\\/vermieter-web\\\/unkorrekte-widerrufsbelehrung-bei-kreditvertraegen\\\/#primaryimage\",\"url\":\"https:\\\/\\\/www.buhl.de\\\/vermieter-web\\\/wp-content\\\/uploads\\\/sites\\\/33\\\/2020\\\/04\\\/1025957659.jpg\",\"contentUrl\":\"https:\\\/\\\/www.buhl.de\\\/vermieter-web\\\/wp-content\\\/uploads\\\/sites\\\/33\\\/2020\\\/04\\\/1025957659.jpg\",\"width\":840,\"height\":420,\"caption\":\"Widerrufsbelehrung in Kreditvertr\u00e4gen kann unwirksam sein\"},{\"@type\":\"BreadcrumbList\",\"@id\":\"https:\\\/\\\/www.buhl.de\\\/vermieter-web\\\/unkorrekte-widerrufsbelehrung-bei-kreditvertraegen\\\/#breadcrumb\",\"itemListElement\":[{\"@type\":\"ListItem\",\"position\":1,\"name\":\"Startseite\",\"item\":\"https:\\\/\\\/www.buhl.de\\\/vermieter-web\\\/\"},{\"@type\":\"ListItem\",\"position\":2,\"name\":\"Unkorrekte Widerrufsbelehrung bei Kreditvertr\u00e4gen\"}]},{\"@type\":\"WebSite\",\"@id\":\"https:\\\/\\\/www.buhl.de\\\/vermieter-web\\\/#website\",\"url\":\"https:\\\/\\\/www.buhl.de\\\/vermieter-web\\\/\",\"name\":\"Online-Nebenkostenabrechnung mit WISO Vermieter-Web\",\"description\":\"\",\"potentialAction\":[{\"@type\":\"SearchAction\",\"target\":{\"@type\":\"EntryPoint\",\"urlTemplate\":\"https:\\\/\\\/www.buhl.de\\\/vermieter-web\\\/?s={search_term_string}\"},\"query-input\":{\"@type\":\"PropertyValueSpecification\",\"valueRequired\":true,\"valueName\":\"search_term_string\"}}],\"inLanguage\":\"de\"},{\"@type\":\"Person\",\"@id\":\"https:\\\/\\\/www.buhl.de\\\/vermieter-web\\\/#\\\/schema\\\/person\\\/82903e1cb04eb553382702d503991b4f\",\"name\":\"Hartmut Fischer\"}]}<\/script>\n<!-- \/ Yoast SEO Premium plugin. -->","yoast_head_json":{"title":"Widerrufsbelehrung in Kreditvertr\u00e4gen kann unwirksam sein","description":"Wird in der Widerrufsbelehrung eines Kreditvertrages auf einen Paragrafen verwiesen, von dem aus auf weitere Paragrafen verwiesen wird, kann dies die Belehrung unwirksam machen.","robots":{"index":"noindex","follow":"nofollow"},"og_locale":"de_DE","og_type":"article","og_title":"Unkorrekte Widerrufsbelehrung bei Kreditvertr\u00e4gen","og_description":"Wird in der Widerrufsbelehrung eines Kreditvertrages auf einen Paragrafen verwiesen, von dem aus auf weitere Paragrafen verwiesen wird, kann dies die Belehrung unwirksam machen.","og_url":"https:\/\/www.buhl.de\/vermieter-web\/unkorrekte-widerrufsbelehrung-bei-kreditvertraegen\/","og_site_name":"Online-Nebenkostenabrechnung mit WISO Vermieter-Web","article_published_time":"2020-04-06T11:18:53+00:00","og_image":[{"width":840,"height":420,"url":"https:\/\/www.buhl.de\/vermieter-web\/wp-content\/uploads\/sites\/33\/2020\/04\/1025957659.jpg","type":"image\/jpeg"}],"author":"Hartmut Fischer","twitter_card":"summary_large_image","twitter_misc":{"Verfasst von":"Hartmut Fischer","Gesch\u00e4tzte Lesezeit":"2\u00a0Minuten"},"schema":{"@context":"https:\/\/schema.org","@graph":[{"@type":"Article","@id":"https:\/\/www.buhl.de\/vermieter-web\/unkorrekte-widerrufsbelehrung-bei-kreditvertraegen\/#article","isPartOf":{"@id":"https:\/\/www.buhl.de\/vermieter-web\/unkorrekte-widerrufsbelehrung-bei-kreditvertraegen\/"},"author":{"name":"Hartmut Fischer","@id":"https:\/\/www.buhl.de\/vermieter-web\/#\/schema\/person\/82903e1cb04eb553382702d503991b4f"},"headline":"Unkorrekte Widerrufsbelehrung bei Kreditvertr\u00e4gen","datePublished":"2020-04-06T11:18:53+00:00","mainEntityOfPage":{"@id":"https:\/\/www.buhl.de\/vermieter-web\/unkorrekte-widerrufsbelehrung-bei-kreditvertraegen\/"},"wordCount":478,"commentCount":0,"image":{"@id":"https:\/\/www.buhl.de\/vermieter-web\/unkorrekte-widerrufsbelehrung-bei-kreditvertraegen\/#primaryimage"},"thumbnailUrl":"https:\/\/www.buhl.de\/vermieter-web\/wp-content\/uploads\/sites\/33\/2020\/04\/1025957659.jpg","keywords":["Darlehen","Kredit","Widerrufsbelehrung"],"inLanguage":"de","potentialAction":[{"@type":"CommentAction","name":"Comment","target":["https:\/\/www.buhl.de\/vermieter-web\/unkorrekte-widerrufsbelehrung-bei-kreditvertraegen\/#respond"]}]},{"@type":"WebPage","@id":"https:\/\/www.buhl.de\/vermieter-web\/unkorrekte-widerrufsbelehrung-bei-kreditvertraegen\/","url":"https:\/\/www.buhl.de\/vermieter-web\/unkorrekte-widerrufsbelehrung-bei-kreditvertraegen\/","name":"Widerrufsbelehrung in Kreditvertr\u00e4gen kann unwirksam sein","isPartOf":{"@id":"https:\/\/www.buhl.de\/vermieter-web\/#website"},"primaryImageOfPage":{"@id":"https:\/\/www.buhl.de\/vermieter-web\/unkorrekte-widerrufsbelehrung-bei-kreditvertraegen\/#primaryimage"},"image":{"@id":"https:\/\/www.buhl.de\/vermieter-web\/unkorrekte-widerrufsbelehrung-bei-kreditvertraegen\/#primaryimage"},"thumbnailUrl":"https:\/\/www.buhl.de\/vermieter-web\/wp-content\/uploads\/sites\/33\/2020\/04\/1025957659.jpg","datePublished":"2020-04-06T11:18:53+00:00","author":{"@id":"https:\/\/www.buhl.de\/vermieter-web\/#\/schema\/person\/82903e1cb04eb553382702d503991b4f"},"description":"Wird in der Widerrufsbelehrung eines Kreditvertrages auf einen Paragrafen verwiesen, von dem aus auf weitere Paragrafen verwiesen wird, kann dies die Belehrung unwirksam machen.","breadcrumb":{"@id":"https:\/\/www.buhl.de\/vermieter-web\/unkorrekte-widerrufsbelehrung-bei-kreditvertraegen\/#breadcrumb"},"inLanguage":"de","potentialAction":[{"@type":"ReadAction","target":["https:\/\/www.buhl.de\/vermieter-web\/unkorrekte-widerrufsbelehrung-bei-kreditvertraegen\/"]}]},{"@type":"ImageObject","inLanguage":"de","@id":"https:\/\/www.buhl.de\/vermieter-web\/unkorrekte-widerrufsbelehrung-bei-kreditvertraegen\/#primaryimage","url":"https:\/\/www.buhl.de\/vermieter-web\/wp-content\/uploads\/sites\/33\/2020\/04\/1025957659.jpg","contentUrl":"https:\/\/www.buhl.de\/vermieter-web\/wp-content\/uploads\/sites\/33\/2020\/04\/1025957659.jpg","width":840,"height":420,"caption":"Widerrufsbelehrung in Kreditvertr\u00e4gen kann unwirksam sein"},{"@type":"BreadcrumbList","@id":"https:\/\/www.buhl.de\/vermieter-web\/unkorrekte-widerrufsbelehrung-bei-kreditvertraegen\/#breadcrumb","itemListElement":[{"@type":"ListItem","position":1,"name":"Startseite","item":"https:\/\/www.buhl.de\/vermieter-web\/"},{"@type":"ListItem","position":2,"name":"Unkorrekte Widerrufsbelehrung bei Kreditvertr\u00e4gen"}]},{"@type":"WebSite","@id":"https:\/\/www.buhl.de\/vermieter-web\/#website","url":"https:\/\/www.buhl.de\/vermieter-web\/","name":"Online-Nebenkostenabrechnung mit WISO Vermieter-Web","description":"","potentialAction":[{"@type":"SearchAction","target":{"@type":"EntryPoint","urlTemplate":"https:\/\/www.buhl.de\/vermieter-web\/?s={search_term_string}"},"query-input":{"@type":"PropertyValueSpecification","valueRequired":true,"valueName":"search_term_string"}}],"inLanguage":"de"},{"@type":"Person","@id":"https:\/\/www.buhl.de\/vermieter-web\/#\/schema\/person\/82903e1cb04eb553382702d503991b4f","name":"Hartmut Fischer"}]}},"_links":{"self":[{"href":"https:\/\/www.buhl.de\/vermieter-web\/wp-json\/wp\/v2\/posts\/12544","targetHints":{"allow":["GET"]}}],"collection":[{"href":"https:\/\/www.buhl.de\/vermieter-web\/wp-json\/wp\/v2\/posts"}],"about":[{"href":"https:\/\/www.buhl.de\/vermieter-web\/wp-json\/wp\/v2\/types\/post"}],"author":[{"embeddable":true,"href":"https:\/\/www.buhl.de\/vermieter-web\/wp-json\/wp\/v2\/users\/15"}],"replies":[{"embeddable":true,"href":"https:\/\/www.buhl.de\/vermieter-web\/wp-json\/wp\/v2\/comments?post=12544"}],"version-history":[{"count":4,"href":"https:\/\/www.buhl.de\/vermieter-web\/wp-json\/wp\/v2\/posts\/12544\/revisions"}],"predecessor-version":[{"id":12550,"href":"https:\/\/www.buhl.de\/vermieter-web\/wp-json\/wp\/v2\/posts\/12544\/revisions\/12550"}],"wp:featuredmedia":[{"embeddable":true,"href":"https:\/\/www.buhl.de\/vermieter-web\/wp-json\/wp\/v2\/media\/12547"}],"wp:attachment":[{"href":"https:\/\/www.buhl.de\/vermieter-web\/wp-json\/wp\/v2\/media?parent=12544"}],"wp:term":[{"taxonomy":"category","embeddable":true,"href":"https:\/\/www.buhl.de\/vermieter-web\/wp-json\/wp\/v2\/categories?post=12544"},{"taxonomy":"post_tag","embeddable":true,"href":"https:\/\/www.buhl.de\/vermieter-web\/wp-json\/wp\/v2\/tags?post=12544"}],"curies":[{"name":"wp","href":"https:\/\/api.w.org\/{rel}","templated":true}]}}