{"id":12612,"date":"2020-04-21T08:44:48","date_gmt":"2020-04-21T06:44:48","guid":{"rendered":"http:\/\/www.buhl.de\/vermieter-web\/?p=12612"},"modified":"2020-04-21T08:44:48","modified_gmt":"2020-04-21T06:44:48","slug":"infizierte-in-der-nachbarschaft-keine-gefahr-fuer-anlieger","status":"publish","type":"post","link":"https:\/\/www.buhl.de\/vermieter-web\/infizierte-in-der-nachbarschaft-keine-gefahr-fuer-anlieger\/","title":{"rendered":"Infizierte in der Nachbarschaft \u2013 keine Gefahr f\u00fcr Anlieger"},"content":{"rendered":"<p><strong>Die Corona-Pandemie hat uns alle \u00e4ngstlich gemacht. Es ist deshalb kein Wunder, wenn sich Anlieger vor Ansteckungen f\u00fcrchten, werden in der Nachbarschaft eine Gemeinschaftsunterkunft f\u00fcr COVID-19-Infizierte eingerichtet wird. Doch nach Ansicht des Verwaltungsgerichts Berlin geht von solchen Einrichtungen keine Gefahr f\u00fcr die Nachbarn aus. Dies ergibt sich aus einem Urteil vom 15.04.2020 (Aktenzeichen VG 14 L 47\/20)<\/strong><\/p>\n<p>Das Urteil war das Ergebnis eines Eilantrages, den ein Anlieger gestellt hatte. In seiner Nachbarschaft sollte eine ehemalige Gemeinschaftseinrichtung f\u00fcr Fl\u00fcchtlinge nun genutzt werden, um dort mit dem Corona-Virus infizierte Asylsuchende unterzubringen. Gegen diese Ma\u00dfnahme des Berliner Landesamtes f\u00fcr Fl\u00fcchtlingsangelegenheiten richtete sich der Eilantrag. Der Kl\u00e4ger wollte erreichen, dass die Unterbringung vom Gericht untersagt werde, da er davon ausging, dass von einer solchen Einrichtung Gefahren f\u00fcr seine Gesundheit ausgehen.<\/p>\n<p>Das Verwaltungsgericht Berlin sah den Sachverhalt jedoch anders und lehnte den Antrag ab. F\u00fcr das Gericht konnte der Anlieger nicht ausreichend begr\u00fcnden, dass unter seuchenrechtlichen Aspekten ein Unterlassungsanspruch gegeben sei. Einen Eingriff auf die Rechte des Anliegers auf k\u00f6rperliche Unversehrtheit oder gar sein Leben konnte das Gericht nicht erkennen. Zumindest sei die Wahrscheinlichkeit hierf\u00fcr nicht hoch genug, um eine Vorwegnahme der Hauptsacheentscheidung zu rechtfertigen.<\/p>\n<p>In seiner Begr\u00fcndung stellte das Gericht fest, dass von der Unterbringung der Infizierten keine erhebliche Gef\u00e4hrdung f\u00fcr den Nachbarn zu erwarten sei. Auf jeden Fall k\u00f6nne man nicht erkennen, dass die allgemein bestehende Gefahr durch ein COVID-19 Virus infiziert zu werden, durch die Unterbringung nennenswert gesteigert werde. Der Antragsteller habe auch nicht belegen k\u00f6nnen, dass von dem Transport der Infizierten in entsprechend gesicherten Fahrzeugen die Gefahr ausgehe, dass das Infektionsrisiko der Anlieger steigen w\u00fcrde.<\/p>\n<p>Au\u00dferdem, so das Gericht, g\u00e4be es keine wissenschaftliche Erkenntnisse vor, dass bei einer gr\u00f6\u00dferen Freisetzung von COVID-19-Viren auf engem Raum \u201eCoronawolken\u201c entst\u00fcnden, die als Aerosol \u00fcber den direkten Nahbereich hinaus getragen w\u00fcrden und in einem gr\u00f6\u00dferen Umfeld die Ansteckungsgefahr steigern w\u00fcrde.<\/p>\n<hr \/>\n<p><img loading=\"lazy\" decoding=\"async\" class=\" wp-image-10018 alignleft\" src=\"https:\/\/www.buhl.de\/vermieter-web\/wp-content\/uploads\/sites\/33\/2019\/12\/Info.jpg\" alt=\"\" width=\"90\" height=\"87\" \/>Als Aerosol bezeichnet man ein Gemisch aus festen oder fl\u00fcssigen Schwebeteilchen in einem Gas. Hier also Coronaviren in der Luft.<\/p>\n<hr \/>\n<p>Das Gericht verwies in diesem Zusammenhang auf Aussagen des Robert Koch Institutes. Danach reiche schon ein Abstand von 1,50 Metern um das Ansteckungsrisiko deutlich zu senken. Der klagende Nachbar h\u00e4tte aber jederzeit die M\u00f6glichkeit, einen weitaus gr\u00f6\u00dferen Abstand von der Einrichtung einzuhalten.<\/p>\n<p><img loading=\"lazy\" decoding=\"async\" class=\" wp-image-9793\" src=\"https:\/\/www.buhl.de\/vermieter-web\/wp-content\/uploads\/sites\/33\/2019\/09\/Verlinkung.jpg\" alt=\"\" width=\"90\" height=\"87\" \/><\/p>\n<p><em><strong>Das k\u00f6nnte Sie auch interessieren:<br \/>\n<\/strong><\/em><a href=\"https:\/\/www.buhl.de\/vermieter-web\/corona-folgen-keine-kuendigung-des-dispokredits\/\">Corona-Folgen: Keine K\u00fcndigung des Dispokredits<\/a><br \/>\n<a href=\"https:\/\/www.buhl.de\/vermieter-web\/corona-auswirkungen-auf-mietverhaeltnisse\/\">Corona \u2013 Auswirkungen auf Mietverh\u00e4ltnisse<\/a><br \/>\n<a href=\"https:\/\/www.buhl.de\/vermieter-web\/weg-sonderregelungen-in-zeiten-der-pandemie\/\">WEG: Sonderregelungen in Zeiten der Pandemie\u00a0<\/a><br \/>\n<a href=\"https:\/\/www.buhl.de\/vermieter-web\/wohnungsbesichtigung-in-zeiten-der-pandemie\/\">Wohnungsbesichtigung in Zeiten der Pandemie<\/a><\/p>\n<p>&nbsp;<\/p>\n","protected":false},"excerpt":{"rendered":"<p>Die Corona-Pandemie hat uns alle \u00e4ngstlich gemacht. Es ist deshalb kein Wunder, wenn sich Anlieger vor Ansteckungen f\u00fcrchten, werden in der Nachbarschaft eine Gemeinschaftsunterkunft f\u00fcr COVID-19-Infizierte eingerichtet wird. Doch nach Ansicht des Verwaltungsgerichts Berlin geht von solchen Einrichtungen keine Gefahr f\u00fcr die Nachbarn aus. Dies ergibt sich aus einem Urteil vom 15.04.2020 (Aktenzeichen VG 14 &hellip; <\/p>\n<p class=\"link-more\"><a href=\"https:\/\/www.buhl.de\/vermieter-web\/infizierte-in-der-nachbarschaft-keine-gefahr-fuer-anlieger\/\" class=\"more-link\"><span class=\"screen-reader-text\">\u201eInfizierte in der Nachbarschaft \u2013 keine Gefahr f\u00fcr Anlieger\u201c<\/span> weiterlesen<\/a><\/p>\n","protected":false},"author":15,"featured_media":12599,"comment_status":"open","ping_status":"open","sticky":false,"template":"","format":"standard","meta":{"footnotes":""},"categories":[1],"tags":[4115,4166,4116],"class_list":["post-12612","post","type-post","status-publish","format-standard","has-post-thumbnail","hentry","category-allgemein","tag-corona","tag-covid-19","tag-pandemie"],"yoast_head":"<!-- This site is optimized with the Yoast SEO Premium plugin v27.4 (Yoast SEO v27.5) - https:\/\/yoast.com\/product\/yoast-seo-premium-wordpress\/ -->\n<title>Keine Gefahr f\u00fcr Anlieger: COVID-Infizierte in der Nachbarschaft<\/title>\n<meta name=\"description\" content=\"Das Verwaltungsgericht Berlin lehnte einen Eilantrag eines Anliegers ab, der verhindern wollte, dass in seiner Nachbarschaft eine Einrichtung f\u00fcr infizierte Asylbewerber eingerichtet werde.\" \/>\n<meta name=\"robots\" content=\"noindex, nofollow\" \/>\n<meta property=\"og:locale\" content=\"de_DE\" \/>\n<meta property=\"og:type\" content=\"article\" \/>\n<meta property=\"og:title\" content=\"Infizierte in der Nachbarschaft \u2013 keine Gefahr f\u00fcr Anlieger\" \/>\n<meta property=\"og:description\" content=\"Das Verwaltungsgericht Berlin lehnte einen Eilantrag eines Anliegers ab, der verhindern wollte, dass in seiner Nachbarschaft eine Einrichtung f\u00fcr infizierte Asylbewerber eingerichtet werde.\" \/>\n<meta property=\"og:url\" content=\"https:\/\/www.buhl.de\/vermieter-web\/infizierte-in-der-nachbarschaft-keine-gefahr-fuer-anlieger\/\" \/>\n<meta property=\"og:site_name\" content=\"Online-Nebenkostenabrechnung mit WISO Vermieter-Web\" \/>\n<meta property=\"article:published_time\" content=\"2020-04-21T06:44:48+00:00\" \/>\n<meta property=\"og:image\" content=\"https:\/\/www.buhl.de\/vermieter-web\/wp-content\/uploads\/sites\/33\/2020\/04\/corona-1.jpg\" \/>\n\t<meta property=\"og:image:width\" content=\"840\" \/>\n\t<meta property=\"og:image:height\" content=\"420\" \/>\n\t<meta property=\"og:image:type\" content=\"image\/jpeg\" \/>\n<meta name=\"author\" content=\"Hartmut Fischer\" \/>\n<meta name=\"twitter:card\" content=\"summary_large_image\" \/>\n<meta name=\"twitter:label1\" content=\"Verfasst von\" \/>\n\t<meta name=\"twitter:data1\" content=\"Hartmut Fischer\" \/>\n\t<meta name=\"twitter:label2\" content=\"Gesch\u00e4tzte Lesezeit\" \/>\n\t<meta name=\"twitter:data2\" content=\"2\u00a0Minuten\" \/>\n<script type=\"application\/ld+json\" class=\"yoast-schema-graph\">{\"@context\":\"https:\\\/\\\/schema.org\",\"@graph\":[{\"@type\":\"Article\",\"@id\":\"https:\\\/\\\/www.buhl.de\\\/vermieter-web\\\/infizierte-in-der-nachbarschaft-keine-gefahr-fuer-anlieger\\\/#article\",\"isPartOf\":{\"@id\":\"https:\\\/\\\/www.buhl.de\\\/vermieter-web\\\/infizierte-in-der-nachbarschaft-keine-gefahr-fuer-anlieger\\\/\"},\"author\":{\"name\":\"Hartmut Fischer\",\"@id\":\"https:\\\/\\\/www.buhl.de\\\/vermieter-web\\\/#\\\/schema\\\/person\\\/82903e1cb04eb553382702d503991b4f\"},\"headline\":\"Infizierte in der Nachbarschaft \u2013 keine Gefahr f\u00fcr Anlieger\",\"datePublished\":\"2020-04-21T06:44:48+00:00\",\"mainEntityOfPage\":{\"@id\":\"https:\\\/\\\/www.buhl.de\\\/vermieter-web\\\/infizierte-in-der-nachbarschaft-keine-gefahr-fuer-anlieger\\\/\"},\"wordCount\":434,\"commentCount\":0,\"image\":{\"@id\":\"https:\\\/\\\/www.buhl.de\\\/vermieter-web\\\/infizierte-in-der-nachbarschaft-keine-gefahr-fuer-anlieger\\\/#primaryimage\"},\"thumbnailUrl\":\"https:\\\/\\\/www.buhl.de\\\/vermieter-web\\\/wp-content\\\/uploads\\\/sites\\\/33\\\/2020\\\/04\\\/corona-1.jpg\",\"keywords\":[\"Corona\",\"COVID-19\",\"Pandemie\"],\"inLanguage\":\"de\",\"potentialAction\":[{\"@type\":\"CommentAction\",\"name\":\"Comment\",\"target\":[\"https:\\\/\\\/www.buhl.de\\\/vermieter-web\\\/infizierte-in-der-nachbarschaft-keine-gefahr-fuer-anlieger\\\/#respond\"]}]},{\"@type\":\"WebPage\",\"@id\":\"https:\\\/\\\/www.buhl.de\\\/vermieter-web\\\/infizierte-in-der-nachbarschaft-keine-gefahr-fuer-anlieger\\\/\",\"url\":\"https:\\\/\\\/www.buhl.de\\\/vermieter-web\\\/infizierte-in-der-nachbarschaft-keine-gefahr-fuer-anlieger\\\/\",\"name\":\"Keine Gefahr f\u00fcr Anlieger: COVID-Infizierte in der Nachbarschaft\",\"isPartOf\":{\"@id\":\"https:\\\/\\\/www.buhl.de\\\/vermieter-web\\\/#website\"},\"primaryImageOfPage\":{\"@id\":\"https:\\\/\\\/www.buhl.de\\\/vermieter-web\\\/infizierte-in-der-nachbarschaft-keine-gefahr-fuer-anlieger\\\/#primaryimage\"},\"image\":{\"@id\":\"https:\\\/\\\/www.buhl.de\\\/vermieter-web\\\/infizierte-in-der-nachbarschaft-keine-gefahr-fuer-anlieger\\\/#primaryimage\"},\"thumbnailUrl\":\"https:\\\/\\\/www.buhl.de\\\/vermieter-web\\\/wp-content\\\/uploads\\\/sites\\\/33\\\/2020\\\/04\\\/corona-1.jpg\",\"datePublished\":\"2020-04-21T06:44:48+00:00\",\"author\":{\"@id\":\"https:\\\/\\\/www.buhl.de\\\/vermieter-web\\\/#\\\/schema\\\/person\\\/82903e1cb04eb553382702d503991b4f\"},\"description\":\"Das Verwaltungsgericht Berlin lehnte einen Eilantrag eines Anliegers ab, der verhindern wollte, dass in seiner Nachbarschaft eine Einrichtung f\u00fcr infizierte Asylbewerber eingerichtet werde.\",\"breadcrumb\":{\"@id\":\"https:\\\/\\\/www.buhl.de\\\/vermieter-web\\\/infizierte-in-der-nachbarschaft-keine-gefahr-fuer-anlieger\\\/#breadcrumb\"},\"inLanguage\":\"de\",\"potentialAction\":[{\"@type\":\"ReadAction\",\"target\":[\"https:\\\/\\\/www.buhl.de\\\/vermieter-web\\\/infizierte-in-der-nachbarschaft-keine-gefahr-fuer-anlieger\\\/\"]}]},{\"@type\":\"ImageObject\",\"inLanguage\":\"de\",\"@id\":\"https:\\\/\\\/www.buhl.de\\\/vermieter-web\\\/infizierte-in-der-nachbarschaft-keine-gefahr-fuer-anlieger\\\/#primaryimage\",\"url\":\"https:\\\/\\\/www.buhl.de\\\/vermieter-web\\\/wp-content\\\/uploads\\\/sites\\\/33\\\/2020\\\/04\\\/corona-1.jpg\",\"contentUrl\":\"https:\\\/\\\/www.buhl.de\\\/vermieter-web\\\/wp-content\\\/uploads\\\/sites\\\/33\\\/2020\\\/04\\\/corona-1.jpg\",\"width\":840,\"height\":420,\"caption\":\"Einrichtung f\u00fcr Corona-Infizierte in er Nachbarschaft.\"},{\"@type\":\"BreadcrumbList\",\"@id\":\"https:\\\/\\\/www.buhl.de\\\/vermieter-web\\\/infizierte-in-der-nachbarschaft-keine-gefahr-fuer-anlieger\\\/#breadcrumb\",\"itemListElement\":[{\"@type\":\"ListItem\",\"position\":1,\"name\":\"Startseite\",\"item\":\"https:\\\/\\\/www.buhl.de\\\/vermieter-web\\\/\"},{\"@type\":\"ListItem\",\"position\":2,\"name\":\"Infizierte in der Nachbarschaft \u2013 keine Gefahr f\u00fcr Anlieger\"}]},{\"@type\":\"WebSite\",\"@id\":\"https:\\\/\\\/www.buhl.de\\\/vermieter-web\\\/#website\",\"url\":\"https:\\\/\\\/www.buhl.de\\\/vermieter-web\\\/\",\"name\":\"Online-Nebenkostenabrechnung mit WISO Vermieter-Web\",\"description\":\"\",\"potentialAction\":[{\"@type\":\"SearchAction\",\"target\":{\"@type\":\"EntryPoint\",\"urlTemplate\":\"https:\\\/\\\/www.buhl.de\\\/vermieter-web\\\/?s={search_term_string}\"},\"query-input\":{\"@type\":\"PropertyValueSpecification\",\"valueRequired\":true,\"valueName\":\"search_term_string\"}}],\"inLanguage\":\"de\"},{\"@type\":\"Person\",\"@id\":\"https:\\\/\\\/www.buhl.de\\\/vermieter-web\\\/#\\\/schema\\\/person\\\/82903e1cb04eb553382702d503991b4f\",\"name\":\"Hartmut Fischer\"}]}<\/script>\n<!-- \/ Yoast SEO Premium plugin. -->","yoast_head_json":{"title":"Keine Gefahr f\u00fcr Anlieger: COVID-Infizierte in der Nachbarschaft","description":"Das Verwaltungsgericht Berlin lehnte einen Eilantrag eines Anliegers ab, der verhindern wollte, dass in seiner Nachbarschaft eine Einrichtung f\u00fcr infizierte Asylbewerber eingerichtet werde.","robots":{"index":"noindex","follow":"nofollow"},"og_locale":"de_DE","og_type":"article","og_title":"Infizierte in der Nachbarschaft \u2013 keine Gefahr f\u00fcr Anlieger","og_description":"Das Verwaltungsgericht Berlin lehnte einen Eilantrag eines Anliegers ab, der verhindern wollte, dass in seiner Nachbarschaft eine Einrichtung f\u00fcr infizierte Asylbewerber eingerichtet werde.","og_url":"https:\/\/www.buhl.de\/vermieter-web\/infizierte-in-der-nachbarschaft-keine-gefahr-fuer-anlieger\/","og_site_name":"Online-Nebenkostenabrechnung mit WISO Vermieter-Web","article_published_time":"2020-04-21T06:44:48+00:00","og_image":[{"width":840,"height":420,"url":"https:\/\/www.buhl.de\/vermieter-web\/wp-content\/uploads\/sites\/33\/2020\/04\/corona-1.jpg","type":"image\/jpeg"}],"author":"Hartmut Fischer","twitter_card":"summary_large_image","twitter_misc":{"Verfasst von":"Hartmut Fischer","Gesch\u00e4tzte Lesezeit":"2\u00a0Minuten"},"schema":{"@context":"https:\/\/schema.org","@graph":[{"@type":"Article","@id":"https:\/\/www.buhl.de\/vermieter-web\/infizierte-in-der-nachbarschaft-keine-gefahr-fuer-anlieger\/#article","isPartOf":{"@id":"https:\/\/www.buhl.de\/vermieter-web\/infizierte-in-der-nachbarschaft-keine-gefahr-fuer-anlieger\/"},"author":{"name":"Hartmut Fischer","@id":"https:\/\/www.buhl.de\/vermieter-web\/#\/schema\/person\/82903e1cb04eb553382702d503991b4f"},"headline":"Infizierte in der Nachbarschaft \u2013 keine Gefahr f\u00fcr Anlieger","datePublished":"2020-04-21T06:44:48+00:00","mainEntityOfPage":{"@id":"https:\/\/www.buhl.de\/vermieter-web\/infizierte-in-der-nachbarschaft-keine-gefahr-fuer-anlieger\/"},"wordCount":434,"commentCount":0,"image":{"@id":"https:\/\/www.buhl.de\/vermieter-web\/infizierte-in-der-nachbarschaft-keine-gefahr-fuer-anlieger\/#primaryimage"},"thumbnailUrl":"https:\/\/www.buhl.de\/vermieter-web\/wp-content\/uploads\/sites\/33\/2020\/04\/corona-1.jpg","keywords":["Corona","COVID-19","Pandemie"],"inLanguage":"de","potentialAction":[{"@type":"CommentAction","name":"Comment","target":["https:\/\/www.buhl.de\/vermieter-web\/infizierte-in-der-nachbarschaft-keine-gefahr-fuer-anlieger\/#respond"]}]},{"@type":"WebPage","@id":"https:\/\/www.buhl.de\/vermieter-web\/infizierte-in-der-nachbarschaft-keine-gefahr-fuer-anlieger\/","url":"https:\/\/www.buhl.de\/vermieter-web\/infizierte-in-der-nachbarschaft-keine-gefahr-fuer-anlieger\/","name":"Keine Gefahr f\u00fcr Anlieger: COVID-Infizierte in der Nachbarschaft","isPartOf":{"@id":"https:\/\/www.buhl.de\/vermieter-web\/#website"},"primaryImageOfPage":{"@id":"https:\/\/www.buhl.de\/vermieter-web\/infizierte-in-der-nachbarschaft-keine-gefahr-fuer-anlieger\/#primaryimage"},"image":{"@id":"https:\/\/www.buhl.de\/vermieter-web\/infizierte-in-der-nachbarschaft-keine-gefahr-fuer-anlieger\/#primaryimage"},"thumbnailUrl":"https:\/\/www.buhl.de\/vermieter-web\/wp-content\/uploads\/sites\/33\/2020\/04\/corona-1.jpg","datePublished":"2020-04-21T06:44:48+00:00","author":{"@id":"https:\/\/www.buhl.de\/vermieter-web\/#\/schema\/person\/82903e1cb04eb553382702d503991b4f"},"description":"Das Verwaltungsgericht Berlin lehnte einen Eilantrag eines Anliegers ab, der verhindern wollte, dass in seiner Nachbarschaft eine Einrichtung f\u00fcr infizierte Asylbewerber eingerichtet werde.","breadcrumb":{"@id":"https:\/\/www.buhl.de\/vermieter-web\/infizierte-in-der-nachbarschaft-keine-gefahr-fuer-anlieger\/#breadcrumb"},"inLanguage":"de","potentialAction":[{"@type":"ReadAction","target":["https:\/\/www.buhl.de\/vermieter-web\/infizierte-in-der-nachbarschaft-keine-gefahr-fuer-anlieger\/"]}]},{"@type":"ImageObject","inLanguage":"de","@id":"https:\/\/www.buhl.de\/vermieter-web\/infizierte-in-der-nachbarschaft-keine-gefahr-fuer-anlieger\/#primaryimage","url":"https:\/\/www.buhl.de\/vermieter-web\/wp-content\/uploads\/sites\/33\/2020\/04\/corona-1.jpg","contentUrl":"https:\/\/www.buhl.de\/vermieter-web\/wp-content\/uploads\/sites\/33\/2020\/04\/corona-1.jpg","width":840,"height":420,"caption":"Einrichtung f\u00fcr Corona-Infizierte in er Nachbarschaft."},{"@type":"BreadcrumbList","@id":"https:\/\/www.buhl.de\/vermieter-web\/infizierte-in-der-nachbarschaft-keine-gefahr-fuer-anlieger\/#breadcrumb","itemListElement":[{"@type":"ListItem","position":1,"name":"Startseite","item":"https:\/\/www.buhl.de\/vermieter-web\/"},{"@type":"ListItem","position":2,"name":"Infizierte in der Nachbarschaft \u2013 keine Gefahr f\u00fcr Anlieger"}]},{"@type":"WebSite","@id":"https:\/\/www.buhl.de\/vermieter-web\/#website","url":"https:\/\/www.buhl.de\/vermieter-web\/","name":"Online-Nebenkostenabrechnung mit WISO Vermieter-Web","description":"","potentialAction":[{"@type":"SearchAction","target":{"@type":"EntryPoint","urlTemplate":"https:\/\/www.buhl.de\/vermieter-web\/?s={search_term_string}"},"query-input":{"@type":"PropertyValueSpecification","valueRequired":true,"valueName":"search_term_string"}}],"inLanguage":"de"},{"@type":"Person","@id":"https:\/\/www.buhl.de\/vermieter-web\/#\/schema\/person\/82903e1cb04eb553382702d503991b4f","name":"Hartmut Fischer"}]}},"_links":{"self":[{"href":"https:\/\/www.buhl.de\/vermieter-web\/wp-json\/wp\/v2\/posts\/12612","targetHints":{"allow":["GET"]}}],"collection":[{"href":"https:\/\/www.buhl.de\/vermieter-web\/wp-json\/wp\/v2\/posts"}],"about":[{"href":"https:\/\/www.buhl.de\/vermieter-web\/wp-json\/wp\/v2\/types\/post"}],"author":[{"embeddable":true,"href":"https:\/\/www.buhl.de\/vermieter-web\/wp-json\/wp\/v2\/users\/15"}],"replies":[{"embeddable":true,"href":"https:\/\/www.buhl.de\/vermieter-web\/wp-json\/wp\/v2\/comments?post=12612"}],"version-history":[{"count":1,"href":"https:\/\/www.buhl.de\/vermieter-web\/wp-json\/wp\/v2\/posts\/12612\/revisions"}],"predecessor-version":[{"id":12614,"href":"https:\/\/www.buhl.de\/vermieter-web\/wp-json\/wp\/v2\/posts\/12612\/revisions\/12614"}],"wp:featuredmedia":[{"embeddable":true,"href":"https:\/\/www.buhl.de\/vermieter-web\/wp-json\/wp\/v2\/media\/12599"}],"wp:attachment":[{"href":"https:\/\/www.buhl.de\/vermieter-web\/wp-json\/wp\/v2\/media?parent=12612"}],"wp:term":[{"taxonomy":"category","embeddable":true,"href":"https:\/\/www.buhl.de\/vermieter-web\/wp-json\/wp\/v2\/categories?post=12612"},{"taxonomy":"post_tag","embeddable":true,"href":"https:\/\/www.buhl.de\/vermieter-web\/wp-json\/wp\/v2\/tags?post=12612"}],"curies":[{"name":"wp","href":"https:\/\/api.w.org\/{rel}","templated":true}]}}