{"id":12615,"date":"2020-04-23T16:35:41","date_gmt":"2020-04-23T14:35:41","guid":{"rendered":"http:\/\/www.buhl.de\/vermieter-web\/?p=12615"},"modified":"2020-04-23T16:35:41","modified_gmt":"2020-04-23T14:35:41","slug":"kein-baustopp-fuer-einen-pflegeheim-anbau","status":"publish","type":"post","link":"https:\/\/www.buhl.de\/vermieter-web\/kein-baustopp-fuer-einen-pflegeheim-anbau\/","title":{"rendered":"Kein Baustopp f\u00fcr einen Pflegeheim-Anbau"},"content":{"rendered":"<p><strong>Die R\u00fccknahme einer Baugenehmigung f\u00fcr die Erweiterung eines Pflegeheims hat das Oberverwaltungsgericht M\u00fcnster abgelehnt. Insbesondere die Begr\u00fcndung der klagenden Anlieger reichte dem Gericht nicht aus. Die Kl\u00e4ger hatten darauf verwiesen, dass durch den Anbau die bereits gegebenen Ger\u00e4uschemissionen f\u00fcr die Anlieger weiter gesteigert w\u00fcrden. In einem Eilbeschluss lehnte das Gericht diese Begr\u00fcndung als nicht ausreichend ab (Urteil vom 30.03.2020 (Aktenzeichen 10 B 312\/20).<\/strong><\/p>\n<p>Anlieger in der Umgebung des Pflegeheims hatten sich an das Verwaltungsgericht Gelsenkirchen \u00a0gewandt. Sie forderten, dass die Vollziehung der Baugenehmigung f\u00fcr den Anbau an ein Pflegeheim nicht erlaubt werde. Ihre Forderung begr\u00fcndeten die Nachbarn des Heims haupts\u00e4chlich damit, dass von dem Pflegeheim schon jetzt eine \u201eganz enorme Ger\u00e4uschkulisse\u201c ausginge. Diese w\u00fcrde durch den Anbau noch n\u00e4her an die Nachbargrundst\u00fccke herangetragen. Zun\u00e4chst hatte das Verwaltungsgericht f\u00fcr die Anlieger entschieden, diese Entscheidung dann aber zur\u00fcckgenommen.<\/p>\n<p>Auch das Oberverwaltungsgericht M\u00fcnster lehnte den Baustopp ab. In dem Eilbeschluss verwies das Gericht zun\u00e4chst darauf, dass es sich baurechtlich bei der Nutzung eines Pflegeheims um eine Wohnnutzung handele. Es sei deshalb selbstverst\u00e4ndlich, dass die Ger\u00e4uschkulisse des Heims keine sch\u00e4dlichen Umwelteinwirkungen darstellte. Dabei spiele es keine Rolle, dass die von den Bewohnern (Kranke und Behinderte) ausgehenden Laute auf den Nachbargrundst\u00fccken zu h\u00f6ren sind. Deshalb f\u00fchre dies auch nicht zu einem Versto\u00df gegen das baurechtliche R\u00fccksichtsnahmegebot.<\/p>\n<p>Vor diesem Hintergrund k\u00e4me auch f\u00fcr das abschlie\u00dfende Urteil nicht darauf an, dass zu der Baugenehmigung nachtr\u00e4glich weitere Bestimmungen festgelegt wurden. Ob diese Nachtr\u00e4ge rechtm\u00e4\u00dfig seien oder nicht, habe f\u00fcr die Entscheidung keinen Einfluss. Es war erg\u00e4nzend zur Baugenehmigung festlegt worden, bestimmte Immissionswerte einzuhalten und die Fenster der Zimmer, die den Grundst\u00fccken der Kl\u00e4ger zugewandt waren, bei au\u00dfergew\u00f6hnlichem L\u00e4rm geschlossen zu halten.<\/p>\n<p>Die Kl\u00e4ger hatten auch auf die L\u00e4rmbel\u00e4stigung durch Krankenwagen oder Hubschraubern, die vermisste Personen suchten, hingewiesen. Diese Problematik, so das Gericht, lie\u00dfe sich aber nicht in einer Baugenehmigung kl\u00e4ren. So entstehende L\u00e4rmimmissionen seien jedoch grunds\u00e4tzlich als sozialad\u00e4quat hinzunehmen, da die verursachenden Ma\u00dfnahmen zur Gefahrenabwehr oder Personenrettung dienten.<\/p>\n<p><img loading=\"lazy\" decoding=\"async\" class=\" wp-image-9793\" src=\"https:\/\/www.buhl.de\/vermieter-web\/wp-content\/uploads\/sites\/33\/2019\/09\/Verlinkung.jpg\" alt=\"\" width=\"90\" height=\"87\" \/><\/p>\n<p><em><strong>Das d\u00fcrfte Sie auch interessieren:<br \/>\n<\/strong><\/em><a href=\"\/vermieter-web\/hinnehmbarer-laerm-durch-mehrzweckhalle\/\">Hinnehmbarer L\u00e4rm durch Mehrzweckhalle\u00a0<\/a><br \/>\n<a href=\"\/vermieter-web\/baulaerm-als-mietmangel\/\">Baul\u00e4rm als Mietmangel?<\/a><br \/>\n<a href=\"\/vermieter-web\/baulaerm-mietminderung-auch-in-grossstaedten-moeglich\/\">Baul\u00e4rm: Mietminderung auch in Gro\u00dfst\u00e4dten m\u00f6glich<\/a><\/p>\n<p>&nbsp;<\/p>\n","protected":false},"excerpt":{"rendered":"<p>Die R\u00fccknahme einer Baugenehmigung f\u00fcr die Erweiterung eines Pflegeheims hat das Oberverwaltungsgericht M\u00fcnster abgelehnt. Insbesondere die Begr\u00fcndung der klagenden Anlieger reichte dem Gericht nicht aus. Die Kl\u00e4ger hatten darauf verwiesen, dass durch den Anbau die bereits gegebenen Ger\u00e4uschemissionen f\u00fcr die Anlieger weiter gesteigert w\u00fcrden. In einem Eilbeschluss lehnte das Gericht diese Begr\u00fcndung als nicht ausreichend &hellip; <\/p>\n<p class=\"link-more\"><a href=\"https:\/\/www.buhl.de\/vermieter-web\/kein-baustopp-fuer-einen-pflegeheim-anbau\/\" class=\"more-link\"><span class=\"screen-reader-text\">\u201eKein Baustopp f\u00fcr einen Pflegeheim-Anbau\u201c<\/span> weiterlesen<\/a><\/p>\n","protected":false},"author":15,"featured_media":12618,"comment_status":"open","ping_status":"open","sticky":false,"template":"","format":"standard","meta":{"footnotes":""},"categories":[1],"tags":[4474,656,1507,4475],"class_list":["post-12615","post","type-post","status-publish","format-standard","has-post-thumbnail","hentry","category-allgemein","tag-bau","tag-baugenehmigung","tag-laerm","tag-laermemissionen"],"yoast_head":"<!-- This site is optimized with the Yoast SEO Premium plugin v27.4 (Yoast SEO v27.5) - https:\/\/yoast.com\/product\/yoast-seo-premium-wordpress\/ -->\n<title>Pflegeheimanbau: Kein Baustopp wegen L\u00e4rmbel\u00e4stigung<\/title>\n<meta name=\"description\" content=\"Die Genehmigung eines Anbaus an ein Pflegeheim kann nicht unterbunden werden, weil Anlieger von einer weiter gesteigerten L\u00e4rmbel\u00e4stigung ausgehen.\" \/>\n<meta name=\"robots\" content=\"noindex, nofollow\" \/>\n<meta property=\"og:locale\" content=\"de_DE\" \/>\n<meta property=\"og:type\" content=\"article\" \/>\n<meta property=\"og:title\" content=\"Kein Baustopp f\u00fcr einen Pflegeheim-Anbau\" \/>\n<meta property=\"og:description\" content=\"Die Genehmigung eines Anbaus an ein Pflegeheim kann nicht unterbunden werden, weil Anlieger von einer weiter gesteigerten L\u00e4rmbel\u00e4stigung ausgehen.\" \/>\n<meta property=\"og:url\" content=\"https:\/\/www.buhl.de\/vermieter-web\/kein-baustopp-fuer-einen-pflegeheim-anbau\/\" \/>\n<meta property=\"og:site_name\" content=\"Online-Nebenkostenabrechnung mit WISO Vermieter-Web\" \/>\n<meta property=\"article:published_time\" content=\"2020-04-23T14:35:41+00:00\" \/>\n<meta property=\"og:image\" content=\"https:\/\/www.buhl.de\/vermieter-web\/wp-content\/uploads\/sites\/33\/2020\/04\/ANbau.jpg\" \/>\n\t<meta property=\"og:image:width\" content=\"840\" \/>\n\t<meta property=\"og:image:height\" content=\"420\" \/>\n\t<meta property=\"og:image:type\" content=\"image\/jpeg\" \/>\n<meta name=\"author\" content=\"Hartmut Fischer\" \/>\n<meta name=\"twitter:card\" content=\"summary_large_image\" \/>\n<meta name=\"twitter:label1\" content=\"Verfasst von\" \/>\n\t<meta name=\"twitter:data1\" content=\"Hartmut Fischer\" \/>\n\t<meta name=\"twitter:label2\" content=\"Gesch\u00e4tzte Lesezeit\" \/>\n\t<meta name=\"twitter:data2\" content=\"2\u00a0Minuten\" \/>\n<script type=\"application\/ld+json\" class=\"yoast-schema-graph\">{\"@context\":\"https:\\\/\\\/schema.org\",\"@graph\":[{\"@type\":\"Article\",\"@id\":\"https:\\\/\\\/www.buhl.de\\\/vermieter-web\\\/kein-baustopp-fuer-einen-pflegeheim-anbau\\\/#article\",\"isPartOf\":{\"@id\":\"https:\\\/\\\/www.buhl.de\\\/vermieter-web\\\/kein-baustopp-fuer-einen-pflegeheim-anbau\\\/\"},\"author\":{\"name\":\"Hartmut Fischer\",\"@id\":\"https:\\\/\\\/www.buhl.de\\\/vermieter-web\\\/#\\\/schema\\\/person\\\/82903e1cb04eb553382702d503991b4f\"},\"headline\":\"Kein Baustopp f\u00fcr einen Pflegeheim-Anbau\",\"datePublished\":\"2020-04-23T14:35:41+00:00\",\"mainEntityOfPage\":{\"@id\":\"https:\\\/\\\/www.buhl.de\\\/vermieter-web\\\/kein-baustopp-fuer-einen-pflegeheim-anbau\\\/\"},\"wordCount\":399,\"commentCount\":0,\"image\":{\"@id\":\"https:\\\/\\\/www.buhl.de\\\/vermieter-web\\\/kein-baustopp-fuer-einen-pflegeheim-anbau\\\/#primaryimage\"},\"thumbnailUrl\":\"https:\\\/\\\/www.buhl.de\\\/vermieter-web\\\/wp-content\\\/uploads\\\/sites\\\/33\\\/2020\\\/04\\\/ANbau.jpg\",\"keywords\":[\"Bau\",\"Baugenehmigung\",\"L\u00e4rm\",\"L\u00e4rmemissionen\"],\"inLanguage\":\"de\",\"potentialAction\":[{\"@type\":\"CommentAction\",\"name\":\"Comment\",\"target\":[\"https:\\\/\\\/www.buhl.de\\\/vermieter-web\\\/kein-baustopp-fuer-einen-pflegeheim-anbau\\\/#respond\"]}]},{\"@type\":\"WebPage\",\"@id\":\"https:\\\/\\\/www.buhl.de\\\/vermieter-web\\\/kein-baustopp-fuer-einen-pflegeheim-anbau\\\/\",\"url\":\"https:\\\/\\\/www.buhl.de\\\/vermieter-web\\\/kein-baustopp-fuer-einen-pflegeheim-anbau\\\/\",\"name\":\"Pflegeheimanbau: Kein Baustopp wegen L\u00e4rmbel\u00e4stigung\",\"isPartOf\":{\"@id\":\"https:\\\/\\\/www.buhl.de\\\/vermieter-web\\\/#website\"},\"primaryImageOfPage\":{\"@id\":\"https:\\\/\\\/www.buhl.de\\\/vermieter-web\\\/kein-baustopp-fuer-einen-pflegeheim-anbau\\\/#primaryimage\"},\"image\":{\"@id\":\"https:\\\/\\\/www.buhl.de\\\/vermieter-web\\\/kein-baustopp-fuer-einen-pflegeheim-anbau\\\/#primaryimage\"},\"thumbnailUrl\":\"https:\\\/\\\/www.buhl.de\\\/vermieter-web\\\/wp-content\\\/uploads\\\/sites\\\/33\\\/2020\\\/04\\\/ANbau.jpg\",\"datePublished\":\"2020-04-23T14:35:41+00:00\",\"author\":{\"@id\":\"https:\\\/\\\/www.buhl.de\\\/vermieter-web\\\/#\\\/schema\\\/person\\\/82903e1cb04eb553382702d503991b4f\"},\"description\":\"Die Genehmigung eines Anbaus an ein Pflegeheim kann nicht unterbunden werden, weil Anlieger von einer weiter gesteigerten L\u00e4rmbel\u00e4stigung ausgehen.\",\"breadcrumb\":{\"@id\":\"https:\\\/\\\/www.buhl.de\\\/vermieter-web\\\/kein-baustopp-fuer-einen-pflegeheim-anbau\\\/#breadcrumb\"},\"inLanguage\":\"de\",\"potentialAction\":[{\"@type\":\"ReadAction\",\"target\":[\"https:\\\/\\\/www.buhl.de\\\/vermieter-web\\\/kein-baustopp-fuer-einen-pflegeheim-anbau\\\/\"]}]},{\"@type\":\"ImageObject\",\"inLanguage\":\"de\",\"@id\":\"https:\\\/\\\/www.buhl.de\\\/vermieter-web\\\/kein-baustopp-fuer-einen-pflegeheim-anbau\\\/#primaryimage\",\"url\":\"https:\\\/\\\/www.buhl.de\\\/vermieter-web\\\/wp-content\\\/uploads\\\/sites\\\/33\\\/2020\\\/04\\\/ANbau.jpg\",\"contentUrl\":\"https:\\\/\\\/www.buhl.de\\\/vermieter-web\\\/wp-content\\\/uploads\\\/sites\\\/33\\\/2020\\\/04\\\/ANbau.jpg\",\"width\":840,\"height\":420,\"caption\":\"Wohnheim-.Anbau trotz steigender L\u00e4rmbelastung erlaubt.,\"},{\"@type\":\"BreadcrumbList\",\"@id\":\"https:\\\/\\\/www.buhl.de\\\/vermieter-web\\\/kein-baustopp-fuer-einen-pflegeheim-anbau\\\/#breadcrumb\",\"itemListElement\":[{\"@type\":\"ListItem\",\"position\":1,\"name\":\"Startseite\",\"item\":\"https:\\\/\\\/www.buhl.de\\\/vermieter-web\\\/\"},{\"@type\":\"ListItem\",\"position\":2,\"name\":\"Kein Baustopp f\u00fcr einen Pflegeheim-Anbau\"}]},{\"@type\":\"WebSite\",\"@id\":\"https:\\\/\\\/www.buhl.de\\\/vermieter-web\\\/#website\",\"url\":\"https:\\\/\\\/www.buhl.de\\\/vermieter-web\\\/\",\"name\":\"Online-Nebenkostenabrechnung mit WISO Vermieter-Web\",\"description\":\"\",\"potentialAction\":[{\"@type\":\"SearchAction\",\"target\":{\"@type\":\"EntryPoint\",\"urlTemplate\":\"https:\\\/\\\/www.buhl.de\\\/vermieter-web\\\/?s={search_term_string}\"},\"query-input\":{\"@type\":\"PropertyValueSpecification\",\"valueRequired\":true,\"valueName\":\"search_term_string\"}}],\"inLanguage\":\"de\"},{\"@type\":\"Person\",\"@id\":\"https:\\\/\\\/www.buhl.de\\\/vermieter-web\\\/#\\\/schema\\\/person\\\/82903e1cb04eb553382702d503991b4f\",\"name\":\"Hartmut Fischer\"}]}<\/script>\n<!-- \/ Yoast SEO Premium plugin. -->","yoast_head_json":{"title":"Pflegeheimanbau: Kein Baustopp wegen L\u00e4rmbel\u00e4stigung","description":"Die Genehmigung eines Anbaus an ein Pflegeheim kann nicht unterbunden werden, weil Anlieger von einer weiter gesteigerten L\u00e4rmbel\u00e4stigung ausgehen.","robots":{"index":"noindex","follow":"nofollow"},"og_locale":"de_DE","og_type":"article","og_title":"Kein Baustopp f\u00fcr einen Pflegeheim-Anbau","og_description":"Die Genehmigung eines Anbaus an ein Pflegeheim kann nicht unterbunden werden, weil Anlieger von einer weiter gesteigerten L\u00e4rmbel\u00e4stigung ausgehen.","og_url":"https:\/\/www.buhl.de\/vermieter-web\/kein-baustopp-fuer-einen-pflegeheim-anbau\/","og_site_name":"Online-Nebenkostenabrechnung mit WISO Vermieter-Web","article_published_time":"2020-04-23T14:35:41+00:00","og_image":[{"width":840,"height":420,"url":"https:\/\/www.buhl.de\/vermieter-web\/wp-content\/uploads\/sites\/33\/2020\/04\/ANbau.jpg","type":"image\/jpeg"}],"author":"Hartmut Fischer","twitter_card":"summary_large_image","twitter_misc":{"Verfasst von":"Hartmut Fischer","Gesch\u00e4tzte Lesezeit":"2\u00a0Minuten"},"schema":{"@context":"https:\/\/schema.org","@graph":[{"@type":"Article","@id":"https:\/\/www.buhl.de\/vermieter-web\/kein-baustopp-fuer-einen-pflegeheim-anbau\/#article","isPartOf":{"@id":"https:\/\/www.buhl.de\/vermieter-web\/kein-baustopp-fuer-einen-pflegeheim-anbau\/"},"author":{"name":"Hartmut Fischer","@id":"https:\/\/www.buhl.de\/vermieter-web\/#\/schema\/person\/82903e1cb04eb553382702d503991b4f"},"headline":"Kein Baustopp f\u00fcr einen Pflegeheim-Anbau","datePublished":"2020-04-23T14:35:41+00:00","mainEntityOfPage":{"@id":"https:\/\/www.buhl.de\/vermieter-web\/kein-baustopp-fuer-einen-pflegeheim-anbau\/"},"wordCount":399,"commentCount":0,"image":{"@id":"https:\/\/www.buhl.de\/vermieter-web\/kein-baustopp-fuer-einen-pflegeheim-anbau\/#primaryimage"},"thumbnailUrl":"https:\/\/www.buhl.de\/vermieter-web\/wp-content\/uploads\/sites\/33\/2020\/04\/ANbau.jpg","keywords":["Bau","Baugenehmigung","L\u00e4rm","L\u00e4rmemissionen"],"inLanguage":"de","potentialAction":[{"@type":"CommentAction","name":"Comment","target":["https:\/\/www.buhl.de\/vermieter-web\/kein-baustopp-fuer-einen-pflegeheim-anbau\/#respond"]}]},{"@type":"WebPage","@id":"https:\/\/www.buhl.de\/vermieter-web\/kein-baustopp-fuer-einen-pflegeheim-anbau\/","url":"https:\/\/www.buhl.de\/vermieter-web\/kein-baustopp-fuer-einen-pflegeheim-anbau\/","name":"Pflegeheimanbau: Kein Baustopp wegen L\u00e4rmbel\u00e4stigung","isPartOf":{"@id":"https:\/\/www.buhl.de\/vermieter-web\/#website"},"primaryImageOfPage":{"@id":"https:\/\/www.buhl.de\/vermieter-web\/kein-baustopp-fuer-einen-pflegeheim-anbau\/#primaryimage"},"image":{"@id":"https:\/\/www.buhl.de\/vermieter-web\/kein-baustopp-fuer-einen-pflegeheim-anbau\/#primaryimage"},"thumbnailUrl":"https:\/\/www.buhl.de\/vermieter-web\/wp-content\/uploads\/sites\/33\/2020\/04\/ANbau.jpg","datePublished":"2020-04-23T14:35:41+00:00","author":{"@id":"https:\/\/www.buhl.de\/vermieter-web\/#\/schema\/person\/82903e1cb04eb553382702d503991b4f"},"description":"Die Genehmigung eines Anbaus an ein Pflegeheim kann nicht unterbunden werden, weil Anlieger von einer weiter gesteigerten L\u00e4rmbel\u00e4stigung ausgehen.","breadcrumb":{"@id":"https:\/\/www.buhl.de\/vermieter-web\/kein-baustopp-fuer-einen-pflegeheim-anbau\/#breadcrumb"},"inLanguage":"de","potentialAction":[{"@type":"ReadAction","target":["https:\/\/www.buhl.de\/vermieter-web\/kein-baustopp-fuer-einen-pflegeheim-anbau\/"]}]},{"@type":"ImageObject","inLanguage":"de","@id":"https:\/\/www.buhl.de\/vermieter-web\/kein-baustopp-fuer-einen-pflegeheim-anbau\/#primaryimage","url":"https:\/\/www.buhl.de\/vermieter-web\/wp-content\/uploads\/sites\/33\/2020\/04\/ANbau.jpg","contentUrl":"https:\/\/www.buhl.de\/vermieter-web\/wp-content\/uploads\/sites\/33\/2020\/04\/ANbau.jpg","width":840,"height":420,"caption":"Wohnheim-.Anbau trotz steigender L\u00e4rmbelastung erlaubt.,"},{"@type":"BreadcrumbList","@id":"https:\/\/www.buhl.de\/vermieter-web\/kein-baustopp-fuer-einen-pflegeheim-anbau\/#breadcrumb","itemListElement":[{"@type":"ListItem","position":1,"name":"Startseite","item":"https:\/\/www.buhl.de\/vermieter-web\/"},{"@type":"ListItem","position":2,"name":"Kein Baustopp f\u00fcr einen Pflegeheim-Anbau"}]},{"@type":"WebSite","@id":"https:\/\/www.buhl.de\/vermieter-web\/#website","url":"https:\/\/www.buhl.de\/vermieter-web\/","name":"Online-Nebenkostenabrechnung mit WISO Vermieter-Web","description":"","potentialAction":[{"@type":"SearchAction","target":{"@type":"EntryPoint","urlTemplate":"https:\/\/www.buhl.de\/vermieter-web\/?s={search_term_string}"},"query-input":{"@type":"PropertyValueSpecification","valueRequired":true,"valueName":"search_term_string"}}],"inLanguage":"de"},{"@type":"Person","@id":"https:\/\/www.buhl.de\/vermieter-web\/#\/schema\/person\/82903e1cb04eb553382702d503991b4f","name":"Hartmut Fischer"}]}},"_links":{"self":[{"href":"https:\/\/www.buhl.de\/vermieter-web\/wp-json\/wp\/v2\/posts\/12615","targetHints":{"allow":["GET"]}}],"collection":[{"href":"https:\/\/www.buhl.de\/vermieter-web\/wp-json\/wp\/v2\/posts"}],"about":[{"href":"https:\/\/www.buhl.de\/vermieter-web\/wp-json\/wp\/v2\/types\/post"}],"author":[{"embeddable":true,"href":"https:\/\/www.buhl.de\/vermieter-web\/wp-json\/wp\/v2\/users\/15"}],"replies":[{"embeddable":true,"href":"https:\/\/www.buhl.de\/vermieter-web\/wp-json\/wp\/v2\/comments?post=12615"}],"version-history":[{"count":1,"href":"https:\/\/www.buhl.de\/vermieter-web\/wp-json\/wp\/v2\/posts\/12615\/revisions"}],"predecessor-version":[{"id":12619,"href":"https:\/\/www.buhl.de\/vermieter-web\/wp-json\/wp\/v2\/posts\/12615\/revisions\/12619"}],"wp:featuredmedia":[{"embeddable":true,"href":"https:\/\/www.buhl.de\/vermieter-web\/wp-json\/wp\/v2\/media\/12618"}],"wp:attachment":[{"href":"https:\/\/www.buhl.de\/vermieter-web\/wp-json\/wp\/v2\/media?parent=12615"}],"wp:term":[{"taxonomy":"category","embeddable":true,"href":"https:\/\/www.buhl.de\/vermieter-web\/wp-json\/wp\/v2\/categories?post=12615"},{"taxonomy":"post_tag","embeddable":true,"href":"https:\/\/www.buhl.de\/vermieter-web\/wp-json\/wp\/v2\/tags?post=12615"}],"curies":[{"name":"wp","href":"https:\/\/api.w.org\/{rel}","templated":true}]}}