{"id":12635,"date":"2020-04-30T05:20:04","date_gmt":"2020-04-30T03:20:04","guid":{"rendered":"http:\/\/www.buhl.de\/vermieter-web\/?p=12635"},"modified":"2020-04-30T05:20:04","modified_gmt":"2020-04-30T03:20:04","slug":"corona-mietausfaelle-bereiten-besonders-privaten-vermietern-probleme","status":"publish","type":"post","link":"https:\/\/www.buhl.de\/vermieter-web\/corona-mietausfaelle-bereiten-besonders-privaten-vermietern-probleme\/","title":{"rendered":"Corona: Mietausf\u00e4lle bereiten besonders privaten Vermietern Probleme"},"content":{"rendered":"<p><strong>Wie eine repr\u00e4sentative Umfrage des Eigent\u00fcmerverbands Haus und Grund e.V. ergab, steigt die Zahl der Mieter, die aufgrund der Pandemiea-Aswirkungen ihre Miete nicht mehr zahlen sp\u00fcrbar an. Im Auftrage des Verbandes befragte die Civey GmbH Berlin im April insgesamt 1003 repr\u00e4sentativ ausgesuchte Mieter. Knapp 7 % gaben an, dass sie ihre Miete derzeit aufgrund der Pandemie-Auswirkungen nicht bezahlen k\u00f6nnen. 17,6 % konnten demnach nicht absch\u00e4tzen, ob sie ihre Miete auch in Zukunft zahlen k\u00f6nnen. Damit steht zu bef\u00fcrchten, dass in knapp 25 % F\u00e4llen Vermieter mit einem Mietausfall\u00a0 rechnen m\u00fcssen.<\/strong><\/p>\n<p>In einer Pressemitteilung verlangte Haus &amp; Grund-Pr\u00e4sident Kai Warnecke deshalb \u2013 insbesondere f\u00fcr die privaten Vermieter \u2013 die Unterst\u00fctzung des Staates. Er unterstrich, dass: gerade die privaten Vermieter das R\u00fcckgrat des deutschen Mietwohnungsmarktes w\u00e4ren. Wernecke: &#8222;Deutschland kann sich eine Destabilisierung an dieser Stelle nicht leisten. Deshalb brauchen wir jetzt schnell Unterst\u00fctzung, denn die Vermieter m\u00fcssen ihren Verpflichtungen weiter nachkommen k\u00f6nnen\u201c.<\/p>\n<p>Der Verbandspr\u00e4sident betonte dabei, dass sich viele Vermieter, die dies finanziell stemmen k\u00f6nnten, auch ohne staatliche Hilfe gegen\u00fcber den Mietern als \u00e4u\u00dferst kulant und solidarisch zeigten. Hier w\u00fcrde dann gemeinsam mit den Mietern nach individuellen L\u00f6sungen gesucht oder L\u00f6sungen von den Vermietern angeboten.<\/p>\n<p>Doch in vielen F\u00e4llen st\u00fcnden sich den finanzschwachen Mietern ein ebenso finanzschwacher Vermieter gegen\u00fcber. \u201eF\u00fcr diese F\u00e4lle fehlt bislang jegliche Unterst\u00fctzung, um mit einem blauen Auge durch die Krise kommen zu k\u00f6nnen. Hier gibt es akuten Handlungsbedarf f\u00fcr die Bundesregierung und den Bundestag\u201c, betonte Warnecke.<\/p>\n<p>Die Problematik spiegelt sich auch im Beratungsbedarf des Eigent\u00fcmerverbandes wider, der derzeit merklich ansteige. Dies zeige auch, wie verunsichert gerade private Vermieter seien. 57 % der privaten Vermieter h\u00e4tten nur eine Mietwohnung. Wenn hier die Miete ausfalle, seien die Probleme gro\u00df. Besonders kritisch werde es, wenn die Vermieter selbst als Gastronom, Handwerker oder Freiberufler von der Corona-Krise betroffen seien. Zahlreiche Vermieter bef\u00fcrchteten zudem, dass viele Mieter auch nach der Krise nicht in der Lage sein werden, die ausgebliebenen Mietzahlungen nachzuholen.<\/p>\n<p><img loading=\"lazy\" decoding=\"async\" class=\" wp-image-9793\" src=\"https:\/\/www.buhl.de\/vermieter-web\/wp-content\/uploads\/sites\/33\/2019\/09\/Verlinkung.jpg\" alt=\"\" width=\"90\" height=\"87\" \/><\/p>\n<p><em><strong>Das k\u00f6nnte Sie auch interessieren:<br \/>\n<\/strong><\/em><a href=\"\/vermieter-web\/kuendigungsschutz-wegen-corona-pandemie\/\">K\u00fcndigungsschutz wegen Corona-Pandemie<\/a><br \/>\n<a href=\"https:\/\/www.buhl.de\/vermieter-web\/corona-folgen-keine-kuendigung-des-dispokredits\/\">Corona-Folgen: Keine K\u00fcndigung des Dispokredits<\/a><br \/>\n<a href=\"https:\/\/www.buhl.de\/vermieter-web\/infizierte-in-der-nachbarschaft-keine-gefahr-fuer-anlieger\/\">Infizierte in der Nachbarschaft \u2013 keine Gefahr f\u00fcr Anlieger<\/a><\/p>\n","protected":false},"excerpt":{"rendered":"<p>Wie eine repr\u00e4sentative Umfrage des Eigent\u00fcmerverbands Haus und Grund e.V. ergab, steigt die Zahl der Mieter, die aufgrund der Pandemiea-Aswirkungen ihre Miete nicht mehr zahlen sp\u00fcrbar an. Im Auftrage des Verbandes befragte die Civey GmbH Berlin im April insgesamt 1003 repr\u00e4sentativ ausgesuchte Mieter. Knapp 7 % gaben an, dass sie ihre Miete derzeit aufgrund der &hellip; <\/p>\n<p class=\"link-more\"><a href=\"https:\/\/www.buhl.de\/vermieter-web\/corona-mietausfaelle-bereiten-besonders-privaten-vermietern-probleme\/\" class=\"more-link\"><span class=\"screen-reader-text\">\u201eCorona: Mietausf\u00e4lle bereiten besonders privaten Vermietern Probleme\u201c<\/span> weiterlesen<\/a><\/p>\n","protected":false},"author":15,"featured_media":12637,"comment_status":"open","ping_status":"open","sticky":false,"template":"","format":"standard","meta":{"footnotes":""},"categories":[1],"tags":[4115,4557,4558,462,639,4116],"class_list":["post-12635","post","type-post","status-publish","format-standard","has-post-thumbnail","hentry","category-allgemein","tag-corona","tag-covid","tag-mietausfall","tag-miete","tag-mietzahlung","tag-pandemie"],"yoast_head":"<!-- This site is optimized with the Yoast SEO Premium plugin v27.4 (Yoast SEO v27.5) - https:\/\/yoast.com\/product\/yoast-seo-premium-wordpress\/ -->\n<title>Eigent\u00fcmerverbands verlangt Corona-Hilfe f\u00fcr Vermieter<\/title>\n<meta name=\"description\" content=\"Nach einer Umfrage des Eigent\u00fcmerverbandes &quot;Haus und Grund&quot; m\u00fcssen knapp 25 % der Vermieter mit Zahlungsausf\u00e4llen rechnen. Der Verband fordert deshalb die Hilfe des Staates.\" \/>\n<meta name=\"robots\" content=\"noindex, nofollow\" \/>\n<meta property=\"og:locale\" content=\"de_DE\" \/>\n<meta property=\"og:type\" content=\"article\" \/>\n<meta property=\"og:title\" content=\"Corona: Mietausf\u00e4lle bereiten besonders privaten Vermietern Probleme\" \/>\n<meta property=\"og:description\" content=\"Nach einer Umfrage des Eigent\u00fcmerverbandes &quot;Haus und Grund&quot; m\u00fcssen knapp 25 % der Vermieter mit Zahlungsausf\u00e4llen rechnen. Der Verband fordert deshalb die Hilfe des Staates.\" \/>\n<meta property=\"og:url\" content=\"https:\/\/www.buhl.de\/vermieter-web\/corona-mietausfaelle-bereiten-besonders-privaten-vermietern-probleme\/\" \/>\n<meta property=\"og:site_name\" content=\"Online-Nebenkostenabrechnung mit WISO Vermieter-Web\" \/>\n<meta property=\"article:published_time\" content=\"2020-04-30T03:20:04+00:00\" \/>\n<meta property=\"og:image\" content=\"https:\/\/www.buhl.de\/vermieter-web\/wp-content\/uploads\/sites\/33\/2020\/04\/corona-3.jpg\" \/>\n\t<meta property=\"og:image:width\" content=\"840\" \/>\n\t<meta property=\"og:image:height\" content=\"420\" \/>\n\t<meta property=\"og:image:type\" content=\"image\/jpeg\" \/>\n<meta name=\"author\" content=\"Hartmut Fischer\" \/>\n<meta name=\"twitter:card\" content=\"summary_large_image\" \/>\n<meta name=\"twitter:label1\" content=\"Verfasst von\" \/>\n\t<meta name=\"twitter:data1\" content=\"Hartmut Fischer\" \/>\n\t<meta name=\"twitter:label2\" content=\"Gesch\u00e4tzte Lesezeit\" \/>\n\t<meta name=\"twitter:data2\" content=\"2\u00a0Minuten\" \/>\n<script type=\"application\/ld+json\" class=\"yoast-schema-graph\">{\"@context\":\"https:\\\/\\\/schema.org\",\"@graph\":[{\"@type\":\"Article\",\"@id\":\"https:\\\/\\\/www.buhl.de\\\/vermieter-web\\\/corona-mietausfaelle-bereiten-besonders-privaten-vermietern-probleme\\\/#article\",\"isPartOf\":{\"@id\":\"https:\\\/\\\/www.buhl.de\\\/vermieter-web\\\/corona-mietausfaelle-bereiten-besonders-privaten-vermietern-probleme\\\/\"},\"author\":{\"name\":\"Hartmut Fischer\",\"@id\":\"https:\\\/\\\/www.buhl.de\\\/vermieter-web\\\/#\\\/schema\\\/person\\\/82903e1cb04eb553382702d503991b4f\"},\"headline\":\"Corona: Mietausf\u00e4lle bereiten besonders privaten Vermietern Probleme\",\"datePublished\":\"2020-04-30T03:20:04+00:00\",\"mainEntityOfPage\":{\"@id\":\"https:\\\/\\\/www.buhl.de\\\/vermieter-web\\\/corona-mietausfaelle-bereiten-besonders-privaten-vermietern-probleme\\\/\"},\"wordCount\":377,\"commentCount\":0,\"image\":{\"@id\":\"https:\\\/\\\/www.buhl.de\\\/vermieter-web\\\/corona-mietausfaelle-bereiten-besonders-privaten-vermietern-probleme\\\/#primaryimage\"},\"thumbnailUrl\":\"https:\\\/\\\/www.buhl.de\\\/vermieter-web\\\/wp-content\\\/uploads\\\/sites\\\/33\\\/2020\\\/04\\\/corona-3.jpg\",\"keywords\":[\"Corona\",\"Covid\",\"Mietausfall\",\"Miete\",\"Mietzahlung\",\"Pandemie\"],\"inLanguage\":\"de\",\"potentialAction\":[{\"@type\":\"CommentAction\",\"name\":\"Comment\",\"target\":[\"https:\\\/\\\/www.buhl.de\\\/vermieter-web\\\/corona-mietausfaelle-bereiten-besonders-privaten-vermietern-probleme\\\/#respond\"]}]},{\"@type\":\"WebPage\",\"@id\":\"https:\\\/\\\/www.buhl.de\\\/vermieter-web\\\/corona-mietausfaelle-bereiten-besonders-privaten-vermietern-probleme\\\/\",\"url\":\"https:\\\/\\\/www.buhl.de\\\/vermieter-web\\\/corona-mietausfaelle-bereiten-besonders-privaten-vermietern-probleme\\\/\",\"name\":\"Eigent\u00fcmerverbands verlangt Corona-Hilfe f\u00fcr Vermieter\",\"isPartOf\":{\"@id\":\"https:\\\/\\\/www.buhl.de\\\/vermieter-web\\\/#website\"},\"primaryImageOfPage\":{\"@id\":\"https:\\\/\\\/www.buhl.de\\\/vermieter-web\\\/corona-mietausfaelle-bereiten-besonders-privaten-vermietern-probleme\\\/#primaryimage\"},\"image\":{\"@id\":\"https:\\\/\\\/www.buhl.de\\\/vermieter-web\\\/corona-mietausfaelle-bereiten-besonders-privaten-vermietern-probleme\\\/#primaryimage\"},\"thumbnailUrl\":\"https:\\\/\\\/www.buhl.de\\\/vermieter-web\\\/wp-content\\\/uploads\\\/sites\\\/33\\\/2020\\\/04\\\/corona-3.jpg\",\"datePublished\":\"2020-04-30T03:20:04+00:00\",\"author\":{\"@id\":\"https:\\\/\\\/www.buhl.de\\\/vermieter-web\\\/#\\\/schema\\\/person\\\/82903e1cb04eb553382702d503991b4f\"},\"description\":\"Nach einer Umfrage des Eigent\u00fcmerverbandes \\\"Haus und Grund\\\" m\u00fcssen knapp 25 % der Vermieter mit Zahlungsausf\u00e4llen rechnen. Der Verband fordert deshalb die Hilfe des Staates.\",\"breadcrumb\":{\"@id\":\"https:\\\/\\\/www.buhl.de\\\/vermieter-web\\\/corona-mietausfaelle-bereiten-besonders-privaten-vermietern-probleme\\\/#breadcrumb\"},\"inLanguage\":\"de\",\"potentialAction\":[{\"@type\":\"ReadAction\",\"target\":[\"https:\\\/\\\/www.buhl.de\\\/vermieter-web\\\/corona-mietausfaelle-bereiten-besonders-privaten-vermietern-probleme\\\/\"]}]},{\"@type\":\"ImageObject\",\"inLanguage\":\"de\",\"@id\":\"https:\\\/\\\/www.buhl.de\\\/vermieter-web\\\/corona-mietausfaelle-bereiten-besonders-privaten-vermietern-probleme\\\/#primaryimage\",\"url\":\"https:\\\/\\\/www.buhl.de\\\/vermieter-web\\\/wp-content\\\/uploads\\\/sites\\\/33\\\/2020\\\/04\\\/corona-3.jpg\",\"contentUrl\":\"https:\\\/\\\/www.buhl.de\\\/vermieter-web\\\/wp-content\\\/uploads\\\/sites\\\/33\\\/2020\\\/04\\\/corona-3.jpg\",\"width\":840,\"height\":420,\"caption\":\"Mietaufall bei bis zu 15 % der vermieteten Wohnungen\"},{\"@type\":\"BreadcrumbList\",\"@id\":\"https:\\\/\\\/www.buhl.de\\\/vermieter-web\\\/corona-mietausfaelle-bereiten-besonders-privaten-vermietern-probleme\\\/#breadcrumb\",\"itemListElement\":[{\"@type\":\"ListItem\",\"position\":1,\"name\":\"Startseite\",\"item\":\"https:\\\/\\\/www.buhl.de\\\/vermieter-web\\\/\"},{\"@type\":\"ListItem\",\"position\":2,\"name\":\"Corona: Mietausf\u00e4lle bereiten besonders privaten Vermietern Probleme\"}]},{\"@type\":\"WebSite\",\"@id\":\"https:\\\/\\\/www.buhl.de\\\/vermieter-web\\\/#website\",\"url\":\"https:\\\/\\\/www.buhl.de\\\/vermieter-web\\\/\",\"name\":\"Online-Nebenkostenabrechnung mit WISO Vermieter-Web\",\"description\":\"\",\"potentialAction\":[{\"@type\":\"SearchAction\",\"target\":{\"@type\":\"EntryPoint\",\"urlTemplate\":\"https:\\\/\\\/www.buhl.de\\\/vermieter-web\\\/?s={search_term_string}\"},\"query-input\":{\"@type\":\"PropertyValueSpecification\",\"valueRequired\":true,\"valueName\":\"search_term_string\"}}],\"inLanguage\":\"de\"},{\"@type\":\"Person\",\"@id\":\"https:\\\/\\\/www.buhl.de\\\/vermieter-web\\\/#\\\/schema\\\/person\\\/82903e1cb04eb553382702d503991b4f\",\"name\":\"Hartmut Fischer\"}]}<\/script>\n<!-- \/ Yoast SEO Premium plugin. -->","yoast_head_json":{"title":"Eigent\u00fcmerverbands verlangt Corona-Hilfe f\u00fcr Vermieter","description":"Nach einer Umfrage des Eigent\u00fcmerverbandes \"Haus und Grund\" m\u00fcssen knapp 25 % der Vermieter mit Zahlungsausf\u00e4llen rechnen. Der Verband fordert deshalb die Hilfe des Staates.","robots":{"index":"noindex","follow":"nofollow"},"og_locale":"de_DE","og_type":"article","og_title":"Corona: Mietausf\u00e4lle bereiten besonders privaten Vermietern Probleme","og_description":"Nach einer Umfrage des Eigent\u00fcmerverbandes \"Haus und Grund\" m\u00fcssen knapp 25 % der Vermieter mit Zahlungsausf\u00e4llen rechnen. Der Verband fordert deshalb die Hilfe des Staates.","og_url":"https:\/\/www.buhl.de\/vermieter-web\/corona-mietausfaelle-bereiten-besonders-privaten-vermietern-probleme\/","og_site_name":"Online-Nebenkostenabrechnung mit WISO Vermieter-Web","article_published_time":"2020-04-30T03:20:04+00:00","og_image":[{"width":840,"height":420,"url":"https:\/\/www.buhl.de\/vermieter-web\/wp-content\/uploads\/sites\/33\/2020\/04\/corona-3.jpg","type":"image\/jpeg"}],"author":"Hartmut Fischer","twitter_card":"summary_large_image","twitter_misc":{"Verfasst von":"Hartmut Fischer","Gesch\u00e4tzte Lesezeit":"2\u00a0Minuten"},"schema":{"@context":"https:\/\/schema.org","@graph":[{"@type":"Article","@id":"https:\/\/www.buhl.de\/vermieter-web\/corona-mietausfaelle-bereiten-besonders-privaten-vermietern-probleme\/#article","isPartOf":{"@id":"https:\/\/www.buhl.de\/vermieter-web\/corona-mietausfaelle-bereiten-besonders-privaten-vermietern-probleme\/"},"author":{"name":"Hartmut Fischer","@id":"https:\/\/www.buhl.de\/vermieter-web\/#\/schema\/person\/82903e1cb04eb553382702d503991b4f"},"headline":"Corona: Mietausf\u00e4lle bereiten besonders privaten Vermietern Probleme","datePublished":"2020-04-30T03:20:04+00:00","mainEntityOfPage":{"@id":"https:\/\/www.buhl.de\/vermieter-web\/corona-mietausfaelle-bereiten-besonders-privaten-vermietern-probleme\/"},"wordCount":377,"commentCount":0,"image":{"@id":"https:\/\/www.buhl.de\/vermieter-web\/corona-mietausfaelle-bereiten-besonders-privaten-vermietern-probleme\/#primaryimage"},"thumbnailUrl":"https:\/\/www.buhl.de\/vermieter-web\/wp-content\/uploads\/sites\/33\/2020\/04\/corona-3.jpg","keywords":["Corona","Covid","Mietausfall","Miete","Mietzahlung","Pandemie"],"inLanguage":"de","potentialAction":[{"@type":"CommentAction","name":"Comment","target":["https:\/\/www.buhl.de\/vermieter-web\/corona-mietausfaelle-bereiten-besonders-privaten-vermietern-probleme\/#respond"]}]},{"@type":"WebPage","@id":"https:\/\/www.buhl.de\/vermieter-web\/corona-mietausfaelle-bereiten-besonders-privaten-vermietern-probleme\/","url":"https:\/\/www.buhl.de\/vermieter-web\/corona-mietausfaelle-bereiten-besonders-privaten-vermietern-probleme\/","name":"Eigent\u00fcmerverbands verlangt Corona-Hilfe f\u00fcr Vermieter","isPartOf":{"@id":"https:\/\/www.buhl.de\/vermieter-web\/#website"},"primaryImageOfPage":{"@id":"https:\/\/www.buhl.de\/vermieter-web\/corona-mietausfaelle-bereiten-besonders-privaten-vermietern-probleme\/#primaryimage"},"image":{"@id":"https:\/\/www.buhl.de\/vermieter-web\/corona-mietausfaelle-bereiten-besonders-privaten-vermietern-probleme\/#primaryimage"},"thumbnailUrl":"https:\/\/www.buhl.de\/vermieter-web\/wp-content\/uploads\/sites\/33\/2020\/04\/corona-3.jpg","datePublished":"2020-04-30T03:20:04+00:00","author":{"@id":"https:\/\/www.buhl.de\/vermieter-web\/#\/schema\/person\/82903e1cb04eb553382702d503991b4f"},"description":"Nach einer Umfrage des Eigent\u00fcmerverbandes \"Haus und Grund\" m\u00fcssen knapp 25 % der Vermieter mit Zahlungsausf\u00e4llen rechnen. Der Verband fordert deshalb die Hilfe des Staates.","breadcrumb":{"@id":"https:\/\/www.buhl.de\/vermieter-web\/corona-mietausfaelle-bereiten-besonders-privaten-vermietern-probleme\/#breadcrumb"},"inLanguage":"de","potentialAction":[{"@type":"ReadAction","target":["https:\/\/www.buhl.de\/vermieter-web\/corona-mietausfaelle-bereiten-besonders-privaten-vermietern-probleme\/"]}]},{"@type":"ImageObject","inLanguage":"de","@id":"https:\/\/www.buhl.de\/vermieter-web\/corona-mietausfaelle-bereiten-besonders-privaten-vermietern-probleme\/#primaryimage","url":"https:\/\/www.buhl.de\/vermieter-web\/wp-content\/uploads\/sites\/33\/2020\/04\/corona-3.jpg","contentUrl":"https:\/\/www.buhl.de\/vermieter-web\/wp-content\/uploads\/sites\/33\/2020\/04\/corona-3.jpg","width":840,"height":420,"caption":"Mietaufall bei bis zu 15 % der vermieteten Wohnungen"},{"@type":"BreadcrumbList","@id":"https:\/\/www.buhl.de\/vermieter-web\/corona-mietausfaelle-bereiten-besonders-privaten-vermietern-probleme\/#breadcrumb","itemListElement":[{"@type":"ListItem","position":1,"name":"Startseite","item":"https:\/\/www.buhl.de\/vermieter-web\/"},{"@type":"ListItem","position":2,"name":"Corona: Mietausf\u00e4lle bereiten besonders privaten Vermietern Probleme"}]},{"@type":"WebSite","@id":"https:\/\/www.buhl.de\/vermieter-web\/#website","url":"https:\/\/www.buhl.de\/vermieter-web\/","name":"Online-Nebenkostenabrechnung mit WISO Vermieter-Web","description":"","potentialAction":[{"@type":"SearchAction","target":{"@type":"EntryPoint","urlTemplate":"https:\/\/www.buhl.de\/vermieter-web\/?s={search_term_string}"},"query-input":{"@type":"PropertyValueSpecification","valueRequired":true,"valueName":"search_term_string"}}],"inLanguage":"de"},{"@type":"Person","@id":"https:\/\/www.buhl.de\/vermieter-web\/#\/schema\/person\/82903e1cb04eb553382702d503991b4f","name":"Hartmut Fischer"}]}},"_links":{"self":[{"href":"https:\/\/www.buhl.de\/vermieter-web\/wp-json\/wp\/v2\/posts\/12635","targetHints":{"allow":["GET"]}}],"collection":[{"href":"https:\/\/www.buhl.de\/vermieter-web\/wp-json\/wp\/v2\/posts"}],"about":[{"href":"https:\/\/www.buhl.de\/vermieter-web\/wp-json\/wp\/v2\/types\/post"}],"author":[{"embeddable":true,"href":"https:\/\/www.buhl.de\/vermieter-web\/wp-json\/wp\/v2\/users\/15"}],"replies":[{"embeddable":true,"href":"https:\/\/www.buhl.de\/vermieter-web\/wp-json\/wp\/v2\/comments?post=12635"}],"version-history":[{"count":1,"href":"https:\/\/www.buhl.de\/vermieter-web\/wp-json\/wp\/v2\/posts\/12635\/revisions"}],"predecessor-version":[{"id":12638,"href":"https:\/\/www.buhl.de\/vermieter-web\/wp-json\/wp\/v2\/posts\/12635\/revisions\/12638"}],"wp:featuredmedia":[{"embeddable":true,"href":"https:\/\/www.buhl.de\/vermieter-web\/wp-json\/wp\/v2\/media\/12637"}],"wp:attachment":[{"href":"https:\/\/www.buhl.de\/vermieter-web\/wp-json\/wp\/v2\/media?parent=12635"}],"wp:term":[{"taxonomy":"category","embeddable":true,"href":"https:\/\/www.buhl.de\/vermieter-web\/wp-json\/wp\/v2\/categories?post=12635"},{"taxonomy":"post_tag","embeddable":true,"href":"https:\/\/www.buhl.de\/vermieter-web\/wp-json\/wp\/v2\/tags?post=12635"}],"curies":[{"name":"wp","href":"https:\/\/api.w.org\/{rel}","templated":true}]}}