{"id":12686,"date":"2020-05-21T10:06:56","date_gmt":"2020-05-21T08:06:56","guid":{"rendered":"http:\/\/www.buhl.de\/vermieter-web\/?p=12686"},"modified":"2020-05-21T10:06:56","modified_gmt":"2020-05-21T08:06:56","slug":"corona-vereinbarung-einer-mietstundung","status":"publish","type":"post","link":"https:\/\/www.buhl.de\/vermieter-web\/corona-vereinbarung-einer-mietstundung\/","title":{"rendered":"Corona: Vereinbarung einer Mietstundung"},"content":{"rendered":"<p><strong>Immer mehr Mieter treten an den Vermieter heran, um ihn um eine Stundung zu bitten, da er sich beispielsweise aufgrund der Pandemie in Kurzarbeit befindet. Eine solche Stundung sollte in jedem Fall schriftlich vereinbart werden. Wie dieses Schreiben aussehen sollte, erfahren Sie in diesem Beitrag.<\/strong><\/p>\n<p><strong>Kopfangaben<\/strong><\/p>\n<p>In den Kopf der Vereinbarung sollten zun\u00e4chst die \u00fcblichen Angaben \u00fcber Vermieter und Mieter (Vor- und Nachname, Adresse) als Vertragspartner festgehalten werden.<\/p>\n<p>Es folgen die Daten des Objektes, f\u00fcr das die Miete gestundet wurde (Postanschrift mit erg\u00e4nzenden Angaben wie beispielsweise \u201edritte Etage rechts\u201c) und das Datum des Mietvertrages.<\/p>\n<p><strong>Vereinbarung<\/strong><\/p>\n<p>In der eigentlichen Vereinbarung sollten die folgenden Punkte festgehalten werden.<\/p>\n<p><strong>Grund der Stundung<\/strong>. Warum kann der Mieter zum derzeitigen Zeitpunkt die Miete nicht zahlen. Einer Stundung sollten Sie nur zustimmen, wenn diese nachweisbar auf Auswirkungen der Pandemie zur\u00fcckzuf\u00fchren sind.<\/p>\n<p><strong>Zeitraum der Stundung.<\/strong> Grunds\u00e4tzlich sollte die Miete zun\u00e4chst nur f\u00fcr die Monate von April bis einschlie\u00dflich Juni gestundet werden. In einer erg\u00e4nzenden Klausel kann vereinbart werden, dass der Umfang des Stundungszeitraums verl\u00e4ngert werden kann.<\/p>\n<p>Umfang der Stundung. Soll die gesamte Miete gestundet werden? Inklusive oder ohne die Mietnebenkostenvorauszahlung? Es ist auch eine Stundung f\u00fcr einen Teil der Miete m\u00f6glich. Man sollte den Mieter darauf hinweisen, dass dadurch seine Belastung bei der F\u00e4lligkeit der Miete geringer wird.<\/p>\n<p>Beschreibung der Stundung. Der gestundete Betrag wird bis zur vereinbarten F\u00e4lligkeit herausgeschoben. Bis zu dem vereinbarten Zeitpunkt ger\u00e4t der Mieter durch seine R\u00fcckst\u00e4nde nicht in Verzug.<\/p>\n<p>R\u00fcckzahlung. Mit dem Mieter sollte ein fester Termin f\u00fcr die R\u00fcckzahlung vereinbart werden. Es kann auch eine Ratenzahlung (dann Rate zus\u00e4tzlich zur laufenden Miete) abgemacht werden. Gleichzeitig sollte festgehalten werden, dass der Mieter verpflichtet ist, fr\u00fcher zu zahlen, wenn er dazu wirtschaftlich in der Lage ist.<\/p>\n<p>Hinweis, dass w\u00e4hrend der Stundung die Verj\u00e4hrungszeit f\u00fcr die durch die Stundung entstandenen R\u00fcckst\u00e4nde gehemmt ist (siehe auch \u00a7 205 BGB). Die Hemmung bewirkt, dass die Verj\u00e4hrung um die Zeit der Stundung verl\u00e4ngert wird.<\/p>\n<p>Vereinbarung, dass der Vermieter die Vereinbarung widerrufen kann, wenn er selbst nachweislich in eine finanzielle Notlage ger\u00e4t.<\/p>\n<p>Salvatorische Klausel: Hinweis, dass sich als unwirksam erweisende Punkte der Vereinbarung nicht die gesamte Vereinbarung nichtig macht und der unwirksam gewordene Punkt dann durch eine Neufassung ersetzt wird, die dem Geist des unwirksam gewordenen Punktes entspricht.<\/p>\n<p><strong>Abschluss<\/strong><\/p>\n<p>Es folgen die Orts- und Datumsangabe (wann und wo die Vereinbarung getroffen wurde) sowie die Unterschriften von Mieter und Vermieter.<\/p>\n<hr \/>\n<p><strong><img loading=\"lazy\" decoding=\"async\" class=\"wp-image-9785 alignleft\" src=\"https:\/\/www.buhl.de\/vermieter-web\/wp-content\/uploads\/sites\/33\/2019\/09\/\u00a7.jpg\" alt=\"\" width=\"90\" height=\"87\" \/>\u00a7 205 Hemmung der Verj\u00e4hrung bei Leistungsverweigerungsrecht<\/strong><\/p>\n<p>Die Verj\u00e4hrung ist gehemmt, solange der Schuldner auf Grund einer Vereinbarung mit dem Gl\u00e4ubiger vor\u00fcbergehend zur Verweigerung der Leistung berechtigt ist.<\/p>\n<hr \/>\n<p><img loading=\"lazy\" decoding=\"async\" class=\" wp-image-9793\" src=\"https:\/\/www.buhl.de\/vermieter-web\/wp-content\/uploads\/sites\/33\/2019\/09\/Verlinkung.jpg\" alt=\"\" width=\"90\" height=\"87\" \/><\/p>\n<p><em><strong>Das k\u00f6nnte Sie auch interessieren:<br \/>\n<\/strong><\/em><a href=\"\/vermieter-web\/corona-verlaengerte-raeumungsfrist-wegen-virus-pandemie\/\">Corona: Verl\u00e4ngerte R\u00e4umungsfrist wegen Virus-Pandemie<\/a><br \/>\n<a href=\"https:\/\/www.buhl.de\/vermieter-web\/kuendigungsschutz-wegen-corona-pandemie\/\">K\u00fcndigungsschutz wegen Corona-Pandemie<\/a><br \/>\n<a href=\"https:\/\/www.buhl.de\/vermieter-web\/corona-folgen-keine-kuendigung-des-dispokredits\/\">Corona-Folgen: Keine K\u00fcndigung des Dispokredits<\/a><\/p>\n","protected":false},"excerpt":{"rendered":"<p>Immer mehr Mieter treten an den Vermieter heran, um ihn um eine Stundung zu bitten, da er sich beispielsweise aufgrund der Pandemie in Kurzarbeit befindet. Eine solche Stundung sollte in jedem Fall schriftlich vereinbart werden. Wie dieses Schreiben aussehen sollte, erfahren Sie in diesem Beitrag. Kopfangaben In den Kopf der Vereinbarung sollten zun\u00e4chst die \u00fcblichen &hellip; <\/p>\n<p class=\"link-more\"><a href=\"https:\/\/www.buhl.de\/vermieter-web\/corona-vereinbarung-einer-mietstundung\/\" class=\"more-link\"><span class=\"screen-reader-text\">\u201eCorona: Vereinbarung einer Mietstundung\u201c<\/span> weiterlesen<\/a><\/p>\n","protected":false},"author":15,"featured_media":12647,"comment_status":"open","ping_status":"open","sticky":false,"template":"","format":"standard","meta":{"footnotes":""},"categories":[1],"tags":[4115,4166,462,4116,4167],"class_list":["post-12686","post","type-post","status-publish","format-standard","has-post-thumbnail","hentry","category-allgemein","tag-corona","tag-covid-19","tag-miete","tag-pandemie","tag-stundung"],"yoast_head":"<!-- This site is optimized with the Yoast SEO Premium plugin v27.4 (Yoast SEO v27.5) - https:\/\/yoast.com\/product\/yoast-seo-premium-wordpress\/ -->\n<title>Mustervereinbarung f\u00fcr Mietstundung wegen Corona-Pandemie<\/title>\n<meta name=\"description\" content=\"Durch die Coronapandemie sind viele Mieter in Zahlungsschwierigkeiten geraten. Das entbindet aber nicht vor der Pflicht zur Mietzahlung. Eine Stundung der Miete muss zwischen Vermieter und Mieter vereinbart werden.\" \/>\n<meta name=\"robots\" content=\"noindex, nofollow\" \/>\n<meta property=\"og:locale\" content=\"de_DE\" \/>\n<meta property=\"og:type\" content=\"article\" \/>\n<meta property=\"og:title\" content=\"Corona: Vereinbarung einer Mietstundung\" \/>\n<meta property=\"og:description\" content=\"Durch die Coronapandemie sind viele Mieter in Zahlungsschwierigkeiten geraten. Das entbindet aber nicht vor der Pflicht zur Mietzahlung. Eine Stundung der Miete muss zwischen Vermieter und Mieter vereinbart werden.\" \/>\n<meta property=\"og:url\" content=\"https:\/\/www.buhl.de\/vermieter-web\/corona-vereinbarung-einer-mietstundung\/\" \/>\n<meta property=\"og:site_name\" content=\"Online-Nebenkostenabrechnung mit WISO Vermieter-Web\" \/>\n<meta property=\"article:published_time\" content=\"2020-05-21T08:06:56+00:00\" \/>\n<meta property=\"og:image\" content=\"https:\/\/www.buhl.de\/vermieter-web\/wp-content\/uploads\/sites\/33\/2020\/05\/corona002.jpg\" \/>\n\t<meta property=\"og:image:width\" content=\"835\" \/>\n\t<meta property=\"og:image:height\" content=\"418\" \/>\n\t<meta property=\"og:image:type\" content=\"image\/jpeg\" \/>\n<meta name=\"author\" content=\"Hartmut Fischer\" \/>\n<meta name=\"twitter:card\" content=\"summary_large_image\" \/>\n<meta name=\"twitter:label1\" content=\"Verfasst von\" \/>\n\t<meta name=\"twitter:data1\" content=\"Hartmut Fischer\" \/>\n\t<meta name=\"twitter:label2\" content=\"Gesch\u00e4tzte Lesezeit\" \/>\n\t<meta name=\"twitter:data2\" content=\"2\u00a0Minuten\" \/>\n<script type=\"application\/ld+json\" class=\"yoast-schema-graph\">{\"@context\":\"https:\\\/\\\/schema.org\",\"@graph\":[{\"@type\":\"Article\",\"@id\":\"https:\\\/\\\/www.buhl.de\\\/vermieter-web\\\/corona-vereinbarung-einer-mietstundung\\\/#article\",\"isPartOf\":{\"@id\":\"https:\\\/\\\/www.buhl.de\\\/vermieter-web\\\/corona-vereinbarung-einer-mietstundung\\\/\"},\"author\":{\"name\":\"Hartmut Fischer\",\"@id\":\"https:\\\/\\\/www.buhl.de\\\/vermieter-web\\\/#\\\/schema\\\/person\\\/82903e1cb04eb553382702d503991b4f\"},\"headline\":\"Corona: Vereinbarung einer Mietstundung\",\"datePublished\":\"2020-05-21T08:06:56+00:00\",\"mainEntityOfPage\":{\"@id\":\"https:\\\/\\\/www.buhl.de\\\/vermieter-web\\\/corona-vereinbarung-einer-mietstundung\\\/\"},\"wordCount\":476,\"commentCount\":0,\"image\":{\"@id\":\"https:\\\/\\\/www.buhl.de\\\/vermieter-web\\\/corona-vereinbarung-einer-mietstundung\\\/#primaryimage\"},\"thumbnailUrl\":\"https:\\\/\\\/www.buhl.de\\\/vermieter-web\\\/wp-content\\\/uploads\\\/sites\\\/33\\\/2020\\\/05\\\/corona002.jpg\",\"keywords\":[\"Corona\",\"COVID-19\",\"Miete\",\"Pandemie\",\"Stundung\"],\"inLanguage\":\"de\",\"potentialAction\":[{\"@type\":\"CommentAction\",\"name\":\"Comment\",\"target\":[\"https:\\\/\\\/www.buhl.de\\\/vermieter-web\\\/corona-vereinbarung-einer-mietstundung\\\/#respond\"]}]},{\"@type\":\"WebPage\",\"@id\":\"https:\\\/\\\/www.buhl.de\\\/vermieter-web\\\/corona-vereinbarung-einer-mietstundung\\\/\",\"url\":\"https:\\\/\\\/www.buhl.de\\\/vermieter-web\\\/corona-vereinbarung-einer-mietstundung\\\/\",\"name\":\"Mustervereinbarung f\u00fcr Mietstundung wegen Corona-Pandemie\",\"isPartOf\":{\"@id\":\"https:\\\/\\\/www.buhl.de\\\/vermieter-web\\\/#website\"},\"primaryImageOfPage\":{\"@id\":\"https:\\\/\\\/www.buhl.de\\\/vermieter-web\\\/corona-vereinbarung-einer-mietstundung\\\/#primaryimage\"},\"image\":{\"@id\":\"https:\\\/\\\/www.buhl.de\\\/vermieter-web\\\/corona-vereinbarung-einer-mietstundung\\\/#primaryimage\"},\"thumbnailUrl\":\"https:\\\/\\\/www.buhl.de\\\/vermieter-web\\\/wp-content\\\/uploads\\\/sites\\\/33\\\/2020\\\/05\\\/corona002.jpg\",\"datePublished\":\"2020-05-21T08:06:56+00:00\",\"author\":{\"@id\":\"https:\\\/\\\/www.buhl.de\\\/vermieter-web\\\/#\\\/schema\\\/person\\\/82903e1cb04eb553382702d503991b4f\"},\"description\":\"Durch die Coronapandemie sind viele Mieter in Zahlungsschwierigkeiten geraten. Das entbindet aber nicht vor der Pflicht zur Mietzahlung. Eine Stundung der Miete muss zwischen Vermieter und Mieter vereinbart werden.\",\"breadcrumb\":{\"@id\":\"https:\\\/\\\/www.buhl.de\\\/vermieter-web\\\/corona-vereinbarung-einer-mietstundung\\\/#breadcrumb\"},\"inLanguage\":\"de\",\"potentialAction\":[{\"@type\":\"ReadAction\",\"target\":[\"https:\\\/\\\/www.buhl.de\\\/vermieter-web\\\/corona-vereinbarung-einer-mietstundung\\\/\"]}]},{\"@type\":\"ImageObject\",\"inLanguage\":\"de\",\"@id\":\"https:\\\/\\\/www.buhl.de\\\/vermieter-web\\\/corona-vereinbarung-einer-mietstundung\\\/#primaryimage\",\"url\":\"https:\\\/\\\/www.buhl.de\\\/vermieter-web\\\/wp-content\\\/uploads\\\/sites\\\/33\\\/2020\\\/05\\\/corona002.jpg\",\"contentUrl\":\"https:\\\/\\\/www.buhl.de\\\/vermieter-web\\\/wp-content\\\/uploads\\\/sites\\\/33\\\/2020\\\/05\\\/corona002.jpg\",\"width\":835,\"height\":418},{\"@type\":\"BreadcrumbList\",\"@id\":\"https:\\\/\\\/www.buhl.de\\\/vermieter-web\\\/corona-vereinbarung-einer-mietstundung\\\/#breadcrumb\",\"itemListElement\":[{\"@type\":\"ListItem\",\"position\":1,\"name\":\"Startseite\",\"item\":\"https:\\\/\\\/www.buhl.de\\\/vermieter-web\\\/\"},{\"@type\":\"ListItem\",\"position\":2,\"name\":\"Corona: Vereinbarung einer Mietstundung\"}]},{\"@type\":\"WebSite\",\"@id\":\"https:\\\/\\\/www.buhl.de\\\/vermieter-web\\\/#website\",\"url\":\"https:\\\/\\\/www.buhl.de\\\/vermieter-web\\\/\",\"name\":\"Online-Nebenkostenabrechnung mit WISO Vermieter-Web\",\"description\":\"\",\"potentialAction\":[{\"@type\":\"SearchAction\",\"target\":{\"@type\":\"EntryPoint\",\"urlTemplate\":\"https:\\\/\\\/www.buhl.de\\\/vermieter-web\\\/?s={search_term_string}\"},\"query-input\":{\"@type\":\"PropertyValueSpecification\",\"valueRequired\":true,\"valueName\":\"search_term_string\"}}],\"inLanguage\":\"de\"},{\"@type\":\"Person\",\"@id\":\"https:\\\/\\\/www.buhl.de\\\/vermieter-web\\\/#\\\/schema\\\/person\\\/82903e1cb04eb553382702d503991b4f\",\"name\":\"Hartmut Fischer\"}]}<\/script>\n<!-- \/ Yoast SEO Premium plugin. -->","yoast_head_json":{"title":"Mustervereinbarung f\u00fcr Mietstundung wegen Corona-Pandemie","description":"Durch die Coronapandemie sind viele Mieter in Zahlungsschwierigkeiten geraten. Das entbindet aber nicht vor der Pflicht zur Mietzahlung. Eine Stundung der Miete muss zwischen Vermieter und Mieter vereinbart werden.","robots":{"index":"noindex","follow":"nofollow"},"og_locale":"de_DE","og_type":"article","og_title":"Corona: Vereinbarung einer Mietstundung","og_description":"Durch die Coronapandemie sind viele Mieter in Zahlungsschwierigkeiten geraten. Das entbindet aber nicht vor der Pflicht zur Mietzahlung. Eine Stundung der Miete muss zwischen Vermieter und Mieter vereinbart werden.","og_url":"https:\/\/www.buhl.de\/vermieter-web\/corona-vereinbarung-einer-mietstundung\/","og_site_name":"Online-Nebenkostenabrechnung mit WISO Vermieter-Web","article_published_time":"2020-05-21T08:06:56+00:00","og_image":[{"width":835,"height":418,"url":"https:\/\/www.buhl.de\/vermieter-web\/wp-content\/uploads\/sites\/33\/2020\/05\/corona002.jpg","type":"image\/jpeg"}],"author":"Hartmut Fischer","twitter_card":"summary_large_image","twitter_misc":{"Verfasst von":"Hartmut Fischer","Gesch\u00e4tzte Lesezeit":"2\u00a0Minuten"},"schema":{"@context":"https:\/\/schema.org","@graph":[{"@type":"Article","@id":"https:\/\/www.buhl.de\/vermieter-web\/corona-vereinbarung-einer-mietstundung\/#article","isPartOf":{"@id":"https:\/\/www.buhl.de\/vermieter-web\/corona-vereinbarung-einer-mietstundung\/"},"author":{"name":"Hartmut Fischer","@id":"https:\/\/www.buhl.de\/vermieter-web\/#\/schema\/person\/82903e1cb04eb553382702d503991b4f"},"headline":"Corona: Vereinbarung einer Mietstundung","datePublished":"2020-05-21T08:06:56+00:00","mainEntityOfPage":{"@id":"https:\/\/www.buhl.de\/vermieter-web\/corona-vereinbarung-einer-mietstundung\/"},"wordCount":476,"commentCount":0,"image":{"@id":"https:\/\/www.buhl.de\/vermieter-web\/corona-vereinbarung-einer-mietstundung\/#primaryimage"},"thumbnailUrl":"https:\/\/www.buhl.de\/vermieter-web\/wp-content\/uploads\/sites\/33\/2020\/05\/corona002.jpg","keywords":["Corona","COVID-19","Miete","Pandemie","Stundung"],"inLanguage":"de","potentialAction":[{"@type":"CommentAction","name":"Comment","target":["https:\/\/www.buhl.de\/vermieter-web\/corona-vereinbarung-einer-mietstundung\/#respond"]}]},{"@type":"WebPage","@id":"https:\/\/www.buhl.de\/vermieter-web\/corona-vereinbarung-einer-mietstundung\/","url":"https:\/\/www.buhl.de\/vermieter-web\/corona-vereinbarung-einer-mietstundung\/","name":"Mustervereinbarung f\u00fcr Mietstundung wegen Corona-Pandemie","isPartOf":{"@id":"https:\/\/www.buhl.de\/vermieter-web\/#website"},"primaryImageOfPage":{"@id":"https:\/\/www.buhl.de\/vermieter-web\/corona-vereinbarung-einer-mietstundung\/#primaryimage"},"image":{"@id":"https:\/\/www.buhl.de\/vermieter-web\/corona-vereinbarung-einer-mietstundung\/#primaryimage"},"thumbnailUrl":"https:\/\/www.buhl.de\/vermieter-web\/wp-content\/uploads\/sites\/33\/2020\/05\/corona002.jpg","datePublished":"2020-05-21T08:06:56+00:00","author":{"@id":"https:\/\/www.buhl.de\/vermieter-web\/#\/schema\/person\/82903e1cb04eb553382702d503991b4f"},"description":"Durch die Coronapandemie sind viele Mieter in Zahlungsschwierigkeiten geraten. Das entbindet aber nicht vor der Pflicht zur Mietzahlung. Eine Stundung der Miete muss zwischen Vermieter und Mieter vereinbart werden.","breadcrumb":{"@id":"https:\/\/www.buhl.de\/vermieter-web\/corona-vereinbarung-einer-mietstundung\/#breadcrumb"},"inLanguage":"de","potentialAction":[{"@type":"ReadAction","target":["https:\/\/www.buhl.de\/vermieter-web\/corona-vereinbarung-einer-mietstundung\/"]}]},{"@type":"ImageObject","inLanguage":"de","@id":"https:\/\/www.buhl.de\/vermieter-web\/corona-vereinbarung-einer-mietstundung\/#primaryimage","url":"https:\/\/www.buhl.de\/vermieter-web\/wp-content\/uploads\/sites\/33\/2020\/05\/corona002.jpg","contentUrl":"https:\/\/www.buhl.de\/vermieter-web\/wp-content\/uploads\/sites\/33\/2020\/05\/corona002.jpg","width":835,"height":418},{"@type":"BreadcrumbList","@id":"https:\/\/www.buhl.de\/vermieter-web\/corona-vereinbarung-einer-mietstundung\/#breadcrumb","itemListElement":[{"@type":"ListItem","position":1,"name":"Startseite","item":"https:\/\/www.buhl.de\/vermieter-web\/"},{"@type":"ListItem","position":2,"name":"Corona: Vereinbarung einer Mietstundung"}]},{"@type":"WebSite","@id":"https:\/\/www.buhl.de\/vermieter-web\/#website","url":"https:\/\/www.buhl.de\/vermieter-web\/","name":"Online-Nebenkostenabrechnung mit WISO Vermieter-Web","description":"","potentialAction":[{"@type":"SearchAction","target":{"@type":"EntryPoint","urlTemplate":"https:\/\/www.buhl.de\/vermieter-web\/?s={search_term_string}"},"query-input":{"@type":"PropertyValueSpecification","valueRequired":true,"valueName":"search_term_string"}}],"inLanguage":"de"},{"@type":"Person","@id":"https:\/\/www.buhl.de\/vermieter-web\/#\/schema\/person\/82903e1cb04eb553382702d503991b4f","name":"Hartmut Fischer"}]}},"_links":{"self":[{"href":"https:\/\/www.buhl.de\/vermieter-web\/wp-json\/wp\/v2\/posts\/12686","targetHints":{"allow":["GET"]}}],"collection":[{"href":"https:\/\/www.buhl.de\/vermieter-web\/wp-json\/wp\/v2\/posts"}],"about":[{"href":"https:\/\/www.buhl.de\/vermieter-web\/wp-json\/wp\/v2\/types\/post"}],"author":[{"embeddable":true,"href":"https:\/\/www.buhl.de\/vermieter-web\/wp-json\/wp\/v2\/users\/15"}],"replies":[{"embeddable":true,"href":"https:\/\/www.buhl.de\/vermieter-web\/wp-json\/wp\/v2\/comments?post=12686"}],"version-history":[{"count":1,"href":"https:\/\/www.buhl.de\/vermieter-web\/wp-json\/wp\/v2\/posts\/12686\/revisions"}],"predecessor-version":[{"id":12688,"href":"https:\/\/www.buhl.de\/vermieter-web\/wp-json\/wp\/v2\/posts\/12686\/revisions\/12688"}],"wp:featuredmedia":[{"embeddable":true,"href":"https:\/\/www.buhl.de\/vermieter-web\/wp-json\/wp\/v2\/media\/12647"}],"wp:attachment":[{"href":"https:\/\/www.buhl.de\/vermieter-web\/wp-json\/wp\/v2\/media?parent=12686"}],"wp:term":[{"taxonomy":"category","embeddable":true,"href":"https:\/\/www.buhl.de\/vermieter-web\/wp-json\/wp\/v2\/categories?post=12686"},{"taxonomy":"post_tag","embeddable":true,"href":"https:\/\/www.buhl.de\/vermieter-web\/wp-json\/wp\/v2\/tags?post=12686"}],"curies":[{"name":"wp","href":"https:\/\/api.w.org\/{rel}","templated":true}]}}