{"id":12724,"date":"2020-06-05T11:22:34","date_gmt":"2020-06-05T09:22:34","guid":{"rendered":"http:\/\/www.buhl.de\/vermieter-web\/?p=12724"},"modified":"2020-06-05T11:22:34","modified_gmt":"2020-06-05T09:22:34","slug":"12724-2","status":"publish","type":"post","link":"https:\/\/www.buhl.de\/vermieter-web\/12724-2\/","title":{"rendered":"Maklerkosten neu geregelt"},"content":{"rendered":"<p><strong>Der Bundesrat hat am 05.06.2020 der Neuregelung der Kosten\u00fcbernahme f\u00fcr die Makler-Courtage beim Verkauf von Immobilien zugestimmt. Damit kann die Gesetzes\u00e4nderung dem Bundespr\u00e4sidenten zur Unterzeichnung vorgelegt werden. Nach der Unterzeichnung und Ver\u00f6ffentlichung im Bundesgesetzblatt soll die \u00c4nderung sechs Monate sp\u00e4ter in Kraft treten.<\/strong><\/p>\n<p><strong>Textform ist vorgeschrieben<\/strong><\/p>\n<p>W\u00e4hrend es in der Vergangenheit keine Formvorschriften f\u00fcr die Makler-Vereinbarung gab, ist die Textform ab Inkrafttreten der Neuregelung vorgeschrieben. Bei der Textform ist keine Original-Unterschrift der beteiligten Parteien notwendig, so dass die Vereinbarung beispielsweise auch per E-Mail geschlossen werden kann.<\/p>\n<p><strong>Jeder tr\u00e4gt die H\u00e4lfte<\/strong><\/p>\n<p>Nach den neuen Bestimmungen tragen K\u00e4ufer und Verk\u00e4ufer die Maklerprovision zu gleichen Teilen. Der K\u00e4ufer muss seinen Anteil erst bezahlen, wenn der Verk\u00e4ufer nachgewiesen hat, dass er seine H\u00e4lfte bereits bezahlt hat.<\/p>\n<p>H\u00f6he der derzeitigen Maklerprovisionen (Courtage)<\/p>\n<table>\n<tbody>\n<tr>\n<td width=\"66\">5,95 %<\/td>\n<td width=\"538\">Bremen, Hessen, Mecklenburg-Vorpommern,<\/td>\n<\/tr>\n<tr>\n<td width=\"66\">6,25 %<\/td>\n<td width=\"538\">Hamburg<\/td>\n<\/tr>\n<tr>\n<td width=\"66\">7,14<\/td>\n<td width=\"538\">Baden-W\u00fcrttemberg, Bayern, Berlin, Brandenburg, Nordrhein-Westfalen, Rheinland-Pfalz, Saarland, Sachsen, Sachsen-Anhalt, Th\u00fcringen<\/td>\n<\/tr>\n<tr>\n<td width=\"66\">&nbsp;<\/td>\n<td width=\"538\">Niedersachsen zwischen 4.76 % und 5.95 % oder 7,14 %<\/td>\n<\/tr>\n<\/tbody>\n<\/table>\n<p>&nbsp;<\/p>\n","protected":false},"excerpt":{"rendered":"<p>Der Bundesrat hat am 05.06.2020 der Neuregelung der Kosten\u00fcbernahme f\u00fcr die Makler-Courtage beim Verkauf von Immobilien zugestimmt. Damit kann die Gesetzes\u00e4nderung dem Bundespr\u00e4sidenten zur Unterzeichnung vorgelegt werden. Nach der Unterzeichnung und Ver\u00f6ffentlichung im Bundesgesetzblatt soll die \u00c4nderung sechs Monate sp\u00e4ter in Kraft treten. Textform ist vorgeschrieben W\u00e4hrend es in der Vergangenheit keine Formvorschriften f\u00fcr die &hellip; <\/p>\n<p class=\"link-more\"><a href=\"https:\/\/www.buhl.de\/vermieter-web\/12724-2\/\" class=\"more-link\"><span class=\"screen-reader-text\">\u201eMaklerkosten neu geregelt\u201c<\/span> weiterlesen<\/a><\/p>\n","protected":false},"author":15,"featured_media":12726,"comment_status":"open","ping_status":"open","sticky":false,"template":"","format":"standard","meta":{"footnotes":""},"categories":[1],"tags":[3018,4242,2299,4761],"class_list":["post-12724","post","type-post","status-publish","format-standard","has-post-thumbnail","hentry","category-allgemein","tag-courtage","tag-hausverkauf","tag-makler","tag-maklergebuehren"],"yoast_head":"<!-- This site is optimized with the Yoast SEO Premium plugin v27.4 (Yoast SEO v27.5) - https:\/\/yoast.com\/product\/yoast-seo-premium-wordpress\/ -->\n<title>Bundesrat gibt gr\u00fcnes Licht f\u00fcr Kostenaufteilung der Maklergeb\u00fchren<\/title>\n<meta name=\"description\" content=\"In seiner &gt;Sitzung vom 05.06.2020 hat der Bundesrat einer Gesetzes\u00e4nderung zugestimmt, nach der die Maklergeb\u00fchr beim Hausverkauf zwischen Verk\u00e4ufer und K\u00e4ufer geteilt werden muss.\" \/>\n<meta name=\"robots\" content=\"noindex, nofollow\" \/>\n<meta property=\"og:locale\" content=\"de_DE\" \/>\n<meta property=\"og:type\" content=\"article\" \/>\n<meta property=\"og:title\" content=\"Maklerkosten neu geregelt\" \/>\n<meta property=\"og:description\" content=\"In seiner &gt;Sitzung vom 05.06.2020 hat der Bundesrat einer Gesetzes\u00e4nderung zugestimmt, nach der die Maklergeb\u00fchr beim Hausverkauf zwischen Verk\u00e4ufer und K\u00e4ufer geteilt werden muss.\" \/>\n<meta property=\"og:url\" content=\"https:\/\/www.buhl.de\/vermieter-web\/12724-2\/\" \/>\n<meta property=\"og:site_name\" content=\"Online-Nebenkostenabrechnung mit WISO Vermieter-Web\" \/>\n<meta property=\"article:published_time\" content=\"2020-06-05T09:22:34+00:00\" \/>\n<meta property=\"og:image\" content=\"https:\/\/www.buhl.de\/vermieter-web\/wp-content\/uploads\/sites\/33\/2020\/06\/Eilmeldung.jpg\" \/>\n\t<meta property=\"og:image:width\" content=\"525\" \/>\n\t<meta property=\"og:image:height\" content=\"263\" \/>\n\t<meta property=\"og:image:type\" content=\"image\/jpeg\" \/>\n<meta name=\"author\" content=\"Hartmut Fischer\" \/>\n<meta name=\"twitter:card\" content=\"summary_large_image\" \/>\n<meta name=\"twitter:label1\" content=\"Verfasst von\" \/>\n\t<meta name=\"twitter:data1\" content=\"Hartmut Fischer\" \/>\n\t<meta name=\"twitter:label2\" content=\"Gesch\u00e4tzte Lesezeit\" \/>\n\t<meta name=\"twitter:data2\" content=\"1\u00a0Minute\" \/>\n<script type=\"application\/ld+json\" class=\"yoast-schema-graph\">{\"@context\":\"https:\\\/\\\/schema.org\",\"@graph\":[{\"@type\":\"Article\",\"@id\":\"https:\\\/\\\/www.buhl.de\\\/vermieter-web\\\/12724-2\\\/#article\",\"isPartOf\":{\"@id\":\"https:\\\/\\\/www.buhl.de\\\/vermieter-web\\\/12724-2\\\/\"},\"author\":{\"name\":\"Hartmut Fischer\",\"@id\":\"https:\\\/\\\/www.buhl.de\\\/vermieter-web\\\/#\\\/schema\\\/person\\\/82903e1cb04eb553382702d503991b4f\"},\"headline\":\"Maklerkosten neu geregelt\",\"datePublished\":\"2020-06-05T09:22:34+00:00\",\"mainEntityOfPage\":{\"@id\":\"https:\\\/\\\/www.buhl.de\\\/vermieter-web\\\/12724-2\\\/\"},\"wordCount\":167,\"commentCount\":0,\"image\":{\"@id\":\"https:\\\/\\\/www.buhl.de\\\/vermieter-web\\\/12724-2\\\/#primaryimage\"},\"thumbnailUrl\":\"https:\\\/\\\/www.buhl.de\\\/vermieter-web\\\/wp-content\\\/uploads\\\/sites\\\/33\\\/2020\\\/06\\\/Eilmeldung.jpg\",\"keywords\":[\"Courtage\",\"Hausverkauf\",\"Makler\",\"Maklergeb\u00fchren\"],\"inLanguage\":\"de\",\"potentialAction\":[{\"@type\":\"CommentAction\",\"name\":\"Comment\",\"target\":[\"https:\\\/\\\/www.buhl.de\\\/vermieter-web\\\/12724-2\\\/#respond\"]}]},{\"@type\":\"WebPage\",\"@id\":\"https:\\\/\\\/www.buhl.de\\\/vermieter-web\\\/12724-2\\\/\",\"url\":\"https:\\\/\\\/www.buhl.de\\\/vermieter-web\\\/12724-2\\\/\",\"name\":\"Bundesrat gibt gr\u00fcnes Licht f\u00fcr Kostenaufteilung der Maklergeb\u00fchren\",\"isPartOf\":{\"@id\":\"https:\\\/\\\/www.buhl.de\\\/vermieter-web\\\/#website\"},\"primaryImageOfPage\":{\"@id\":\"https:\\\/\\\/www.buhl.de\\\/vermieter-web\\\/12724-2\\\/#primaryimage\"},\"image\":{\"@id\":\"https:\\\/\\\/www.buhl.de\\\/vermieter-web\\\/12724-2\\\/#primaryimage\"},\"thumbnailUrl\":\"https:\\\/\\\/www.buhl.de\\\/vermieter-web\\\/wp-content\\\/uploads\\\/sites\\\/33\\\/2020\\\/06\\\/Eilmeldung.jpg\",\"datePublished\":\"2020-06-05T09:22:34+00:00\",\"author\":{\"@id\":\"https:\\\/\\\/www.buhl.de\\\/vermieter-web\\\/#\\\/schema\\\/person\\\/82903e1cb04eb553382702d503991b4f\"},\"description\":\"In seiner >Sitzung vom 05.06.2020 hat der Bundesrat einer Gesetzes\u00e4nderung zugestimmt, nach der die Maklergeb\u00fchr beim Hausverkauf zwischen Verk\u00e4ufer und K\u00e4ufer geteilt werden muss.\",\"breadcrumb\":{\"@id\":\"https:\\\/\\\/www.buhl.de\\\/vermieter-web\\\/12724-2\\\/#breadcrumb\"},\"inLanguage\":\"de\",\"potentialAction\":[{\"@type\":\"ReadAction\",\"target\":[\"https:\\\/\\\/www.buhl.de\\\/vermieter-web\\\/12724-2\\\/\"]}]},{\"@type\":\"ImageObject\",\"inLanguage\":\"de\",\"@id\":\"https:\\\/\\\/www.buhl.de\\\/vermieter-web\\\/12724-2\\\/#primaryimage\",\"url\":\"https:\\\/\\\/www.buhl.de\\\/vermieter-web\\\/wp-content\\\/uploads\\\/sites\\\/33\\\/2020\\\/06\\\/Eilmeldung.jpg\",\"contentUrl\":\"https:\\\/\\\/www.buhl.de\\\/vermieter-web\\\/wp-content\\\/uploads\\\/sites\\\/33\\\/2020\\\/06\\\/Eilmeldung.jpg\",\"width\":835,\"height\":419},{\"@type\":\"BreadcrumbList\",\"@id\":\"https:\\\/\\\/www.buhl.de\\\/vermieter-web\\\/12724-2\\\/#breadcrumb\",\"itemListElement\":[{\"@type\":\"ListItem\",\"position\":1,\"name\":\"Startseite\",\"item\":\"https:\\\/\\\/www.buhl.de\\\/vermieter-web\\\/\"},{\"@type\":\"ListItem\",\"position\":2,\"name\":\"Maklerkosten neu geregelt\"}]},{\"@type\":\"WebSite\",\"@id\":\"https:\\\/\\\/www.buhl.de\\\/vermieter-web\\\/#website\",\"url\":\"https:\\\/\\\/www.buhl.de\\\/vermieter-web\\\/\",\"name\":\"Online-Nebenkostenabrechnung mit WISO Vermieter-Web\",\"description\":\"\",\"potentialAction\":[{\"@type\":\"SearchAction\",\"target\":{\"@type\":\"EntryPoint\",\"urlTemplate\":\"https:\\\/\\\/www.buhl.de\\\/vermieter-web\\\/?s={search_term_string}\"},\"query-input\":{\"@type\":\"PropertyValueSpecification\",\"valueRequired\":true,\"valueName\":\"search_term_string\"}}],\"inLanguage\":\"de\"},{\"@type\":\"Person\",\"@id\":\"https:\\\/\\\/www.buhl.de\\\/vermieter-web\\\/#\\\/schema\\\/person\\\/82903e1cb04eb553382702d503991b4f\",\"name\":\"Hartmut Fischer\"}]}<\/script>\n<!-- \/ Yoast SEO Premium plugin. -->","yoast_head_json":{"title":"Bundesrat gibt gr\u00fcnes Licht f\u00fcr Kostenaufteilung der Maklergeb\u00fchren","description":"In seiner >Sitzung vom 05.06.2020 hat der Bundesrat einer Gesetzes\u00e4nderung zugestimmt, nach der die Maklergeb\u00fchr beim Hausverkauf zwischen Verk\u00e4ufer und K\u00e4ufer geteilt werden muss.","robots":{"index":"noindex","follow":"nofollow"},"og_locale":"de_DE","og_type":"article","og_title":"Maklerkosten neu geregelt","og_description":"In seiner >Sitzung vom 05.06.2020 hat der Bundesrat einer Gesetzes\u00e4nderung zugestimmt, nach der die Maklergeb\u00fchr beim Hausverkauf zwischen Verk\u00e4ufer und K\u00e4ufer geteilt werden muss.","og_url":"https:\/\/www.buhl.de\/vermieter-web\/12724-2\/","og_site_name":"Online-Nebenkostenabrechnung mit WISO Vermieter-Web","article_published_time":"2020-06-05T09:22:34+00:00","og_image":[{"url":"https:\/\/www.buhl.de\/vermieter-web\/wp-content\/uploads\/sites\/33\/2020\/06\/Eilmeldung.jpg","width":525,"height":263,"type":"image\/jpeg"}],"author":"Hartmut Fischer","twitter_card":"summary_large_image","twitter_misc":{"Verfasst von":"Hartmut Fischer","Gesch\u00e4tzte Lesezeit":"1\u00a0Minute"},"schema":{"@context":"https:\/\/schema.org","@graph":[{"@type":"Article","@id":"https:\/\/www.buhl.de\/vermieter-web\/12724-2\/#article","isPartOf":{"@id":"https:\/\/www.buhl.de\/vermieter-web\/12724-2\/"},"author":{"name":"Hartmut Fischer","@id":"https:\/\/www.buhl.de\/vermieter-web\/#\/schema\/person\/82903e1cb04eb553382702d503991b4f"},"headline":"Maklerkosten neu geregelt","datePublished":"2020-06-05T09:22:34+00:00","mainEntityOfPage":{"@id":"https:\/\/www.buhl.de\/vermieter-web\/12724-2\/"},"wordCount":167,"commentCount":0,"image":{"@id":"https:\/\/www.buhl.de\/vermieter-web\/12724-2\/#primaryimage"},"thumbnailUrl":"https:\/\/www.buhl.de\/vermieter-web\/wp-content\/uploads\/sites\/33\/2020\/06\/Eilmeldung.jpg","keywords":["Courtage","Hausverkauf","Makler","Maklergeb\u00fchren"],"inLanguage":"de","potentialAction":[{"@type":"CommentAction","name":"Comment","target":["https:\/\/www.buhl.de\/vermieter-web\/12724-2\/#respond"]}]},{"@type":"WebPage","@id":"https:\/\/www.buhl.de\/vermieter-web\/12724-2\/","url":"https:\/\/www.buhl.de\/vermieter-web\/12724-2\/","name":"Bundesrat gibt gr\u00fcnes Licht f\u00fcr Kostenaufteilung der Maklergeb\u00fchren","isPartOf":{"@id":"https:\/\/www.buhl.de\/vermieter-web\/#website"},"primaryImageOfPage":{"@id":"https:\/\/www.buhl.de\/vermieter-web\/12724-2\/#primaryimage"},"image":{"@id":"https:\/\/www.buhl.de\/vermieter-web\/12724-2\/#primaryimage"},"thumbnailUrl":"https:\/\/www.buhl.de\/vermieter-web\/wp-content\/uploads\/sites\/33\/2020\/06\/Eilmeldung.jpg","datePublished":"2020-06-05T09:22:34+00:00","author":{"@id":"https:\/\/www.buhl.de\/vermieter-web\/#\/schema\/person\/82903e1cb04eb553382702d503991b4f"},"description":"In seiner >Sitzung vom 05.06.2020 hat der Bundesrat einer Gesetzes\u00e4nderung zugestimmt, nach der die Maklergeb\u00fchr beim Hausverkauf zwischen Verk\u00e4ufer und K\u00e4ufer geteilt werden muss.","breadcrumb":{"@id":"https:\/\/www.buhl.de\/vermieter-web\/12724-2\/#breadcrumb"},"inLanguage":"de","potentialAction":[{"@type":"ReadAction","target":["https:\/\/www.buhl.de\/vermieter-web\/12724-2\/"]}]},{"@type":"ImageObject","inLanguage":"de","@id":"https:\/\/www.buhl.de\/vermieter-web\/12724-2\/#primaryimage","url":"https:\/\/www.buhl.de\/vermieter-web\/wp-content\/uploads\/sites\/33\/2020\/06\/Eilmeldung.jpg","contentUrl":"https:\/\/www.buhl.de\/vermieter-web\/wp-content\/uploads\/sites\/33\/2020\/06\/Eilmeldung.jpg","width":835,"height":419},{"@type":"BreadcrumbList","@id":"https:\/\/www.buhl.de\/vermieter-web\/12724-2\/#breadcrumb","itemListElement":[{"@type":"ListItem","position":1,"name":"Startseite","item":"https:\/\/www.buhl.de\/vermieter-web\/"},{"@type":"ListItem","position":2,"name":"Maklerkosten neu geregelt"}]},{"@type":"WebSite","@id":"https:\/\/www.buhl.de\/vermieter-web\/#website","url":"https:\/\/www.buhl.de\/vermieter-web\/","name":"Online-Nebenkostenabrechnung mit WISO Vermieter-Web","description":"","potentialAction":[{"@type":"SearchAction","target":{"@type":"EntryPoint","urlTemplate":"https:\/\/www.buhl.de\/vermieter-web\/?s={search_term_string}"},"query-input":{"@type":"PropertyValueSpecification","valueRequired":true,"valueName":"search_term_string"}}],"inLanguage":"de"},{"@type":"Person","@id":"https:\/\/www.buhl.de\/vermieter-web\/#\/schema\/person\/82903e1cb04eb553382702d503991b4f","name":"Hartmut Fischer"}]}},"_links":{"self":[{"href":"https:\/\/www.buhl.de\/vermieter-web\/wp-json\/wp\/v2\/posts\/12724","targetHints":{"allow":["GET"]}}],"collection":[{"href":"https:\/\/www.buhl.de\/vermieter-web\/wp-json\/wp\/v2\/posts"}],"about":[{"href":"https:\/\/www.buhl.de\/vermieter-web\/wp-json\/wp\/v2\/types\/post"}],"author":[{"embeddable":true,"href":"https:\/\/www.buhl.de\/vermieter-web\/wp-json\/wp\/v2\/users\/15"}],"replies":[{"embeddable":true,"href":"https:\/\/www.buhl.de\/vermieter-web\/wp-json\/wp\/v2\/comments?post=12724"}],"version-history":[{"count":2,"href":"https:\/\/www.buhl.de\/vermieter-web\/wp-json\/wp\/v2\/posts\/12724\/revisions"}],"predecessor-version":[{"id":12728,"href":"https:\/\/www.buhl.de\/vermieter-web\/wp-json\/wp\/v2\/posts\/12724\/revisions\/12728"}],"wp:featuredmedia":[{"embeddable":true,"href":"https:\/\/www.buhl.de\/vermieter-web\/wp-json\/wp\/v2\/media\/12726"}],"wp:attachment":[{"href":"https:\/\/www.buhl.de\/vermieter-web\/wp-json\/wp\/v2\/media?parent=12724"}],"wp:term":[{"taxonomy":"category","embeddable":true,"href":"https:\/\/www.buhl.de\/vermieter-web\/wp-json\/wp\/v2\/categories?post=12724"},{"taxonomy":"post_tag","embeddable":true,"href":"https:\/\/www.buhl.de\/vermieter-web\/wp-json\/wp\/v2\/tags?post=12724"}],"curies":[{"name":"wp","href":"https:\/\/api.w.org\/{rel}","templated":true}]}}