{"id":12767,"date":"2020-06-18T11:52:21","date_gmt":"2020-06-18T09:52:21","guid":{"rendered":"http:\/\/www.buhl.de\/vermieter-web\/?p=12767"},"modified":"2020-06-18T11:52:21","modified_gmt":"2020-06-18T09:52:21","slug":"wer-denkt-an-die-vermieter-ein-kommentar","status":"publish","type":"post","link":"https:\/\/www.buhl.de\/vermieter-web\/wer-denkt-an-die-vermieter-ein-kommentar\/","title":{"rendered":"Wer denkt an die Vermieter \u2013 ein Kommentar"},"content":{"rendered":"<p><strong>Die SPD plant den Ende Juni auslaufenden K\u00fcndigungsschutz f\u00fcr Mieter zu verl\u00e4ngern. Das befristete Verbot der Wohnungsk\u00fcndigung wurde f\u00fcr jene Mieter eingerichtet, die durch die Pandemie in eine Notlage geraten sind, die eine Mietzahlung nur teilweise erm\u00f6glicht oder gar ganz unm\u00f6glich macht. Ein Kommentar<\/strong><\/p>\n<p>\u201eViele B\u00fcrger\u00adinnen und B\u00fcrger sind wegen der Corona-Pandemie in wirtschaftliche Schwierig\u00adkeiten geraten\u201c, sagte der SPD-Verbraucher\u00adpolitiker Johannes Fechner am 16. Juni \u201eWir m\u00fcssen ihnen Zeit geben, wirtschaftlich wieder auf die F\u00fc\u00dfe zu kommen.\u201c Deshalb will die SPD nun den Zeitraum verl\u00e4ngern, in dem Mietern, die ihre Miete teilweise oder ganz nicht zahlen k\u00f6nnen, nicht gek\u00fcndigt werden darf. Die Verl\u00e4ngerung bis September wird \u2013 wie aus politischen Kreisen zu h\u00f6ren ist \u2013im Bundesjustizministerium vorbereitet.<\/p>\n<p>Gleichzeitig sollen auch die R\u00fcck\u00adzahlungen, Zins- und Tilgungs\u00adleistungen von Verbraucherdarlehen f\u00fcr weitere drei Monate gestundet werden, wenn der Kreditnehmer durch die Pandemie Einnahme\u00adausf\u00e4lle hat, die so gro\u00df sind, dass eine Begleichung ihren angemessenen Lebens\u00adunterhalt gef\u00e4hrden w\u00fcrde.<\/p>\n<p>Was aber ist mit all den vielen privaten Vermietern, die gl\u00fccklich sind, ihr Haus abbezahlt zu haben und die die Mieteinnahmen f\u00fcr ihren Lebensunterhalt eingeplant haben? Die Regierung spannt einen Rettungsschirm nach dem anderen auf \u2013 l\u00e4sst man diese Gruppe im Regen stehen?<\/p>\n<p>Bei dieser Personengruppe handelt es sich in den meisten F\u00e4llen um \u00e4ltere Menschen, die ohne ihre Mieteinnahmen allein von der Rente nur schwer bis gar nicht leben k\u00f6nnen. F\u00fcr Studenten, die durch die Pandemie in Not geraten, wird Unterst\u00fctzung gew\u00e4hrt. Doch die Rentner-Vermieter hat man in der jetzigen Situation augenscheinlich nicht im Blick.<\/p>\n<p>Um Missverst\u00e4ndnisse zu vermeiden: Allen, die Unterst\u00fctzung erhalten, weil sie durch Corona in Not geraten sind, ist diese Unterst\u00fctzung geg\u00f6nnt. Aber wenn man davon spricht, das allen geholfen werden soll, dann d\u00fcrfen nicht einzelne Gruppen ausgeklammert werden.<\/p>\n<p>Da die Mieten ja nachgezahlt werden m\u00fcssen, w\u00e4re es deshalb gerecht, wenn den Vermietern die Miete staatlicherseits vorfinanziert w\u00fcrde. Dies k\u00f6nnte beispielsweise durch ein vorfinanziertes zinsloses Darlehen abgewickelt werden, dass bei F\u00e4lligkeit der Miete zur\u00fcckbezahlt wird und wof\u00fcr der Staat eine B\u00fcrgschaft von 100 % \u00fcbernimmt. Ein Konzept, mit dem allen geholfen w\u00e4re: Der Mieter beh\u00e4lt den Zahlungsaufschub, der Vermieter beh\u00e4lt die n\u00f6tige Sicherheit und die Kosten f\u00fcr den Staat d\u00fcrften letztlich gegen Null laufen, weil er lediglich eine Zwischenfinanzierung vornehmen muss.<\/p>\n<p>Die jetzige Vorgehensweise \u2013 ohne Unterst\u00fctzung von Vermietern \u2013 l\u00e4sst bef\u00fcrchten, dass man in der Politik immer noch allzu h\u00e4ufig ein \u201eFeindbild Vermieter\u201c vor Augen hat, in denen \u201eb\u00f6se Ausbeuter\u201c aus den armen Mietern den letzten Blutstropfen herauspressen, w\u00e4hrend sie im Geld schwimmen. Ein Bild, dass selbst der weitaus gr\u00f6\u00dfte Teil der Mieter nicht nachvollziehen kann. Eine vom Meinungsermittlungsunternehmen Civey Ende 2019 durchgef\u00fchrte Befragung ergab, dass fast \u00be der Befragten mit ihrem Vermieter sehr oder eher zufrieden waren. \u00dcbrigens war der Anteil der sehr zufriedenen Mieter bei den privaten Vermietern am h\u00f6chsten. Damit das realistisch positive Bild des Vermieters bleibt, sollte man in Berlin deshalb \u00fcber bessere Hilfe f\u00fcr die Vermieter nachdenken.<\/p>\n<p><em><strong>Das k\u00f6nnte Sie auch interessieren:<\/strong><\/em><br \/>\n<a href=\"https:\/\/www.buhl.de\/vermieter-web\/corona-vereinbarung-einer-mietstundung\/\">Corona: Vereinbarung einer Mietstundung<\/a><br \/>\n<a href=\"https:\/\/www.buhl.de\/vermieter-web\/kuendigungsschutz-wegen-corona-pandemie\/\">K\u00fcndigungsschutz wegen Corona-Pandemie<\/a><br \/>\n<a href=\"https:\/\/www.buhl.de\/vermieter-web\/corona-verlaengerte-raeumungsfrist-wegen-virus-pandemie\/\">Corona: Verl\u00e4ngerte R\u00e4umungsfrist wegen Virus-Pandemie<\/a><\/p>\n","protected":false},"excerpt":{"rendered":"<p>Die SPD plant den Ende Juni auslaufenden K\u00fcndigungsschutz f\u00fcr Mieter zu verl\u00e4ngern. Das befristete Verbot der Wohnungsk\u00fcndigung wurde f\u00fcr jene Mieter eingerichtet, die durch die Pandemie in eine Notlage geraten sind, die eine Mietzahlung nur teilweise erm\u00f6glicht oder gar ganz unm\u00f6glich macht. Ein Kommentar \u201eViele B\u00fcrger\u00adinnen und B\u00fcrger sind wegen der Corona-Pandemie in wirtschaftliche Schwierig\u00adkeiten &hellip; <\/p>\n<p class=\"link-more\"><a href=\"https:\/\/www.buhl.de\/vermieter-web\/wer-denkt-an-die-vermieter-ein-kommentar\/\" class=\"more-link\"><span class=\"screen-reader-text\">\u201eWer denkt an die Vermieter \u2013 ein Kommentar\u201c<\/span> weiterlesen<\/a><\/p>\n","protected":false},"author":15,"featured_media":12770,"comment_status":"open","ping_status":"open","sticky":false,"template":"","format":"standard","meta":{"footnotes":""},"categories":[1],"tags":[4115,380,446,4116],"class_list":["post-12767","post","type-post","status-publish","format-standard","has-post-thumbnail","hentry","category-allgemein","tag-corona","tag-kuendigung","tag-kuendigungsschutz","tag-pandemie"],"yoast_head":"<!-- This site is optimized with the Yoast SEO Premium plugin v27.4 (Yoast SEO v27.5) - https:\/\/yoast.com\/product\/yoast-seo-premium-wordpress\/ -->\n<title>Kein Rettungsschirm f\u00fcr Vermieter? Ein Kommentar<\/title>\n<meta name=\"description\" content=\"W\u00e4hrend in der Politik dar\u00fcber nachgedacht wird, den K\u00fcndigungsschutz f\u00fcr wegen der Pandemie zahlungsunf\u00e4hige Mieter zu verl\u00e4ngern, fragt in Berlin keiner nach den Problemen, die f\u00fcr die Vermieter entstehen. Ein Kommentar von Hartmut Fischer\" \/>\n<meta name=\"robots\" content=\"noindex, nofollow\" \/>\n<meta property=\"og:locale\" content=\"de_DE\" \/>\n<meta property=\"og:type\" content=\"article\" \/>\n<meta property=\"og:title\" content=\"Wer denkt an die Vermieter \u2013 ein Kommentar\" \/>\n<meta property=\"og:description\" content=\"W\u00e4hrend in der Politik dar\u00fcber nachgedacht wird, den K\u00fcndigungsschutz f\u00fcr wegen der Pandemie zahlungsunf\u00e4hige Mieter zu verl\u00e4ngern, fragt in Berlin keiner nach den Problemen, die f\u00fcr die Vermieter entstehen. Ein Kommentar von Hartmut Fischer\" \/>\n<meta property=\"og:url\" content=\"https:\/\/www.buhl.de\/vermieter-web\/wer-denkt-an-die-vermieter-ein-kommentar\/\" \/>\n<meta property=\"og:site_name\" content=\"Online-Nebenkostenabrechnung mit WISO Vermieter-Web\" \/>\n<meta property=\"article:published_time\" content=\"2020-06-18T09:52:21+00:00\" \/>\n<meta property=\"og:image\" content=\"https:\/\/www.buhl.de\/vermieter-web\/wp-content\/uploads\/sites\/33\/2020\/06\/bewerten.jpg\" \/>\n\t<meta property=\"og:image:width\" content=\"840\" \/>\n\t<meta property=\"og:image:height\" content=\"420\" \/>\n\t<meta property=\"og:image:type\" content=\"image\/jpeg\" \/>\n<meta name=\"author\" content=\"Hartmut Fischer\" \/>\n<meta name=\"twitter:card\" content=\"summary_large_image\" \/>\n<meta name=\"twitter:label1\" content=\"Verfasst von\" \/>\n\t<meta name=\"twitter:data1\" content=\"Hartmut Fischer\" \/>\n\t<meta name=\"twitter:label2\" content=\"Gesch\u00e4tzte Lesezeit\" \/>\n\t<meta name=\"twitter:data2\" content=\"3\u00a0Minuten\" \/>\n<script type=\"application\/ld+json\" class=\"yoast-schema-graph\">{\"@context\":\"https:\\\/\\\/schema.org\",\"@graph\":[{\"@type\":\"Article\",\"@id\":\"https:\\\/\\\/www.buhl.de\\\/vermieter-web\\\/wer-denkt-an-die-vermieter-ein-kommentar\\\/#article\",\"isPartOf\":{\"@id\":\"https:\\\/\\\/www.buhl.de\\\/vermieter-web\\\/wer-denkt-an-die-vermieter-ein-kommentar\\\/\"},\"author\":{\"name\":\"Hartmut Fischer\",\"@id\":\"https:\\\/\\\/www.buhl.de\\\/vermieter-web\\\/#\\\/schema\\\/person\\\/82903e1cb04eb553382702d503991b4f\"},\"headline\":\"Wer denkt an die Vermieter \u2013 ein Kommentar\",\"datePublished\":\"2020-06-18T09:52:21+00:00\",\"mainEntityOfPage\":{\"@id\":\"https:\\\/\\\/www.buhl.de\\\/vermieter-web\\\/wer-denkt-an-die-vermieter-ein-kommentar\\\/\"},\"wordCount\":563,\"commentCount\":0,\"image\":{\"@id\":\"https:\\\/\\\/www.buhl.de\\\/vermieter-web\\\/wer-denkt-an-die-vermieter-ein-kommentar\\\/#primaryimage\"},\"thumbnailUrl\":\"https:\\\/\\\/www.buhl.de\\\/vermieter-web\\\/wp-content\\\/uploads\\\/sites\\\/33\\\/2020\\\/06\\\/bewerten.jpg\",\"keywords\":[\"Corona\",\"K\u00fcndigung\",\"K\u00fcndigungsschutz\",\"Pandemie\"],\"inLanguage\":\"de\",\"potentialAction\":[{\"@type\":\"CommentAction\",\"name\":\"Comment\",\"target\":[\"https:\\\/\\\/www.buhl.de\\\/vermieter-web\\\/wer-denkt-an-die-vermieter-ein-kommentar\\\/#respond\"]}]},{\"@type\":\"WebPage\",\"@id\":\"https:\\\/\\\/www.buhl.de\\\/vermieter-web\\\/wer-denkt-an-die-vermieter-ein-kommentar\\\/\",\"url\":\"https:\\\/\\\/www.buhl.de\\\/vermieter-web\\\/wer-denkt-an-die-vermieter-ein-kommentar\\\/\",\"name\":\"Kein Rettungsschirm f\u00fcr Vermieter? Ein Kommentar\",\"isPartOf\":{\"@id\":\"https:\\\/\\\/www.buhl.de\\\/vermieter-web\\\/#website\"},\"primaryImageOfPage\":{\"@id\":\"https:\\\/\\\/www.buhl.de\\\/vermieter-web\\\/wer-denkt-an-die-vermieter-ein-kommentar\\\/#primaryimage\"},\"image\":{\"@id\":\"https:\\\/\\\/www.buhl.de\\\/vermieter-web\\\/wer-denkt-an-die-vermieter-ein-kommentar\\\/#primaryimage\"},\"thumbnailUrl\":\"https:\\\/\\\/www.buhl.de\\\/vermieter-web\\\/wp-content\\\/uploads\\\/sites\\\/33\\\/2020\\\/06\\\/bewerten.jpg\",\"datePublished\":\"2020-06-18T09:52:21+00:00\",\"author\":{\"@id\":\"https:\\\/\\\/www.buhl.de\\\/vermieter-web\\\/#\\\/schema\\\/person\\\/82903e1cb04eb553382702d503991b4f\"},\"description\":\"W\u00e4hrend in der Politik dar\u00fcber nachgedacht wird, den K\u00fcndigungsschutz f\u00fcr wegen der Pandemie zahlungsunf\u00e4hige Mieter zu verl\u00e4ngern, fragt in Berlin keiner nach den Problemen, die f\u00fcr die Vermieter entstehen. Ein Kommentar von Hartmut Fischer\",\"breadcrumb\":{\"@id\":\"https:\\\/\\\/www.buhl.de\\\/vermieter-web\\\/wer-denkt-an-die-vermieter-ein-kommentar\\\/#breadcrumb\"},\"inLanguage\":\"de\",\"potentialAction\":[{\"@type\":\"ReadAction\",\"target\":[\"https:\\\/\\\/www.buhl.de\\\/vermieter-web\\\/wer-denkt-an-die-vermieter-ein-kommentar\\\/\"]}]},{\"@type\":\"ImageObject\",\"inLanguage\":\"de\",\"@id\":\"https:\\\/\\\/www.buhl.de\\\/vermieter-web\\\/wer-denkt-an-die-vermieter-ein-kommentar\\\/#primaryimage\",\"url\":\"https:\\\/\\\/www.buhl.de\\\/vermieter-web\\\/wp-content\\\/uploads\\\/sites\\\/33\\\/2020\\\/06\\\/bewerten.jpg\",\"contentUrl\":\"https:\\\/\\\/www.buhl.de\\\/vermieter-web\\\/wp-content\\\/uploads\\\/sites\\\/33\\\/2020\\\/06\\\/bewerten.jpg\",\"width\":840,\"height\":420},{\"@type\":\"BreadcrumbList\",\"@id\":\"https:\\\/\\\/www.buhl.de\\\/vermieter-web\\\/wer-denkt-an-die-vermieter-ein-kommentar\\\/#breadcrumb\",\"itemListElement\":[{\"@type\":\"ListItem\",\"position\":1,\"name\":\"Startseite\",\"item\":\"https:\\\/\\\/www.buhl.de\\\/vermieter-web\\\/\"},{\"@type\":\"ListItem\",\"position\":2,\"name\":\"Wer denkt an die Vermieter \u2013 ein Kommentar\"}]},{\"@type\":\"WebSite\",\"@id\":\"https:\\\/\\\/www.buhl.de\\\/vermieter-web\\\/#website\",\"url\":\"https:\\\/\\\/www.buhl.de\\\/vermieter-web\\\/\",\"name\":\"Online-Nebenkostenabrechnung mit WISO Vermieter-Web\",\"description\":\"\",\"potentialAction\":[{\"@type\":\"SearchAction\",\"target\":{\"@type\":\"EntryPoint\",\"urlTemplate\":\"https:\\\/\\\/www.buhl.de\\\/vermieter-web\\\/?s={search_term_string}\"},\"query-input\":{\"@type\":\"PropertyValueSpecification\",\"valueRequired\":true,\"valueName\":\"search_term_string\"}}],\"inLanguage\":\"de\"},{\"@type\":\"Person\",\"@id\":\"https:\\\/\\\/www.buhl.de\\\/vermieter-web\\\/#\\\/schema\\\/person\\\/82903e1cb04eb553382702d503991b4f\",\"name\":\"Hartmut Fischer\"}]}<\/script>\n<!-- \/ Yoast SEO Premium plugin. -->","yoast_head_json":{"title":"Kein Rettungsschirm f\u00fcr Vermieter? Ein Kommentar","description":"W\u00e4hrend in der Politik dar\u00fcber nachgedacht wird, den K\u00fcndigungsschutz f\u00fcr wegen der Pandemie zahlungsunf\u00e4hige Mieter zu verl\u00e4ngern, fragt in Berlin keiner nach den Problemen, die f\u00fcr die Vermieter entstehen. Ein Kommentar von Hartmut Fischer","robots":{"index":"noindex","follow":"nofollow"},"og_locale":"de_DE","og_type":"article","og_title":"Wer denkt an die Vermieter \u2013 ein Kommentar","og_description":"W\u00e4hrend in der Politik dar\u00fcber nachgedacht wird, den K\u00fcndigungsschutz f\u00fcr wegen der Pandemie zahlungsunf\u00e4hige Mieter zu verl\u00e4ngern, fragt in Berlin keiner nach den Problemen, die f\u00fcr die Vermieter entstehen. Ein Kommentar von Hartmut Fischer","og_url":"https:\/\/www.buhl.de\/vermieter-web\/wer-denkt-an-die-vermieter-ein-kommentar\/","og_site_name":"Online-Nebenkostenabrechnung mit WISO Vermieter-Web","article_published_time":"2020-06-18T09:52:21+00:00","og_image":[{"width":840,"height":420,"url":"https:\/\/www.buhl.de\/vermieter-web\/wp-content\/uploads\/sites\/33\/2020\/06\/bewerten.jpg","type":"image\/jpeg"}],"author":"Hartmut Fischer","twitter_card":"summary_large_image","twitter_misc":{"Verfasst von":"Hartmut Fischer","Gesch\u00e4tzte Lesezeit":"3\u00a0Minuten"},"schema":{"@context":"https:\/\/schema.org","@graph":[{"@type":"Article","@id":"https:\/\/www.buhl.de\/vermieter-web\/wer-denkt-an-die-vermieter-ein-kommentar\/#article","isPartOf":{"@id":"https:\/\/www.buhl.de\/vermieter-web\/wer-denkt-an-die-vermieter-ein-kommentar\/"},"author":{"name":"Hartmut Fischer","@id":"https:\/\/www.buhl.de\/vermieter-web\/#\/schema\/person\/82903e1cb04eb553382702d503991b4f"},"headline":"Wer denkt an die Vermieter \u2013 ein Kommentar","datePublished":"2020-06-18T09:52:21+00:00","mainEntityOfPage":{"@id":"https:\/\/www.buhl.de\/vermieter-web\/wer-denkt-an-die-vermieter-ein-kommentar\/"},"wordCount":563,"commentCount":0,"image":{"@id":"https:\/\/www.buhl.de\/vermieter-web\/wer-denkt-an-die-vermieter-ein-kommentar\/#primaryimage"},"thumbnailUrl":"https:\/\/www.buhl.de\/vermieter-web\/wp-content\/uploads\/sites\/33\/2020\/06\/bewerten.jpg","keywords":["Corona","K\u00fcndigung","K\u00fcndigungsschutz","Pandemie"],"inLanguage":"de","potentialAction":[{"@type":"CommentAction","name":"Comment","target":["https:\/\/www.buhl.de\/vermieter-web\/wer-denkt-an-die-vermieter-ein-kommentar\/#respond"]}]},{"@type":"WebPage","@id":"https:\/\/www.buhl.de\/vermieter-web\/wer-denkt-an-die-vermieter-ein-kommentar\/","url":"https:\/\/www.buhl.de\/vermieter-web\/wer-denkt-an-die-vermieter-ein-kommentar\/","name":"Kein Rettungsschirm f\u00fcr Vermieter? Ein Kommentar","isPartOf":{"@id":"https:\/\/www.buhl.de\/vermieter-web\/#website"},"primaryImageOfPage":{"@id":"https:\/\/www.buhl.de\/vermieter-web\/wer-denkt-an-die-vermieter-ein-kommentar\/#primaryimage"},"image":{"@id":"https:\/\/www.buhl.de\/vermieter-web\/wer-denkt-an-die-vermieter-ein-kommentar\/#primaryimage"},"thumbnailUrl":"https:\/\/www.buhl.de\/vermieter-web\/wp-content\/uploads\/sites\/33\/2020\/06\/bewerten.jpg","datePublished":"2020-06-18T09:52:21+00:00","author":{"@id":"https:\/\/www.buhl.de\/vermieter-web\/#\/schema\/person\/82903e1cb04eb553382702d503991b4f"},"description":"W\u00e4hrend in der Politik dar\u00fcber nachgedacht wird, den K\u00fcndigungsschutz f\u00fcr wegen der Pandemie zahlungsunf\u00e4hige Mieter zu verl\u00e4ngern, fragt in Berlin keiner nach den Problemen, die f\u00fcr die Vermieter entstehen. Ein Kommentar von Hartmut Fischer","breadcrumb":{"@id":"https:\/\/www.buhl.de\/vermieter-web\/wer-denkt-an-die-vermieter-ein-kommentar\/#breadcrumb"},"inLanguage":"de","potentialAction":[{"@type":"ReadAction","target":["https:\/\/www.buhl.de\/vermieter-web\/wer-denkt-an-die-vermieter-ein-kommentar\/"]}]},{"@type":"ImageObject","inLanguage":"de","@id":"https:\/\/www.buhl.de\/vermieter-web\/wer-denkt-an-die-vermieter-ein-kommentar\/#primaryimage","url":"https:\/\/www.buhl.de\/vermieter-web\/wp-content\/uploads\/sites\/33\/2020\/06\/bewerten.jpg","contentUrl":"https:\/\/www.buhl.de\/vermieter-web\/wp-content\/uploads\/sites\/33\/2020\/06\/bewerten.jpg","width":840,"height":420},{"@type":"BreadcrumbList","@id":"https:\/\/www.buhl.de\/vermieter-web\/wer-denkt-an-die-vermieter-ein-kommentar\/#breadcrumb","itemListElement":[{"@type":"ListItem","position":1,"name":"Startseite","item":"https:\/\/www.buhl.de\/vermieter-web\/"},{"@type":"ListItem","position":2,"name":"Wer denkt an die Vermieter \u2013 ein Kommentar"}]},{"@type":"WebSite","@id":"https:\/\/www.buhl.de\/vermieter-web\/#website","url":"https:\/\/www.buhl.de\/vermieter-web\/","name":"Online-Nebenkostenabrechnung mit WISO Vermieter-Web","description":"","potentialAction":[{"@type":"SearchAction","target":{"@type":"EntryPoint","urlTemplate":"https:\/\/www.buhl.de\/vermieter-web\/?s={search_term_string}"},"query-input":{"@type":"PropertyValueSpecification","valueRequired":true,"valueName":"search_term_string"}}],"inLanguage":"de"},{"@type":"Person","@id":"https:\/\/www.buhl.de\/vermieter-web\/#\/schema\/person\/82903e1cb04eb553382702d503991b4f","name":"Hartmut Fischer"}]}},"_links":{"self":[{"href":"https:\/\/www.buhl.de\/vermieter-web\/wp-json\/wp\/v2\/posts\/12767","targetHints":{"allow":["GET"]}}],"collection":[{"href":"https:\/\/www.buhl.de\/vermieter-web\/wp-json\/wp\/v2\/posts"}],"about":[{"href":"https:\/\/www.buhl.de\/vermieter-web\/wp-json\/wp\/v2\/types\/post"}],"author":[{"embeddable":true,"href":"https:\/\/www.buhl.de\/vermieter-web\/wp-json\/wp\/v2\/users\/15"}],"replies":[{"embeddable":true,"href":"https:\/\/www.buhl.de\/vermieter-web\/wp-json\/wp\/v2\/comments?post=12767"}],"version-history":[{"count":1,"href":"https:\/\/www.buhl.de\/vermieter-web\/wp-json\/wp\/v2\/posts\/12767\/revisions"}],"predecessor-version":[{"id":12769,"href":"https:\/\/www.buhl.de\/vermieter-web\/wp-json\/wp\/v2\/posts\/12767\/revisions\/12769"}],"wp:featuredmedia":[{"embeddable":true,"href":"https:\/\/www.buhl.de\/vermieter-web\/wp-json\/wp\/v2\/media\/12770"}],"wp:attachment":[{"href":"https:\/\/www.buhl.de\/vermieter-web\/wp-json\/wp\/v2\/media?parent=12767"}],"wp:term":[{"taxonomy":"category","embeddable":true,"href":"https:\/\/www.buhl.de\/vermieter-web\/wp-json\/wp\/v2\/categories?post=12767"},{"taxonomy":"post_tag","embeddable":true,"href":"https:\/\/www.buhl.de\/vermieter-web\/wp-json\/wp\/v2\/tags?post=12767"}],"curies":[{"name":"wp","href":"https:\/\/api.w.org\/{rel}","templated":true}]}}