{"id":12771,"date":"2020-06-22T11:37:32","date_gmt":"2020-06-22T09:37:32","guid":{"rendered":"http:\/\/www.buhl.de\/vermieter-web\/?p=12771"},"modified":"2020-06-22T11:37:32","modified_gmt":"2020-06-22T09:37:32","slug":"beschlussanfechtungsklage-nur-gegen-weg-versammlung-moeglich","status":"publish","type":"post","link":"https:\/\/www.buhl.de\/vermieter-web\/beschlussanfechtungsklage-nur-gegen-weg-versammlung-moeglich\/","title":{"rendered":"Beschlussanfechtungsklage nur gegen WEG-Versammlung m\u00f6glich"},"content":{"rendered":"<p><strong>Es ist ein Unterschied, ob ein Miteigent\u00fcmer einer Wohneigentumsgemeinschaft gegen die Beschl\u00fcsse der Mitgliederversammlung klagt oder nur gegen eine Gruppe von Eigent\u00fcmern, die gemeinsam eine Wohnung besitzen. Eine Beschlussanfechtungsklage nach \u00a7 43 WEG ist im zweiten Fall ausgeschlossen. Zu diesem Ergebnis kam das Landgericht Frankfurt\/Main in einem Beschluss vom 18.02.2020 (Aktenzeichen 1-13 S 140\/19)<\/strong><\/p>\n<p>In dem Verfahren ging es um einige Beschl\u00fcsse, die die Eigent\u00fcmer einer Wohnung gefasst hatten. Die Wohnung geh\u00f6rte zu einer Wohneigentumsanlage. Ein Eigent\u00fcmer einer anderen Wohnung in dieser Anlage war mit den gefassten Beschl\u00fcssen nicht einverstanden und versuchte, diese per Beschlussanfechtungsklage nach \u00a7 43 WEG zu unterbinden.<\/p>\n<hr \/>\n<p><strong><img loading=\"lazy\" decoding=\"async\" class=\" wp-image-9785 alignleft\" src=\"https:\/\/www.buhl.de\/vermieter-web\/wp-content\/uploads\/sites\/33\/2019\/09\/\u00a7.jpg\" alt=\"\" width=\"90\" height=\"87\" \/>\u00a7 43 WEG: Zust\u00e4ndigkeit des Gerichts<\/strong><\/p>\n<p>Das Gericht, in dessen Bezirk das Grundst\u00fcck liegt, ist ausschlie\u00dflich zust\u00e4ndig f\u00fcr<\/p>\n<ol>\n<li>Streitigkeiten \u00fcber die sich aus der Gemeinschaft der Wohnungseigent\u00fcmer und aus der Verwaltung des gemeinschaftlichen Eigentums ergebenden Rechte und Pflichten der Wohnungseigent\u00fcmer untereinander;<\/li>\n<li>Streitigkeiten \u00fcber die Rechte und Pflichten zwischen der Gemeinschaft der Wohnungseigent\u00fcmer und Wohnungseigent\u00fcmern;<\/li>\n<li>Streitigkeiten \u00fcber die Rechte und Pflichten des Verwalters bei der Verwaltung des gemeinschaftlichen Eigentums;<\/li>\n<li>Streitigkeiten \u00fcber die G\u00fcltigkeit von Beschl\u00fcssen der Wohnungseigent\u00fcmer;<\/li>\n<li>Klagen Dritter, die sich gegen die Gemeinschaft der Wohnungseigent\u00fcmer oder gegen Wohnungseigent\u00fcmer richten und sich auf das gemeinschaftliche Eigentum, seine Verwaltung oder das Sondereigentum beziehen;<\/li>\n<li>Mahnverfahren, wenn die Gemeinschaft der Wohnungseigent\u00fcmer Antragstellerin ist. Insoweit ist \u00a7 689 Abs. 2 der Zivilprozessordnung nicht anzuwenden.<br \/>\n<hr \/>\n<\/li>\n<\/ol>\n<p>Die Beschlussanfechtungsklage wurde vom Amtsgericht F\u00fcrth\/Odenwald jedoch abgewiesen. Das Gericht stellte in seiner Begr\u00fcndung klar, dass die gefassten\u00a0Beschl\u00fcsse\u00a0nicht der Anfechtung nach \u00a7\u00a046\u00a0WEG unterl\u00e4gen. Der Kl\u00e4ger wollte die Entscheidung des Amtsgerichts nicht akzeptieren und legte Berufung bei Landgericht Frankfurt\/Main ein.<\/p>\n<p>Doch das Berufungsgericht best\u00e4tigte die Entscheidung des Amtsgerichts. Die Klage wurde abgewiesen. Auch das Landgericht war der Meinung, dass die Klage unzul\u00e4ssig sei, da es sich im Streitfall um keine Wohnungseigentumssache im Sinne von \u00a7\u00a043\u00a0Nr.\u00a04\u00a0WEG handele.\u00a0Diese Regelung bez\u00f6ge sich auf Beschl\u00fcsse, die im Rahmen der Wohnungseigent\u00fcmergemeinschaft geschlossen w\u00fcrden. Im vorliegenden Fall seien die Beschl\u00fcsse lediglich von den Eigent\u00fcmern einer Wohnung gef\u00e4llt worden, also von einer Bruchteilsgemeinschaft, deren Entscheidungen in \u00a7 43 Nr. 4 nicht angesprochen w\u00fcrden.<\/p>\n<p>Da sich der Kl\u00e4ger und die Beklagten auch nicht als Wohnungseigent\u00fcmer gegen\u00fcbergestanden, handele es sich im Streitfall auch nicht um eine Wohnungseigentumssache. Damit komme die Anwendung von \u00a7\u00a043\u00a0Nr.\u00a01\u00a0WEG ebenfalls nicht infrage.<\/p>\n<p><img loading=\"lazy\" decoding=\"async\" class=\" wp-image-9793\" src=\"https:\/\/www.buhl.de\/vermieter-web\/wp-content\/uploads\/sites\/33\/2019\/09\/Verlinkung.jpg\" alt=\"\" width=\"90\" height=\"87\" \/><\/p>\n<p><em><strong>Das k\u00f6nnte Sie auch interessieren:<br \/>\n<\/strong><\/em><a href=\"\/vermieter-web\/weg-sonderregelungen-in-zeiten-der-pandemie\/\">WEG: Sonderregelungen in Zeiten der Pandemie<\/a><br \/>\n<a href=\"https:\/\/www.buhl.de\/vermieter-web\/weg-abstimmung-in-der-waschkueche\/\">WEG: Abstimmung in der Waschk\u00fcche<\/a><br \/>\n<a href=\"\/vermieter-web\/weg-was-die-versammlung-bei-verwalterbestellung-festlegen-muss\/\">WEG: Was die Versammlung bei Verwalterbestellung festlegen muss<\/a><\/p>\n<p>&nbsp;<\/p>\n","protected":false},"excerpt":{"rendered":"<p>Es ist ein Unterschied, ob ein Miteigent\u00fcmer einer Wohneigentumsgemeinschaft gegen die Beschl\u00fcsse der Mitgliederversammlung klagt oder nur gegen eine Gruppe von Eigent\u00fcmern, die gemeinsam eine Wohnung besitzen. Eine Beschlussanfechtungsklage nach \u00a7 43 WEG ist im zweiten Fall ausgeschlossen. Zu diesem Ergebnis kam das Landgericht Frankfurt\/Main in einem Beschluss vom 18.02.2020 (Aktenzeichen 1-13 S 140\/19) In &hellip; <\/p>\n<p class=\"link-more\"><a href=\"https:\/\/www.buhl.de\/vermieter-web\/beschlussanfechtungsklage-nur-gegen-weg-versammlung-moeglich\/\" class=\"more-link\"><span class=\"screen-reader-text\">\u201eBeschlussanfechtungsklage nur gegen WEG-Versammlung m\u00f6glich\u201c<\/span> weiterlesen<\/a><\/p>\n","protected":false},"author":15,"featured_media":12773,"comment_status":"open","ping_status":"open","sticky":false,"template":"","format":"standard","meta":{"footnotes":""},"categories":[1],"tags":[4654,435,525,392],"class_list":["post-12771","post","type-post","status-publish","format-standard","has-post-thumbnail","hentry","category-allgemein","tag-beschluss","tag-eigentuemer","tag-klagerecht","tag-weg"],"yoast_head":"<!-- This site is optimized with the Yoast SEO Premium plugin v27.4 (Yoast SEO v27.5) - https:\/\/yoast.com\/product\/yoast-seo-premium-wordpress\/ -->\n<title>Beschlussanfechtungsklage gegen Eigent\u00fcmergruppe nicht m\u00f6glich<\/title>\n<meta name=\"description\" content=\"Ein Wohnungseigent\u00fcmer kann nach \u00a7 43 WEG gegen die Wohneigent\u00fcmergemeinschaft klagen. Bezieht sich die Klage jedoch auf eine Gruppe von Eigent\u00fcmern, denen eine Wohnung gemeinsam geh\u00f6rt, ist \u00a7 43 WEG nicht anwendbar.\" \/>\n<meta name=\"robots\" content=\"noindex, nofollow\" \/>\n<meta property=\"og:locale\" content=\"de_DE\" \/>\n<meta property=\"og:type\" content=\"article\" \/>\n<meta property=\"og:title\" content=\"Beschlussanfechtungsklage nur gegen WEG-Versammlung m\u00f6glich\" \/>\n<meta property=\"og:description\" content=\"Ein Wohnungseigent\u00fcmer kann nach \u00a7 43 WEG gegen die Wohneigent\u00fcmergemeinschaft klagen. Bezieht sich die Klage jedoch auf eine Gruppe von Eigent\u00fcmern, denen eine Wohnung gemeinsam geh\u00f6rt, ist \u00a7 43 WEG nicht anwendbar.\" \/>\n<meta property=\"og:url\" content=\"https:\/\/www.buhl.de\/vermieter-web\/beschlussanfechtungsklage-nur-gegen-weg-versammlung-moeglich\/\" \/>\n<meta property=\"og:site_name\" content=\"Online-Nebenkostenabrechnung mit WISO Vermieter-Web\" \/>\n<meta property=\"article:published_time\" content=\"2020-06-22T09:37:32+00:00\" \/>\n<meta property=\"og:image\" content=\"https:\/\/www.buhl.de\/vermieter-web\/wp-content\/uploads\/sites\/33\/2020\/06\/Urteil-Haus.jpg\" \/>\n\t<meta property=\"og:image:width\" content=\"840\" \/>\n\t<meta property=\"og:image:height\" content=\"420\" \/>\n\t<meta property=\"og:image:type\" content=\"image\/jpeg\" \/>\n<meta name=\"author\" content=\"Hartmut Fischer\" \/>\n<meta name=\"twitter:card\" content=\"summary_large_image\" \/>\n<meta name=\"twitter:label1\" content=\"Verfasst von\" \/>\n\t<meta name=\"twitter:data1\" content=\"Hartmut Fischer\" \/>\n\t<meta name=\"twitter:label2\" content=\"Gesch\u00e4tzte Lesezeit\" \/>\n\t<meta name=\"twitter:data2\" content=\"2\u00a0Minuten\" \/>\n<script type=\"application\/ld+json\" class=\"yoast-schema-graph\">{\"@context\":\"https:\\\/\\\/schema.org\",\"@graph\":[{\"@type\":\"Article\",\"@id\":\"https:\\\/\\\/www.buhl.de\\\/vermieter-web\\\/beschlussanfechtungsklage-nur-gegen-weg-versammlung-moeglich\\\/#article\",\"isPartOf\":{\"@id\":\"https:\\\/\\\/www.buhl.de\\\/vermieter-web\\\/beschlussanfechtungsklage-nur-gegen-weg-versammlung-moeglich\\\/\"},\"author\":{\"name\":\"Hartmut Fischer\",\"@id\":\"https:\\\/\\\/www.buhl.de\\\/vermieter-web\\\/#\\\/schema\\\/person\\\/82903e1cb04eb553382702d503991b4f\"},\"headline\":\"Beschlussanfechtungsklage nur gegen WEG-Versammlung m\u00f6glich\",\"datePublished\":\"2020-06-22T09:37:32+00:00\",\"mainEntityOfPage\":{\"@id\":\"https:\\\/\\\/www.buhl.de\\\/vermieter-web\\\/beschlussanfechtungsklage-nur-gegen-weg-versammlung-moeglich\\\/\"},\"wordCount\":434,\"commentCount\":0,\"image\":{\"@id\":\"https:\\\/\\\/www.buhl.de\\\/vermieter-web\\\/beschlussanfechtungsklage-nur-gegen-weg-versammlung-moeglich\\\/#primaryimage\"},\"thumbnailUrl\":\"https:\\\/\\\/www.buhl.de\\\/vermieter-web\\\/wp-content\\\/uploads\\\/sites\\\/33\\\/2020\\\/06\\\/Urteil-Haus.jpg\",\"keywords\":[\"Beschluss\",\"Eigent\u00fcmer\",\"Klagerecht\",\"WEG\"],\"inLanguage\":\"de\",\"potentialAction\":[{\"@type\":\"CommentAction\",\"name\":\"Comment\",\"target\":[\"https:\\\/\\\/www.buhl.de\\\/vermieter-web\\\/beschlussanfechtungsklage-nur-gegen-weg-versammlung-moeglich\\\/#respond\"]}]},{\"@type\":\"WebPage\",\"@id\":\"https:\\\/\\\/www.buhl.de\\\/vermieter-web\\\/beschlussanfechtungsklage-nur-gegen-weg-versammlung-moeglich\\\/\",\"url\":\"https:\\\/\\\/www.buhl.de\\\/vermieter-web\\\/beschlussanfechtungsklage-nur-gegen-weg-versammlung-moeglich\\\/\",\"name\":\"Beschlussanfechtungsklage gegen Eigent\u00fcmergruppe nicht m\u00f6glich\",\"isPartOf\":{\"@id\":\"https:\\\/\\\/www.buhl.de\\\/vermieter-web\\\/#website\"},\"primaryImageOfPage\":{\"@id\":\"https:\\\/\\\/www.buhl.de\\\/vermieter-web\\\/beschlussanfechtungsklage-nur-gegen-weg-versammlung-moeglich\\\/#primaryimage\"},\"image\":{\"@id\":\"https:\\\/\\\/www.buhl.de\\\/vermieter-web\\\/beschlussanfechtungsklage-nur-gegen-weg-versammlung-moeglich\\\/#primaryimage\"},\"thumbnailUrl\":\"https:\\\/\\\/www.buhl.de\\\/vermieter-web\\\/wp-content\\\/uploads\\\/sites\\\/33\\\/2020\\\/06\\\/Urteil-Haus.jpg\",\"datePublished\":\"2020-06-22T09:37:32+00:00\",\"author\":{\"@id\":\"https:\\\/\\\/www.buhl.de\\\/vermieter-web\\\/#\\\/schema\\\/person\\\/82903e1cb04eb553382702d503991b4f\"},\"description\":\"Ein Wohnungseigent\u00fcmer kann nach \u00a7 43 WEG gegen die Wohneigent\u00fcmergemeinschaft klagen. Bezieht sich die Klage jedoch auf eine Gruppe von Eigent\u00fcmern, denen eine Wohnung gemeinsam geh\u00f6rt, ist \u00a7 43 WEG nicht anwendbar.\",\"breadcrumb\":{\"@id\":\"https:\\\/\\\/www.buhl.de\\\/vermieter-web\\\/beschlussanfechtungsklage-nur-gegen-weg-versammlung-moeglich\\\/#breadcrumb\"},\"inLanguage\":\"de\",\"potentialAction\":[{\"@type\":\"ReadAction\",\"target\":[\"https:\\\/\\\/www.buhl.de\\\/vermieter-web\\\/beschlussanfechtungsklage-nur-gegen-weg-versammlung-moeglich\\\/\"]}]},{\"@type\":\"ImageObject\",\"inLanguage\":\"de\",\"@id\":\"https:\\\/\\\/www.buhl.de\\\/vermieter-web\\\/beschlussanfechtungsklage-nur-gegen-weg-versammlung-moeglich\\\/#primaryimage\",\"url\":\"https:\\\/\\\/www.buhl.de\\\/vermieter-web\\\/wp-content\\\/uploads\\\/sites\\\/33\\\/2020\\\/06\\\/Urteil-Haus.jpg\",\"contentUrl\":\"https:\\\/\\\/www.buhl.de\\\/vermieter-web\\\/wp-content\\\/uploads\\\/sites\\\/33\\\/2020\\\/06\\\/Urteil-Haus.jpg\",\"width\":840,\"height\":420},{\"@type\":\"BreadcrumbList\",\"@id\":\"https:\\\/\\\/www.buhl.de\\\/vermieter-web\\\/beschlussanfechtungsklage-nur-gegen-weg-versammlung-moeglich\\\/#breadcrumb\",\"itemListElement\":[{\"@type\":\"ListItem\",\"position\":1,\"name\":\"Startseite\",\"item\":\"https:\\\/\\\/www.buhl.de\\\/vermieter-web\\\/\"},{\"@type\":\"ListItem\",\"position\":2,\"name\":\"Beschlussanfechtungsklage nur gegen WEG-Versammlung m\u00f6glich\"}]},{\"@type\":\"WebSite\",\"@id\":\"https:\\\/\\\/www.buhl.de\\\/vermieter-web\\\/#website\",\"url\":\"https:\\\/\\\/www.buhl.de\\\/vermieter-web\\\/\",\"name\":\"Online-Nebenkostenabrechnung mit WISO Vermieter-Web\",\"description\":\"\",\"potentialAction\":[{\"@type\":\"SearchAction\",\"target\":{\"@type\":\"EntryPoint\",\"urlTemplate\":\"https:\\\/\\\/www.buhl.de\\\/vermieter-web\\\/?s={search_term_string}\"},\"query-input\":{\"@type\":\"PropertyValueSpecification\",\"valueRequired\":true,\"valueName\":\"search_term_string\"}}],\"inLanguage\":\"de\"},{\"@type\":\"Person\",\"@id\":\"https:\\\/\\\/www.buhl.de\\\/vermieter-web\\\/#\\\/schema\\\/person\\\/82903e1cb04eb553382702d503991b4f\",\"name\":\"Hartmut Fischer\"}]}<\/script>\n<!-- \/ Yoast SEO Premium plugin. -->","yoast_head_json":{"title":"Beschlussanfechtungsklage gegen Eigent\u00fcmergruppe nicht m\u00f6glich","description":"Ein Wohnungseigent\u00fcmer kann nach \u00a7 43 WEG gegen die Wohneigent\u00fcmergemeinschaft klagen. Bezieht sich die Klage jedoch auf eine Gruppe von Eigent\u00fcmern, denen eine Wohnung gemeinsam geh\u00f6rt, ist \u00a7 43 WEG nicht anwendbar.","robots":{"index":"noindex","follow":"nofollow"},"og_locale":"de_DE","og_type":"article","og_title":"Beschlussanfechtungsklage nur gegen WEG-Versammlung m\u00f6glich","og_description":"Ein Wohnungseigent\u00fcmer kann nach \u00a7 43 WEG gegen die Wohneigent\u00fcmergemeinschaft klagen. Bezieht sich die Klage jedoch auf eine Gruppe von Eigent\u00fcmern, denen eine Wohnung gemeinsam geh\u00f6rt, ist \u00a7 43 WEG nicht anwendbar.","og_url":"https:\/\/www.buhl.de\/vermieter-web\/beschlussanfechtungsklage-nur-gegen-weg-versammlung-moeglich\/","og_site_name":"Online-Nebenkostenabrechnung mit WISO Vermieter-Web","article_published_time":"2020-06-22T09:37:32+00:00","og_image":[{"width":840,"height":420,"url":"https:\/\/www.buhl.de\/vermieter-web\/wp-content\/uploads\/sites\/33\/2020\/06\/Urteil-Haus.jpg","type":"image\/jpeg"}],"author":"Hartmut Fischer","twitter_card":"summary_large_image","twitter_misc":{"Verfasst von":"Hartmut Fischer","Gesch\u00e4tzte Lesezeit":"2\u00a0Minuten"},"schema":{"@context":"https:\/\/schema.org","@graph":[{"@type":"Article","@id":"https:\/\/www.buhl.de\/vermieter-web\/beschlussanfechtungsklage-nur-gegen-weg-versammlung-moeglich\/#article","isPartOf":{"@id":"https:\/\/www.buhl.de\/vermieter-web\/beschlussanfechtungsklage-nur-gegen-weg-versammlung-moeglich\/"},"author":{"name":"Hartmut Fischer","@id":"https:\/\/www.buhl.de\/vermieter-web\/#\/schema\/person\/82903e1cb04eb553382702d503991b4f"},"headline":"Beschlussanfechtungsklage nur gegen WEG-Versammlung m\u00f6glich","datePublished":"2020-06-22T09:37:32+00:00","mainEntityOfPage":{"@id":"https:\/\/www.buhl.de\/vermieter-web\/beschlussanfechtungsklage-nur-gegen-weg-versammlung-moeglich\/"},"wordCount":434,"commentCount":0,"image":{"@id":"https:\/\/www.buhl.de\/vermieter-web\/beschlussanfechtungsklage-nur-gegen-weg-versammlung-moeglich\/#primaryimage"},"thumbnailUrl":"https:\/\/www.buhl.de\/vermieter-web\/wp-content\/uploads\/sites\/33\/2020\/06\/Urteil-Haus.jpg","keywords":["Beschluss","Eigent\u00fcmer","Klagerecht","WEG"],"inLanguage":"de","potentialAction":[{"@type":"CommentAction","name":"Comment","target":["https:\/\/www.buhl.de\/vermieter-web\/beschlussanfechtungsklage-nur-gegen-weg-versammlung-moeglich\/#respond"]}]},{"@type":"WebPage","@id":"https:\/\/www.buhl.de\/vermieter-web\/beschlussanfechtungsklage-nur-gegen-weg-versammlung-moeglich\/","url":"https:\/\/www.buhl.de\/vermieter-web\/beschlussanfechtungsklage-nur-gegen-weg-versammlung-moeglich\/","name":"Beschlussanfechtungsklage gegen Eigent\u00fcmergruppe nicht m\u00f6glich","isPartOf":{"@id":"https:\/\/www.buhl.de\/vermieter-web\/#website"},"primaryImageOfPage":{"@id":"https:\/\/www.buhl.de\/vermieter-web\/beschlussanfechtungsklage-nur-gegen-weg-versammlung-moeglich\/#primaryimage"},"image":{"@id":"https:\/\/www.buhl.de\/vermieter-web\/beschlussanfechtungsklage-nur-gegen-weg-versammlung-moeglich\/#primaryimage"},"thumbnailUrl":"https:\/\/www.buhl.de\/vermieter-web\/wp-content\/uploads\/sites\/33\/2020\/06\/Urteil-Haus.jpg","datePublished":"2020-06-22T09:37:32+00:00","author":{"@id":"https:\/\/www.buhl.de\/vermieter-web\/#\/schema\/person\/82903e1cb04eb553382702d503991b4f"},"description":"Ein Wohnungseigent\u00fcmer kann nach \u00a7 43 WEG gegen die Wohneigent\u00fcmergemeinschaft klagen. Bezieht sich die Klage jedoch auf eine Gruppe von Eigent\u00fcmern, denen eine Wohnung gemeinsam geh\u00f6rt, ist \u00a7 43 WEG nicht anwendbar.","breadcrumb":{"@id":"https:\/\/www.buhl.de\/vermieter-web\/beschlussanfechtungsklage-nur-gegen-weg-versammlung-moeglich\/#breadcrumb"},"inLanguage":"de","potentialAction":[{"@type":"ReadAction","target":["https:\/\/www.buhl.de\/vermieter-web\/beschlussanfechtungsklage-nur-gegen-weg-versammlung-moeglich\/"]}]},{"@type":"ImageObject","inLanguage":"de","@id":"https:\/\/www.buhl.de\/vermieter-web\/beschlussanfechtungsklage-nur-gegen-weg-versammlung-moeglich\/#primaryimage","url":"https:\/\/www.buhl.de\/vermieter-web\/wp-content\/uploads\/sites\/33\/2020\/06\/Urteil-Haus.jpg","contentUrl":"https:\/\/www.buhl.de\/vermieter-web\/wp-content\/uploads\/sites\/33\/2020\/06\/Urteil-Haus.jpg","width":840,"height":420},{"@type":"BreadcrumbList","@id":"https:\/\/www.buhl.de\/vermieter-web\/beschlussanfechtungsklage-nur-gegen-weg-versammlung-moeglich\/#breadcrumb","itemListElement":[{"@type":"ListItem","position":1,"name":"Startseite","item":"https:\/\/www.buhl.de\/vermieter-web\/"},{"@type":"ListItem","position":2,"name":"Beschlussanfechtungsklage nur gegen WEG-Versammlung m\u00f6glich"}]},{"@type":"WebSite","@id":"https:\/\/www.buhl.de\/vermieter-web\/#website","url":"https:\/\/www.buhl.de\/vermieter-web\/","name":"Online-Nebenkostenabrechnung mit WISO Vermieter-Web","description":"","potentialAction":[{"@type":"SearchAction","target":{"@type":"EntryPoint","urlTemplate":"https:\/\/www.buhl.de\/vermieter-web\/?s={search_term_string}"},"query-input":{"@type":"PropertyValueSpecification","valueRequired":true,"valueName":"search_term_string"}}],"inLanguage":"de"},{"@type":"Person","@id":"https:\/\/www.buhl.de\/vermieter-web\/#\/schema\/person\/82903e1cb04eb553382702d503991b4f","name":"Hartmut Fischer"}]}},"_links":{"self":[{"href":"https:\/\/www.buhl.de\/vermieter-web\/wp-json\/wp\/v2\/posts\/12771","targetHints":{"allow":["GET"]}}],"collection":[{"href":"https:\/\/www.buhl.de\/vermieter-web\/wp-json\/wp\/v2\/posts"}],"about":[{"href":"https:\/\/www.buhl.de\/vermieter-web\/wp-json\/wp\/v2\/types\/post"}],"author":[{"embeddable":true,"href":"https:\/\/www.buhl.de\/vermieter-web\/wp-json\/wp\/v2\/users\/15"}],"replies":[{"embeddable":true,"href":"https:\/\/www.buhl.de\/vermieter-web\/wp-json\/wp\/v2\/comments?post=12771"}],"version-history":[{"count":1,"href":"https:\/\/www.buhl.de\/vermieter-web\/wp-json\/wp\/v2\/posts\/12771\/revisions"}],"predecessor-version":[{"id":12774,"href":"https:\/\/www.buhl.de\/vermieter-web\/wp-json\/wp\/v2\/posts\/12771\/revisions\/12774"}],"wp:featuredmedia":[{"embeddable":true,"href":"https:\/\/www.buhl.de\/vermieter-web\/wp-json\/wp\/v2\/media\/12773"}],"wp:attachment":[{"href":"https:\/\/www.buhl.de\/vermieter-web\/wp-json\/wp\/v2\/media?parent=12771"}],"wp:term":[{"taxonomy":"category","embeddable":true,"href":"https:\/\/www.buhl.de\/vermieter-web\/wp-json\/wp\/v2\/categories?post=12771"},{"taxonomy":"post_tag","embeddable":true,"href":"https:\/\/www.buhl.de\/vermieter-web\/wp-json\/wp\/v2\/tags?post=12771"}],"curies":[{"name":"wp","href":"https:\/\/api.w.org\/{rel}","templated":true}]}}