{"id":12775,"date":"2020-06-23T10:59:20","date_gmt":"2020-06-23T08:59:20","guid":{"rendered":"http:\/\/www.buhl.de\/vermieter-web\/?p=12775"},"modified":"2020-06-23T10:59:20","modified_gmt":"2020-06-23T08:59:20","slug":"doch-nur-ein-foto","status":"publish","type":"post","link":"https:\/\/www.buhl.de\/vermieter-web\/doch-nur-ein-foto\/","title":{"rendered":"Doch nur ein Foto?"},"content":{"rendered":"<p><strong>Wenn eine Wohnung vermietet werden soll, wollen Mietinteressenten nat\u00fcrlich vorher wissen, wo sie nachher wohnen werden. Darum ben\u00f6tigt man h\u00e4ufig Fotos, damit die Zahl der Bewerber von vorneherein auf die \u201eechten Interessenten\u201c eingegrenzt werden kann. Doch Vorsicht: Ist die Wohnung noch bewohnt, kann der Mieter Aufnahmen verbieten. <\/strong><\/p>\n<p>Solange das Mietverh\u00e4ltnis besteht, ist der Mieter der alleinige Besitzer der Wohnung. Insofern hat er die alleinige Verf\u00fcgungsgewalt \u00fcber die Mietsache (mit einigen Ausnahmen). Er kann es deshalb verbieten, dass Aufnahmen von der Mietwohnung gemacht werden. Auch die Gerichte sehen das so. Beispielsweise entschied das Landgericht Frankenthal (Pfalz) in einem\u00a0Urteil\u00a0vom\u00a030.09.2009 (Aktenzeichen 2\u00a0S\u00a0218\/09), dass der zwar das Recht habe eine gek\u00fcndigte Wohnung mit Interessenten zu besichtigen, nicht aber, Fotos von der Wohnung anzufertigen. Das Gericht begr\u00fcndete dies damit, dass der Mieter keine Kontrolle habe, wer Zugang zu den Aufnahmen habe. Das Fotografieren der Wohnung stelle deshalb einen erheblichen Eingriff in die Privatsph\u00e4re des Mieters dar, die dieser nicht hinnehmen m\u00fcsse.<\/p>\n<p>\u00c4hnlich sah dies das Amtsgericht Steinfurt in einem Urteil vom 10.04.2014 (Aktenzeichen 21 C 978\/13). Das Gericht setzte sich hier mit der Abw\u00e4gung der Grundrechte von Vermieter und Mieter auseinander. So habe der Vermieter zwar ein im Grundgesetz verb\u00fcrgtes Eigentumsrecht (Artikel 14 GG). Dem stehe aber das Besitzrecht an der Wohnung gegen\u00fcber (\u00a7 535 Abs. 1 BGB). Der berechtigte Besitz des Mieters unterstehe ebenfalls dem grundrechtlichen Eigentumsschutz (Urteil des Bundesverfassungsgerichts vom 26.05.1993 \u2013 Aktenzeichen Z 1 BvR 208\/93).<\/p>\n<p>Au\u00dferdem sah das Gericht im Fotografieren und Ver\u00f6ffentlichen der Wohnungs-Aufnahmen einen Eingriff in die Allgemeinen Pers\u00f6nlichkeitsrechte des Mieters (Artikel 1 Abs. 1, Artikel 2 Abs. 1 GG). Die Wohnung m\u00fcsse hier der Privatsph\u00e4re der dort wohnenden Person zugeordnet werden. Diese sei besonders sch\u00fctzenswert.<\/p>\n<p>Au\u00dferdem verwies das Gericht auf das Recht der Unverletzlichkeit der Wohnung (Artikel 13 GG), das ebenfalls zugunsten des Mieters ber\u00fccksichtigt werden muss.<\/p>\n<p>Vor diesem Hintergrund wog f\u00fcr das Gericht das Recht des Mieters auf Schutz der Privatsph\u00e4re schwerer, als das grundrechtlich gesch\u00fctzte Verwertungsrecht des Eigent\u00fcmers. Dem Argument des Vermieters, dass er ohne aussagef\u00e4hige Fotos keine neuen Mieter finden k\u00f6nne, widersprach das Gericht in seiner Begr\u00fcndung. Auch wenn bereits \u00fcber die allgemein bekannten Internetportale inseriert w\u00fcrde, \u201egeht es doch entschieden zu weit, eine Wohnung f\u00fcr fast unverk\u00e4uflich zu erkl\u00e4ren, wie es die Vermieterin macht, wenn diese nicht mit Fotos im Internet angeboten wird.\u201c<\/p>\n<p><img loading=\"lazy\" decoding=\"async\" class=\" wp-image-9793\" src=\"https:\/\/www.buhl.de\/vermieter-web\/wp-content\/uploads\/sites\/33\/2019\/09\/Verlinkung.jpg\" alt=\"\" width=\"90\" height=\"87\" \/><\/p>\n<p><em><strong>Das k\u00f6nnte Sie auch interessieren:<br \/>\n<\/strong><\/em><a href=\"https:\/\/www.buhl.de\/vermieter-web\/vermieter-darf-nicht-jeden-zur-wohnungsbesichtigung-mitbringen\/\">Vermieter darf nicht jeden zur Wohnungsbesichtigung mitbringen<\/a><br \/>\n<a href=\"https:\/\/www.buhl.de\/vermieter-web\/wohnungsbesichtigung-in-zeiten-der-pandemie\/\">Wohnungsbesichtigung in Zeiten der Pandemie<\/a><br \/>\n<a href=\"https:\/\/www.buhl.de\/vermieter-web\/kuendigung-wegen-verweigerter-maengelbesichtigung\/\">K\u00fcndigung wegen verweigerter M\u00e4ngelbesichtigung<\/a><\/p>\n","protected":false},"excerpt":{"rendered":"<p>Wenn eine Wohnung vermietet werden soll, wollen Mietinteressenten nat\u00fcrlich vorher wissen, wo sie nachher wohnen werden. Darum ben\u00f6tigt man h\u00e4ufig Fotos, damit die Zahl der Bewerber von vorneherein auf die \u201eechten Interessenten\u201c eingegrenzt werden kann. Doch Vorsicht: Ist die Wohnung noch bewohnt, kann der Mieter Aufnahmen verbieten. Solange das Mietverh\u00e4ltnis besteht, ist der Mieter der &hellip; <\/p>\n<p class=\"link-more\"><a href=\"https:\/\/www.buhl.de\/vermieter-web\/doch-nur-ein-foto\/\" class=\"more-link\"><span class=\"screen-reader-text\">\u201eDoch nur ein Foto?\u201c<\/span> weiterlesen<\/a><\/p>\n","protected":false},"author":15,"featured_media":12777,"comment_status":"open","ping_status":"open","sticky":false,"template":"","format":"standard","meta":{"footnotes":""},"categories":[1],"tags":[3158,4899,4900,4897,4898],"class_list":["post-12775","post","type-post","status-publish","format-standard","has-post-thumbnail","hentry","category-allgemein","tag-besichtigung","tag-besitzrecht","tag-eigentumsrecht","tag-fotografieren","tag-fotos"],"yoast_head":"<!-- This site is optimized with the Yoast SEO Premium plugin v27.4 (Yoast SEO v27.5) - https:\/\/yoast.com\/product\/yoast-seo-premium-wordpress\/ -->\n<title>Vermnieter darf vermietete Wohnung nicht fotografieren<\/title>\n<meta name=\"description\" content=\"In einer noch vermieteten Wohnung hat der Mieter das Besitzrecht und kann das Fotografieren seine Wohnung verbieten. Die Aufnahmen w\u00fcrden einen Eingriff in die Allgemeinen Pers\u00f6nlichkeitsrechte des Mieters darstellen.\" \/>\n<meta name=\"robots\" content=\"noindex, nofollow\" \/>\n<meta property=\"og:locale\" content=\"de_DE\" \/>\n<meta property=\"og:type\" content=\"article\" \/>\n<meta property=\"og:title\" content=\"Doch nur ein Foto?\" \/>\n<meta property=\"og:description\" content=\"In einer noch vermieteten Wohnung hat der Mieter das Besitzrecht und kann das Fotografieren seine Wohnung verbieten. Die Aufnahmen w\u00fcrden einen Eingriff in die Allgemeinen Pers\u00f6nlichkeitsrechte des Mieters darstellen.\" \/>\n<meta property=\"og:url\" content=\"https:\/\/www.buhl.de\/vermieter-web\/doch-nur-ein-foto\/\" \/>\n<meta property=\"og:site_name\" content=\"Online-Nebenkostenabrechnung mit WISO Vermieter-Web\" \/>\n<meta property=\"article:published_time\" content=\"2020-06-23T08:59:20+00:00\" \/>\n<meta property=\"og:image\" content=\"https:\/\/www.buhl.de\/vermieter-web\/wp-content\/uploads\/sites\/33\/2020\/06\/smartphone.jpg\" \/>\n\t<meta property=\"og:image:width\" content=\"840\" \/>\n\t<meta property=\"og:image:height\" content=\"420\" \/>\n\t<meta property=\"og:image:type\" content=\"image\/jpeg\" \/>\n<meta name=\"author\" content=\"Hartmut Fischer\" \/>\n<meta name=\"twitter:card\" content=\"summary_large_image\" \/>\n<meta name=\"twitter:label1\" content=\"Verfasst von\" \/>\n\t<meta name=\"twitter:data1\" content=\"Hartmut Fischer\" \/>\n\t<meta name=\"twitter:label2\" content=\"Gesch\u00e4tzte Lesezeit\" \/>\n\t<meta name=\"twitter:data2\" content=\"2\u00a0Minuten\" \/>\n<script type=\"application\/ld+json\" class=\"yoast-schema-graph\">{\"@context\":\"https:\\\/\\\/schema.org\",\"@graph\":[{\"@type\":\"Article\",\"@id\":\"https:\\\/\\\/www.buhl.de\\\/vermieter-web\\\/doch-nur-ein-foto\\\/#article\",\"isPartOf\":{\"@id\":\"https:\\\/\\\/www.buhl.de\\\/vermieter-web\\\/doch-nur-ein-foto\\\/\"},\"author\":{\"name\":\"Hartmut Fischer\",\"@id\":\"https:\\\/\\\/www.buhl.de\\\/vermieter-web\\\/#\\\/schema\\\/person\\\/82903e1cb04eb553382702d503991b4f\"},\"headline\":\"Doch nur ein Foto?\",\"datePublished\":\"2020-06-23T08:59:20+00:00\",\"mainEntityOfPage\":{\"@id\":\"https:\\\/\\\/www.buhl.de\\\/vermieter-web\\\/doch-nur-ein-foto\\\/\"},\"wordCount\":424,\"commentCount\":0,\"image\":{\"@id\":\"https:\\\/\\\/www.buhl.de\\\/vermieter-web\\\/doch-nur-ein-foto\\\/#primaryimage\"},\"thumbnailUrl\":\"https:\\\/\\\/www.buhl.de\\\/vermieter-web\\\/wp-content\\\/uploads\\\/sites\\\/33\\\/2020\\\/06\\\/smartphone.jpg\",\"keywords\":[\"Besichtigung\",\"Besitzrecht\",\"Eigentumsrecht\",\"Fotografieren\",\"Fotos\"],\"inLanguage\":\"de\",\"potentialAction\":[{\"@type\":\"CommentAction\",\"name\":\"Comment\",\"target\":[\"https:\\\/\\\/www.buhl.de\\\/vermieter-web\\\/doch-nur-ein-foto\\\/#respond\"]}]},{\"@type\":\"WebPage\",\"@id\":\"https:\\\/\\\/www.buhl.de\\\/vermieter-web\\\/doch-nur-ein-foto\\\/\",\"url\":\"https:\\\/\\\/www.buhl.de\\\/vermieter-web\\\/doch-nur-ein-foto\\\/\",\"name\":\"Vermnieter darf vermietete Wohnung nicht fotografieren\",\"isPartOf\":{\"@id\":\"https:\\\/\\\/www.buhl.de\\\/vermieter-web\\\/#website\"},\"primaryImageOfPage\":{\"@id\":\"https:\\\/\\\/www.buhl.de\\\/vermieter-web\\\/doch-nur-ein-foto\\\/#primaryimage\"},\"image\":{\"@id\":\"https:\\\/\\\/www.buhl.de\\\/vermieter-web\\\/doch-nur-ein-foto\\\/#primaryimage\"},\"thumbnailUrl\":\"https:\\\/\\\/www.buhl.de\\\/vermieter-web\\\/wp-content\\\/uploads\\\/sites\\\/33\\\/2020\\\/06\\\/smartphone.jpg\",\"datePublished\":\"2020-06-23T08:59:20+00:00\",\"author\":{\"@id\":\"https:\\\/\\\/www.buhl.de\\\/vermieter-web\\\/#\\\/schema\\\/person\\\/82903e1cb04eb553382702d503991b4f\"},\"description\":\"In einer noch vermieteten Wohnung hat der Mieter das Besitzrecht und kann das Fotografieren seine Wohnung verbieten. Die Aufnahmen w\u00fcrden einen Eingriff in die Allgemeinen Pers\u00f6nlichkeitsrechte des Mieters darstellen.\",\"breadcrumb\":{\"@id\":\"https:\\\/\\\/www.buhl.de\\\/vermieter-web\\\/doch-nur-ein-foto\\\/#breadcrumb\"},\"inLanguage\":\"de\",\"potentialAction\":[{\"@type\":\"ReadAction\",\"target\":[\"https:\\\/\\\/www.buhl.de\\\/vermieter-web\\\/doch-nur-ein-foto\\\/\"]}]},{\"@type\":\"ImageObject\",\"inLanguage\":\"de\",\"@id\":\"https:\\\/\\\/www.buhl.de\\\/vermieter-web\\\/doch-nur-ein-foto\\\/#primaryimage\",\"url\":\"https:\\\/\\\/www.buhl.de\\\/vermieter-web\\\/wp-content\\\/uploads\\\/sites\\\/33\\\/2020\\\/06\\\/smartphone.jpg\",\"contentUrl\":\"https:\\\/\\\/www.buhl.de\\\/vermieter-web\\\/wp-content\\\/uploads\\\/sites\\\/33\\\/2020\\\/06\\\/smartphone.jpg\",\"width\":840,\"height\":420},{\"@type\":\"BreadcrumbList\",\"@id\":\"https:\\\/\\\/www.buhl.de\\\/vermieter-web\\\/doch-nur-ein-foto\\\/#breadcrumb\",\"itemListElement\":[{\"@type\":\"ListItem\",\"position\":1,\"name\":\"Startseite\",\"item\":\"https:\\\/\\\/www.buhl.de\\\/vermieter-web\\\/\"},{\"@type\":\"ListItem\",\"position\":2,\"name\":\"Doch nur ein Foto?\"}]},{\"@type\":\"WebSite\",\"@id\":\"https:\\\/\\\/www.buhl.de\\\/vermieter-web\\\/#website\",\"url\":\"https:\\\/\\\/www.buhl.de\\\/vermieter-web\\\/\",\"name\":\"Online-Nebenkostenabrechnung mit WISO Vermieter-Web\",\"description\":\"\",\"potentialAction\":[{\"@type\":\"SearchAction\",\"target\":{\"@type\":\"EntryPoint\",\"urlTemplate\":\"https:\\\/\\\/www.buhl.de\\\/vermieter-web\\\/?s={search_term_string}\"},\"query-input\":{\"@type\":\"PropertyValueSpecification\",\"valueRequired\":true,\"valueName\":\"search_term_string\"}}],\"inLanguage\":\"de\"},{\"@type\":\"Person\",\"@id\":\"https:\\\/\\\/www.buhl.de\\\/vermieter-web\\\/#\\\/schema\\\/person\\\/82903e1cb04eb553382702d503991b4f\",\"name\":\"Hartmut Fischer\"}]}<\/script>\n<!-- \/ Yoast SEO Premium plugin. -->","yoast_head_json":{"title":"Vermnieter darf vermietete Wohnung nicht fotografieren","description":"In einer noch vermieteten Wohnung hat der Mieter das Besitzrecht und kann das Fotografieren seine Wohnung verbieten. Die Aufnahmen w\u00fcrden einen Eingriff in die Allgemeinen Pers\u00f6nlichkeitsrechte des Mieters darstellen.","robots":{"index":"noindex","follow":"nofollow"},"og_locale":"de_DE","og_type":"article","og_title":"Doch nur ein Foto?","og_description":"In einer noch vermieteten Wohnung hat der Mieter das Besitzrecht und kann das Fotografieren seine Wohnung verbieten. Die Aufnahmen w\u00fcrden einen Eingriff in die Allgemeinen Pers\u00f6nlichkeitsrechte des Mieters darstellen.","og_url":"https:\/\/www.buhl.de\/vermieter-web\/doch-nur-ein-foto\/","og_site_name":"Online-Nebenkostenabrechnung mit WISO Vermieter-Web","article_published_time":"2020-06-23T08:59:20+00:00","og_image":[{"width":840,"height":420,"url":"https:\/\/www.buhl.de\/vermieter-web\/wp-content\/uploads\/sites\/33\/2020\/06\/smartphone.jpg","type":"image\/jpeg"}],"author":"Hartmut Fischer","twitter_card":"summary_large_image","twitter_misc":{"Verfasst von":"Hartmut Fischer","Gesch\u00e4tzte Lesezeit":"2\u00a0Minuten"},"schema":{"@context":"https:\/\/schema.org","@graph":[{"@type":"Article","@id":"https:\/\/www.buhl.de\/vermieter-web\/doch-nur-ein-foto\/#article","isPartOf":{"@id":"https:\/\/www.buhl.de\/vermieter-web\/doch-nur-ein-foto\/"},"author":{"name":"Hartmut Fischer","@id":"https:\/\/www.buhl.de\/vermieter-web\/#\/schema\/person\/82903e1cb04eb553382702d503991b4f"},"headline":"Doch nur ein Foto?","datePublished":"2020-06-23T08:59:20+00:00","mainEntityOfPage":{"@id":"https:\/\/www.buhl.de\/vermieter-web\/doch-nur-ein-foto\/"},"wordCount":424,"commentCount":0,"image":{"@id":"https:\/\/www.buhl.de\/vermieter-web\/doch-nur-ein-foto\/#primaryimage"},"thumbnailUrl":"https:\/\/www.buhl.de\/vermieter-web\/wp-content\/uploads\/sites\/33\/2020\/06\/smartphone.jpg","keywords":["Besichtigung","Besitzrecht","Eigentumsrecht","Fotografieren","Fotos"],"inLanguage":"de","potentialAction":[{"@type":"CommentAction","name":"Comment","target":["https:\/\/www.buhl.de\/vermieter-web\/doch-nur-ein-foto\/#respond"]}]},{"@type":"WebPage","@id":"https:\/\/www.buhl.de\/vermieter-web\/doch-nur-ein-foto\/","url":"https:\/\/www.buhl.de\/vermieter-web\/doch-nur-ein-foto\/","name":"Vermnieter darf vermietete Wohnung nicht fotografieren","isPartOf":{"@id":"https:\/\/www.buhl.de\/vermieter-web\/#website"},"primaryImageOfPage":{"@id":"https:\/\/www.buhl.de\/vermieter-web\/doch-nur-ein-foto\/#primaryimage"},"image":{"@id":"https:\/\/www.buhl.de\/vermieter-web\/doch-nur-ein-foto\/#primaryimage"},"thumbnailUrl":"https:\/\/www.buhl.de\/vermieter-web\/wp-content\/uploads\/sites\/33\/2020\/06\/smartphone.jpg","datePublished":"2020-06-23T08:59:20+00:00","author":{"@id":"https:\/\/www.buhl.de\/vermieter-web\/#\/schema\/person\/82903e1cb04eb553382702d503991b4f"},"description":"In einer noch vermieteten Wohnung hat der Mieter das Besitzrecht und kann das Fotografieren seine Wohnung verbieten. Die Aufnahmen w\u00fcrden einen Eingriff in die Allgemeinen Pers\u00f6nlichkeitsrechte des Mieters darstellen.","breadcrumb":{"@id":"https:\/\/www.buhl.de\/vermieter-web\/doch-nur-ein-foto\/#breadcrumb"},"inLanguage":"de","potentialAction":[{"@type":"ReadAction","target":["https:\/\/www.buhl.de\/vermieter-web\/doch-nur-ein-foto\/"]}]},{"@type":"ImageObject","inLanguage":"de","@id":"https:\/\/www.buhl.de\/vermieter-web\/doch-nur-ein-foto\/#primaryimage","url":"https:\/\/www.buhl.de\/vermieter-web\/wp-content\/uploads\/sites\/33\/2020\/06\/smartphone.jpg","contentUrl":"https:\/\/www.buhl.de\/vermieter-web\/wp-content\/uploads\/sites\/33\/2020\/06\/smartphone.jpg","width":840,"height":420},{"@type":"BreadcrumbList","@id":"https:\/\/www.buhl.de\/vermieter-web\/doch-nur-ein-foto\/#breadcrumb","itemListElement":[{"@type":"ListItem","position":1,"name":"Startseite","item":"https:\/\/www.buhl.de\/vermieter-web\/"},{"@type":"ListItem","position":2,"name":"Doch nur ein Foto?"}]},{"@type":"WebSite","@id":"https:\/\/www.buhl.de\/vermieter-web\/#website","url":"https:\/\/www.buhl.de\/vermieter-web\/","name":"Online-Nebenkostenabrechnung mit WISO Vermieter-Web","description":"","potentialAction":[{"@type":"SearchAction","target":{"@type":"EntryPoint","urlTemplate":"https:\/\/www.buhl.de\/vermieter-web\/?s={search_term_string}"},"query-input":{"@type":"PropertyValueSpecification","valueRequired":true,"valueName":"search_term_string"}}],"inLanguage":"de"},{"@type":"Person","@id":"https:\/\/www.buhl.de\/vermieter-web\/#\/schema\/person\/82903e1cb04eb553382702d503991b4f","name":"Hartmut Fischer"}]}},"_links":{"self":[{"href":"https:\/\/www.buhl.de\/vermieter-web\/wp-json\/wp\/v2\/posts\/12775","targetHints":{"allow":["GET"]}}],"collection":[{"href":"https:\/\/www.buhl.de\/vermieter-web\/wp-json\/wp\/v2\/posts"}],"about":[{"href":"https:\/\/www.buhl.de\/vermieter-web\/wp-json\/wp\/v2\/types\/post"}],"author":[{"embeddable":true,"href":"https:\/\/www.buhl.de\/vermieter-web\/wp-json\/wp\/v2\/users\/15"}],"replies":[{"embeddable":true,"href":"https:\/\/www.buhl.de\/vermieter-web\/wp-json\/wp\/v2\/comments?post=12775"}],"version-history":[{"count":1,"href":"https:\/\/www.buhl.de\/vermieter-web\/wp-json\/wp\/v2\/posts\/12775\/revisions"}],"predecessor-version":[{"id":12778,"href":"https:\/\/www.buhl.de\/vermieter-web\/wp-json\/wp\/v2\/posts\/12775\/revisions\/12778"}],"wp:featuredmedia":[{"embeddable":true,"href":"https:\/\/www.buhl.de\/vermieter-web\/wp-json\/wp\/v2\/media\/12777"}],"wp:attachment":[{"href":"https:\/\/www.buhl.de\/vermieter-web\/wp-json\/wp\/v2\/media?parent=12775"}],"wp:term":[{"taxonomy":"category","embeddable":true,"href":"https:\/\/www.buhl.de\/vermieter-web\/wp-json\/wp\/v2\/categories?post=12775"},{"taxonomy":"post_tag","embeddable":true,"href":"https:\/\/www.buhl.de\/vermieter-web\/wp-json\/wp\/v2\/tags?post=12775"}],"curies":[{"name":"wp","href":"https:\/\/api.w.org\/{rel}","templated":true}]}}