{"id":12787,"date":"2020-06-29T09:17:56","date_gmt":"2020-06-29T07:17:56","guid":{"rendered":"http:\/\/www.buhl.de\/vermieter-web\/?p=12787"},"modified":"2020-06-29T09:17:56","modified_gmt":"2020-06-29T07:17:56","slug":"weg-haftung-des-verwalters","status":"publish","type":"post","link":"https:\/\/www.buhl.de\/vermieter-web\/weg-haftung-des-verwalters\/","title":{"rendered":"WEG: Haftung des Verwalters"},"content":{"rendered":"<p><strong>Der Verwalter einer Wohnungseigent\u00fcmergemeinschaft haftet grunds\u00e4tzlich f\u00fcr die Folgen seiner Arbeit. Das Landgericht Frankfurt am Main hat in einem Urteil vom 20.02.2020 festgestellt, dass die Haftung f\u00fcr einfache Fahrl\u00e4ssigkeit in einem Formularmietvertrag nicht vollst\u00e4ndig ausgeschlossen werden kann (Aktenzeichen 2-13 S 94\/19).<\/strong><\/p>\n<p>In dem Verfahren hatten einige Wohnungseigent\u00fcmer diverse Beschl\u00fcsse zur Entlastung des Verwalters angefochten. Dabei ging es auch um F\u00e4lle, bei denen dem Verwalter zumindest leichte Fahrl\u00e4ssigkeit vorgeworfen wurde. Der Verwalter verwies jedoch auf einen Vertrag, in der die Haftung auf grobe Fahrl\u00e4ssigkeit und Vorsatz begrenzt wurde. Grunds\u00e4tzlich bezweifelte aber das Gericht, ob dieser Vertrag aufgrund seines Alters noch dem aktuellen Vertragsverh\u00e4ltnis entspreche.<\/p>\n<p>Au\u00dferdem sei die Klausel, die den Verwalter von der Haftung bei F\u00e4llen leichter Fahrl\u00e4ssigkeit befreite, nicht wirksam. In einem Formular-Verwaltervertrag k\u00f6nne die Haftung f\u00fcr leichte Fahrl\u00e4ssigkeit nicht vollst\u00e4ndig ausgeschlossen werden. Generelle Freizeichnungsklauseln f\u00fcr einfache Fahrl\u00e4ssigkeit seien bereits nach \u00a7 309 Nr. 7 unwirksam. In der strittigen Klausel sei keine Ausnahme f\u00fcr K\u00f6rper- und Gesundheitssch\u00e4den vorgesehen, was \u00a7 309 BGB widerspreche.<\/p>\n<p><img loading=\"lazy\" decoding=\"async\" class=\" wp-image-9785 alignleft\" src=\"https:\/\/www.buhl.de\/vermieter-web\/wp-content\/uploads\/sites\/33\/2019\/09\/\u00a7.jpg\" alt=\"\" width=\"90\" height=\"87\" \/><\/p>\n<p>\u00a7 309 BGB: Klauselverbote ohne Wertungsm\u00f6glichkeit (Auszug):<br \/>\nAuch soweit eine Abweichung von den gesetzlichen Vorschriften zul\u00e4ssig ist, ist in Allgemeinen Gesch\u00e4ftsbedingungen unwirksam \u2026<\/p>\n<p>\u2026 (Haftungsausschluss bei Verletzung von Leben, K\u00f6rper, Gesundheit und bei grobem Verschulden)<\/p>\n<p>a)\u00a0 (Verletzung von Leben, K\u00f6rper, Gesundheit) ein Ausschluss oder eine Begrenzung der Haftung f\u00fcr Sch\u00e4den aus der Verletzung des Lebens, des K\u00f6rpers oder der Gesundheit, die auf einer fahrl\u00e4ssigen Pflichtverletzung des Verwenders oder einer vors\u00e4tzlichen oder fahrl\u00e4ssigen Pflichtverletzung eines gesetzlichen Vertreters oder Erf\u00fcllungsgehilfen des Verwenders beruhen \u2026<\/p>\n<p><em><strong>Das k\u00f6nnte Sie auch interessieren:<\/strong><\/em><br \/>\n<a href=\"https:\/\/www.buhl.de\/vermieter-web\/weg-trotz-kenntnis-der-eigentuemer-pruefung-von-maengeln-durch-den-verwalter\/\">WEG: Verantwortung des Verwalters<\/a><br \/>\n<a href=\"https:\/\/www.buhl.de\/vermieter-web\/weg-was-die-versammlung-bei-verwalterbestellung-festlegen-muss\/\">WEG: Was die Versammlung bei Verwalterbestellung festlegen muss<\/a><br \/>\n<a href=\"https:\/\/www.buhl.de\/vermieter-web\/weg-verwalter-haftet-fuer-jahresabrechnung\/\">WEG: Verwalter haftet f\u00fcr Jahresabrechnung<\/a><\/p>\n","protected":false},"excerpt":{"rendered":"<p>Der Verwalter einer Wohnungseigent\u00fcmergemeinschaft haftet grunds\u00e4tzlich f\u00fcr die Folgen seiner Arbeit. Das Landgericht Frankfurt am Main hat in einem Urteil vom 20.02.2020 festgestellt, dass die Haftung f\u00fcr einfache Fahrl\u00e4ssigkeit in einem Formularmietvertrag nicht vollst\u00e4ndig ausgeschlossen werden kann (Aktenzeichen 2-13 S 94\/19). In dem Verfahren hatten einige Wohnungseigent\u00fcmer diverse Beschl\u00fcsse zur Entlastung des Verwalters angefochten. Dabei &hellip; <\/p>\n<p class=\"link-more\"><a href=\"https:\/\/www.buhl.de\/vermieter-web\/weg-haftung-des-verwalters\/\" class=\"more-link\"><span class=\"screen-reader-text\">\u201eWEG: Haftung des Verwalters\u201c<\/span> weiterlesen<\/a><\/p>\n","protected":false},"author":15,"featured_media":9885,"comment_status":"open","ping_status":"open","sticky":false,"template":"","format":"standard","meta":{"footnotes":""},"categories":[1],"tags":[529,607,392],"class_list":["post-12787","post","type-post","status-publish","format-standard","has-post-thumbnail","hentry","category-allgemein","tag-fahrlaessigkeit","tag-verwalter","tag-weg"],"yoast_head":"<!-- This site is optimized with the Yoast SEO Premium plugin v27.4 (Yoast SEO v27.5) - https:\/\/yoast.com\/product\/yoast-seo-premium-wordpress\/ -->\n<title>WEG: Kein genereller Ausschluss der Verwalterhaftung bei leichter Fahrl\u00e4ssigkeit<\/title>\n<meta name=\"description\" content=\"Wenn in einem Formular-Verwaltervertrag die Haftung des Verwalters f\u00fcr leichte Fahrl\u00e4ssigkeit uneingeschr\u00e4nkt ausgeschlossen wird, ist dies Klausel nicht wirksam.\" \/>\n<meta name=\"robots\" content=\"noindex, nofollow\" \/>\n<meta property=\"og:locale\" content=\"de_DE\" \/>\n<meta property=\"og:type\" content=\"article\" \/>\n<meta property=\"og:title\" content=\"WEG: Haftung des Verwalters\" \/>\n<meta property=\"og:description\" content=\"Wenn in einem Formular-Verwaltervertrag die Haftung des Verwalters f\u00fcr leichte Fahrl\u00e4ssigkeit uneingeschr\u00e4nkt ausgeschlossen wird, ist dies Klausel nicht wirksam.\" \/>\n<meta property=\"og:url\" content=\"https:\/\/www.buhl.de\/vermieter-web\/weg-haftung-des-verwalters\/\" \/>\n<meta property=\"og:site_name\" content=\"Online-Nebenkostenabrechnung mit WISO Vermieter-Web\" \/>\n<meta property=\"article:published_time\" content=\"2020-06-29T07:17:56+00:00\" \/>\n<meta property=\"og:image\" content=\"https:\/\/www.buhl.de\/vermieter-web\/wp-content\/uploads\/sites\/33\/2019\/10\/hammer.jpg\" \/>\n\t<meta property=\"og:image:width\" content=\"840\" \/>\n\t<meta property=\"og:image:height\" content=\"420\" \/>\n\t<meta property=\"og:image:type\" content=\"image\/jpeg\" \/>\n<meta name=\"author\" content=\"Hartmut Fischer\" \/>\n<meta name=\"twitter:card\" content=\"summary_large_image\" \/>\n<meta name=\"twitter:label1\" content=\"Verfasst von\" \/>\n\t<meta name=\"twitter:data1\" content=\"Hartmut Fischer\" \/>\n\t<meta name=\"twitter:label2\" content=\"Gesch\u00e4tzte Lesezeit\" \/>\n\t<meta name=\"twitter:data2\" content=\"1\u00a0Minute\" \/>\n<script type=\"application\/ld+json\" class=\"yoast-schema-graph\">{\"@context\":\"https:\\\/\\\/schema.org\",\"@graph\":[{\"@type\":\"Article\",\"@id\":\"https:\\\/\\\/www.buhl.de\\\/vermieter-web\\\/weg-haftung-des-verwalters\\\/#article\",\"isPartOf\":{\"@id\":\"https:\\\/\\\/www.buhl.de\\\/vermieter-web\\\/weg-haftung-des-verwalters\\\/\"},\"author\":{\"name\":\"Hartmut Fischer\",\"@id\":\"https:\\\/\\\/www.buhl.de\\\/vermieter-web\\\/#\\\/schema\\\/person\\\/82903e1cb04eb553382702d503991b4f\"},\"headline\":\"WEG: Haftung des Verwalters\",\"datePublished\":\"2020-06-29T07:17:56+00:00\",\"mainEntityOfPage\":{\"@id\":\"https:\\\/\\\/www.buhl.de\\\/vermieter-web\\\/weg-haftung-des-verwalters\\\/\"},\"wordCount\":298,\"commentCount\":0,\"image\":{\"@id\":\"https:\\\/\\\/www.buhl.de\\\/vermieter-web\\\/weg-haftung-des-verwalters\\\/#primaryimage\"},\"thumbnailUrl\":\"https:\\\/\\\/www.buhl.de\\\/vermieter-web\\\/wp-content\\\/uploads\\\/sites\\\/33\\\/2019\\\/10\\\/hammer.jpg\",\"keywords\":[\"Fahrl\u00e4ssigkeit\",\"Verwalter\",\"WEG\"],\"inLanguage\":\"de\",\"potentialAction\":[{\"@type\":\"CommentAction\",\"name\":\"Comment\",\"target\":[\"https:\\\/\\\/www.buhl.de\\\/vermieter-web\\\/weg-haftung-des-verwalters\\\/#respond\"]}]},{\"@type\":\"WebPage\",\"@id\":\"https:\\\/\\\/www.buhl.de\\\/vermieter-web\\\/weg-haftung-des-verwalters\\\/\",\"url\":\"https:\\\/\\\/www.buhl.de\\\/vermieter-web\\\/weg-haftung-des-verwalters\\\/\",\"name\":\"WEG: Kein genereller Ausschluss der Verwalterhaftung bei leichter Fahrl\u00e4ssigkeit\",\"isPartOf\":{\"@id\":\"https:\\\/\\\/www.buhl.de\\\/vermieter-web\\\/#website\"},\"primaryImageOfPage\":{\"@id\":\"https:\\\/\\\/www.buhl.de\\\/vermieter-web\\\/weg-haftung-des-verwalters\\\/#primaryimage\"},\"image\":{\"@id\":\"https:\\\/\\\/www.buhl.de\\\/vermieter-web\\\/weg-haftung-des-verwalters\\\/#primaryimage\"},\"thumbnailUrl\":\"https:\\\/\\\/www.buhl.de\\\/vermieter-web\\\/wp-content\\\/uploads\\\/sites\\\/33\\\/2019\\\/10\\\/hammer.jpg\",\"datePublished\":\"2020-06-29T07:17:56+00:00\",\"author\":{\"@id\":\"https:\\\/\\\/www.buhl.de\\\/vermieter-web\\\/#\\\/schema\\\/person\\\/82903e1cb04eb553382702d503991b4f\"},\"description\":\"Wenn in einem Formular-Verwaltervertrag die Haftung des Verwalters f\u00fcr leichte Fahrl\u00e4ssigkeit uneingeschr\u00e4nkt ausgeschlossen wird, ist dies Klausel nicht wirksam.\",\"breadcrumb\":{\"@id\":\"https:\\\/\\\/www.buhl.de\\\/vermieter-web\\\/weg-haftung-des-verwalters\\\/#breadcrumb\"},\"inLanguage\":\"de\",\"potentialAction\":[{\"@type\":\"ReadAction\",\"target\":[\"https:\\\/\\\/www.buhl.de\\\/vermieter-web\\\/weg-haftung-des-verwalters\\\/\"]}]},{\"@type\":\"ImageObject\",\"inLanguage\":\"de\",\"@id\":\"https:\\\/\\\/www.buhl.de\\\/vermieter-web\\\/weg-haftung-des-verwalters\\\/#primaryimage\",\"url\":\"https:\\\/\\\/www.buhl.de\\\/vermieter-web\\\/wp-content\\\/uploads\\\/sites\\\/33\\\/2019\\\/10\\\/hammer.jpg\",\"contentUrl\":\"https:\\\/\\\/www.buhl.de\\\/vermieter-web\\\/wp-content\\\/uploads\\\/sites\\\/33\\\/2019\\\/10\\\/hammer.jpg\",\"width\":840,\"height\":420},{\"@type\":\"BreadcrumbList\",\"@id\":\"https:\\\/\\\/www.buhl.de\\\/vermieter-web\\\/weg-haftung-des-verwalters\\\/#breadcrumb\",\"itemListElement\":[{\"@type\":\"ListItem\",\"position\":1,\"name\":\"Startseite\",\"item\":\"https:\\\/\\\/www.buhl.de\\\/vermieter-web\\\/\"},{\"@type\":\"ListItem\",\"position\":2,\"name\":\"WEG: Haftung des Verwalters\"}]},{\"@type\":\"WebSite\",\"@id\":\"https:\\\/\\\/www.buhl.de\\\/vermieter-web\\\/#website\",\"url\":\"https:\\\/\\\/www.buhl.de\\\/vermieter-web\\\/\",\"name\":\"Online-Nebenkostenabrechnung mit WISO Vermieter-Web\",\"description\":\"\",\"potentialAction\":[{\"@type\":\"SearchAction\",\"target\":{\"@type\":\"EntryPoint\",\"urlTemplate\":\"https:\\\/\\\/www.buhl.de\\\/vermieter-web\\\/?s={search_term_string}\"},\"query-input\":{\"@type\":\"PropertyValueSpecification\",\"valueRequired\":true,\"valueName\":\"search_term_string\"}}],\"inLanguage\":\"de\"},{\"@type\":\"Person\",\"@id\":\"https:\\\/\\\/www.buhl.de\\\/vermieter-web\\\/#\\\/schema\\\/person\\\/82903e1cb04eb553382702d503991b4f\",\"name\":\"Hartmut Fischer\"}]}<\/script>\n<!-- \/ Yoast SEO Premium plugin. -->","yoast_head_json":{"title":"WEG: Kein genereller Ausschluss der Verwalterhaftung bei leichter Fahrl\u00e4ssigkeit","description":"Wenn in einem Formular-Verwaltervertrag die Haftung des Verwalters f\u00fcr leichte Fahrl\u00e4ssigkeit uneingeschr\u00e4nkt ausgeschlossen wird, ist dies Klausel nicht wirksam.","robots":{"index":"noindex","follow":"nofollow"},"og_locale":"de_DE","og_type":"article","og_title":"WEG: Haftung des Verwalters","og_description":"Wenn in einem Formular-Verwaltervertrag die Haftung des Verwalters f\u00fcr leichte Fahrl\u00e4ssigkeit uneingeschr\u00e4nkt ausgeschlossen wird, ist dies Klausel nicht wirksam.","og_url":"https:\/\/www.buhl.de\/vermieter-web\/weg-haftung-des-verwalters\/","og_site_name":"Online-Nebenkostenabrechnung mit WISO Vermieter-Web","article_published_time":"2020-06-29T07:17:56+00:00","og_image":[{"width":840,"height":420,"url":"https:\/\/www.buhl.de\/vermieter-web\/wp-content\/uploads\/sites\/33\/2019\/10\/hammer.jpg","type":"image\/jpeg"}],"author":"Hartmut Fischer","twitter_card":"summary_large_image","twitter_misc":{"Verfasst von":"Hartmut Fischer","Gesch\u00e4tzte Lesezeit":"1\u00a0Minute"},"schema":{"@context":"https:\/\/schema.org","@graph":[{"@type":"Article","@id":"https:\/\/www.buhl.de\/vermieter-web\/weg-haftung-des-verwalters\/#article","isPartOf":{"@id":"https:\/\/www.buhl.de\/vermieter-web\/weg-haftung-des-verwalters\/"},"author":{"name":"Hartmut Fischer","@id":"https:\/\/www.buhl.de\/vermieter-web\/#\/schema\/person\/82903e1cb04eb553382702d503991b4f"},"headline":"WEG: Haftung des Verwalters","datePublished":"2020-06-29T07:17:56+00:00","mainEntityOfPage":{"@id":"https:\/\/www.buhl.de\/vermieter-web\/weg-haftung-des-verwalters\/"},"wordCount":298,"commentCount":0,"image":{"@id":"https:\/\/www.buhl.de\/vermieter-web\/weg-haftung-des-verwalters\/#primaryimage"},"thumbnailUrl":"https:\/\/www.buhl.de\/vermieter-web\/wp-content\/uploads\/sites\/33\/2019\/10\/hammer.jpg","keywords":["Fahrl\u00e4ssigkeit","Verwalter","WEG"],"inLanguage":"de","potentialAction":[{"@type":"CommentAction","name":"Comment","target":["https:\/\/www.buhl.de\/vermieter-web\/weg-haftung-des-verwalters\/#respond"]}]},{"@type":"WebPage","@id":"https:\/\/www.buhl.de\/vermieter-web\/weg-haftung-des-verwalters\/","url":"https:\/\/www.buhl.de\/vermieter-web\/weg-haftung-des-verwalters\/","name":"WEG: Kein genereller Ausschluss der Verwalterhaftung bei leichter Fahrl\u00e4ssigkeit","isPartOf":{"@id":"https:\/\/www.buhl.de\/vermieter-web\/#website"},"primaryImageOfPage":{"@id":"https:\/\/www.buhl.de\/vermieter-web\/weg-haftung-des-verwalters\/#primaryimage"},"image":{"@id":"https:\/\/www.buhl.de\/vermieter-web\/weg-haftung-des-verwalters\/#primaryimage"},"thumbnailUrl":"https:\/\/www.buhl.de\/vermieter-web\/wp-content\/uploads\/sites\/33\/2019\/10\/hammer.jpg","datePublished":"2020-06-29T07:17:56+00:00","author":{"@id":"https:\/\/www.buhl.de\/vermieter-web\/#\/schema\/person\/82903e1cb04eb553382702d503991b4f"},"description":"Wenn in einem Formular-Verwaltervertrag die Haftung des Verwalters f\u00fcr leichte Fahrl\u00e4ssigkeit uneingeschr\u00e4nkt ausgeschlossen wird, ist dies Klausel nicht wirksam.","breadcrumb":{"@id":"https:\/\/www.buhl.de\/vermieter-web\/weg-haftung-des-verwalters\/#breadcrumb"},"inLanguage":"de","potentialAction":[{"@type":"ReadAction","target":["https:\/\/www.buhl.de\/vermieter-web\/weg-haftung-des-verwalters\/"]}]},{"@type":"ImageObject","inLanguage":"de","@id":"https:\/\/www.buhl.de\/vermieter-web\/weg-haftung-des-verwalters\/#primaryimage","url":"https:\/\/www.buhl.de\/vermieter-web\/wp-content\/uploads\/sites\/33\/2019\/10\/hammer.jpg","contentUrl":"https:\/\/www.buhl.de\/vermieter-web\/wp-content\/uploads\/sites\/33\/2019\/10\/hammer.jpg","width":840,"height":420},{"@type":"BreadcrumbList","@id":"https:\/\/www.buhl.de\/vermieter-web\/weg-haftung-des-verwalters\/#breadcrumb","itemListElement":[{"@type":"ListItem","position":1,"name":"Startseite","item":"https:\/\/www.buhl.de\/vermieter-web\/"},{"@type":"ListItem","position":2,"name":"WEG: Haftung des Verwalters"}]},{"@type":"WebSite","@id":"https:\/\/www.buhl.de\/vermieter-web\/#website","url":"https:\/\/www.buhl.de\/vermieter-web\/","name":"Online-Nebenkostenabrechnung mit WISO Vermieter-Web","description":"","potentialAction":[{"@type":"SearchAction","target":{"@type":"EntryPoint","urlTemplate":"https:\/\/www.buhl.de\/vermieter-web\/?s={search_term_string}"},"query-input":{"@type":"PropertyValueSpecification","valueRequired":true,"valueName":"search_term_string"}}],"inLanguage":"de"},{"@type":"Person","@id":"https:\/\/www.buhl.de\/vermieter-web\/#\/schema\/person\/82903e1cb04eb553382702d503991b4f","name":"Hartmut Fischer"}]}},"_links":{"self":[{"href":"https:\/\/www.buhl.de\/vermieter-web\/wp-json\/wp\/v2\/posts\/12787","targetHints":{"allow":["GET"]}}],"collection":[{"href":"https:\/\/www.buhl.de\/vermieter-web\/wp-json\/wp\/v2\/posts"}],"about":[{"href":"https:\/\/www.buhl.de\/vermieter-web\/wp-json\/wp\/v2\/types\/post"}],"author":[{"embeddable":true,"href":"https:\/\/www.buhl.de\/vermieter-web\/wp-json\/wp\/v2\/users\/15"}],"replies":[{"embeddable":true,"href":"https:\/\/www.buhl.de\/vermieter-web\/wp-json\/wp\/v2\/comments?post=12787"}],"version-history":[{"count":1,"href":"https:\/\/www.buhl.de\/vermieter-web\/wp-json\/wp\/v2\/posts\/12787\/revisions"}],"predecessor-version":[{"id":12790,"href":"https:\/\/www.buhl.de\/vermieter-web\/wp-json\/wp\/v2\/posts\/12787\/revisions\/12790"}],"wp:featuredmedia":[{"embeddable":true,"href":"https:\/\/www.buhl.de\/vermieter-web\/wp-json\/wp\/v2\/media\/9885"}],"wp:attachment":[{"href":"https:\/\/www.buhl.de\/vermieter-web\/wp-json\/wp\/v2\/media?parent=12787"}],"wp:term":[{"taxonomy":"category","embeddable":true,"href":"https:\/\/www.buhl.de\/vermieter-web\/wp-json\/wp\/v2\/categories?post=12787"},{"taxonomy":"post_tag","embeddable":true,"href":"https:\/\/www.buhl.de\/vermieter-web\/wp-json\/wp\/v2\/tags?post=12787"}],"curies":[{"name":"wp","href":"https:\/\/api.w.org\/{rel}","templated":true}]}}