{"id":12799,"date":"2020-07-03T11:46:35","date_gmt":"2020-07-03T09:46:35","guid":{"rendered":"http:\/\/www.buhl.de\/vermieter-web\/?p=12799"},"modified":"2020-07-03T11:47:39","modified_gmt":"2020-07-03T09:47:39","slug":"corona-drei-monate-raeumungsfrist-wegen-pandemie","status":"publish","type":"post","link":"https:\/\/www.buhl.de\/vermieter-web\/corona-drei-monate-raeumungsfrist-wegen-pandemie\/","title":{"rendered":"Corona: Drei Monate R\u00e4umungsfrist wegen Pandemie"},"content":{"rendered":"<p><strong>Die Covid-19-Pandemie erschwert auch die Suche nach einer neuen Wohnung. Deshalb ist in dieser Situation eine R\u00e4umungsfrist von drei Monaten durchaus angemessen. Die Anspr\u00fcche des Vermieters werden dabei durch die ihm zustehende Nutzungsentsch\u00e4digung nach \u00a7 546a BGB ausreichend ber\u00fccksichtigt. Zu diesem Ergebnis kam das Amtsgericht D\u00fcsseldorf in einem Urteil vom 27.03.2020 (Aktenzeichen 46 C 263\/18)<\/strong><\/p>\n<p>In dem Verfahren, in dem das Gericht bereits die doch recht lange R\u00e4umungsfrist festlegte, wurde ein Mieter dazu verurteilt, die Mietwohnung zu r\u00e4umen und wieder an den Vermieter herauszugeben. Dies habe binnen drei Monate zu geschehen.<\/p>\n<hr \/>\n<p><img loading=\"lazy\" decoding=\"async\" class=\" wp-image-10018 alignleft\" src=\"https:\/\/www.buhl.de\/vermieter-web\/wp-content\/uploads\/sites\/33\/2019\/12\/Info.jpg\" alt=\"\" width=\"90\" height=\"87\" \/>Das Gericht ist grunds\u00e4tzlich nicht verpflichtet, eine R\u00e4umungsfrist festzulegen. Wenn es dies tut, entscheidet es nach \u201efreiem Ermessen\u201c. Dabei muss das Gericht die Interessen des Vermieters und des Mieters gegeneinander abw\u00e4gen (Urteil des Oberlandesgerichts Hamm vom 25.10.1994 \u2013 Aktenzeichen 28 U 40\/94). Dabei spielt die M\u00f6glichkeit, dass der Mieter obdachlos wird, eine zentrale Rolle. Gleichzeitig spielt es aber meist auch eine wichtige Rolle, ob der Mieter sein vertragswidriges Verhalten, das zur K\u00fcndigung f\u00fchrte, fortsetzt.<\/p>\n<hr \/>\n<p>In seiner Urteilsbegr\u00fcndung stellte das Gericht klar, dass sie sich f\u00fcr eine dreimonatige R\u00e4umungsfrist entschieden habe, da das \u00f6ffentliche Leben durch die Schutzma\u00dfnahmen zur Eind\u00e4mmung der Pandemie \u00fcber weite Strecken lahmgelegt habe. Dies wirke sich auch auf die Suche nach einer neuen Wohnung negativ aus. Gleichzeitig w\u00e4re es in dieser Zeit aber auch f\u00fcr den Vermieter schwierig, die Wohnung wieder zu vermieten. Dieser sei jedoch in seinen Rechten insofern gesch\u00fctzt, als er Anspruch auf eine Nutzungsentsch\u00e4digung (\u00a7 546a) habe.<\/p>\n<hr \/>\n<p><img loading=\"lazy\" decoding=\"async\" class=\" wp-image-9785 alignleft\" src=\"https:\/\/www.buhl.de\/vermieter-web\/wp-content\/uploads\/sites\/33\/2019\/09\/\u00a7.jpg\" alt=\"\" width=\"90\" height=\"87\" \/>\u00a7 546a Entsch\u00e4digung des Vermieters bei versp\u00e4teter R\u00fcckgabe:<br \/>\n(1) Gibt der Mieter die Mietsache nach Beendigung des Mietverh\u00e4ltnisses nicht zur\u00fcck, so kann der Vermieter f\u00fcr die Dauer der Vorenthaltung als Entsch\u00e4digung die vereinbarte Miete oder die Miete verlangen, die f\u00fcr vergleichbare Sachen orts\u00fcblich ist.<br \/>\n(2) Die Geltendmachung eines weiteren Schadens ist nicht ausgeschlossen.<\/p>\n<hr \/>\n<p><img loading=\"lazy\" decoding=\"async\" class=\" wp-image-12797 alignleft\" src=\"https:\/\/www.buhl.de\/vermieter-web\/wp-content\/uploads\/sites\/33\/2020\/07\/Achtung.jpg\" alt=\"\" width=\"90\" height=\"88\" \/>Wichtig ist hier, dass das Gericht seine Entscheidung zu Zeiten mit sehr strengen Beschr\u00e4nkungen zur Pandemiebek\u00e4mpfung gesprochen hat. Da diese immer st\u00e4rker zur\u00fcckgenommen werden, d\u00fcrfte das Gericht aktuell anders entscheiden.<\/p>\n<p><strong>Das k\u00f6nnte Sie auch interessieren:<br \/>\n<\/strong><a href=\"https:\/\/www.buhl.de\/vermieter-web\/corona-verlaengerte-raeumungsfrist-wegen-virus-pandemie\/\">Corona: Verl\u00e4ngerte R\u00e4umungsfrist wegen Virus-Pandemie\u00a0<\/a><br \/>\n<a style=\"font-size: 1rem\" href=\"https:\/\/www.buhl.de\/vermieter-web\/wohnungsbesichtigung-in-zeiten-der-pandemie\/\">Wohnungsbesichtigung in Zeiten der Pandemie<\/a><span style=\"font-size: 1rem\"><br \/>\n<\/span><a href=\"https:\/\/www.buhl.de\/vermieter-web\/corona-folgen-keine-kuendigung-des-dispokredits\/\">Corona-Folgen: Keine K\u00fcndigung des Dispokredits<\/a><\/p>\n","protected":false},"excerpt":{"rendered":"<p>Die Covid-19-Pandemie erschwert auch die Suche nach einer neuen Wohnung. Deshalb ist in dieser Situation eine R\u00e4umungsfrist von drei Monaten durchaus angemessen. Die Anspr\u00fcche des Vermieters werden dabei durch die ihm zustehende Nutzungsentsch\u00e4digung nach \u00a7 546a BGB ausreichend ber\u00fccksichtigt. Zu diesem Ergebnis kam das Amtsgericht D\u00fcsseldorf in einem Urteil vom 27.03.2020 (Aktenzeichen 46 C 263\/18) &hellip; <\/p>\n<p class=\"link-more\"><a href=\"https:\/\/www.buhl.de\/vermieter-web\/corona-drei-monate-raeumungsfrist-wegen-pandemie\/\" class=\"more-link\"><span class=\"screen-reader-text\">\u201eCorona: Drei Monate R\u00e4umungsfrist wegen Pandemie\u201c<\/span> weiterlesen<\/a><\/p>\n","protected":false},"author":15,"featured_media":10070,"comment_status":"open","ping_status":"open","sticky":false,"template":"","format":"standard","meta":{"footnotes":""},"categories":[1],"tags":[4115,4566],"class_list":["post-12799","post","type-post","status-publish","format-standard","has-post-thumbnail","hentry","category-allgemein","tag-corona","tag-raeumungsfrist"],"yoast_head":"<!-- This site is optimized with the Yoast SEO Premium plugin v27.4 (Yoast SEO v27.5) - https:\/\/yoast.com\/product\/yoast-seo-premium-wordpress\/ -->\n<title>Corona: Drei Monate R\u00e4umungsfrist wegen Pandemie<\/title>\n<meta name=\"description\" content=\"Da die Corona-Pandemie die Wohnungssuche erschwert, sind die Gerichte bereit, den Mietern eine l\u00e4ngere R\u00e4umungsfrist einzur\u00e4umen. Je lockerer die Restriktionen werden, umso weniger werden die Gerichte hier Zugest\u00e4ndnisse machen.\" \/>\n<meta name=\"robots\" content=\"noindex, nofollow\" \/>\n<meta property=\"og:locale\" content=\"de_DE\" \/>\n<meta property=\"og:type\" content=\"article\" \/>\n<meta property=\"og:title\" content=\"Corona: Drei Monate R\u00e4umungsfrist wegen Pandemie\" \/>\n<meta property=\"og:description\" content=\"Da die Corona-Pandemie die Wohnungssuche erschwert, sind die Gerichte bereit, den Mietern eine l\u00e4ngere R\u00e4umungsfrist einzur\u00e4umen. Je lockerer die Restriktionen werden, umso weniger werden die Gerichte hier Zugest\u00e4ndnisse machen.\" \/>\n<meta property=\"og:url\" content=\"https:\/\/www.buhl.de\/vermieter-web\/corona-drei-monate-raeumungsfrist-wegen-pandemie\/\" \/>\n<meta property=\"og:site_name\" content=\"Online-Nebenkostenabrechnung mit WISO Vermieter-Web\" \/>\n<meta property=\"article:published_time\" content=\"2020-07-03T09:46:35+00:00\" \/>\n<meta property=\"article:modified_time\" content=\"2020-07-03T09:47:39+00:00\" \/>\n<meta property=\"og:image\" content=\"https:\/\/www.buhl.de\/vermieter-web\/wp-content\/uploads\/sites\/33\/2020\/01\/Urteil-Haus.jpg\" \/>\n\t<meta property=\"og:image:width\" content=\"840\" \/>\n\t<meta property=\"og:image:height\" content=\"420\" \/>\n\t<meta property=\"og:image:type\" content=\"image\/jpeg\" \/>\n<meta name=\"author\" content=\"Hartmut Fischer\" \/>\n<meta name=\"twitter:card\" content=\"summary_large_image\" \/>\n<meta name=\"twitter:label1\" content=\"Verfasst von\" \/>\n\t<meta name=\"twitter:data1\" content=\"Hartmut Fischer\" \/>\n\t<meta name=\"twitter:label2\" content=\"Gesch\u00e4tzte Lesezeit\" \/>\n\t<meta name=\"twitter:data2\" content=\"2\u00a0Minuten\" \/>\n<script type=\"application\/ld+json\" class=\"yoast-schema-graph\">{\"@context\":\"https:\\\/\\\/schema.org\",\"@graph\":[{\"@type\":\"Article\",\"@id\":\"https:\\\/\\\/www.buhl.de\\\/vermieter-web\\\/corona-drei-monate-raeumungsfrist-wegen-pandemie\\\/#article\",\"isPartOf\":{\"@id\":\"https:\\\/\\\/www.buhl.de\\\/vermieter-web\\\/corona-drei-monate-raeumungsfrist-wegen-pandemie\\\/\"},\"author\":{\"name\":\"Hartmut Fischer\",\"@id\":\"https:\\\/\\\/www.buhl.de\\\/vermieter-web\\\/#\\\/schema\\\/person\\\/82903e1cb04eb553382702d503991b4f\"},\"headline\":\"Corona: Drei Monate R\u00e4umungsfrist wegen Pandemie\",\"datePublished\":\"2020-07-03T09:46:35+00:00\",\"dateModified\":\"2020-07-03T09:47:39+00:00\",\"mainEntityOfPage\":{\"@id\":\"https:\\\/\\\/www.buhl.de\\\/vermieter-web\\\/corona-drei-monate-raeumungsfrist-wegen-pandemie\\\/\"},\"wordCount\":383,\"commentCount\":0,\"image\":{\"@id\":\"https:\\\/\\\/www.buhl.de\\\/vermieter-web\\\/corona-drei-monate-raeumungsfrist-wegen-pandemie\\\/#primaryimage\"},\"thumbnailUrl\":\"https:\\\/\\\/www.buhl.de\\\/vermieter-web\\\/wp-content\\\/uploads\\\/sites\\\/33\\\/2020\\\/01\\\/Urteil-Haus.jpg\",\"keywords\":[\"Corona\",\"R\u00e4umungsfrist\"],\"inLanguage\":\"de\",\"potentialAction\":[{\"@type\":\"CommentAction\",\"name\":\"Comment\",\"target\":[\"https:\\\/\\\/www.buhl.de\\\/vermieter-web\\\/corona-drei-monate-raeumungsfrist-wegen-pandemie\\\/#respond\"]}]},{\"@type\":\"WebPage\",\"@id\":\"https:\\\/\\\/www.buhl.de\\\/vermieter-web\\\/corona-drei-monate-raeumungsfrist-wegen-pandemie\\\/\",\"url\":\"https:\\\/\\\/www.buhl.de\\\/vermieter-web\\\/corona-drei-monate-raeumungsfrist-wegen-pandemie\\\/\",\"name\":\"Corona: Drei Monate R\u00e4umungsfrist wegen Pandemie\",\"isPartOf\":{\"@id\":\"https:\\\/\\\/www.buhl.de\\\/vermieter-web\\\/#website\"},\"primaryImageOfPage\":{\"@id\":\"https:\\\/\\\/www.buhl.de\\\/vermieter-web\\\/corona-drei-monate-raeumungsfrist-wegen-pandemie\\\/#primaryimage\"},\"image\":{\"@id\":\"https:\\\/\\\/www.buhl.de\\\/vermieter-web\\\/corona-drei-monate-raeumungsfrist-wegen-pandemie\\\/#primaryimage\"},\"thumbnailUrl\":\"https:\\\/\\\/www.buhl.de\\\/vermieter-web\\\/wp-content\\\/uploads\\\/sites\\\/33\\\/2020\\\/01\\\/Urteil-Haus.jpg\",\"datePublished\":\"2020-07-03T09:46:35+00:00\",\"dateModified\":\"2020-07-03T09:47:39+00:00\",\"author\":{\"@id\":\"https:\\\/\\\/www.buhl.de\\\/vermieter-web\\\/#\\\/schema\\\/person\\\/82903e1cb04eb553382702d503991b4f\"},\"description\":\"Da die Corona-Pandemie die Wohnungssuche erschwert, sind die Gerichte bereit, den Mietern eine l\u00e4ngere R\u00e4umungsfrist einzur\u00e4umen. Je lockerer die Restriktionen werden, umso weniger werden die Gerichte hier Zugest\u00e4ndnisse machen.\",\"breadcrumb\":{\"@id\":\"https:\\\/\\\/www.buhl.de\\\/vermieter-web\\\/corona-drei-monate-raeumungsfrist-wegen-pandemie\\\/#breadcrumb\"},\"inLanguage\":\"de\",\"potentialAction\":[{\"@type\":\"ReadAction\",\"target\":[\"https:\\\/\\\/www.buhl.de\\\/vermieter-web\\\/corona-drei-monate-raeumungsfrist-wegen-pandemie\\\/\"]}]},{\"@type\":\"ImageObject\",\"inLanguage\":\"de\",\"@id\":\"https:\\\/\\\/www.buhl.de\\\/vermieter-web\\\/corona-drei-monate-raeumungsfrist-wegen-pandemie\\\/#primaryimage\",\"url\":\"https:\\\/\\\/www.buhl.de\\\/vermieter-web\\\/wp-content\\\/uploads\\\/sites\\\/33\\\/2020\\\/01\\\/Urteil-Haus.jpg\",\"contentUrl\":\"https:\\\/\\\/www.buhl.de\\\/vermieter-web\\\/wp-content\\\/uploads\\\/sites\\\/33\\\/2020\\\/01\\\/Urteil-Haus.jpg\",\"width\":840,\"height\":420},{\"@type\":\"BreadcrumbList\",\"@id\":\"https:\\\/\\\/www.buhl.de\\\/vermieter-web\\\/corona-drei-monate-raeumungsfrist-wegen-pandemie\\\/#breadcrumb\",\"itemListElement\":[{\"@type\":\"ListItem\",\"position\":1,\"name\":\"Startseite\",\"item\":\"https:\\\/\\\/www.buhl.de\\\/vermieter-web\\\/\"},{\"@type\":\"ListItem\",\"position\":2,\"name\":\"Corona: Drei Monate R\u00e4umungsfrist wegen Pandemie\"}]},{\"@type\":\"WebSite\",\"@id\":\"https:\\\/\\\/www.buhl.de\\\/vermieter-web\\\/#website\",\"url\":\"https:\\\/\\\/www.buhl.de\\\/vermieter-web\\\/\",\"name\":\"Online-Nebenkostenabrechnung mit WISO Vermieter-Web\",\"description\":\"\",\"potentialAction\":[{\"@type\":\"SearchAction\",\"target\":{\"@type\":\"EntryPoint\",\"urlTemplate\":\"https:\\\/\\\/www.buhl.de\\\/vermieter-web\\\/?s={search_term_string}\"},\"query-input\":{\"@type\":\"PropertyValueSpecification\",\"valueRequired\":true,\"valueName\":\"search_term_string\"}}],\"inLanguage\":\"de\"},{\"@type\":\"Person\",\"@id\":\"https:\\\/\\\/www.buhl.de\\\/vermieter-web\\\/#\\\/schema\\\/person\\\/82903e1cb04eb553382702d503991b4f\",\"name\":\"Hartmut Fischer\"}]}<\/script>\n<!-- \/ Yoast SEO Premium plugin. -->","yoast_head_json":{"title":"Corona: Drei Monate R\u00e4umungsfrist wegen Pandemie","description":"Da die Corona-Pandemie die Wohnungssuche erschwert, sind die Gerichte bereit, den Mietern eine l\u00e4ngere R\u00e4umungsfrist einzur\u00e4umen. Je lockerer die Restriktionen werden, umso weniger werden die Gerichte hier Zugest\u00e4ndnisse machen.","robots":{"index":"noindex","follow":"nofollow"},"og_locale":"de_DE","og_type":"article","og_title":"Corona: Drei Monate R\u00e4umungsfrist wegen Pandemie","og_description":"Da die Corona-Pandemie die Wohnungssuche erschwert, sind die Gerichte bereit, den Mietern eine l\u00e4ngere R\u00e4umungsfrist einzur\u00e4umen. Je lockerer die Restriktionen werden, umso weniger werden die Gerichte hier Zugest\u00e4ndnisse machen.","og_url":"https:\/\/www.buhl.de\/vermieter-web\/corona-drei-monate-raeumungsfrist-wegen-pandemie\/","og_site_name":"Online-Nebenkostenabrechnung mit WISO Vermieter-Web","article_published_time":"2020-07-03T09:46:35+00:00","article_modified_time":"2020-07-03T09:47:39+00:00","og_image":[{"width":840,"height":420,"url":"https:\/\/www.buhl.de\/vermieter-web\/wp-content\/uploads\/sites\/33\/2020\/01\/Urteil-Haus.jpg","type":"image\/jpeg"}],"author":"Hartmut Fischer","twitter_card":"summary_large_image","twitter_misc":{"Verfasst von":"Hartmut Fischer","Gesch\u00e4tzte Lesezeit":"2\u00a0Minuten"},"schema":{"@context":"https:\/\/schema.org","@graph":[{"@type":"Article","@id":"https:\/\/www.buhl.de\/vermieter-web\/corona-drei-monate-raeumungsfrist-wegen-pandemie\/#article","isPartOf":{"@id":"https:\/\/www.buhl.de\/vermieter-web\/corona-drei-monate-raeumungsfrist-wegen-pandemie\/"},"author":{"name":"Hartmut Fischer","@id":"https:\/\/www.buhl.de\/vermieter-web\/#\/schema\/person\/82903e1cb04eb553382702d503991b4f"},"headline":"Corona: Drei Monate R\u00e4umungsfrist wegen Pandemie","datePublished":"2020-07-03T09:46:35+00:00","dateModified":"2020-07-03T09:47:39+00:00","mainEntityOfPage":{"@id":"https:\/\/www.buhl.de\/vermieter-web\/corona-drei-monate-raeumungsfrist-wegen-pandemie\/"},"wordCount":383,"commentCount":0,"image":{"@id":"https:\/\/www.buhl.de\/vermieter-web\/corona-drei-monate-raeumungsfrist-wegen-pandemie\/#primaryimage"},"thumbnailUrl":"https:\/\/www.buhl.de\/vermieter-web\/wp-content\/uploads\/sites\/33\/2020\/01\/Urteil-Haus.jpg","keywords":["Corona","R\u00e4umungsfrist"],"inLanguage":"de","potentialAction":[{"@type":"CommentAction","name":"Comment","target":["https:\/\/www.buhl.de\/vermieter-web\/corona-drei-monate-raeumungsfrist-wegen-pandemie\/#respond"]}]},{"@type":"WebPage","@id":"https:\/\/www.buhl.de\/vermieter-web\/corona-drei-monate-raeumungsfrist-wegen-pandemie\/","url":"https:\/\/www.buhl.de\/vermieter-web\/corona-drei-monate-raeumungsfrist-wegen-pandemie\/","name":"Corona: Drei Monate R\u00e4umungsfrist wegen Pandemie","isPartOf":{"@id":"https:\/\/www.buhl.de\/vermieter-web\/#website"},"primaryImageOfPage":{"@id":"https:\/\/www.buhl.de\/vermieter-web\/corona-drei-monate-raeumungsfrist-wegen-pandemie\/#primaryimage"},"image":{"@id":"https:\/\/www.buhl.de\/vermieter-web\/corona-drei-monate-raeumungsfrist-wegen-pandemie\/#primaryimage"},"thumbnailUrl":"https:\/\/www.buhl.de\/vermieter-web\/wp-content\/uploads\/sites\/33\/2020\/01\/Urteil-Haus.jpg","datePublished":"2020-07-03T09:46:35+00:00","dateModified":"2020-07-03T09:47:39+00:00","author":{"@id":"https:\/\/www.buhl.de\/vermieter-web\/#\/schema\/person\/82903e1cb04eb553382702d503991b4f"},"description":"Da die Corona-Pandemie die Wohnungssuche erschwert, sind die Gerichte bereit, den Mietern eine l\u00e4ngere R\u00e4umungsfrist einzur\u00e4umen. Je lockerer die Restriktionen werden, umso weniger werden die Gerichte hier Zugest\u00e4ndnisse machen.","breadcrumb":{"@id":"https:\/\/www.buhl.de\/vermieter-web\/corona-drei-monate-raeumungsfrist-wegen-pandemie\/#breadcrumb"},"inLanguage":"de","potentialAction":[{"@type":"ReadAction","target":["https:\/\/www.buhl.de\/vermieter-web\/corona-drei-monate-raeumungsfrist-wegen-pandemie\/"]}]},{"@type":"ImageObject","inLanguage":"de","@id":"https:\/\/www.buhl.de\/vermieter-web\/corona-drei-monate-raeumungsfrist-wegen-pandemie\/#primaryimage","url":"https:\/\/www.buhl.de\/vermieter-web\/wp-content\/uploads\/sites\/33\/2020\/01\/Urteil-Haus.jpg","contentUrl":"https:\/\/www.buhl.de\/vermieter-web\/wp-content\/uploads\/sites\/33\/2020\/01\/Urteil-Haus.jpg","width":840,"height":420},{"@type":"BreadcrumbList","@id":"https:\/\/www.buhl.de\/vermieter-web\/corona-drei-monate-raeumungsfrist-wegen-pandemie\/#breadcrumb","itemListElement":[{"@type":"ListItem","position":1,"name":"Startseite","item":"https:\/\/www.buhl.de\/vermieter-web\/"},{"@type":"ListItem","position":2,"name":"Corona: Drei Monate R\u00e4umungsfrist wegen Pandemie"}]},{"@type":"WebSite","@id":"https:\/\/www.buhl.de\/vermieter-web\/#website","url":"https:\/\/www.buhl.de\/vermieter-web\/","name":"Online-Nebenkostenabrechnung mit WISO Vermieter-Web","description":"","potentialAction":[{"@type":"SearchAction","target":{"@type":"EntryPoint","urlTemplate":"https:\/\/www.buhl.de\/vermieter-web\/?s={search_term_string}"},"query-input":{"@type":"PropertyValueSpecification","valueRequired":true,"valueName":"search_term_string"}}],"inLanguage":"de"},{"@type":"Person","@id":"https:\/\/www.buhl.de\/vermieter-web\/#\/schema\/person\/82903e1cb04eb553382702d503991b4f","name":"Hartmut Fischer"}]}},"_links":{"self":[{"href":"https:\/\/www.buhl.de\/vermieter-web\/wp-json\/wp\/v2\/posts\/12799","targetHints":{"allow":["GET"]}}],"collection":[{"href":"https:\/\/www.buhl.de\/vermieter-web\/wp-json\/wp\/v2\/posts"}],"about":[{"href":"https:\/\/www.buhl.de\/vermieter-web\/wp-json\/wp\/v2\/types\/post"}],"author":[{"embeddable":true,"href":"https:\/\/www.buhl.de\/vermieter-web\/wp-json\/wp\/v2\/users\/15"}],"replies":[{"embeddable":true,"href":"https:\/\/www.buhl.de\/vermieter-web\/wp-json\/wp\/v2\/comments?post=12799"}],"version-history":[{"count":1,"href":"https:\/\/www.buhl.de\/vermieter-web\/wp-json\/wp\/v2\/posts\/12799\/revisions"}],"predecessor-version":[{"id":12801,"href":"https:\/\/www.buhl.de\/vermieter-web\/wp-json\/wp\/v2\/posts\/12799\/revisions\/12801"}],"wp:featuredmedia":[{"embeddable":true,"href":"https:\/\/www.buhl.de\/vermieter-web\/wp-json\/wp\/v2\/media\/10070"}],"wp:attachment":[{"href":"https:\/\/www.buhl.de\/vermieter-web\/wp-json\/wp\/v2\/media?parent=12799"}],"wp:term":[{"taxonomy":"category","embeddable":true,"href":"https:\/\/www.buhl.de\/vermieter-web\/wp-json\/wp\/v2\/categories?post=12799"},{"taxonomy":"post_tag","embeddable":true,"href":"https:\/\/www.buhl.de\/vermieter-web\/wp-json\/wp\/v2\/tags?post=12799"}],"curies":[{"name":"wp","href":"https:\/\/api.w.org\/{rel}","templated":true}]}}