{"id":12819,"date":"2020-07-14T11:13:28","date_gmt":"2020-07-14T09:13:28","guid":{"rendered":"http:\/\/www.buhl.de\/vermieter-web\/?p=12819"},"modified":"2020-07-16T08:18:28","modified_gmt":"2020-07-16T06:18:28","slug":"weg-informationspflichten-bei-neuwahl-eines-verwalters","status":"publish","type":"post","link":"https:\/\/www.buhl.de\/vermieter-web\/weg-informationspflichten-bei-neuwahl-eines-verwalters\/","title":{"rendered":"WEG: Informationspflichten bei Neuwahl eines Verwalters"},"content":{"rendered":"<p><strong>Soll in einer Eigent\u00fcmerversammlung ein neuer WEG-Verwalter bestellt werden, m\u00fcssen die Mitglieder der Versammlung zuvor \u00fcber die Angebote von Mitbewerbern informiert werden. Hierf\u00fcr reicht es aus, dass den Wohnungseigent\u00fcmern innerhalb der Einladungsfrist die Eckdaten der einzelnen Offerten bekanntgemacht werden. Zu diesem Ergebnis kam der Bundesgerichtshof in seinem Urteil vom 24.01.2020 (Aktenzeichen V ZR 110\/19).<\/strong><\/p>\n<hr \/>\n<p><a href=\"http:\/\/juris.bundesgerichtshof.de\/cgi-bin\/rechtsprechung\/document.py?Gericht=bgh&amp;Art=en&amp;az=V%20ZR%20110\/19&amp;nr=105930\">Den Originaltext des Urteils k\u00f6nnen Sie hier nachlesen.<\/a><\/p>\n<hr \/>\n<p>&nbsp;<\/p>\n<p>In dem Verfahren ging es zun\u00e4chst um den Beschluss einer Eigent\u00fcmerversammlung zur Bestellung eines Verwalters. Dieser wurde erfolgreich angefochten, so dass es zu einer erneuten Versammlung kam, deren Tagesordnung die folgenden Punkte umfasste:<\/p>\n<p>\u201eBestellung der XYZ GmbH zur Verwalterin der Wohnanlage f\u00fcr den Zeitraum 01.01.2018 bis einschlie\u00dflich 31.12.2021.<br \/>\nBevollm\u00e4chtigung des Verwaltungsbeirats zum Vertragsabschluss mit der XYZ GmbH nach Vorgabe des bisherigen Verwaltervertrags mit der E. Hausverwaltung.\u201c<\/p>\n<p>Dieser Einladung und Tagesordnung waren keine weiteren Unterlagen \u00fcber Alternativangebote beigef\u00fcgt. Dass solche Angebote vorlagen, erfuhren die Hauseigent\u00fcmer erst w\u00e4hrend der Versammlung. Der Verwaltungsbeirat informierte vor der Beschlussfassung, dass neben dem Angebot der Firma XYZ noch zwei weitere Angebote eingeholt wurden, die zur Einsichtnahme zur Verf\u00fcgung st\u00fcnden.<\/p>\n<p>Es handele sich hierbei um die Firmen ABC und CDE, die zu Konditionen in H\u00f6he von 23,20 \u20ac und 25,00 \u20ac je Wohnung\/Monat angeboten h\u00e4tten.\u00a0 Das Angebot der Firma XYZ sei mit 19,64 \u20ac pro Wohnung und Monat identisch mit dem der bisherigen Verwalterin. Deshalb empfehle der Verwaltungsrat, der Firma XYZ GmbH den Zuschlag zu erteilen. Ein entsprechender Beschluss wurde von der Versammlung gefasst.<\/p>\n<p>Hiergegen richtete sich die Anfechtungsklage einiger Wohnungseigent\u00fcmer, die damit allerdings vor dem Amtsgericht und im Berufungsverfahren vor dem Landgericht scheiterten. Das Landgericht hielt die kurzfristige Information zu den Alternativangeboten mit den zur Einsicht bereitgehaltenen Unterlagen f\u00fcr ausreichend. Hiergegen legten die Kl\u00e4ger Revision beim Bundesgerichtshof ein, der ihnen Recht gab.<\/p>\n<hr \/>\n<p><img loading=\"lazy\" decoding=\"async\" class=\"wp-image-12797 alignleft\" src=\"https:\/\/www.buhl.de\/vermieter-web\/wp-content\/uploads\/sites\/33\/2020\/07\/Achtung.jpg\" alt=\"\" width=\"90\" height=\"88\" \/>Der BGH f\u00fchrt hierzu in einem Leitsatz aus:<\/p>\n<p>Bei der Neubestellung eines Verwalters ist es regelm\u00e4\u00dfig geboten, den Wohnungseigent\u00fcmern die Angebote der Bewerber oder jedenfalls deren Namen und die Eckdaten ihrer Angebote grunds\u00e4tzlich innerhalb der Einladungsfrist des \u00a7 24 Abs. 4 Satz 2 WEG zukommen zu lassen.<\/p>\n<hr \/>\n<p>In der Begr\u00fcndung f\u00fchrte das Gericht aus, dass die\u00a0Wohnungseigent\u00fcmer\u00a0die M\u00f6glichkeit haben m\u00fcssten, Erkundigungen \u00fcber die Bewerber einzuholen und die fachliche Eignung zu pr\u00fcfen.<\/p>\n<p>Es m\u00fcssten deshalb vor der Sitzung der Bewerber benannt werden. Au\u00dferdem m\u00fcssten die vorgesehene Vertragslaufzeit und die Verg\u00fctung (Betr\u00e4ge und Form \u2013 Pauschal oder in differenzierten Bestandteilen) im Vorfeld bekanntgegeben werden.<\/p>\n<p><em><strong>Das k\u00f6nnte Sie auch interessieren:<\/strong><\/em><\/p>\n<p><a href=\"https:\/\/www.buhl.de\/vermieter-web\/weg-haftung-des-verwalters\/\">WEG: Haftung des Verwalters<\/a><br \/>\n<a href=\"https:\/\/www.buhl.de\/vermieter-web\/weg-sonderregelungen-in-zeiten-der-pandemie\/\">WEG: Sonderregelungen in Zeiten der Pandemie<\/a><br \/>\n<a href=\"https:\/\/www.buhl.de\/vermieter-web\/weg-abstimmung-in-der-waschkueche\/\">WEG: Abstimmung in der Waschk\u00fcche<\/a><\/p>\n","protected":false},"excerpt":{"rendered":"<p>Soll in einer Eigent\u00fcmerversammlung ein neuer WEG-Verwalter bestellt werden, m\u00fcssen die Mitglieder der Versammlung zuvor \u00fcber die Angebote von Mitbewerbern informiert werden. Hierf\u00fcr reicht es aus, dass den Wohnungseigent\u00fcmern innerhalb der Einladungsfrist die Eckdaten der einzelnen Offerten bekanntgemacht werden. Zu diesem Ergebnis kam der Bundesgerichtshof in seinem Urteil vom 24.01.2020 (Aktenzeichen V ZR 110\/19). Den &hellip; <\/p>\n<p class=\"link-more\"><a href=\"https:\/\/www.buhl.de\/vermieter-web\/weg-informationspflichten-bei-neuwahl-eines-verwalters\/\" class=\"more-link\"><span class=\"screen-reader-text\">\u201eWEG: Informationspflichten bei Neuwahl eines Verwalters\u201c<\/span> weiterlesen<\/a><\/p>\n","protected":false},"author":15,"featured_media":12832,"comment_status":"open","ping_status":"open","sticky":false,"template":"","format":"standard","meta":{"footnotes":""},"categories":[1],"tags":[607,392,2557],"class_list":["post-12819","post","type-post","status-publish","format-standard","has-post-thumbnail","hentry","category-allgemein","tag-verwalter","tag-weg","tag-wohneigentuemerversammlung"],"yoast_head":"<!-- This site is optimized with the Yoast SEO Premium plugin v27.4 (Yoast SEO v27.5) - https:\/\/yoast.com\/product\/yoast-seo-premium-wordpress\/ -->\n<title>WEG: Informationspflichten bei Neuwahl eines Verwalters - Online-Nebenkostenabrechnung mit WISO Vermieter-Web<\/title>\n<meta name=\"robots\" content=\"noindex, nofollow\" \/>\n<meta property=\"og:locale\" content=\"de_DE\" \/>\n<meta property=\"og:type\" content=\"article\" \/>\n<meta property=\"og:title\" content=\"WEG: Informationspflichten bei Neuwahl eines Verwalters\" \/>\n<meta property=\"og:description\" content=\"Soll in einer Eigent\u00fcmerversammlung ein neuer WEG-Verwalter bestellt werden, m\u00fcssen die Mitglieder der Versammlung zuvor \u00fcber die Angebote von Mitbewerbern informiert werden. Hierf\u00fcr reicht es aus, dass den Wohnungseigent\u00fcmern innerhalb der Einladungsfrist die Eckdaten der einzelnen Offerten bekanntgemacht werden. Zu diesem Ergebnis kam der Bundesgerichtshof in seinem Urteil vom 24.01.2020 (Aktenzeichen V ZR 110\/19). Den &hellip; \u201eWEG: Informationspflichten bei Neuwahl eines Verwalters\u201c weiterlesen\" \/>\n<meta property=\"og:url\" content=\"https:\/\/www.buhl.de\/vermieter-web\/weg-informationspflichten-bei-neuwahl-eines-verwalters\/\" \/>\n<meta property=\"og:site_name\" content=\"Online-Nebenkostenabrechnung mit WISO Vermieter-Web\" \/>\n<meta property=\"article:published_time\" content=\"2020-07-14T09:13:28+00:00\" \/>\n<meta property=\"article:modified_time\" content=\"2020-07-16T06:18:28+00:00\" \/>\n<meta property=\"og:image\" content=\"https:\/\/www.buhl.de\/vermieter-web\/wp-content\/uploads\/sites\/33\/2020\/07\/meeting02.jpg\" \/>\n\t<meta property=\"og:image:width\" content=\"840\" \/>\n\t<meta property=\"og:image:height\" content=\"420\" \/>\n\t<meta property=\"og:image:type\" content=\"image\/jpeg\" \/>\n<meta name=\"author\" content=\"Hartmut Fischer\" \/>\n<meta name=\"twitter:card\" content=\"summary_large_image\" \/>\n<meta name=\"twitter:label1\" content=\"Verfasst von\" \/>\n\t<meta name=\"twitter:data1\" content=\"Hartmut Fischer\" \/>\n\t<meta name=\"twitter:label2\" content=\"Gesch\u00e4tzte Lesezeit\" \/>\n\t<meta name=\"twitter:data2\" content=\"2\u00a0Minuten\" \/>\n<script type=\"application\/ld+json\" class=\"yoast-schema-graph\">{\"@context\":\"https:\\\/\\\/schema.org\",\"@graph\":[{\"@type\":\"Article\",\"@id\":\"https:\\\/\\\/www.buhl.de\\\/vermieter-web\\\/weg-informationspflichten-bei-neuwahl-eines-verwalters\\\/#article\",\"isPartOf\":{\"@id\":\"https:\\\/\\\/www.buhl.de\\\/vermieter-web\\\/weg-informationspflichten-bei-neuwahl-eines-verwalters\\\/\"},\"author\":{\"name\":\"Hartmut Fischer\",\"@id\":\"https:\\\/\\\/www.buhl.de\\\/vermieter-web\\\/#\\\/schema\\\/person\\\/82903e1cb04eb553382702d503991b4f\"},\"headline\":\"WEG: Informationspflichten bei Neuwahl eines Verwalters\",\"datePublished\":\"2020-07-14T09:13:28+00:00\",\"dateModified\":\"2020-07-16T06:18:28+00:00\",\"mainEntityOfPage\":{\"@id\":\"https:\\\/\\\/www.buhl.de\\\/vermieter-web\\\/weg-informationspflichten-bei-neuwahl-eines-verwalters\\\/\"},\"wordCount\":441,\"commentCount\":0,\"image\":{\"@id\":\"https:\\\/\\\/www.buhl.de\\\/vermieter-web\\\/weg-informationspflichten-bei-neuwahl-eines-verwalters\\\/#primaryimage\"},\"thumbnailUrl\":\"https:\\\/\\\/www.buhl.de\\\/vermieter-web\\\/wp-content\\\/uploads\\\/sites\\\/33\\\/2020\\\/07\\\/meeting02.jpg\",\"keywords\":[\"Verwalter\",\"WEG\",\"Wohneigent\u00fcmerversammlung\"],\"inLanguage\":\"de\",\"potentialAction\":[{\"@type\":\"CommentAction\",\"name\":\"Comment\",\"target\":[\"https:\\\/\\\/www.buhl.de\\\/vermieter-web\\\/weg-informationspflichten-bei-neuwahl-eines-verwalters\\\/#respond\"]}]},{\"@type\":\"WebPage\",\"@id\":\"https:\\\/\\\/www.buhl.de\\\/vermieter-web\\\/weg-informationspflichten-bei-neuwahl-eines-verwalters\\\/\",\"url\":\"https:\\\/\\\/www.buhl.de\\\/vermieter-web\\\/weg-informationspflichten-bei-neuwahl-eines-verwalters\\\/\",\"name\":\"WEG: Informationspflichten bei Neuwahl eines Verwalters - Online-Nebenkostenabrechnung mit WISO Vermieter-Web\",\"isPartOf\":{\"@id\":\"https:\\\/\\\/www.buhl.de\\\/vermieter-web\\\/#website\"},\"primaryImageOfPage\":{\"@id\":\"https:\\\/\\\/www.buhl.de\\\/vermieter-web\\\/weg-informationspflichten-bei-neuwahl-eines-verwalters\\\/#primaryimage\"},\"image\":{\"@id\":\"https:\\\/\\\/www.buhl.de\\\/vermieter-web\\\/weg-informationspflichten-bei-neuwahl-eines-verwalters\\\/#primaryimage\"},\"thumbnailUrl\":\"https:\\\/\\\/www.buhl.de\\\/vermieter-web\\\/wp-content\\\/uploads\\\/sites\\\/33\\\/2020\\\/07\\\/meeting02.jpg\",\"datePublished\":\"2020-07-14T09:13:28+00:00\",\"dateModified\":\"2020-07-16T06:18:28+00:00\",\"author\":{\"@id\":\"https:\\\/\\\/www.buhl.de\\\/vermieter-web\\\/#\\\/schema\\\/person\\\/82903e1cb04eb553382702d503991b4f\"},\"breadcrumb\":{\"@id\":\"https:\\\/\\\/www.buhl.de\\\/vermieter-web\\\/weg-informationspflichten-bei-neuwahl-eines-verwalters\\\/#breadcrumb\"},\"inLanguage\":\"de\",\"potentialAction\":[{\"@type\":\"ReadAction\",\"target\":[\"https:\\\/\\\/www.buhl.de\\\/vermieter-web\\\/weg-informationspflichten-bei-neuwahl-eines-verwalters\\\/\"]}]},{\"@type\":\"ImageObject\",\"inLanguage\":\"de\",\"@id\":\"https:\\\/\\\/www.buhl.de\\\/vermieter-web\\\/weg-informationspflichten-bei-neuwahl-eines-verwalters\\\/#primaryimage\",\"url\":\"https:\\\/\\\/www.buhl.de\\\/vermieter-web\\\/wp-content\\\/uploads\\\/sites\\\/33\\\/2020\\\/07\\\/meeting02.jpg\",\"contentUrl\":\"https:\\\/\\\/www.buhl.de\\\/vermieter-web\\\/wp-content\\\/uploads\\\/sites\\\/33\\\/2020\\\/07\\\/meeting02.jpg\",\"width\":840,\"height\":420},{\"@type\":\"BreadcrumbList\",\"@id\":\"https:\\\/\\\/www.buhl.de\\\/vermieter-web\\\/weg-informationspflichten-bei-neuwahl-eines-verwalters\\\/#breadcrumb\",\"itemListElement\":[{\"@type\":\"ListItem\",\"position\":1,\"name\":\"Startseite\",\"item\":\"https:\\\/\\\/www.buhl.de\\\/vermieter-web\\\/\"},{\"@type\":\"ListItem\",\"position\":2,\"name\":\"WEG: Informationspflichten bei Neuwahl eines Verwalters\"}]},{\"@type\":\"WebSite\",\"@id\":\"https:\\\/\\\/www.buhl.de\\\/vermieter-web\\\/#website\",\"url\":\"https:\\\/\\\/www.buhl.de\\\/vermieter-web\\\/\",\"name\":\"Online-Nebenkostenabrechnung mit WISO Vermieter-Web\",\"description\":\"\",\"potentialAction\":[{\"@type\":\"SearchAction\",\"target\":{\"@type\":\"EntryPoint\",\"urlTemplate\":\"https:\\\/\\\/www.buhl.de\\\/vermieter-web\\\/?s={search_term_string}\"},\"query-input\":{\"@type\":\"PropertyValueSpecification\",\"valueRequired\":true,\"valueName\":\"search_term_string\"}}],\"inLanguage\":\"de\"},{\"@type\":\"Person\",\"@id\":\"https:\\\/\\\/www.buhl.de\\\/vermieter-web\\\/#\\\/schema\\\/person\\\/82903e1cb04eb553382702d503991b4f\",\"name\":\"Hartmut Fischer\"}]}<\/script>\n<!-- \/ Yoast SEO Premium plugin. -->","yoast_head_json":{"title":"WEG: Informationspflichten bei Neuwahl eines Verwalters - Online-Nebenkostenabrechnung mit WISO Vermieter-Web","robots":{"index":"noindex","follow":"nofollow"},"og_locale":"de_DE","og_type":"article","og_title":"WEG: Informationspflichten bei Neuwahl eines Verwalters","og_description":"Soll in einer Eigent\u00fcmerversammlung ein neuer WEG-Verwalter bestellt werden, m\u00fcssen die Mitglieder der Versammlung zuvor \u00fcber die Angebote von Mitbewerbern informiert werden. Hierf\u00fcr reicht es aus, dass den Wohnungseigent\u00fcmern innerhalb der Einladungsfrist die Eckdaten der einzelnen Offerten bekanntgemacht werden. Zu diesem Ergebnis kam der Bundesgerichtshof in seinem Urteil vom 24.01.2020 (Aktenzeichen V ZR 110\/19). Den &hellip; \u201eWEG: Informationspflichten bei Neuwahl eines Verwalters\u201c weiterlesen","og_url":"https:\/\/www.buhl.de\/vermieter-web\/weg-informationspflichten-bei-neuwahl-eines-verwalters\/","og_site_name":"Online-Nebenkostenabrechnung mit WISO Vermieter-Web","article_published_time":"2020-07-14T09:13:28+00:00","article_modified_time":"2020-07-16T06:18:28+00:00","og_image":[{"width":840,"height":420,"url":"https:\/\/www.buhl.de\/vermieter-web\/wp-content\/uploads\/sites\/33\/2020\/07\/meeting02.jpg","type":"image\/jpeg"}],"author":"Hartmut Fischer","twitter_card":"summary_large_image","twitter_misc":{"Verfasst von":"Hartmut Fischer","Gesch\u00e4tzte Lesezeit":"2\u00a0Minuten"},"schema":{"@context":"https:\/\/schema.org","@graph":[{"@type":"Article","@id":"https:\/\/www.buhl.de\/vermieter-web\/weg-informationspflichten-bei-neuwahl-eines-verwalters\/#article","isPartOf":{"@id":"https:\/\/www.buhl.de\/vermieter-web\/weg-informationspflichten-bei-neuwahl-eines-verwalters\/"},"author":{"name":"Hartmut Fischer","@id":"https:\/\/www.buhl.de\/vermieter-web\/#\/schema\/person\/82903e1cb04eb553382702d503991b4f"},"headline":"WEG: Informationspflichten bei Neuwahl eines Verwalters","datePublished":"2020-07-14T09:13:28+00:00","dateModified":"2020-07-16T06:18:28+00:00","mainEntityOfPage":{"@id":"https:\/\/www.buhl.de\/vermieter-web\/weg-informationspflichten-bei-neuwahl-eines-verwalters\/"},"wordCount":441,"commentCount":0,"image":{"@id":"https:\/\/www.buhl.de\/vermieter-web\/weg-informationspflichten-bei-neuwahl-eines-verwalters\/#primaryimage"},"thumbnailUrl":"https:\/\/www.buhl.de\/vermieter-web\/wp-content\/uploads\/sites\/33\/2020\/07\/meeting02.jpg","keywords":["Verwalter","WEG","Wohneigent\u00fcmerversammlung"],"inLanguage":"de","potentialAction":[{"@type":"CommentAction","name":"Comment","target":["https:\/\/www.buhl.de\/vermieter-web\/weg-informationspflichten-bei-neuwahl-eines-verwalters\/#respond"]}]},{"@type":"WebPage","@id":"https:\/\/www.buhl.de\/vermieter-web\/weg-informationspflichten-bei-neuwahl-eines-verwalters\/","url":"https:\/\/www.buhl.de\/vermieter-web\/weg-informationspflichten-bei-neuwahl-eines-verwalters\/","name":"WEG: Informationspflichten bei Neuwahl eines Verwalters - Online-Nebenkostenabrechnung mit WISO Vermieter-Web","isPartOf":{"@id":"https:\/\/www.buhl.de\/vermieter-web\/#website"},"primaryImageOfPage":{"@id":"https:\/\/www.buhl.de\/vermieter-web\/weg-informationspflichten-bei-neuwahl-eines-verwalters\/#primaryimage"},"image":{"@id":"https:\/\/www.buhl.de\/vermieter-web\/weg-informationspflichten-bei-neuwahl-eines-verwalters\/#primaryimage"},"thumbnailUrl":"https:\/\/www.buhl.de\/vermieter-web\/wp-content\/uploads\/sites\/33\/2020\/07\/meeting02.jpg","datePublished":"2020-07-14T09:13:28+00:00","dateModified":"2020-07-16T06:18:28+00:00","author":{"@id":"https:\/\/www.buhl.de\/vermieter-web\/#\/schema\/person\/82903e1cb04eb553382702d503991b4f"},"breadcrumb":{"@id":"https:\/\/www.buhl.de\/vermieter-web\/weg-informationspflichten-bei-neuwahl-eines-verwalters\/#breadcrumb"},"inLanguage":"de","potentialAction":[{"@type":"ReadAction","target":["https:\/\/www.buhl.de\/vermieter-web\/weg-informationspflichten-bei-neuwahl-eines-verwalters\/"]}]},{"@type":"ImageObject","inLanguage":"de","@id":"https:\/\/www.buhl.de\/vermieter-web\/weg-informationspflichten-bei-neuwahl-eines-verwalters\/#primaryimage","url":"https:\/\/www.buhl.de\/vermieter-web\/wp-content\/uploads\/sites\/33\/2020\/07\/meeting02.jpg","contentUrl":"https:\/\/www.buhl.de\/vermieter-web\/wp-content\/uploads\/sites\/33\/2020\/07\/meeting02.jpg","width":840,"height":420},{"@type":"BreadcrumbList","@id":"https:\/\/www.buhl.de\/vermieter-web\/weg-informationspflichten-bei-neuwahl-eines-verwalters\/#breadcrumb","itemListElement":[{"@type":"ListItem","position":1,"name":"Startseite","item":"https:\/\/www.buhl.de\/vermieter-web\/"},{"@type":"ListItem","position":2,"name":"WEG: Informationspflichten bei Neuwahl eines Verwalters"}]},{"@type":"WebSite","@id":"https:\/\/www.buhl.de\/vermieter-web\/#website","url":"https:\/\/www.buhl.de\/vermieter-web\/","name":"Online-Nebenkostenabrechnung mit WISO Vermieter-Web","description":"","potentialAction":[{"@type":"SearchAction","target":{"@type":"EntryPoint","urlTemplate":"https:\/\/www.buhl.de\/vermieter-web\/?s={search_term_string}"},"query-input":{"@type":"PropertyValueSpecification","valueRequired":true,"valueName":"search_term_string"}}],"inLanguage":"de"},{"@type":"Person","@id":"https:\/\/www.buhl.de\/vermieter-web\/#\/schema\/person\/82903e1cb04eb553382702d503991b4f","name":"Hartmut Fischer"}]}},"_links":{"self":[{"href":"https:\/\/www.buhl.de\/vermieter-web\/wp-json\/wp\/v2\/posts\/12819","targetHints":{"allow":["GET"]}}],"collection":[{"href":"https:\/\/www.buhl.de\/vermieter-web\/wp-json\/wp\/v2\/posts"}],"about":[{"href":"https:\/\/www.buhl.de\/vermieter-web\/wp-json\/wp\/v2\/types\/post"}],"author":[{"embeddable":true,"href":"https:\/\/www.buhl.de\/vermieter-web\/wp-json\/wp\/v2\/users\/15"}],"replies":[{"embeddable":true,"href":"https:\/\/www.buhl.de\/vermieter-web\/wp-json\/wp\/v2\/comments?post=12819"}],"version-history":[{"count":1,"href":"https:\/\/www.buhl.de\/vermieter-web\/wp-json\/wp\/v2\/posts\/12819\/revisions"}],"predecessor-version":[{"id":12822,"href":"https:\/\/www.buhl.de\/vermieter-web\/wp-json\/wp\/v2\/posts\/12819\/revisions\/12822"}],"wp:featuredmedia":[{"embeddable":true,"href":"https:\/\/www.buhl.de\/vermieter-web\/wp-json\/wp\/v2\/media\/12832"}],"wp:attachment":[{"href":"https:\/\/www.buhl.de\/vermieter-web\/wp-json\/wp\/v2\/media?parent=12819"}],"wp:term":[{"taxonomy":"category","embeddable":true,"href":"https:\/\/www.buhl.de\/vermieter-web\/wp-json\/wp\/v2\/categories?post=12819"},{"taxonomy":"post_tag","embeddable":true,"href":"https:\/\/www.buhl.de\/vermieter-web\/wp-json\/wp\/v2\/tags?post=12819"}],"curies":[{"name":"wp","href":"https:\/\/api.w.org\/{rel}","templated":true}]}}