{"id":12823,"date":"2020-07-14T11:21:42","date_gmt":"2020-07-14T09:21:42","guid":{"rendered":"http:\/\/www.buhl.de\/vermieter-web\/?p=12823"},"modified":"2020-07-14T11:21:42","modified_gmt":"2020-07-14T09:21:42","slug":"transparenzgebot-und-strompreiserhoehung","status":"publish","type":"post","link":"https:\/\/www.buhl.de\/vermieter-web\/transparenzgebot-und-strompreiserhoehung\/","title":{"rendered":"Transparenzgebot und Strompreiserh\u00f6hung"},"content":{"rendered":"<p><strong>Bei der Erh\u00f6hung von Strompreisen hat der Kunde in den meisten F\u00e4llen die M\u00f6glichkeit, ein Sonderk\u00fcndigungsrecht auszu\u00fcben. Da dieses K\u00fcndigungsrecht zeitlich begrenzt ist, d\u00fcrfen die Anbieter die Erh\u00f6hung nicht unter anderen Informationen \u201everstecken\u201c.\u00a0 Sie m\u00fcssen den Kunden so informieren, dass dieser pr\u00fcfen kann, ob er von seinem Sonderk\u00fcndigungsrecht Gebrauch machen will oder nicht. Das stellte das Oberlandesgericht K\u00f6ln in einem Urteil vom 26.06.2020 fest (Aktenzeichen 6 U 304\/19).<\/strong><\/p>\n<p>In dem Verfahren ging es um eine E-Mail, die ein Energieanbieter seinen Kunden zusandte. Die Mail wurde mit dem Betreff \u201eAktuelles zu Ihrem Energie\u00adliefer\u00advertrag\u201c versandt. Im laufenden Text der Mitteilung fand sich der Hinweis, dass die Rechnung als Anlage beigef\u00fcgt wurde. Weiter unten im Text wurde dann darauf hingewiesen, dass der Rechnung weitere wichtige Informationen zum Stromliefervertrag beigef\u00fcgt wurden.<\/p>\n<p>Die Anlage bestand aus mehreren Seiten, wovon die erste die Rechnung war. Es folgten die \u201eErl\u00e4uterungen zu Ihrer Abrechnung\u201c. In diesen Erl\u00e4uterungen fand man dann unter dem Punkt \u201eErh\u00f6hung Ihres Strom\u00adpreises\u201c eine \u00dcbersicht der neuen Arbeits- und Grundpreise. Da die bis dahin g\u00fcltigen Preise nicht aufgef\u00fchrt wurden, bestand keine direkte Vergleichsm\u00f6glichkeit<\/p>\n<p>Diese Information wollte das Oberlandesgericht nicht als ausreichend anerkennen. Die Richter sahen hier einen Versto\u00df gegen das Transparenzgebot. Die Energielieferanten m\u00fcssten in jedem Fall noch vor Ende der Abrechnungsperiode \u00fcber Preiserh\u00f6hungen informieren. Diese Informationen m\u00fcssten in transparenter und verst\u00e4ndlicher Form \u00fcber die beabsichtigte Preiserh\u00f6hung informieren. Dar\u00fcber hinaus m\u00fcsse der Anbieter den Kunden auch auf sein R\u00fccktrittsrecht hinweisen.<\/p>\n<p>Im vorliegenden Fall h\u00e4tte man die Informationen zur Preiserh\u00f6hung in einem allgemeinen Schreiben versteckt. Dies hielt das Oberlandesgericht nicht f\u00fcr zul\u00e4ssig. Da es aber an einer h\u00f6chstrichterlichen Entscheidung fehlt, lie\u00df das Gericht die Revision vor dem Bundesgerichtshof zu. Ob das beklagte Unternehmen diese einlegen wird, ist derzeit offen.<\/p>\n<p><em><strong>Das k\u00f6nnte Sie auch interessieren:<\/strong><\/em><\/p>\n<p><a href=\"https:\/\/www.buhl.de\/vermieter-web\/wer-bezahlt-den-strom\/\">Wer bezahlt den Strom?<\/a><br \/>\n<a href=\"https:\/\/www.buhl.de\/vermieter-web\/auch-bei-gaspreiserhohung-sind-sonderkunden-etwas-besonderes\/\">Auch bei Gaspreiserh\u00f6hung sind Sonderkunden etwas besonderes<\/a><br \/>\n<a href=\"https:\/\/www.buhl.de\/vermieter-web\/flyer-ist-keine-preismitteilung\/\">Flyer ist keine Preismitteilung<\/a><\/p>\n","protected":false},"excerpt":{"rendered":"<p>Bei der Erh\u00f6hung von Strompreisen hat der Kunde in den meisten F\u00e4llen die M\u00f6glichkeit, ein Sonderk\u00fcndigungsrecht auszu\u00fcben. Da dieses K\u00fcndigungsrecht zeitlich begrenzt ist, d\u00fcrfen die Anbieter die Erh\u00f6hung nicht unter anderen Informationen \u201everstecken\u201c.\u00a0 Sie m\u00fcssen den Kunden so informieren, dass dieser pr\u00fcfen kann, ob er von seinem Sonderk\u00fcndigungsrecht Gebrauch machen will oder nicht. Das stellte &hellip; <\/p>\n<p class=\"link-more\"><a href=\"https:\/\/www.buhl.de\/vermieter-web\/transparenzgebot-und-strompreiserhoehung\/\" class=\"more-link\"><span class=\"screen-reader-text\">\u201eTransparenzgebot und Strompreiserh\u00f6hung\u201c<\/span> weiterlesen<\/a><\/p>\n","protected":false},"author":15,"featured_media":12714,"comment_status":"open","ping_status":"open","sticky":false,"template":"","format":"standard","meta":{"footnotes":""},"categories":[1],"tags":[4062,5067,1418],"class_list":["post-12823","post","type-post","status-publish","format-standard","has-post-thumbnail","hentry","category-allgemein","tag-energie","tag-preiserhoehung","tag-strom"],"yoast_head":"<!-- This site is optimized with the Yoast SEO Premium plugin v27.4 (Yoast SEO v27.5) - https:\/\/yoast.com\/product\/yoast-seo-premium-wordpress\/ -->\n<title>Transparenzgebot und Strompreiserh\u00f6hung - Online-Nebenkostenabrechnung mit WISO Vermieter-Web<\/title>\n<meta name=\"robots\" content=\"noindex, nofollow\" \/>\n<meta property=\"og:locale\" content=\"de_DE\" \/>\n<meta property=\"og:type\" content=\"article\" \/>\n<meta property=\"og:title\" content=\"Transparenzgebot und Strompreiserh\u00f6hung\" \/>\n<meta property=\"og:description\" content=\"Bei der Erh\u00f6hung von Strompreisen hat der Kunde in den meisten F\u00e4llen die M\u00f6glichkeit, ein Sonderk\u00fcndigungsrecht auszu\u00fcben. Da dieses K\u00fcndigungsrecht zeitlich begrenzt ist, d\u00fcrfen die Anbieter die Erh\u00f6hung nicht unter anderen Informationen \u201everstecken\u201c.\u00a0 Sie m\u00fcssen den Kunden so informieren, dass dieser pr\u00fcfen kann, ob er von seinem Sonderk\u00fcndigungsrecht Gebrauch machen will oder nicht. Das stellte &hellip; \u201eTransparenzgebot und Strompreiserh\u00f6hung\u201c weiterlesen\" \/>\n<meta property=\"og:url\" content=\"https:\/\/www.buhl.de\/vermieter-web\/transparenzgebot-und-strompreiserhoehung\/\" \/>\n<meta property=\"og:site_name\" content=\"Online-Nebenkostenabrechnung mit WISO Vermieter-Web\" \/>\n<meta property=\"article:published_time\" content=\"2020-07-14T09:21:42+00:00\" \/>\n<meta property=\"og:image\" content=\"https:\/\/www.buhl.de\/vermieter-web\/wp-content\/uploads\/sites\/33\/2020\/06\/steckdose.jpg\" \/>\n\t<meta property=\"og:image:width\" content=\"846\" \/>\n\t<meta property=\"og:image:height\" content=\"422\" \/>\n\t<meta property=\"og:image:type\" content=\"image\/jpeg\" \/>\n<meta name=\"author\" content=\"Hartmut Fischer\" \/>\n<meta name=\"twitter:card\" content=\"summary_large_image\" \/>\n<meta name=\"twitter:label1\" content=\"Verfasst von\" \/>\n\t<meta name=\"twitter:data1\" content=\"Hartmut Fischer\" \/>\n\t<meta name=\"twitter:label2\" content=\"Gesch\u00e4tzte Lesezeit\" \/>\n\t<meta name=\"twitter:data2\" content=\"2\u00a0Minuten\" \/>\n<script type=\"application\/ld+json\" class=\"yoast-schema-graph\">{\"@context\":\"https:\\\/\\\/schema.org\",\"@graph\":[{\"@type\":\"Article\",\"@id\":\"https:\\\/\\\/www.buhl.de\\\/vermieter-web\\\/transparenzgebot-und-strompreiserhoehung\\\/#article\",\"isPartOf\":{\"@id\":\"https:\\\/\\\/www.buhl.de\\\/vermieter-web\\\/transparenzgebot-und-strompreiserhoehung\\\/\"},\"author\":{\"name\":\"Hartmut Fischer\",\"@id\":\"https:\\\/\\\/www.buhl.de\\\/vermieter-web\\\/#\\\/schema\\\/person\\\/82903e1cb04eb553382702d503991b4f\"},\"headline\":\"Transparenzgebot und Strompreiserh\u00f6hung\",\"datePublished\":\"2020-07-14T09:21:42+00:00\",\"mainEntityOfPage\":{\"@id\":\"https:\\\/\\\/www.buhl.de\\\/vermieter-web\\\/transparenzgebot-und-strompreiserhoehung\\\/\"},\"wordCount\":342,\"commentCount\":0,\"image\":{\"@id\":\"https:\\\/\\\/www.buhl.de\\\/vermieter-web\\\/transparenzgebot-und-strompreiserhoehung\\\/#primaryimage\"},\"thumbnailUrl\":\"https:\\\/\\\/www.buhl.de\\\/vermieter-web\\\/wp-content\\\/uploads\\\/sites\\\/33\\\/2020\\\/06\\\/steckdose.jpg\",\"keywords\":[\"Energie\",\"Preiserh\u00f6hung\",\"Strom\"],\"inLanguage\":\"de\",\"potentialAction\":[{\"@type\":\"CommentAction\",\"name\":\"Comment\",\"target\":[\"https:\\\/\\\/www.buhl.de\\\/vermieter-web\\\/transparenzgebot-und-strompreiserhoehung\\\/#respond\"]}]},{\"@type\":\"WebPage\",\"@id\":\"https:\\\/\\\/www.buhl.de\\\/vermieter-web\\\/transparenzgebot-und-strompreiserhoehung\\\/\",\"url\":\"https:\\\/\\\/www.buhl.de\\\/vermieter-web\\\/transparenzgebot-und-strompreiserhoehung\\\/\",\"name\":\"Transparenzgebot und Strompreiserh\u00f6hung - Online-Nebenkostenabrechnung mit WISO Vermieter-Web\",\"isPartOf\":{\"@id\":\"https:\\\/\\\/www.buhl.de\\\/vermieter-web\\\/#website\"},\"primaryImageOfPage\":{\"@id\":\"https:\\\/\\\/www.buhl.de\\\/vermieter-web\\\/transparenzgebot-und-strompreiserhoehung\\\/#primaryimage\"},\"image\":{\"@id\":\"https:\\\/\\\/www.buhl.de\\\/vermieter-web\\\/transparenzgebot-und-strompreiserhoehung\\\/#primaryimage\"},\"thumbnailUrl\":\"https:\\\/\\\/www.buhl.de\\\/vermieter-web\\\/wp-content\\\/uploads\\\/sites\\\/33\\\/2020\\\/06\\\/steckdose.jpg\",\"datePublished\":\"2020-07-14T09:21:42+00:00\",\"author\":{\"@id\":\"https:\\\/\\\/www.buhl.de\\\/vermieter-web\\\/#\\\/schema\\\/person\\\/82903e1cb04eb553382702d503991b4f\"},\"breadcrumb\":{\"@id\":\"https:\\\/\\\/www.buhl.de\\\/vermieter-web\\\/transparenzgebot-und-strompreiserhoehung\\\/#breadcrumb\"},\"inLanguage\":\"de\",\"potentialAction\":[{\"@type\":\"ReadAction\",\"target\":[\"https:\\\/\\\/www.buhl.de\\\/vermieter-web\\\/transparenzgebot-und-strompreiserhoehung\\\/\"]}]},{\"@type\":\"ImageObject\",\"inLanguage\":\"de\",\"@id\":\"https:\\\/\\\/www.buhl.de\\\/vermieter-web\\\/transparenzgebot-und-strompreiserhoehung\\\/#primaryimage\",\"url\":\"https:\\\/\\\/www.buhl.de\\\/vermieter-web\\\/wp-content\\\/uploads\\\/sites\\\/33\\\/2020\\\/06\\\/steckdose.jpg\",\"contentUrl\":\"https:\\\/\\\/www.buhl.de\\\/vermieter-web\\\/wp-content\\\/uploads\\\/sites\\\/33\\\/2020\\\/06\\\/steckdose.jpg\",\"width\":846,\"height\":422},{\"@type\":\"BreadcrumbList\",\"@id\":\"https:\\\/\\\/www.buhl.de\\\/vermieter-web\\\/transparenzgebot-und-strompreiserhoehung\\\/#breadcrumb\",\"itemListElement\":[{\"@type\":\"ListItem\",\"position\":1,\"name\":\"Startseite\",\"item\":\"https:\\\/\\\/www.buhl.de\\\/vermieter-web\\\/\"},{\"@type\":\"ListItem\",\"position\":2,\"name\":\"Transparenzgebot und Strompreiserh\u00f6hung\"}]},{\"@type\":\"WebSite\",\"@id\":\"https:\\\/\\\/www.buhl.de\\\/vermieter-web\\\/#website\",\"url\":\"https:\\\/\\\/www.buhl.de\\\/vermieter-web\\\/\",\"name\":\"Online-Nebenkostenabrechnung mit WISO Vermieter-Web\",\"description\":\"\",\"potentialAction\":[{\"@type\":\"SearchAction\",\"target\":{\"@type\":\"EntryPoint\",\"urlTemplate\":\"https:\\\/\\\/www.buhl.de\\\/vermieter-web\\\/?s={search_term_string}\"},\"query-input\":{\"@type\":\"PropertyValueSpecification\",\"valueRequired\":true,\"valueName\":\"search_term_string\"}}],\"inLanguage\":\"de\"},{\"@type\":\"Person\",\"@id\":\"https:\\\/\\\/www.buhl.de\\\/vermieter-web\\\/#\\\/schema\\\/person\\\/82903e1cb04eb553382702d503991b4f\",\"name\":\"Hartmut Fischer\"}]}<\/script>\n<!-- \/ Yoast SEO Premium plugin. -->","yoast_head_json":{"title":"Transparenzgebot und Strompreiserh\u00f6hung - Online-Nebenkostenabrechnung mit WISO Vermieter-Web","robots":{"index":"noindex","follow":"nofollow"},"og_locale":"de_DE","og_type":"article","og_title":"Transparenzgebot und Strompreiserh\u00f6hung","og_description":"Bei der Erh\u00f6hung von Strompreisen hat der Kunde in den meisten F\u00e4llen die M\u00f6glichkeit, ein Sonderk\u00fcndigungsrecht auszu\u00fcben. Da dieses K\u00fcndigungsrecht zeitlich begrenzt ist, d\u00fcrfen die Anbieter die Erh\u00f6hung nicht unter anderen Informationen \u201everstecken\u201c.\u00a0 Sie m\u00fcssen den Kunden so informieren, dass dieser pr\u00fcfen kann, ob er von seinem Sonderk\u00fcndigungsrecht Gebrauch machen will oder nicht. Das stellte &hellip; \u201eTransparenzgebot und Strompreiserh\u00f6hung\u201c weiterlesen","og_url":"https:\/\/www.buhl.de\/vermieter-web\/transparenzgebot-und-strompreiserhoehung\/","og_site_name":"Online-Nebenkostenabrechnung mit WISO Vermieter-Web","article_published_time":"2020-07-14T09:21:42+00:00","og_image":[{"width":846,"height":422,"url":"https:\/\/www.buhl.de\/vermieter-web\/wp-content\/uploads\/sites\/33\/2020\/06\/steckdose.jpg","type":"image\/jpeg"}],"author":"Hartmut Fischer","twitter_card":"summary_large_image","twitter_misc":{"Verfasst von":"Hartmut Fischer","Gesch\u00e4tzte Lesezeit":"2\u00a0Minuten"},"schema":{"@context":"https:\/\/schema.org","@graph":[{"@type":"Article","@id":"https:\/\/www.buhl.de\/vermieter-web\/transparenzgebot-und-strompreiserhoehung\/#article","isPartOf":{"@id":"https:\/\/www.buhl.de\/vermieter-web\/transparenzgebot-und-strompreiserhoehung\/"},"author":{"name":"Hartmut Fischer","@id":"https:\/\/www.buhl.de\/vermieter-web\/#\/schema\/person\/82903e1cb04eb553382702d503991b4f"},"headline":"Transparenzgebot und Strompreiserh\u00f6hung","datePublished":"2020-07-14T09:21:42+00:00","mainEntityOfPage":{"@id":"https:\/\/www.buhl.de\/vermieter-web\/transparenzgebot-und-strompreiserhoehung\/"},"wordCount":342,"commentCount":0,"image":{"@id":"https:\/\/www.buhl.de\/vermieter-web\/transparenzgebot-und-strompreiserhoehung\/#primaryimage"},"thumbnailUrl":"https:\/\/www.buhl.de\/vermieter-web\/wp-content\/uploads\/sites\/33\/2020\/06\/steckdose.jpg","keywords":["Energie","Preiserh\u00f6hung","Strom"],"inLanguage":"de","potentialAction":[{"@type":"CommentAction","name":"Comment","target":["https:\/\/www.buhl.de\/vermieter-web\/transparenzgebot-und-strompreiserhoehung\/#respond"]}]},{"@type":"WebPage","@id":"https:\/\/www.buhl.de\/vermieter-web\/transparenzgebot-und-strompreiserhoehung\/","url":"https:\/\/www.buhl.de\/vermieter-web\/transparenzgebot-und-strompreiserhoehung\/","name":"Transparenzgebot und Strompreiserh\u00f6hung - Online-Nebenkostenabrechnung mit WISO Vermieter-Web","isPartOf":{"@id":"https:\/\/www.buhl.de\/vermieter-web\/#website"},"primaryImageOfPage":{"@id":"https:\/\/www.buhl.de\/vermieter-web\/transparenzgebot-und-strompreiserhoehung\/#primaryimage"},"image":{"@id":"https:\/\/www.buhl.de\/vermieter-web\/transparenzgebot-und-strompreiserhoehung\/#primaryimage"},"thumbnailUrl":"https:\/\/www.buhl.de\/vermieter-web\/wp-content\/uploads\/sites\/33\/2020\/06\/steckdose.jpg","datePublished":"2020-07-14T09:21:42+00:00","author":{"@id":"https:\/\/www.buhl.de\/vermieter-web\/#\/schema\/person\/82903e1cb04eb553382702d503991b4f"},"breadcrumb":{"@id":"https:\/\/www.buhl.de\/vermieter-web\/transparenzgebot-und-strompreiserhoehung\/#breadcrumb"},"inLanguage":"de","potentialAction":[{"@type":"ReadAction","target":["https:\/\/www.buhl.de\/vermieter-web\/transparenzgebot-und-strompreiserhoehung\/"]}]},{"@type":"ImageObject","inLanguage":"de","@id":"https:\/\/www.buhl.de\/vermieter-web\/transparenzgebot-und-strompreiserhoehung\/#primaryimage","url":"https:\/\/www.buhl.de\/vermieter-web\/wp-content\/uploads\/sites\/33\/2020\/06\/steckdose.jpg","contentUrl":"https:\/\/www.buhl.de\/vermieter-web\/wp-content\/uploads\/sites\/33\/2020\/06\/steckdose.jpg","width":846,"height":422},{"@type":"BreadcrumbList","@id":"https:\/\/www.buhl.de\/vermieter-web\/transparenzgebot-und-strompreiserhoehung\/#breadcrumb","itemListElement":[{"@type":"ListItem","position":1,"name":"Startseite","item":"https:\/\/www.buhl.de\/vermieter-web\/"},{"@type":"ListItem","position":2,"name":"Transparenzgebot und Strompreiserh\u00f6hung"}]},{"@type":"WebSite","@id":"https:\/\/www.buhl.de\/vermieter-web\/#website","url":"https:\/\/www.buhl.de\/vermieter-web\/","name":"Online-Nebenkostenabrechnung mit WISO Vermieter-Web","description":"","potentialAction":[{"@type":"SearchAction","target":{"@type":"EntryPoint","urlTemplate":"https:\/\/www.buhl.de\/vermieter-web\/?s={search_term_string}"},"query-input":{"@type":"PropertyValueSpecification","valueRequired":true,"valueName":"search_term_string"}}],"inLanguage":"de"},{"@type":"Person","@id":"https:\/\/www.buhl.de\/vermieter-web\/#\/schema\/person\/82903e1cb04eb553382702d503991b4f","name":"Hartmut Fischer"}]}},"_links":{"self":[{"href":"https:\/\/www.buhl.de\/vermieter-web\/wp-json\/wp\/v2\/posts\/12823","targetHints":{"allow":["GET"]}}],"collection":[{"href":"https:\/\/www.buhl.de\/vermieter-web\/wp-json\/wp\/v2\/posts"}],"about":[{"href":"https:\/\/www.buhl.de\/vermieter-web\/wp-json\/wp\/v2\/types\/post"}],"author":[{"embeddable":true,"href":"https:\/\/www.buhl.de\/vermieter-web\/wp-json\/wp\/v2\/users\/15"}],"replies":[{"embeddable":true,"href":"https:\/\/www.buhl.de\/vermieter-web\/wp-json\/wp\/v2\/comments?post=12823"}],"version-history":[{"count":1,"href":"https:\/\/www.buhl.de\/vermieter-web\/wp-json\/wp\/v2\/posts\/12823\/revisions"}],"predecessor-version":[{"id":12825,"href":"https:\/\/www.buhl.de\/vermieter-web\/wp-json\/wp\/v2\/posts\/12823\/revisions\/12825"}],"wp:featuredmedia":[{"embeddable":true,"href":"https:\/\/www.buhl.de\/vermieter-web\/wp-json\/wp\/v2\/media\/12714"}],"wp:attachment":[{"href":"https:\/\/www.buhl.de\/vermieter-web\/wp-json\/wp\/v2\/media?parent=12823"}],"wp:term":[{"taxonomy":"category","embeddable":true,"href":"https:\/\/www.buhl.de\/vermieter-web\/wp-json\/wp\/v2\/categories?post=12823"},{"taxonomy":"post_tag","embeddable":true,"href":"https:\/\/www.buhl.de\/vermieter-web\/wp-json\/wp\/v2\/tags?post=12823"}],"curies":[{"name":"wp","href":"https:\/\/api.w.org\/{rel}","templated":true}]}}