{"id":12928,"date":"2020-08-21T14:41:09","date_gmt":"2020-08-21T12:41:09","guid":{"rendered":"http:\/\/www.buhl.de\/vermieter-web\/?p=12928"},"modified":"2020-08-21T14:41:09","modified_gmt":"2020-08-21T12:41:09","slug":"aus-fuer-kaminoefen","status":"publish","type":"post","link":"https:\/\/www.buhl.de\/vermieter-web\/aus-fuer-kaminoefen\/","title":{"rendered":"Aus f\u00fcr Kamin\u00f6fen?"},"content":{"rendered":"<p><strong>F\u00fcr viele Kamin\u00f6fen d\u00fcrfte am 31.12.2020 das \u201eAus\u201c kommen. Nach den \u00dcbergangsfristen, die im \u00a7 26 der 1. BlmSchV (Erste Verordnung zur Durchf\u00fchrung des Bundes-Immissionsschutzgesetzes Verordnung \u00fcber kleine und mittlere Feuerungsanlagen) m\u00fcssen \u00d6fen, die mit dem Betriebsdatum (auf dem Typenschild) Januar 1985 bis Dezember 1994 versehen sind, entweder nachger\u00fcstet oder stillgelegt werden.<\/strong><\/p>\n<p>F\u00fcr alle Kamin\u00f6fen, die vor dem 22.03.2010 errichtet wurden, gilt, dass sie je Kubikmeter Abgas maximal 4 Gramm Kohlenmonoxid und h\u00f6chstens 0,15 Gramm Feinstaub abgeben d\u00fcrfen. Als Beleg, dass diese Werte eingehalten werden, kann eine Herstellerbescheinigung vorgelegt werden. L\u00e4sst man als Nachweis eine Einzelmessung durch den Schornsteinfeger durchf\u00fchren, muss man mit Kosten von rund 200 bis 300 Euro rechnen.<\/p>\n<p>Kamin\u00f6fen der Typenschild das Jahr 1974 oder fr\u00fcher aufweisen, mussten bereits Ende 2014 nachger\u00fcstet oder stillgelegt werden. F\u00fcr \u00d6fen die 1984 oder fr\u00fcher gebaut wurden, musste die Stilllegung beziehungsweise Nachr\u00fcstung sp\u00e4testens am 01.01.2018 erfolgt sein.<\/p>\n<hr \/>\n<p><strong><img loading=\"lazy\" decoding=\"async\" class=\" wp-image-12797 alignleft\" src=\"https:\/\/www.buhl.de\/vermieter-web\/wp-content\/uploads\/sites\/33\/2020\/07\/Achtung.jpg\" alt=\"\" width=\"90\" height=\"88\" \/><\/strong>Der 31.12. diesen Jahres ist der letzte Stichtag f\u00fcr \u00d6fen der Baujahre 1985 bis 1994. Bis dahin m\u00fcssen sie entweder stillgelegt oder nachger\u00fcstet werden.<\/p>\n<hr \/>\n<p>\u00d6fen die zwischen dem 01.01.1995 und dem 21.03. 2010 gebaut wurden d\u00fcrfen noch bis Ende 2024 unver\u00e4ndert betrieben werden.<\/p>\n<p>Kann man das Alter des Ofens nicht mehr eindeutig ermittelt, gilt f\u00fcr ihn immer, dass er bereits sp\u00e4testens bis zum 31.12.2014 nachger\u00fcstet oder stillgelegt werden musste.<\/p>\n<p>Das Nachr\u00fcsten ist eine nicht gerade preiswerte Angelegenheit. Bei der preiswerteren Variante setzt man einen so genannten passiven Feinstaubfilter ein, der zwischen 300 und 500 Euro kosten kann. Was zun\u00e4chst g\u00fcnstig erscheint, entpuppt sich auf lange Sicht als teuer: Die Filter m\u00fcssen mindestens alle zwei Jahre getauscht werden, oft schon fr\u00fcher.<\/p>\n<hr \/>\n<p><strong><img loading=\"lazy\" decoding=\"async\" class=\" wp-image-12797 alignleft\" src=\"https:\/\/www.buhl.de\/vermieter-web\/wp-content\/uploads\/sites\/33\/2020\/07\/Achtung.jpg\" alt=\"\" width=\"91\" height=\"89\" \/><\/strong><\/p>\n<p><span style=\"font-size: 1rem\">\u201eEs drauf ankommen lassen\u201c kann teuer werden. Die zust\u00e4ndigen Beh\u00f6rden k\u00f6nnen Geldstrafen bis 50.000 Euro verh\u00e4ngen. Sp\u00e4testens beim n\u00e4chsten Besuch des Schornsteinfegers d\u00fcrfte es auffallen, wenn man den Anforderungen nicht nachgekommen ist.<\/span><\/p>\n<hr \/>\n<p><strong>Von den strengen Regeln sind jedoch ausgenommen:<\/strong><\/p>\n<p>Nichtgewerblich genutzte Herde und Back\u00f6fen mit einer Nennw\u00e4rmeleistung unter 15 Kilowatt;<br \/>\n<span style=\"font-size: 1rem\">offene Kamine (Feuerst\u00e4tte f\u00fcr feste Brennstoffe, die bestimmungsgem\u00e4\u00df offen betrieben werden kann, soweit die Feuerst\u00e4tte nicht ausschlie\u00dflich f\u00fcr die Zubereitung von Speisen bestimmt ist);<br \/>\n<\/span><span style=\"font-size: 1rem\">Grund\u00f6fen (Einzelraumfeuerungsanlage als W\u00e4rmespeicherofen aus mineralischen Speichermaterialien, die an Ort und Stelle handwerklich gesetzt werden);<br \/>\n<\/span><span style=\"font-size: 1rem\">Einzelraumfeuerungsanlagen in Wohneinheiten, deren W\u00e4rmeversorgung ausschlie\u00dflich \u00fcber diese Anlagen erfolgt, sowie<br \/>\n<\/span><span style=\"font-size: 1rem\">Einzelraumfeuerungsanlagen, bei denen der Betreiber gegen\u00fcber dem Bezirksschornsteinfegermeister glaubhaft machen kann, dass sie vor dem 1. Januar 1950 hergestellt oder errichtet wurden.<\/span><\/p>\n<p><em><strong>Das d\u00fcrfte Sie auch interessieren:<\/strong><\/em><\/p>\n<p><a href=\"https:\/\/www.buhl.de\/vermieter-web\/heizungssanierung-neue-foerderung-setzt-auf-erneuerbare-energie\/\">Heizungssanierung: Neue F\u00f6rderung setzt auf erneuerbare Energie<\/a><br \/>\n<a href=\"https:\/\/www.buhl.de\/vermieter-web\/ohne-energieeinsparung-keine-mieterhoehung\/\">Ohne Energieeinsparung keine Mieterh\u00f6hung<\/a><br \/>\n<a href=\"https:\/\/www.buhl.de\/vermieter-web\/heizungsabnahme-erfordert-dokumentation\/\">Heizungsabnahme erfordert Dokumentation<\/a><\/p>\n<p>&nbsp;<\/p>\n<p>&nbsp;<\/p>\n","protected":false},"excerpt":{"rendered":"<p>F\u00fcr viele Kamin\u00f6fen d\u00fcrfte am 31.12.2020 das \u201eAus\u201c kommen. Nach den \u00dcbergangsfristen, die im \u00a7 26 der 1. BlmSchV (Erste Verordnung zur Durchf\u00fchrung des Bundes-Immissionsschutzgesetzes Verordnung \u00fcber kleine und mittlere Feuerungsanlagen) m\u00fcssen \u00d6fen, die mit dem Betriebsdatum (auf dem Typenschild) Januar 1985 bis Dezember 1994 versehen sind, entweder nachger\u00fcstet oder stillgelegt werden. F\u00fcr alle Kamin\u00f6fen, &hellip; <\/p>\n<p class=\"link-more\"><a href=\"https:\/\/www.buhl.de\/vermieter-web\/aus-fuer-kaminoefen\/\" class=\"more-link\"><span class=\"screen-reader-text\">\u201eAus f\u00fcr Kamin\u00f6fen?\u201c<\/span> weiterlesen<\/a><\/p>\n","protected":false},"author":15,"featured_media":12931,"comment_status":"open","ping_status":"open","sticky":false,"template":"","format":"standard","meta":{"footnotes":""},"categories":[1],"tags":[5421,5420,5422],"class_list":["post-12928","post","type-post","status-publish","format-standard","has-post-thumbnail","hentry","category-allgemein","tag-kachelofen","tag-kaminofen","tag-ofen"],"yoast_head":"<!-- This site is optimized with the Yoast SEO Premium plugin v27.4 (Yoast SEO v27.5) - https:\/\/yoast.com\/product\/yoast-seo-premium-wordpress\/ -->\n<title>Aus f\u00fcr Kamin\u00f6fen? - Online-Nebenkostenabrechnung mit WISO Vermieter-Web<\/title>\n<meta name=\"robots\" content=\"noindex, nofollow\" \/>\n<meta property=\"og:locale\" content=\"de_DE\" \/>\n<meta property=\"og:type\" content=\"article\" \/>\n<meta property=\"og:title\" content=\"Aus f\u00fcr Kamin\u00f6fen?\" \/>\n<meta property=\"og:description\" content=\"F\u00fcr viele Kamin\u00f6fen d\u00fcrfte am 31.12.2020 das \u201eAus\u201c kommen. Nach den \u00dcbergangsfristen, die im \u00a7 26 der 1. BlmSchV (Erste Verordnung zur Durchf\u00fchrung des Bundes-Immissionsschutzgesetzes Verordnung \u00fcber kleine und mittlere Feuerungsanlagen) m\u00fcssen \u00d6fen, die mit dem Betriebsdatum (auf dem Typenschild) Januar 1985 bis Dezember 1994 versehen sind, entweder nachger\u00fcstet oder stillgelegt werden. F\u00fcr alle Kamin\u00f6fen, &hellip; \u201eAus f\u00fcr Kamin\u00f6fen?\u201c weiterlesen\" \/>\n<meta property=\"og:url\" content=\"https:\/\/www.buhl.de\/vermieter-web\/aus-fuer-kaminoefen\/\" \/>\n<meta property=\"og:site_name\" content=\"Online-Nebenkostenabrechnung mit WISO Vermieter-Web\" \/>\n<meta property=\"article:published_time\" content=\"2020-08-21T12:41:09+00:00\" \/>\n<meta property=\"og:image\" content=\"https:\/\/www.buhl.de\/vermieter-web\/wp-content\/uploads\/sites\/33\/2020\/08\/shutterstock_249022924.jpg\" \/>\n\t<meta property=\"og:image:width\" content=\"840\" \/>\n\t<meta property=\"og:image:height\" content=\"420\" \/>\n\t<meta property=\"og:image:type\" content=\"image\/jpeg\" \/>\n<meta name=\"author\" content=\"Hartmut Fischer\" \/>\n<meta name=\"twitter:card\" content=\"summary_large_image\" \/>\n<meta name=\"twitter:label1\" content=\"Verfasst von\" \/>\n\t<meta name=\"twitter:data1\" content=\"Hartmut Fischer\" \/>\n\t<meta name=\"twitter:label2\" content=\"Gesch\u00e4tzte Lesezeit\" \/>\n\t<meta name=\"twitter:data2\" content=\"2\u00a0Minuten\" \/>\n<script type=\"application\/ld+json\" class=\"yoast-schema-graph\">{\"@context\":\"https:\\\/\\\/schema.org\",\"@graph\":[{\"@type\":\"Article\",\"@id\":\"https:\\\/\\\/www.buhl.de\\\/vermieter-web\\\/aus-fuer-kaminoefen\\\/#article\",\"isPartOf\":{\"@id\":\"https:\\\/\\\/www.buhl.de\\\/vermieter-web\\\/aus-fuer-kaminoefen\\\/\"},\"author\":{\"name\":\"Hartmut Fischer\",\"@id\":\"https:\\\/\\\/www.buhl.de\\\/vermieter-web\\\/#\\\/schema\\\/person\\\/82903e1cb04eb553382702d503991b4f\"},\"headline\":\"Aus f\u00fcr Kamin\u00f6fen?\",\"datePublished\":\"2020-08-21T12:41:09+00:00\",\"mainEntityOfPage\":{\"@id\":\"https:\\\/\\\/www.buhl.de\\\/vermieter-web\\\/aus-fuer-kaminoefen\\\/\"},\"wordCount\":439,\"commentCount\":0,\"image\":{\"@id\":\"https:\\\/\\\/www.buhl.de\\\/vermieter-web\\\/aus-fuer-kaminoefen\\\/#primaryimage\"},\"thumbnailUrl\":\"https:\\\/\\\/www.buhl.de\\\/vermieter-web\\\/wp-content\\\/uploads\\\/sites\\\/33\\\/2020\\\/08\\\/shutterstock_249022924.jpg\",\"keywords\":[\"Kachelofen\",\"Kaminofen\",\"Ofen\"],\"inLanguage\":\"de\",\"potentialAction\":[{\"@type\":\"CommentAction\",\"name\":\"Comment\",\"target\":[\"https:\\\/\\\/www.buhl.de\\\/vermieter-web\\\/aus-fuer-kaminoefen\\\/#respond\"]}]},{\"@type\":\"WebPage\",\"@id\":\"https:\\\/\\\/www.buhl.de\\\/vermieter-web\\\/aus-fuer-kaminoefen\\\/\",\"url\":\"https:\\\/\\\/www.buhl.de\\\/vermieter-web\\\/aus-fuer-kaminoefen\\\/\",\"name\":\"Aus f\u00fcr Kamin\u00f6fen? - Online-Nebenkostenabrechnung mit WISO Vermieter-Web\",\"isPartOf\":{\"@id\":\"https:\\\/\\\/www.buhl.de\\\/vermieter-web\\\/#website\"},\"primaryImageOfPage\":{\"@id\":\"https:\\\/\\\/www.buhl.de\\\/vermieter-web\\\/aus-fuer-kaminoefen\\\/#primaryimage\"},\"image\":{\"@id\":\"https:\\\/\\\/www.buhl.de\\\/vermieter-web\\\/aus-fuer-kaminoefen\\\/#primaryimage\"},\"thumbnailUrl\":\"https:\\\/\\\/www.buhl.de\\\/vermieter-web\\\/wp-content\\\/uploads\\\/sites\\\/33\\\/2020\\\/08\\\/shutterstock_249022924.jpg\",\"datePublished\":\"2020-08-21T12:41:09+00:00\",\"author\":{\"@id\":\"https:\\\/\\\/www.buhl.de\\\/vermieter-web\\\/#\\\/schema\\\/person\\\/82903e1cb04eb553382702d503991b4f\"},\"breadcrumb\":{\"@id\":\"https:\\\/\\\/www.buhl.de\\\/vermieter-web\\\/aus-fuer-kaminoefen\\\/#breadcrumb\"},\"inLanguage\":\"de\",\"potentialAction\":[{\"@type\":\"ReadAction\",\"target\":[\"https:\\\/\\\/www.buhl.de\\\/vermieter-web\\\/aus-fuer-kaminoefen\\\/\"]}]},{\"@type\":\"ImageObject\",\"inLanguage\":\"de\",\"@id\":\"https:\\\/\\\/www.buhl.de\\\/vermieter-web\\\/aus-fuer-kaminoefen\\\/#primaryimage\",\"url\":\"https:\\\/\\\/www.buhl.de\\\/vermieter-web\\\/wp-content\\\/uploads\\\/sites\\\/33\\\/2020\\\/08\\\/shutterstock_249022924.jpg\",\"contentUrl\":\"https:\\\/\\\/www.buhl.de\\\/vermieter-web\\\/wp-content\\\/uploads\\\/sites\\\/33\\\/2020\\\/08\\\/shutterstock_249022924.jpg\",\"width\":840,\"height\":420},{\"@type\":\"BreadcrumbList\",\"@id\":\"https:\\\/\\\/www.buhl.de\\\/vermieter-web\\\/aus-fuer-kaminoefen\\\/#breadcrumb\",\"itemListElement\":[{\"@type\":\"ListItem\",\"position\":1,\"name\":\"Startseite\",\"item\":\"https:\\\/\\\/www.buhl.de\\\/vermieter-web\\\/\"},{\"@type\":\"ListItem\",\"position\":2,\"name\":\"Aus f\u00fcr Kamin\u00f6fen?\"}]},{\"@type\":\"WebSite\",\"@id\":\"https:\\\/\\\/www.buhl.de\\\/vermieter-web\\\/#website\",\"url\":\"https:\\\/\\\/www.buhl.de\\\/vermieter-web\\\/\",\"name\":\"Online-Nebenkostenabrechnung mit WISO Vermieter-Web\",\"description\":\"\",\"potentialAction\":[{\"@type\":\"SearchAction\",\"target\":{\"@type\":\"EntryPoint\",\"urlTemplate\":\"https:\\\/\\\/www.buhl.de\\\/vermieter-web\\\/?s={search_term_string}\"},\"query-input\":{\"@type\":\"PropertyValueSpecification\",\"valueRequired\":true,\"valueName\":\"search_term_string\"}}],\"inLanguage\":\"de\"},{\"@type\":\"Person\",\"@id\":\"https:\\\/\\\/www.buhl.de\\\/vermieter-web\\\/#\\\/schema\\\/person\\\/82903e1cb04eb553382702d503991b4f\",\"name\":\"Hartmut Fischer\"}]}<\/script>\n<!-- \/ Yoast SEO Premium plugin. -->","yoast_head_json":{"title":"Aus f\u00fcr Kamin\u00f6fen? - Online-Nebenkostenabrechnung mit WISO Vermieter-Web","robots":{"index":"noindex","follow":"nofollow"},"og_locale":"de_DE","og_type":"article","og_title":"Aus f\u00fcr Kamin\u00f6fen?","og_description":"F\u00fcr viele Kamin\u00f6fen d\u00fcrfte am 31.12.2020 das \u201eAus\u201c kommen. Nach den \u00dcbergangsfristen, die im \u00a7 26 der 1. BlmSchV (Erste Verordnung zur Durchf\u00fchrung des Bundes-Immissionsschutzgesetzes Verordnung \u00fcber kleine und mittlere Feuerungsanlagen) m\u00fcssen \u00d6fen, die mit dem Betriebsdatum (auf dem Typenschild) Januar 1985 bis Dezember 1994 versehen sind, entweder nachger\u00fcstet oder stillgelegt werden. F\u00fcr alle Kamin\u00f6fen, &hellip; \u201eAus f\u00fcr Kamin\u00f6fen?\u201c weiterlesen","og_url":"https:\/\/www.buhl.de\/vermieter-web\/aus-fuer-kaminoefen\/","og_site_name":"Online-Nebenkostenabrechnung mit WISO Vermieter-Web","article_published_time":"2020-08-21T12:41:09+00:00","og_image":[{"width":840,"height":420,"url":"https:\/\/www.buhl.de\/vermieter-web\/wp-content\/uploads\/sites\/33\/2020\/08\/shutterstock_249022924.jpg","type":"image\/jpeg"}],"author":"Hartmut Fischer","twitter_card":"summary_large_image","twitter_misc":{"Verfasst von":"Hartmut Fischer","Gesch\u00e4tzte Lesezeit":"2\u00a0Minuten"},"schema":{"@context":"https:\/\/schema.org","@graph":[{"@type":"Article","@id":"https:\/\/www.buhl.de\/vermieter-web\/aus-fuer-kaminoefen\/#article","isPartOf":{"@id":"https:\/\/www.buhl.de\/vermieter-web\/aus-fuer-kaminoefen\/"},"author":{"name":"Hartmut Fischer","@id":"https:\/\/www.buhl.de\/vermieter-web\/#\/schema\/person\/82903e1cb04eb553382702d503991b4f"},"headline":"Aus f\u00fcr Kamin\u00f6fen?","datePublished":"2020-08-21T12:41:09+00:00","mainEntityOfPage":{"@id":"https:\/\/www.buhl.de\/vermieter-web\/aus-fuer-kaminoefen\/"},"wordCount":439,"commentCount":0,"image":{"@id":"https:\/\/www.buhl.de\/vermieter-web\/aus-fuer-kaminoefen\/#primaryimage"},"thumbnailUrl":"https:\/\/www.buhl.de\/vermieter-web\/wp-content\/uploads\/sites\/33\/2020\/08\/shutterstock_249022924.jpg","keywords":["Kachelofen","Kaminofen","Ofen"],"inLanguage":"de","potentialAction":[{"@type":"CommentAction","name":"Comment","target":["https:\/\/www.buhl.de\/vermieter-web\/aus-fuer-kaminoefen\/#respond"]}]},{"@type":"WebPage","@id":"https:\/\/www.buhl.de\/vermieter-web\/aus-fuer-kaminoefen\/","url":"https:\/\/www.buhl.de\/vermieter-web\/aus-fuer-kaminoefen\/","name":"Aus f\u00fcr Kamin\u00f6fen? - Online-Nebenkostenabrechnung mit WISO Vermieter-Web","isPartOf":{"@id":"https:\/\/www.buhl.de\/vermieter-web\/#website"},"primaryImageOfPage":{"@id":"https:\/\/www.buhl.de\/vermieter-web\/aus-fuer-kaminoefen\/#primaryimage"},"image":{"@id":"https:\/\/www.buhl.de\/vermieter-web\/aus-fuer-kaminoefen\/#primaryimage"},"thumbnailUrl":"https:\/\/www.buhl.de\/vermieter-web\/wp-content\/uploads\/sites\/33\/2020\/08\/shutterstock_249022924.jpg","datePublished":"2020-08-21T12:41:09+00:00","author":{"@id":"https:\/\/www.buhl.de\/vermieter-web\/#\/schema\/person\/82903e1cb04eb553382702d503991b4f"},"breadcrumb":{"@id":"https:\/\/www.buhl.de\/vermieter-web\/aus-fuer-kaminoefen\/#breadcrumb"},"inLanguage":"de","potentialAction":[{"@type":"ReadAction","target":["https:\/\/www.buhl.de\/vermieter-web\/aus-fuer-kaminoefen\/"]}]},{"@type":"ImageObject","inLanguage":"de","@id":"https:\/\/www.buhl.de\/vermieter-web\/aus-fuer-kaminoefen\/#primaryimage","url":"https:\/\/www.buhl.de\/vermieter-web\/wp-content\/uploads\/sites\/33\/2020\/08\/shutterstock_249022924.jpg","contentUrl":"https:\/\/www.buhl.de\/vermieter-web\/wp-content\/uploads\/sites\/33\/2020\/08\/shutterstock_249022924.jpg","width":840,"height":420},{"@type":"BreadcrumbList","@id":"https:\/\/www.buhl.de\/vermieter-web\/aus-fuer-kaminoefen\/#breadcrumb","itemListElement":[{"@type":"ListItem","position":1,"name":"Startseite","item":"https:\/\/www.buhl.de\/vermieter-web\/"},{"@type":"ListItem","position":2,"name":"Aus f\u00fcr Kamin\u00f6fen?"}]},{"@type":"WebSite","@id":"https:\/\/www.buhl.de\/vermieter-web\/#website","url":"https:\/\/www.buhl.de\/vermieter-web\/","name":"Online-Nebenkostenabrechnung mit WISO Vermieter-Web","description":"","potentialAction":[{"@type":"SearchAction","target":{"@type":"EntryPoint","urlTemplate":"https:\/\/www.buhl.de\/vermieter-web\/?s={search_term_string}"},"query-input":{"@type":"PropertyValueSpecification","valueRequired":true,"valueName":"search_term_string"}}],"inLanguage":"de"},{"@type":"Person","@id":"https:\/\/www.buhl.de\/vermieter-web\/#\/schema\/person\/82903e1cb04eb553382702d503991b4f","name":"Hartmut Fischer"}]}},"_links":{"self":[{"href":"https:\/\/www.buhl.de\/vermieter-web\/wp-json\/wp\/v2\/posts\/12928","targetHints":{"allow":["GET"]}}],"collection":[{"href":"https:\/\/www.buhl.de\/vermieter-web\/wp-json\/wp\/v2\/posts"}],"about":[{"href":"https:\/\/www.buhl.de\/vermieter-web\/wp-json\/wp\/v2\/types\/post"}],"author":[{"embeddable":true,"href":"https:\/\/www.buhl.de\/vermieter-web\/wp-json\/wp\/v2\/users\/15"}],"replies":[{"embeddable":true,"href":"https:\/\/www.buhl.de\/vermieter-web\/wp-json\/wp\/v2\/comments?post=12928"}],"version-history":[{"count":1,"href":"https:\/\/www.buhl.de\/vermieter-web\/wp-json\/wp\/v2\/posts\/12928\/revisions"}],"predecessor-version":[{"id":12932,"href":"https:\/\/www.buhl.de\/vermieter-web\/wp-json\/wp\/v2\/posts\/12928\/revisions\/12932"}],"wp:featuredmedia":[{"embeddable":true,"href":"https:\/\/www.buhl.de\/vermieter-web\/wp-json\/wp\/v2\/media\/12931"}],"wp:attachment":[{"href":"https:\/\/www.buhl.de\/vermieter-web\/wp-json\/wp\/v2\/media?parent=12928"}],"wp:term":[{"taxonomy":"category","embeddable":true,"href":"https:\/\/www.buhl.de\/vermieter-web\/wp-json\/wp\/v2\/categories?post=12928"},{"taxonomy":"post_tag","embeddable":true,"href":"https:\/\/www.buhl.de\/vermieter-web\/wp-json\/wp\/v2\/tags?post=12928"}],"curies":[{"name":"wp","href":"https:\/\/api.w.org\/{rel}","templated":true}]}}