{"id":12933,"date":"2020-08-21T14:46:54","date_gmt":"2020-08-21T12:46:54","guid":{"rendered":"http:\/\/www.buhl.de\/vermieter-web\/?p=12933"},"modified":"2020-08-21T14:46:54","modified_gmt":"2020-08-21T12:46:54","slug":"aus-fuer-das-hausinterne-breitbandnetz","status":"publish","type":"post","link":"https:\/\/www.buhl.de\/vermieter-web\/aus-fuer-das-hausinterne-breitbandnetz\/","title":{"rendered":"Aus f\u00fcr das hausinterne Breitbandnetz?\u00a0"},"content":{"rendered":"<p><strong>Im Rahmen der laufenden Novellierung des Telekommunikationsgesetzes dr\u00e4ngt das Bundesministerium f\u00fcr Wirtschaft und Energie auf eine Einschr\u00e4nkung oder Abschaffung der mietrechtlichen Umlagef\u00e4higkeit der Betriebskosten f\u00fcr Inhaus-Breitbandnetze. Die Umlage beinhaltet auch die laufenden Entgelte f\u00fcr eine TV-Grundversorgung.<br \/>\n<\/strong><br \/>\nDie \u00c4nderung der Betriebskostenverordnung h\u00e4tte f\u00fcr die Mieter \u2013 insbesondere die finanziell schw\u00e4cher gestellten \u2013 fatale Folgen. Die Mieter k\u00f6nnten dann nicht mehr aus einem hausinternen Breitbandnetz versorgt werden und der Mieter m\u00fcsste einen Anschluss auf eigene Kosten realisieren. F\u00fcr die so genannten Transferhaushalte \u00fcbernimmt aktuell der Sozialhilfetr\u00e4ger die Kosten f\u00fcr den TV-Anschluss als Kosten der Unterkunft. Entfiele die Umlagef\u00e4higkeit, m\u00fcssten solche Mieter den TV-Anschluss k\u00fcnftig aus dem Regelsatz der Hilfe zum Lebensunterhalt finanzieren. \u201eSowohl sozialpolitisch als auch mit Blick auf den Informationsbedarf der Bev\u00f6lkerung w\u00e4re dies aus meiner Sicht nicht hinnehmbar. Diese Menschen werden durch die angedachte \u00c4nderung der Betriebskostenverordnung erheblich benachteiligt\u201c, sagt Dr. Axel Tausendpfund, Vorstand des Verbands der S\u00fcdwestdeutschen Wohnungswirtschaft (VdW s\u00fcdwest).<\/p>\n<p>Heute erhalten 12,5 Millionen B\u00fcrger in Deutschland eine TV-Grundversorgung \u00fcber Breitbandnetze als Teil ihrer Wohnungsmiete. Die Kosten des Betriebs der daf\u00fcr notwendigen Netze sowie die erforderlichen Urheberrechtsabgaben an die TV-Sender kann der Vermieter als Nebenkosten auf seine Mieter umlegen. Dieses System schafft eine kosteng\u00fcnstige TV-Versorgung f\u00fcr mehr als ein Viertel der deutschen Haushalte. Eine Umstellung auf Einzelvertr\u00e4ge w\u00fcrde zu deutlich h\u00f6heren Kosten von bis zu 200 Euro pro Jahr f\u00fcr die betroffenen Mieter f\u00fchren. Zudem w\u00fcrde der Wegfall der Umlageoption den Breitbandausbau massiv beeintr\u00e4chtigen und somit auch die Ausbaustrategie der Bundesregierung konterkarieren.<\/p>\n<p>\u201eWir als Wohnungswirtschaft wollen in den kommenden f\u00fcnf Jahren eine Million Wohnungen an das Glasfasernetz anschlie\u00dfen und so aktiv die Breitbandstrategie der Bundesregierung und die Digitalisierung unterst\u00fctzen. Diese Zusage k\u00f6nnen wir jedoch nur bei Erhalt der Umlagef\u00e4higkeit geben\u201c, sagt Tausendpfund. Eine Einschr\u00e4nkung und Abschaffung der Umlagef\u00e4higkeit des Breitbandanschlusses verz\u00f6gert oder verhindert zudem die l\u00e4ngst \u00fcberf\u00e4llige generelle Anpassung des Betriebskostenrechts an das digitale Zeitalter. Eine effiziente Geb\u00e4udesteuerung, die zudem Energie und CO2 einsparen soll, braucht neben schnellem Internet ein modernes digitales Geb\u00e4ude-Betriebssystem. Auch hier kann das Betriebskostenrecht zu einem wirksamen Instrument ausgebaut werden.<\/p>\n<p><em><strong>Das k\u00f6nnte Sie auch interessieren:<\/strong><\/em><br \/>\n<a href=\"https:\/\/www.buhl.de\/vermieter-web\/empfang-auslaendischer-fernsehprogramme-bei-eigentumswohnungen\/\">Empfang ausl\u00e4ndischer Fernsehprogramme bei Eigentumswohnungen<\/a><br \/>\n<a href=\"https:\/\/www.buhl.de\/vermieter-web\/rueckkanalfaehiges-breitband-wohnwertverbesserung\/\">R\u00fcckkanalf\u00e4higes Breitband: Wohnwertverbesserung<\/a><br \/>\n<a href=\"https:\/\/www.buhl.de\/vermieter-web\/sat-statt-kabel-was-steht-im-mietvertrag\/\">Sat statt Kabel \u2013 Was steht im Mietvertrag?<\/a><\/p>\n","protected":false},"excerpt":{"rendered":"<p>Im Rahmen der laufenden Novellierung des Telekommunikationsgesetzes dr\u00e4ngt das Bundesministerium f\u00fcr Wirtschaft und Energie auf eine Einschr\u00e4nkung oder Abschaffung der mietrechtlichen Umlagef\u00e4higkeit der Betriebskosten f\u00fcr Inhaus-Breitbandnetze. Die Umlage beinhaltet auch die laufenden Entgelte f\u00fcr eine TV-Grundversorgung. Die \u00c4nderung der Betriebskostenverordnung h\u00e4tte f\u00fcr die Mieter \u2013 insbesondere die finanziell schw\u00e4cher gestellten \u2013 fatale Folgen. Die Mieter &hellip; <\/p>\n<p class=\"link-more\"><a href=\"https:\/\/www.buhl.de\/vermieter-web\/aus-fuer-das-hausinterne-breitbandnetz\/\" class=\"more-link\"><span class=\"screen-reader-text\">\u201eAus f\u00fcr das hausinterne Breitbandnetz?\u00a0\u201c<\/span> weiterlesen<\/a><\/p>\n","protected":false},"author":15,"featured_media":12930,"comment_status":"open","ping_status":"open","sticky":false,"template":"","format":"standard","meta":{"footnotes":""},"categories":[1],"tags":[5435,5434,5433,5436],"class_list":["post-12933","post","type-post","status-publish","format-standard","has-post-thumbnail","hentry","category-allgemein","tag-breitband","tag-fernsehen","tag-tv","tag-umlagefaehig"],"yoast_head":"<!-- This site is optimized with the Yoast SEO Premium plugin v27.4 (Yoast SEO v27.5) - https:\/\/yoast.com\/product\/yoast-seo-premium-wordpress\/ -->\n<title>Aus f\u00fcr das hausinterne Breitbandnetz?\u00a0 - Online-Nebenkostenabrechnung mit WISO Vermieter-Web<\/title>\n<meta name=\"robots\" content=\"noindex, nofollow\" \/>\n<meta property=\"og:locale\" content=\"de_DE\" \/>\n<meta property=\"og:type\" content=\"article\" \/>\n<meta property=\"og:title\" content=\"Aus f\u00fcr das hausinterne Breitbandnetz?\u00a0\" \/>\n<meta property=\"og:description\" content=\"Im Rahmen der laufenden Novellierung des Telekommunikationsgesetzes dr\u00e4ngt das Bundesministerium f\u00fcr Wirtschaft und Energie auf eine Einschr\u00e4nkung oder Abschaffung der mietrechtlichen Umlagef\u00e4higkeit der Betriebskosten f\u00fcr Inhaus-Breitbandnetze. Die Umlage beinhaltet auch die laufenden Entgelte f\u00fcr eine TV-Grundversorgung. Die \u00c4nderung der Betriebskostenverordnung h\u00e4tte f\u00fcr die Mieter \u2013 insbesondere die finanziell schw\u00e4cher gestellten \u2013 fatale Folgen. Die Mieter &hellip; \u201eAus f\u00fcr das hausinterne Breitbandnetz?\u00a0\u201c weiterlesen\" \/>\n<meta property=\"og:url\" content=\"https:\/\/www.buhl.de\/vermieter-web\/aus-fuer-das-hausinterne-breitbandnetz\/\" \/>\n<meta property=\"og:site_name\" content=\"Online-Nebenkostenabrechnung mit WISO Vermieter-Web\" \/>\n<meta property=\"article:published_time\" content=\"2020-08-21T12:46:54+00:00\" \/>\n<meta property=\"og:image\" content=\"https:\/\/www.buhl.de\/vermieter-web\/wp-content\/uploads\/sites\/33\/2020\/08\/shutterstock_62918350.jpg\" \/>\n\t<meta property=\"og:image:width\" content=\"840\" \/>\n\t<meta property=\"og:image:height\" content=\"420\" \/>\n\t<meta property=\"og:image:type\" content=\"image\/jpeg\" \/>\n<meta name=\"author\" content=\"Hartmut Fischer\" \/>\n<meta name=\"twitter:card\" content=\"summary_large_image\" \/>\n<meta name=\"twitter:label1\" content=\"Verfasst von\" \/>\n\t<meta name=\"twitter:data1\" content=\"Hartmut Fischer\" \/>\n\t<meta name=\"twitter:label2\" content=\"Gesch\u00e4tzte Lesezeit\" \/>\n\t<meta name=\"twitter:data2\" content=\"2\u00a0Minuten\" \/>\n<script type=\"application\/ld+json\" class=\"yoast-schema-graph\">{\"@context\":\"https:\\\/\\\/schema.org\",\"@graph\":[{\"@type\":\"Article\",\"@id\":\"https:\\\/\\\/www.buhl.de\\\/vermieter-web\\\/aus-fuer-das-hausinterne-breitbandnetz\\\/#article\",\"isPartOf\":{\"@id\":\"https:\\\/\\\/www.buhl.de\\\/vermieter-web\\\/aus-fuer-das-hausinterne-breitbandnetz\\\/\"},\"author\":{\"name\":\"Hartmut Fischer\",\"@id\":\"https:\\\/\\\/www.buhl.de\\\/vermieter-web\\\/#\\\/schema\\\/person\\\/82903e1cb04eb553382702d503991b4f\"},\"headline\":\"Aus f\u00fcr das hausinterne Breitbandnetz?\u00a0\",\"datePublished\":\"2020-08-21T12:46:54+00:00\",\"mainEntityOfPage\":{\"@id\":\"https:\\\/\\\/www.buhl.de\\\/vermieter-web\\\/aus-fuer-das-hausinterne-breitbandnetz\\\/\"},\"wordCount\":405,\"commentCount\":0,\"image\":{\"@id\":\"https:\\\/\\\/www.buhl.de\\\/vermieter-web\\\/aus-fuer-das-hausinterne-breitbandnetz\\\/#primaryimage\"},\"thumbnailUrl\":\"https:\\\/\\\/www.buhl.de\\\/vermieter-web\\\/wp-content\\\/uploads\\\/sites\\\/33\\\/2020\\\/08\\\/shutterstock_62918350.jpg\",\"keywords\":[\"Breitband\",\"Fernsehen\",\"TV\",\"Umlagef\u00e4hig\"],\"inLanguage\":\"de\",\"potentialAction\":[{\"@type\":\"CommentAction\",\"name\":\"Comment\",\"target\":[\"https:\\\/\\\/www.buhl.de\\\/vermieter-web\\\/aus-fuer-das-hausinterne-breitbandnetz\\\/#respond\"]}]},{\"@type\":\"WebPage\",\"@id\":\"https:\\\/\\\/www.buhl.de\\\/vermieter-web\\\/aus-fuer-das-hausinterne-breitbandnetz\\\/\",\"url\":\"https:\\\/\\\/www.buhl.de\\\/vermieter-web\\\/aus-fuer-das-hausinterne-breitbandnetz\\\/\",\"name\":\"Aus f\u00fcr das hausinterne Breitbandnetz?\u00a0 - Online-Nebenkostenabrechnung mit WISO Vermieter-Web\",\"isPartOf\":{\"@id\":\"https:\\\/\\\/www.buhl.de\\\/vermieter-web\\\/#website\"},\"primaryImageOfPage\":{\"@id\":\"https:\\\/\\\/www.buhl.de\\\/vermieter-web\\\/aus-fuer-das-hausinterne-breitbandnetz\\\/#primaryimage\"},\"image\":{\"@id\":\"https:\\\/\\\/www.buhl.de\\\/vermieter-web\\\/aus-fuer-das-hausinterne-breitbandnetz\\\/#primaryimage\"},\"thumbnailUrl\":\"https:\\\/\\\/www.buhl.de\\\/vermieter-web\\\/wp-content\\\/uploads\\\/sites\\\/33\\\/2020\\\/08\\\/shutterstock_62918350.jpg\",\"datePublished\":\"2020-08-21T12:46:54+00:00\",\"author\":{\"@id\":\"https:\\\/\\\/www.buhl.de\\\/vermieter-web\\\/#\\\/schema\\\/person\\\/82903e1cb04eb553382702d503991b4f\"},\"breadcrumb\":{\"@id\":\"https:\\\/\\\/www.buhl.de\\\/vermieter-web\\\/aus-fuer-das-hausinterne-breitbandnetz\\\/#breadcrumb\"},\"inLanguage\":\"de\",\"potentialAction\":[{\"@type\":\"ReadAction\",\"target\":[\"https:\\\/\\\/www.buhl.de\\\/vermieter-web\\\/aus-fuer-das-hausinterne-breitbandnetz\\\/\"]}]},{\"@type\":\"ImageObject\",\"inLanguage\":\"de\",\"@id\":\"https:\\\/\\\/www.buhl.de\\\/vermieter-web\\\/aus-fuer-das-hausinterne-breitbandnetz\\\/#primaryimage\",\"url\":\"https:\\\/\\\/www.buhl.de\\\/vermieter-web\\\/wp-content\\\/uploads\\\/sites\\\/33\\\/2020\\\/08\\\/shutterstock_62918350.jpg\",\"contentUrl\":\"https:\\\/\\\/www.buhl.de\\\/vermieter-web\\\/wp-content\\\/uploads\\\/sites\\\/33\\\/2020\\\/08\\\/shutterstock_62918350.jpg\",\"width\":840,\"height\":420},{\"@type\":\"BreadcrumbList\",\"@id\":\"https:\\\/\\\/www.buhl.de\\\/vermieter-web\\\/aus-fuer-das-hausinterne-breitbandnetz\\\/#breadcrumb\",\"itemListElement\":[{\"@type\":\"ListItem\",\"position\":1,\"name\":\"Startseite\",\"item\":\"https:\\\/\\\/www.buhl.de\\\/vermieter-web\\\/\"},{\"@type\":\"ListItem\",\"position\":2,\"name\":\"Aus f\u00fcr das hausinterne Breitbandnetz?\u00a0\"}]},{\"@type\":\"WebSite\",\"@id\":\"https:\\\/\\\/www.buhl.de\\\/vermieter-web\\\/#website\",\"url\":\"https:\\\/\\\/www.buhl.de\\\/vermieter-web\\\/\",\"name\":\"Online-Nebenkostenabrechnung mit WISO Vermieter-Web\",\"description\":\"\",\"potentialAction\":[{\"@type\":\"SearchAction\",\"target\":{\"@type\":\"EntryPoint\",\"urlTemplate\":\"https:\\\/\\\/www.buhl.de\\\/vermieter-web\\\/?s={search_term_string}\"},\"query-input\":{\"@type\":\"PropertyValueSpecification\",\"valueRequired\":true,\"valueName\":\"search_term_string\"}}],\"inLanguage\":\"de\"},{\"@type\":\"Person\",\"@id\":\"https:\\\/\\\/www.buhl.de\\\/vermieter-web\\\/#\\\/schema\\\/person\\\/82903e1cb04eb553382702d503991b4f\",\"name\":\"Hartmut Fischer\"}]}<\/script>\n<!-- \/ Yoast SEO Premium plugin. -->","yoast_head_json":{"title":"Aus f\u00fcr das hausinterne Breitbandnetz?\u00a0 - Online-Nebenkostenabrechnung mit WISO Vermieter-Web","robots":{"index":"noindex","follow":"nofollow"},"og_locale":"de_DE","og_type":"article","og_title":"Aus f\u00fcr das hausinterne Breitbandnetz?\u00a0","og_description":"Im Rahmen der laufenden Novellierung des Telekommunikationsgesetzes dr\u00e4ngt das Bundesministerium f\u00fcr Wirtschaft und Energie auf eine Einschr\u00e4nkung oder Abschaffung der mietrechtlichen Umlagef\u00e4higkeit der Betriebskosten f\u00fcr Inhaus-Breitbandnetze. Die Umlage beinhaltet auch die laufenden Entgelte f\u00fcr eine TV-Grundversorgung. Die \u00c4nderung der Betriebskostenverordnung h\u00e4tte f\u00fcr die Mieter \u2013 insbesondere die finanziell schw\u00e4cher gestellten \u2013 fatale Folgen. Die Mieter &hellip; \u201eAus f\u00fcr das hausinterne Breitbandnetz?\u00a0\u201c weiterlesen","og_url":"https:\/\/www.buhl.de\/vermieter-web\/aus-fuer-das-hausinterne-breitbandnetz\/","og_site_name":"Online-Nebenkostenabrechnung mit WISO Vermieter-Web","article_published_time":"2020-08-21T12:46:54+00:00","og_image":[{"width":840,"height":420,"url":"https:\/\/www.buhl.de\/vermieter-web\/wp-content\/uploads\/sites\/33\/2020\/08\/shutterstock_62918350.jpg","type":"image\/jpeg"}],"author":"Hartmut Fischer","twitter_card":"summary_large_image","twitter_misc":{"Verfasst von":"Hartmut Fischer","Gesch\u00e4tzte Lesezeit":"2\u00a0Minuten"},"schema":{"@context":"https:\/\/schema.org","@graph":[{"@type":"Article","@id":"https:\/\/www.buhl.de\/vermieter-web\/aus-fuer-das-hausinterne-breitbandnetz\/#article","isPartOf":{"@id":"https:\/\/www.buhl.de\/vermieter-web\/aus-fuer-das-hausinterne-breitbandnetz\/"},"author":{"name":"Hartmut Fischer","@id":"https:\/\/www.buhl.de\/vermieter-web\/#\/schema\/person\/82903e1cb04eb553382702d503991b4f"},"headline":"Aus f\u00fcr das hausinterne Breitbandnetz?\u00a0","datePublished":"2020-08-21T12:46:54+00:00","mainEntityOfPage":{"@id":"https:\/\/www.buhl.de\/vermieter-web\/aus-fuer-das-hausinterne-breitbandnetz\/"},"wordCount":405,"commentCount":0,"image":{"@id":"https:\/\/www.buhl.de\/vermieter-web\/aus-fuer-das-hausinterne-breitbandnetz\/#primaryimage"},"thumbnailUrl":"https:\/\/www.buhl.de\/vermieter-web\/wp-content\/uploads\/sites\/33\/2020\/08\/shutterstock_62918350.jpg","keywords":["Breitband","Fernsehen","TV","Umlagef\u00e4hig"],"inLanguage":"de","potentialAction":[{"@type":"CommentAction","name":"Comment","target":["https:\/\/www.buhl.de\/vermieter-web\/aus-fuer-das-hausinterne-breitbandnetz\/#respond"]}]},{"@type":"WebPage","@id":"https:\/\/www.buhl.de\/vermieter-web\/aus-fuer-das-hausinterne-breitbandnetz\/","url":"https:\/\/www.buhl.de\/vermieter-web\/aus-fuer-das-hausinterne-breitbandnetz\/","name":"Aus f\u00fcr das hausinterne Breitbandnetz?\u00a0 - Online-Nebenkostenabrechnung mit WISO Vermieter-Web","isPartOf":{"@id":"https:\/\/www.buhl.de\/vermieter-web\/#website"},"primaryImageOfPage":{"@id":"https:\/\/www.buhl.de\/vermieter-web\/aus-fuer-das-hausinterne-breitbandnetz\/#primaryimage"},"image":{"@id":"https:\/\/www.buhl.de\/vermieter-web\/aus-fuer-das-hausinterne-breitbandnetz\/#primaryimage"},"thumbnailUrl":"https:\/\/www.buhl.de\/vermieter-web\/wp-content\/uploads\/sites\/33\/2020\/08\/shutterstock_62918350.jpg","datePublished":"2020-08-21T12:46:54+00:00","author":{"@id":"https:\/\/www.buhl.de\/vermieter-web\/#\/schema\/person\/82903e1cb04eb553382702d503991b4f"},"breadcrumb":{"@id":"https:\/\/www.buhl.de\/vermieter-web\/aus-fuer-das-hausinterne-breitbandnetz\/#breadcrumb"},"inLanguage":"de","potentialAction":[{"@type":"ReadAction","target":["https:\/\/www.buhl.de\/vermieter-web\/aus-fuer-das-hausinterne-breitbandnetz\/"]}]},{"@type":"ImageObject","inLanguage":"de","@id":"https:\/\/www.buhl.de\/vermieter-web\/aus-fuer-das-hausinterne-breitbandnetz\/#primaryimage","url":"https:\/\/www.buhl.de\/vermieter-web\/wp-content\/uploads\/sites\/33\/2020\/08\/shutterstock_62918350.jpg","contentUrl":"https:\/\/www.buhl.de\/vermieter-web\/wp-content\/uploads\/sites\/33\/2020\/08\/shutterstock_62918350.jpg","width":840,"height":420},{"@type":"BreadcrumbList","@id":"https:\/\/www.buhl.de\/vermieter-web\/aus-fuer-das-hausinterne-breitbandnetz\/#breadcrumb","itemListElement":[{"@type":"ListItem","position":1,"name":"Startseite","item":"https:\/\/www.buhl.de\/vermieter-web\/"},{"@type":"ListItem","position":2,"name":"Aus f\u00fcr das hausinterne Breitbandnetz?\u00a0"}]},{"@type":"WebSite","@id":"https:\/\/www.buhl.de\/vermieter-web\/#website","url":"https:\/\/www.buhl.de\/vermieter-web\/","name":"Online-Nebenkostenabrechnung mit WISO Vermieter-Web","description":"","potentialAction":[{"@type":"SearchAction","target":{"@type":"EntryPoint","urlTemplate":"https:\/\/www.buhl.de\/vermieter-web\/?s={search_term_string}"},"query-input":{"@type":"PropertyValueSpecification","valueRequired":true,"valueName":"search_term_string"}}],"inLanguage":"de"},{"@type":"Person","@id":"https:\/\/www.buhl.de\/vermieter-web\/#\/schema\/person\/82903e1cb04eb553382702d503991b4f","name":"Hartmut Fischer"}]}},"_links":{"self":[{"href":"https:\/\/www.buhl.de\/vermieter-web\/wp-json\/wp\/v2\/posts\/12933","targetHints":{"allow":["GET"]}}],"collection":[{"href":"https:\/\/www.buhl.de\/vermieter-web\/wp-json\/wp\/v2\/posts"}],"about":[{"href":"https:\/\/www.buhl.de\/vermieter-web\/wp-json\/wp\/v2\/types\/post"}],"author":[{"embeddable":true,"href":"https:\/\/www.buhl.de\/vermieter-web\/wp-json\/wp\/v2\/users\/15"}],"replies":[{"embeddable":true,"href":"https:\/\/www.buhl.de\/vermieter-web\/wp-json\/wp\/v2\/comments?post=12933"}],"version-history":[{"count":1,"href":"https:\/\/www.buhl.de\/vermieter-web\/wp-json\/wp\/v2\/posts\/12933\/revisions"}],"predecessor-version":[{"id":12935,"href":"https:\/\/www.buhl.de\/vermieter-web\/wp-json\/wp\/v2\/posts\/12933\/revisions\/12935"}],"wp:featuredmedia":[{"embeddable":true,"href":"https:\/\/www.buhl.de\/vermieter-web\/wp-json\/wp\/v2\/media\/12930"}],"wp:attachment":[{"href":"https:\/\/www.buhl.de\/vermieter-web\/wp-json\/wp\/v2\/media?parent=12933"}],"wp:term":[{"taxonomy":"category","embeddable":true,"href":"https:\/\/www.buhl.de\/vermieter-web\/wp-json\/wp\/v2\/categories?post=12933"},{"taxonomy":"post_tag","embeddable":true,"href":"https:\/\/www.buhl.de\/vermieter-web\/wp-json\/wp\/v2\/tags?post=12933"}],"curies":[{"name":"wp","href":"https:\/\/api.w.org\/{rel}","templated":true}]}}