{"id":13036,"date":"2020-09-29T13:38:24","date_gmt":"2020-09-29T11:38:24","guid":{"rendered":"http:\/\/www.buhl.de\/vermieter-web\/?p=13036"},"modified":"2020-09-29T13:38:25","modified_gmt":"2020-09-29T11:38:25","slug":"neue-rechte-fuer-wohneigentuemer-und-deren-mieter","status":"publish","type":"post","link":"https:\/\/www.buhl.de\/vermieter-web\/neue-rechte-fuer-wohneigentuemer-und-deren-mieter\/","title":{"rendered":"Neue Rechte f\u00fcr Wohneigent\u00fcmer und deren Mieter"},"content":{"rendered":"\n<p><strong>Am 17.09.2020 wurde vom Bundestag eine WEG-Rechts-Reform beschlossen, die den Eigent\u00fcmern aber auch den Mietern einer Eigentumswohnung weitergehende Rechte einr\u00e4umt. Da man davon ausgehen kann, dass der Bundesrat das Reformpaket am 09.10.2020 durchwinken wird, d\u00fcrften die neuen Bestimmungen am 01.12.2020 in Kraft treten. Unter anderem geht es hier um bauliche Ver\u00e4nderungen am Gemeinschaftseigentum.<\/strong><\/p>\n\n\n\n<p>Grunds\u00e4tzlich soll f\u00fcr einen Beschluss bez\u00fcglich baulicher Ver\u00e4nderungen am Gemeinschaftseigentum die einfache Mehrheit der Mitgliederversammlung ausreichen. Die Mitgliederversammlung wiederum ist nach der Reform unabh\u00e4ngig von den anwesenden Wohnungseigent\u00fcmern beschlussf\u00e4hig sein. Die einfache Mehrheit f\u00fcr bauliche Ver\u00e4nderungen soll auch dann ausreichen, wenn direkt Betroffene der Ma\u00dfnahme nicht zustimmen.<\/p>\n\n\n\n<p>Die Aufteilung der durch die Ma\u00dfnahme entstehenden Kosten gestaltet sich allerdings nach dem Abstimmungsergebnis. Grunds\u00e4tzlich gilt, dass die Bef\u00fcrworter der Ma\u00dfnahme auch die Kosten hierf\u00fcr \u00fcbernehmen m\u00fcssen. Anders sieht es jedoch aus, wenn mehr als 2\/3 der abgegeben Stimmen und gleichzeitig auch die H\u00e4lfte der Miteigentumsanteile zugestimmt haben. In diesem Fall werden die Kosten auf alle Eigent\u00fcmer, auch die die nicht zugestimmt haben, verteilt. Diese Regelung soll jedoch nicht angewandt werden, wenn die Ma\u00dfnahme mit unverh\u00e4ltnism\u00e4\u00dfig hohen Kosten verbunden ist.<\/p>\n\n\n\n<p>Au\u00dferdem sollen Ma\u00dfnahmen auf alle Mitglieder umgelegt werden, wenn sich diese in einer angemessenen Zeit amortisieren. Was jedoch unverh\u00e4ltnism\u00e4\u00dfig hohe Kosten beziehungsweise ein angemessener Zeitraum ist, wurde vom Gesetzgeber nicht n\u00e4her erl\u00e4utert.<\/p>\n\n\n\n<p>Wohnungseigent\u00fcmer haben nach der Neufassung des Gesetzes Anspruch, bestimmte Ma\u00dfnahmen auf eigene Kosten durchzuf\u00fchren. &nbsp;So darf der Wohnungseigent\u00fcmer beispielsweise eine eigene Ladem\u00f6glichkeit f\u00fcr ein Elektrofahrzeug an seinem Stellplatz errichten. Au\u00dferdem besteht ein Anspruch darauf, Aus- und Umbauten durchzuf\u00fchren, die der Barrierefreiheit der Wohnung dienen. Des Weiteren d\u00fcrfen Ma\u00dfnahmen zum Einbruchschutz durchgef\u00fchrt werden und die Voraussetzungen f\u00fcr einen schnelleren Internetzugang geschaffen werden.<\/p>\n\n\n\n<p>Die Eigent\u00fcmergemeinschaft darf solche Ma\u00dfnahmen zwar grunds\u00e4tzlich nicht ablehnen, sie kann aber auf die Art der Durchf\u00fchrung der Ma\u00dfnahme Einfluss nehmen. So kann sie beschlie\u00dfen, dass sie die Bauma\u00dfnahmen organisiert, damit die Gemeinschaft den \u00dcberblick \u00fcber den baulichen Zustand der Wohnanlage beh\u00e4lt.<\/p>\n\n\n\n<p>Analog zu den Anspr\u00fcchen des Eigent\u00fcmers gegen\u00fcber der Eigent\u00fcmergemeinschaft hat der Vermieter die gleichen Anspr\u00fcche gegen\u00fcber dem Vermieter. Will der Mieter die oben genannten Ma\u00dfnahmen durchf\u00fchren, kann er diese auf eigene Kosten durchf\u00fchren und hierf\u00fcr die Zustimmung des Mieters verlangen. Da das Gesetz keine Regelungen enth\u00e4lt, wie mit den durchgef\u00fchrten Ma\u00dfnahmen bei einem Auszug verfahren wird, sollten Vermieter und Mieter hier\u00fcber eine schriftliche Vereinbarung treffen.<\/p>\n\n\n\n<p><em><strong>Das<\/strong><\/em> <strong><em>k\u00f6nnte Sie auch interessieren:<\/em><\/strong><br><a href=\"https:\/\/www.buhl.de\/vermieter-web\/weg-informationspflichten-bei-neuwahl-eines-verwalters\/\" data-type=\"post\" data-id=\"12819\">WEG: Informationspflichten bei Neuwahl eines Verwalters<\/a><br><a href=\"https:\/\/www.buhl.de\/vermieter-web\/weg-haftung-des-verwalters\/\" data-type=\"post\" data-id=\"12787\">WEG: Haftung des Verwalters<\/a><br><a href=\"https:\/\/www.buhl.de\/vermieter-web\/weg-sonderregelungen-in-zeiten-der-pandemie\/\" data-type=\"post\" data-id=\"12579\">WEG: Sonderregelungen in Zeiten der Pandemie<\/a><\/p>\n","protected":false},"excerpt":{"rendered":"<p>Am 17.09.2020 wurde vom Bundestag eine WEG-Rechts-Reform beschlossen, die den Eigent\u00fcmern aber auch den Mietern einer Eigentumswohnung weitergehende Rechte einr\u00e4umt. Da man davon ausgehen kann, dass der Bundesrat das Reformpaket am 09.10.2020 durchwinken wird, d\u00fcrften die neuen Bestimmungen am 01.12.2020 in Kraft treten. Unter anderem geht es hier um bauliche Ver\u00e4nderungen am Gemeinschaftseigentum. Grunds\u00e4tzlich soll &hellip; <\/p>\n<p class=\"link-more\"><a href=\"https:\/\/www.buhl.de\/vermieter-web\/neue-rechte-fuer-wohneigentuemer-und-deren-mieter\/\" class=\"more-link\"><span class=\"screen-reader-text\">\u201eNeue Rechte f\u00fcr Wohneigent\u00fcmer und deren Mieter\u201c<\/span> weiterlesen<\/a><\/p>\n","protected":false},"author":15,"featured_media":13038,"comment_status":"open","ping_status":"open","sticky":false,"template":"","format":"standard","meta":{"footnotes":""},"categories":[1],"tags":[5467,5468,4341,392],"class_list":["post-13036","post","type-post","status-publish","format-standard","has-post-thumbnail","hentry","category-allgemein","tag-e-moil","tag-lademoeglichkeit","tag-reform","tag-weg"],"yoast_head":"<!-- This site is optimized with the Yoast SEO Premium plugin v27.4 (Yoast SEO v27.5) - https:\/\/yoast.com\/product\/yoast-seo-premium-wordpress\/ -->\n<title>WEG-Reform bringt neue Rechte f\u00fcr Hauseigent\u00fcmer und deren Mieter<\/title>\n<meta name=\"description\" content=\"Im Rahmen einer umfassenden Reform des WEG-Rechts k\u00f6nnen nun Hauseigent\u00fcmer und deren Mieter verlangen, dass sie auf eigene Kosten unter anderem eine Ladem\u00f6glichkeit f\u00fcr Elektrofahrzeuge installieren.\" \/>\n<meta name=\"robots\" content=\"noindex, nofollow\" \/>\n<meta property=\"og:locale\" content=\"de_DE\" \/>\n<meta property=\"og:type\" content=\"article\" \/>\n<meta property=\"og:title\" content=\"Neue Rechte f\u00fcr Wohneigent\u00fcmer und deren Mieter\" \/>\n<meta property=\"og:description\" content=\"Im Rahmen einer umfassenden Reform des WEG-Rechts k\u00f6nnen nun Hauseigent\u00fcmer und deren Mieter verlangen, dass sie auf eigene Kosten unter anderem eine Ladem\u00f6glichkeit f\u00fcr Elektrofahrzeuge installieren.\" \/>\n<meta property=\"og:url\" content=\"https:\/\/www.buhl.de\/vermieter-web\/neue-rechte-fuer-wohneigentuemer-und-deren-mieter\/\" \/>\n<meta property=\"og:site_name\" content=\"Online-Nebenkostenabrechnung mit WISO Vermieter-Web\" \/>\n<meta property=\"article:published_time\" content=\"2020-09-29T11:38:24+00:00\" \/>\n<meta property=\"article:modified_time\" content=\"2020-09-29T11:38:25+00:00\" \/>\n<meta property=\"og:image\" content=\"https:\/\/www.buhl.de\/vermieter-web\/wp-content\/uploads\/sites\/33\/2020\/09\/Bundestag.jpg\" \/>\n\t<meta property=\"og:image:width\" content=\"841\" \/>\n\t<meta property=\"og:image:height\" content=\"419\" \/>\n\t<meta property=\"og:image:type\" content=\"image\/jpeg\" \/>\n<meta name=\"author\" content=\"Hartmut Fischer\" \/>\n<meta name=\"twitter:card\" content=\"summary_large_image\" \/>\n<meta name=\"twitter:label1\" content=\"Verfasst von\" \/>\n\t<meta name=\"twitter:data1\" content=\"Hartmut Fischer\" \/>\n\t<meta name=\"twitter:label2\" content=\"Gesch\u00e4tzte Lesezeit\" \/>\n\t<meta name=\"twitter:data2\" content=\"2\u00a0Minuten\" \/>\n<script type=\"application\/ld+json\" class=\"yoast-schema-graph\">{\"@context\":\"https:\\\/\\\/schema.org\",\"@graph\":[{\"@type\":\"Article\",\"@id\":\"https:\\\/\\\/www.buhl.de\\\/vermieter-web\\\/neue-rechte-fuer-wohneigentuemer-und-deren-mieter\\\/#article\",\"isPartOf\":{\"@id\":\"https:\\\/\\\/www.buhl.de\\\/vermieter-web\\\/neue-rechte-fuer-wohneigentuemer-und-deren-mieter\\\/\"},\"author\":{\"name\":\"Hartmut Fischer\",\"@id\":\"https:\\\/\\\/www.buhl.de\\\/vermieter-web\\\/#\\\/schema\\\/person\\\/82903e1cb04eb553382702d503991b4f\"},\"headline\":\"Neue Rechte f\u00fcr Wohneigent\u00fcmer und deren Mieter\",\"datePublished\":\"2020-09-29T11:38:24+00:00\",\"dateModified\":\"2020-09-29T11:38:25+00:00\",\"mainEntityOfPage\":{\"@id\":\"https:\\\/\\\/www.buhl.de\\\/vermieter-web\\\/neue-rechte-fuer-wohneigentuemer-und-deren-mieter\\\/\"},\"wordCount\":473,\"commentCount\":0,\"image\":{\"@id\":\"https:\\\/\\\/www.buhl.de\\\/vermieter-web\\\/neue-rechte-fuer-wohneigentuemer-und-deren-mieter\\\/#primaryimage\"},\"thumbnailUrl\":\"https:\\\/\\\/www.buhl.de\\\/vermieter-web\\\/wp-content\\\/uploads\\\/sites\\\/33\\\/2020\\\/09\\\/Bundestag.jpg\",\"keywords\":[\"E-Moil\",\"Ladem\u00f6glichkeit\",\"Reform\",\"WEG\"],\"inLanguage\":\"de\",\"potentialAction\":[{\"@type\":\"CommentAction\",\"name\":\"Comment\",\"target\":[\"https:\\\/\\\/www.buhl.de\\\/vermieter-web\\\/neue-rechte-fuer-wohneigentuemer-und-deren-mieter\\\/#respond\"]}]},{\"@type\":\"WebPage\",\"@id\":\"https:\\\/\\\/www.buhl.de\\\/vermieter-web\\\/neue-rechte-fuer-wohneigentuemer-und-deren-mieter\\\/\",\"url\":\"https:\\\/\\\/www.buhl.de\\\/vermieter-web\\\/neue-rechte-fuer-wohneigentuemer-und-deren-mieter\\\/\",\"name\":\"WEG-Reform bringt neue Rechte f\u00fcr Hauseigent\u00fcmer und deren Mieter\",\"isPartOf\":{\"@id\":\"https:\\\/\\\/www.buhl.de\\\/vermieter-web\\\/#website\"},\"primaryImageOfPage\":{\"@id\":\"https:\\\/\\\/www.buhl.de\\\/vermieter-web\\\/neue-rechte-fuer-wohneigentuemer-und-deren-mieter\\\/#primaryimage\"},\"image\":{\"@id\":\"https:\\\/\\\/www.buhl.de\\\/vermieter-web\\\/neue-rechte-fuer-wohneigentuemer-und-deren-mieter\\\/#primaryimage\"},\"thumbnailUrl\":\"https:\\\/\\\/www.buhl.de\\\/vermieter-web\\\/wp-content\\\/uploads\\\/sites\\\/33\\\/2020\\\/09\\\/Bundestag.jpg\",\"datePublished\":\"2020-09-29T11:38:24+00:00\",\"dateModified\":\"2020-09-29T11:38:25+00:00\",\"author\":{\"@id\":\"https:\\\/\\\/www.buhl.de\\\/vermieter-web\\\/#\\\/schema\\\/person\\\/82903e1cb04eb553382702d503991b4f\"},\"description\":\"Im Rahmen einer umfassenden Reform des WEG-Rechts k\u00f6nnen nun Hauseigent\u00fcmer und deren Mieter verlangen, dass sie auf eigene Kosten unter anderem eine Ladem\u00f6glichkeit f\u00fcr Elektrofahrzeuge installieren.\",\"breadcrumb\":{\"@id\":\"https:\\\/\\\/www.buhl.de\\\/vermieter-web\\\/neue-rechte-fuer-wohneigentuemer-und-deren-mieter\\\/#breadcrumb\"},\"inLanguage\":\"de\",\"potentialAction\":[{\"@type\":\"ReadAction\",\"target\":[\"https:\\\/\\\/www.buhl.de\\\/vermieter-web\\\/neue-rechte-fuer-wohneigentuemer-und-deren-mieter\\\/\"]}]},{\"@type\":\"ImageObject\",\"inLanguage\":\"de\",\"@id\":\"https:\\\/\\\/www.buhl.de\\\/vermieter-web\\\/neue-rechte-fuer-wohneigentuemer-und-deren-mieter\\\/#primaryimage\",\"url\":\"https:\\\/\\\/www.buhl.de\\\/vermieter-web\\\/wp-content\\\/uploads\\\/sites\\\/33\\\/2020\\\/09\\\/Bundestag.jpg\",\"contentUrl\":\"https:\\\/\\\/www.buhl.de\\\/vermieter-web\\\/wp-content\\\/uploads\\\/sites\\\/33\\\/2020\\\/09\\\/Bundestag.jpg\",\"width\":841,\"height\":419},{\"@type\":\"BreadcrumbList\",\"@id\":\"https:\\\/\\\/www.buhl.de\\\/vermieter-web\\\/neue-rechte-fuer-wohneigentuemer-und-deren-mieter\\\/#breadcrumb\",\"itemListElement\":[{\"@type\":\"ListItem\",\"position\":1,\"name\":\"Startseite\",\"item\":\"https:\\\/\\\/www.buhl.de\\\/vermieter-web\\\/\"},{\"@type\":\"ListItem\",\"position\":2,\"name\":\"Neue Rechte f\u00fcr Wohneigent\u00fcmer und deren Mieter\"}]},{\"@type\":\"WebSite\",\"@id\":\"https:\\\/\\\/www.buhl.de\\\/vermieter-web\\\/#website\",\"url\":\"https:\\\/\\\/www.buhl.de\\\/vermieter-web\\\/\",\"name\":\"Online-Nebenkostenabrechnung mit WISO Vermieter-Web\",\"description\":\"\",\"potentialAction\":[{\"@type\":\"SearchAction\",\"target\":{\"@type\":\"EntryPoint\",\"urlTemplate\":\"https:\\\/\\\/www.buhl.de\\\/vermieter-web\\\/?s={search_term_string}\"},\"query-input\":{\"@type\":\"PropertyValueSpecification\",\"valueRequired\":true,\"valueName\":\"search_term_string\"}}],\"inLanguage\":\"de\"},{\"@type\":\"Person\",\"@id\":\"https:\\\/\\\/www.buhl.de\\\/vermieter-web\\\/#\\\/schema\\\/person\\\/82903e1cb04eb553382702d503991b4f\",\"name\":\"Hartmut Fischer\"}]}<\/script>\n<!-- \/ Yoast SEO Premium plugin. -->","yoast_head_json":{"title":"WEG-Reform bringt neue Rechte f\u00fcr Hauseigent\u00fcmer und deren Mieter","description":"Im Rahmen einer umfassenden Reform des WEG-Rechts k\u00f6nnen nun Hauseigent\u00fcmer und deren Mieter verlangen, dass sie auf eigene Kosten unter anderem eine Ladem\u00f6glichkeit f\u00fcr Elektrofahrzeuge installieren.","robots":{"index":"noindex","follow":"nofollow"},"og_locale":"de_DE","og_type":"article","og_title":"Neue Rechte f\u00fcr Wohneigent\u00fcmer und deren Mieter","og_description":"Im Rahmen einer umfassenden Reform des WEG-Rechts k\u00f6nnen nun Hauseigent\u00fcmer und deren Mieter verlangen, dass sie auf eigene Kosten unter anderem eine Ladem\u00f6glichkeit f\u00fcr Elektrofahrzeuge installieren.","og_url":"https:\/\/www.buhl.de\/vermieter-web\/neue-rechte-fuer-wohneigentuemer-und-deren-mieter\/","og_site_name":"Online-Nebenkostenabrechnung mit WISO Vermieter-Web","article_published_time":"2020-09-29T11:38:24+00:00","article_modified_time":"2020-09-29T11:38:25+00:00","og_image":[{"width":841,"height":419,"url":"https:\/\/www.buhl.de\/vermieter-web\/wp-content\/uploads\/sites\/33\/2020\/09\/Bundestag.jpg","type":"image\/jpeg"}],"author":"Hartmut Fischer","twitter_card":"summary_large_image","twitter_misc":{"Verfasst von":"Hartmut Fischer","Gesch\u00e4tzte Lesezeit":"2\u00a0Minuten"},"schema":{"@context":"https:\/\/schema.org","@graph":[{"@type":"Article","@id":"https:\/\/www.buhl.de\/vermieter-web\/neue-rechte-fuer-wohneigentuemer-und-deren-mieter\/#article","isPartOf":{"@id":"https:\/\/www.buhl.de\/vermieter-web\/neue-rechte-fuer-wohneigentuemer-und-deren-mieter\/"},"author":{"name":"Hartmut Fischer","@id":"https:\/\/www.buhl.de\/vermieter-web\/#\/schema\/person\/82903e1cb04eb553382702d503991b4f"},"headline":"Neue Rechte f\u00fcr Wohneigent\u00fcmer und deren Mieter","datePublished":"2020-09-29T11:38:24+00:00","dateModified":"2020-09-29T11:38:25+00:00","mainEntityOfPage":{"@id":"https:\/\/www.buhl.de\/vermieter-web\/neue-rechte-fuer-wohneigentuemer-und-deren-mieter\/"},"wordCount":473,"commentCount":0,"image":{"@id":"https:\/\/www.buhl.de\/vermieter-web\/neue-rechte-fuer-wohneigentuemer-und-deren-mieter\/#primaryimage"},"thumbnailUrl":"https:\/\/www.buhl.de\/vermieter-web\/wp-content\/uploads\/sites\/33\/2020\/09\/Bundestag.jpg","keywords":["E-Moil","Ladem\u00f6glichkeit","Reform","WEG"],"inLanguage":"de","potentialAction":[{"@type":"CommentAction","name":"Comment","target":["https:\/\/www.buhl.de\/vermieter-web\/neue-rechte-fuer-wohneigentuemer-und-deren-mieter\/#respond"]}]},{"@type":"WebPage","@id":"https:\/\/www.buhl.de\/vermieter-web\/neue-rechte-fuer-wohneigentuemer-und-deren-mieter\/","url":"https:\/\/www.buhl.de\/vermieter-web\/neue-rechte-fuer-wohneigentuemer-und-deren-mieter\/","name":"WEG-Reform bringt neue Rechte f\u00fcr Hauseigent\u00fcmer und deren Mieter","isPartOf":{"@id":"https:\/\/www.buhl.de\/vermieter-web\/#website"},"primaryImageOfPage":{"@id":"https:\/\/www.buhl.de\/vermieter-web\/neue-rechte-fuer-wohneigentuemer-und-deren-mieter\/#primaryimage"},"image":{"@id":"https:\/\/www.buhl.de\/vermieter-web\/neue-rechte-fuer-wohneigentuemer-und-deren-mieter\/#primaryimage"},"thumbnailUrl":"https:\/\/www.buhl.de\/vermieter-web\/wp-content\/uploads\/sites\/33\/2020\/09\/Bundestag.jpg","datePublished":"2020-09-29T11:38:24+00:00","dateModified":"2020-09-29T11:38:25+00:00","author":{"@id":"https:\/\/www.buhl.de\/vermieter-web\/#\/schema\/person\/82903e1cb04eb553382702d503991b4f"},"description":"Im Rahmen einer umfassenden Reform des WEG-Rechts k\u00f6nnen nun Hauseigent\u00fcmer und deren Mieter verlangen, dass sie auf eigene Kosten unter anderem eine Ladem\u00f6glichkeit f\u00fcr Elektrofahrzeuge installieren.","breadcrumb":{"@id":"https:\/\/www.buhl.de\/vermieter-web\/neue-rechte-fuer-wohneigentuemer-und-deren-mieter\/#breadcrumb"},"inLanguage":"de","potentialAction":[{"@type":"ReadAction","target":["https:\/\/www.buhl.de\/vermieter-web\/neue-rechte-fuer-wohneigentuemer-und-deren-mieter\/"]}]},{"@type":"ImageObject","inLanguage":"de","@id":"https:\/\/www.buhl.de\/vermieter-web\/neue-rechte-fuer-wohneigentuemer-und-deren-mieter\/#primaryimage","url":"https:\/\/www.buhl.de\/vermieter-web\/wp-content\/uploads\/sites\/33\/2020\/09\/Bundestag.jpg","contentUrl":"https:\/\/www.buhl.de\/vermieter-web\/wp-content\/uploads\/sites\/33\/2020\/09\/Bundestag.jpg","width":841,"height":419},{"@type":"BreadcrumbList","@id":"https:\/\/www.buhl.de\/vermieter-web\/neue-rechte-fuer-wohneigentuemer-und-deren-mieter\/#breadcrumb","itemListElement":[{"@type":"ListItem","position":1,"name":"Startseite","item":"https:\/\/www.buhl.de\/vermieter-web\/"},{"@type":"ListItem","position":2,"name":"Neue Rechte f\u00fcr Wohneigent\u00fcmer und deren Mieter"}]},{"@type":"WebSite","@id":"https:\/\/www.buhl.de\/vermieter-web\/#website","url":"https:\/\/www.buhl.de\/vermieter-web\/","name":"Online-Nebenkostenabrechnung mit WISO Vermieter-Web","description":"","potentialAction":[{"@type":"SearchAction","target":{"@type":"EntryPoint","urlTemplate":"https:\/\/www.buhl.de\/vermieter-web\/?s={search_term_string}"},"query-input":{"@type":"PropertyValueSpecification","valueRequired":true,"valueName":"search_term_string"}}],"inLanguage":"de"},{"@type":"Person","@id":"https:\/\/www.buhl.de\/vermieter-web\/#\/schema\/person\/82903e1cb04eb553382702d503991b4f","name":"Hartmut Fischer"}]}},"_links":{"self":[{"href":"https:\/\/www.buhl.de\/vermieter-web\/wp-json\/wp\/v2\/posts\/13036","targetHints":{"allow":["GET"]}}],"collection":[{"href":"https:\/\/www.buhl.de\/vermieter-web\/wp-json\/wp\/v2\/posts"}],"about":[{"href":"https:\/\/www.buhl.de\/vermieter-web\/wp-json\/wp\/v2\/types\/post"}],"author":[{"embeddable":true,"href":"https:\/\/www.buhl.de\/vermieter-web\/wp-json\/wp\/v2\/users\/15"}],"replies":[{"embeddable":true,"href":"https:\/\/www.buhl.de\/vermieter-web\/wp-json\/wp\/v2\/comments?post=13036"}],"version-history":[{"count":2,"href":"https:\/\/www.buhl.de\/vermieter-web\/wp-json\/wp\/v2\/posts\/13036\/revisions"}],"predecessor-version":[{"id":13040,"href":"https:\/\/www.buhl.de\/vermieter-web\/wp-json\/wp\/v2\/posts\/13036\/revisions\/13040"}],"wp:featuredmedia":[{"embeddable":true,"href":"https:\/\/www.buhl.de\/vermieter-web\/wp-json\/wp\/v2\/media\/13038"}],"wp:attachment":[{"href":"https:\/\/www.buhl.de\/vermieter-web\/wp-json\/wp\/v2\/media?parent=13036"}],"wp:term":[{"taxonomy":"category","embeddable":true,"href":"https:\/\/www.buhl.de\/vermieter-web\/wp-json\/wp\/v2\/categories?post=13036"},{"taxonomy":"post_tag","embeddable":true,"href":"https:\/\/www.buhl.de\/vermieter-web\/wp-json\/wp\/v2\/tags?post=13036"}],"curies":[{"name":"wp","href":"https:\/\/api.w.org\/{rel}","templated":true}]}}