{"id":13056,"date":"2020-10-02T14:12:18","date_gmt":"2020-10-02T12:12:18","guid":{"rendered":"http:\/\/www.buhl.de\/vermieter-web\/?p=13056"},"modified":"2020-10-02T14:12:19","modified_gmt":"2020-10-02T12:12:19","slug":"weg-versammlung-open-air","status":"publish","type":"post","link":"https:\/\/www.buhl.de\/vermieter-web\/weg-versammlung-open-air\/","title":{"rendered":"WEG-Versammlung open air?"},"content":{"rendered":"\n<p><strong>In Zeiten der Corona-Pandemie entwickeln die Menschen auch eigene Ideen, wie man sich gegen den Virus sch\u00fctzen kann und dennoch ein einigerma\u00dfen normales Leben f\u00fchren kann. \u00dcber die Frage, wie man m\u00f6glichst risikofrei eine WEG-Versammlung abhalten kann, machte sich ein WEG-Verwalter Gedanken und lud zu einer Open-Air-Versammlung ein. Das Amtsgericht Berlin-Wedding hielt dies f\u00fcr durchaus zul\u00e4ssig, wenn dabei keine Einflussnahme von au\u00dfen stattfinde. (Urteil vom 13.07.2020 \u2013 Aktenzeichen 9 C 214\/20).<\/strong><\/p>\n\n\n\n<p>Der Wohnungsverwalter \u2013 selbst Mitglied der Wohnungseigent\u00fcmergemeinschaft \u2013 hatte Anfang April 2020 eine Eigent\u00fcmerversammlung einberufen. Aufgrund der Corona-Beschr\u00e4nkungen musste diese jedoch abgesagt werden. Nun versuchte der Verwalter die Beschl\u00fcsse im Umlaufverfahren herbeizuf\u00fchren, was jedoch scheiterte, da zwei Eigent\u00fcmer ihre Zustimmung verweigerten. Der Verwalter lud deshalb erneut zu einer Eigent\u00fcmerversammlung ein die Anfang Juni auf dem Spielplatz, der sich auf dem WEG-Gel\u00e4nde befand \u2013 stattfinden sollte.<\/p>\n\n\n\n<p>Gegen den Versammlungsort erwirkte ein Wohnungseigent\u00fcmer jedoch eine einstweilige Verf\u00fcgung. Er vertrat die Ansicht, dass mit dem ausgew\u00e4hlten Versammlungsort der Grundsatz der Nicht\u00f6ffentlichkeit der Versammlung nicht mehr gegeben sei. Der Spielplatz sei f\u00fcr jeden zug\u00e4nglich und es k\u00f6nnten auch Dritte zuh\u00f6ren. Nachbarn h\u00e4tten die Versammlung beobachten k\u00f6nnen. Man h\u00e4tte die Gespr\u00e4che auch vom benachbarten Parkplatz aus mith\u00f6ren k\u00f6nnen.<\/p>\n\n\n\n<p>Gegen den Verf\u00fcgungsantrag legte die Wohneigent\u00fcmergemeinschaft Widerspruch ein. Die WEG argumentierte, dass der Versammlungsort gew\u00e4hlt worden sei, um Corona-Infektionen weitgehend zu vermeiden. Bei dem Spielplatz handele es sich um keine \u00f6ffentliche Einrichtung. Das Gel\u00e4nde sei durch hohe B\u00e4ume gesch\u00fctzt und nicht einsehbar. Von den umgebenden Grundst\u00fccken und der Stra\u00dfe aus k\u00f6nne man die Gespr\u00e4che nicht belauschen k\u00f6nnen. Der Verwalter habe dar\u00fcber hinaus beabsichtigt, als Versammlungsleiter darauf zu achten, dass sich nur Versammlungsteilnehmer auf dem Spielplatz oder in dessen N\u00e4he aufhalten.<\/p>\n\n\n\n<p>Das Gericht stellte sich auf die Seite der Wohnungseigent\u00fcmergemeinschaft. Die Versammlung k\u00f6nne nicht per einstweiliger Verf\u00fcgung untersagt werden. Die Versammlung entspreche \u2013 nicht zuletzt unter der Ber\u00fccksichtigung der Corona-Risiken \u2013 ordnungsgem\u00e4\u00dfer Verwaltung. Dass Dritte die Gespr\u00e4che belauschen k\u00f6nnten, sei weitgehend ausgeschlossen. Darum konnte das Gericht keinen Versto\u00df gegen den Nicht\u00f6ffentlichkeits-Grundsatz erkennen.<\/p>\n\n\n\n<p class=\"has-background\" style=\"background-color:#e7e2d2\"><strong><em>Das k\u00f6nnte Sie auch interessieren:<\/em><\/strong><br><a href=\"https:\/\/www.buhl.de\/vermieter-web\/weg-was-die-versammlung-bei-verwalterbestellung-festlegen-muss\/\" data-type=\"post\" data-id=\"9883\">WEG: Was die Versammlung bei Verwalterbestellung festlegen muss<\/a><br><a href=\"https:\/\/www.buhl.de\/vermieter-web\/rederecht-bei-der-wohneigentuemerversammlung\/\" data-type=\"post\" data-id=\"9060\">Rederecht bei der Wohneigent\u00fcmerversammlung<\/a><br><a href=\"https:\/\/www.buhl.de\/vermieter-web\/tagesordnung-zur-weg-versammlung\/\" data-type=\"post\" data-id=\"5198\">Tagesordnung zur WEG-Versammlung<\/a><\/p>\n","protected":false},"excerpt":{"rendered":"<p>In Zeiten der Corona-Pandemie entwickeln die Menschen auch eigene Ideen, wie man sich gegen den Virus sch\u00fctzen kann und dennoch ein einigerma\u00dfen normales Leben f\u00fchren kann. \u00dcber die Frage, wie man m\u00f6glichst risikofrei eine WEG-Versammlung abhalten kann, machte sich ein WEG-Verwalter Gedanken und lud zu einer Open-Air-Versammlung ein. Das Amtsgericht Berlin-Wedding hielt dies f\u00fcr durchaus &hellip; <\/p>\n<p class=\"link-more\"><a href=\"https:\/\/www.buhl.de\/vermieter-web\/weg-versammlung-open-air\/\" class=\"more-link\"><span class=\"screen-reader-text\">\u201eWEG-Versammlung open air?\u201c<\/span> weiterlesen<\/a><\/p>\n","protected":false},"author":15,"featured_media":13058,"comment_status":"open","ping_status":"open","sticky":false,"template":"","format":"standard","meta":{"footnotes":""},"categories":[1],"tags":[2557,5473],"class_list":["post-13056","post","type-post","status-publish","format-standard","has-post-thumbnail","hentry","category-allgemein","tag-wohneigentuemerversammlung","tag-wohnungseigentuemerversammlung"],"yoast_head":"<!-- This site is optimized with the Yoast SEO Premium plugin v27.0 (Yoast SEO v27.0) - https:\/\/yoast.com\/product\/yoast-seo-premium-wordpress\/ -->\n<title>WEG-Versammlung open air? - Online-Nebenkostenabrechnung mit WISO Vermieter-Web<\/title>\n<meta name=\"robots\" content=\"noindex, nofollow\" \/>\n<meta property=\"og:locale\" content=\"de_DE\" \/>\n<meta property=\"og:type\" content=\"article\" \/>\n<meta property=\"og:title\" content=\"WEG-Versammlung open air?\" \/>\n<meta property=\"og:description\" content=\"In Zeiten der Corona-Pandemie entwickeln die Menschen auch eigene Ideen, wie man sich gegen den Virus sch\u00fctzen kann und dennoch ein einigerma\u00dfen normales Leben f\u00fchren kann. \u00dcber die Frage, wie man m\u00f6glichst risikofrei eine WEG-Versammlung abhalten kann, machte sich ein WEG-Verwalter Gedanken und lud zu einer Open-Air-Versammlung ein. Das Amtsgericht Berlin-Wedding hielt dies f\u00fcr durchaus &hellip; \u201eWEG-Versammlung open air?\u201c weiterlesen\" \/>\n<meta property=\"og:url\" content=\"https:\/\/www.buhl.de\/vermieter-web\/weg-versammlung-open-air\/\" \/>\n<meta property=\"og:site_name\" content=\"Online-Nebenkostenabrechnung mit WISO Vermieter-Web\" \/>\n<meta property=\"article:published_time\" content=\"2020-10-02T12:12:18+00:00\" \/>\n<meta property=\"article:modified_time\" content=\"2020-10-02T12:12:19+00:00\" \/>\n<meta property=\"og:image\" content=\"https:\/\/www.buhl.de\/vermieter-web\/wp-content\/uploads\/sites\/33\/2020\/10\/shutterstock_1695494821.jpg\" \/>\n\t<meta property=\"og:image:width\" content=\"840\" \/>\n\t<meta property=\"og:image:height\" content=\"420\" \/>\n\t<meta property=\"og:image:type\" content=\"image\/jpeg\" \/>\n<meta name=\"author\" content=\"Hartmut Fischer\" \/>\n<meta name=\"twitter:card\" content=\"summary_large_image\" \/>\n<meta name=\"twitter:label1\" content=\"Verfasst von\" \/>\n\t<meta name=\"twitter:data1\" content=\"Hartmut Fischer\" \/>\n\t<meta name=\"twitter:label2\" content=\"Gesch\u00e4tzte Lesezeit\" \/>\n\t<meta name=\"twitter:data2\" content=\"2\u00a0Minuten\" \/>\n<script type=\"application\/ld+json\" class=\"yoast-schema-graph\">{\"@context\":\"https:\/\/schema.org\",\"@graph\":[{\"@type\":\"Article\",\"@id\":\"https:\/\/www.buhl.de\/vermieter-web\/weg-versammlung-open-air\/#article\",\"isPartOf\":{\"@id\":\"https:\/\/www.buhl.de\/vermieter-web\/weg-versammlung-open-air\/\"},\"author\":{\"name\":\"Hartmut Fischer\",\"@id\":\"https:\/\/www.buhl.de\/vermieter-web\/#\/schema\/person\/82903e1cb04eb553382702d503991b4f\"},\"headline\":\"WEG-Versammlung open air?\",\"datePublished\":\"2020-10-02T12:12:18+00:00\",\"dateModified\":\"2020-10-02T12:12:19+00:00\",\"mainEntityOfPage\":{\"@id\":\"https:\/\/www.buhl.de\/vermieter-web\/weg-versammlung-open-air\/\"},\"wordCount\":390,\"commentCount\":0,\"image\":{\"@id\":\"https:\/\/www.buhl.de\/vermieter-web\/weg-versammlung-open-air\/#primaryimage\"},\"thumbnailUrl\":\"https:\/\/www.buhl.de\/vermieter-web\/wp-content\/uploads\/sites\/33\/2020\/10\/shutterstock_1695494821.jpg\",\"keywords\":[\"Wohneigent\u00fcmerversammlung\",\"Wohnungseigent\u00fcmerversammlung\"],\"inLanguage\":\"de\",\"potentialAction\":[{\"@type\":\"CommentAction\",\"name\":\"Comment\",\"target\":[\"https:\/\/www.buhl.de\/vermieter-web\/weg-versammlung-open-air\/#respond\"]}]},{\"@type\":\"WebPage\",\"@id\":\"https:\/\/www.buhl.de\/vermieter-web\/weg-versammlung-open-air\/\",\"url\":\"https:\/\/www.buhl.de\/vermieter-web\/weg-versammlung-open-air\/\",\"name\":\"WEG-Versammlung open air? - Online-Nebenkostenabrechnung mit WISO Vermieter-Web\",\"isPartOf\":{\"@id\":\"https:\/\/www.buhl.de\/vermieter-web\/#website\"},\"primaryImageOfPage\":{\"@id\":\"https:\/\/www.buhl.de\/vermieter-web\/weg-versammlung-open-air\/#primaryimage\"},\"image\":{\"@id\":\"https:\/\/www.buhl.de\/vermieter-web\/weg-versammlung-open-air\/#primaryimage\"},\"thumbnailUrl\":\"https:\/\/www.buhl.de\/vermieter-web\/wp-content\/uploads\/sites\/33\/2020\/10\/shutterstock_1695494821.jpg\",\"datePublished\":\"2020-10-02T12:12:18+00:00\",\"dateModified\":\"2020-10-02T12:12:19+00:00\",\"author\":{\"@id\":\"https:\/\/www.buhl.de\/vermieter-web\/#\/schema\/person\/82903e1cb04eb553382702d503991b4f\"},\"breadcrumb\":{\"@id\":\"https:\/\/www.buhl.de\/vermieter-web\/weg-versammlung-open-air\/#breadcrumb\"},\"inLanguage\":\"de\",\"potentialAction\":[{\"@type\":\"ReadAction\",\"target\":[\"https:\/\/www.buhl.de\/vermieter-web\/weg-versammlung-open-air\/\"]}]},{\"@type\":\"ImageObject\",\"inLanguage\":\"de\",\"@id\":\"https:\/\/www.buhl.de\/vermieter-web\/weg-versammlung-open-air\/#primaryimage\",\"url\":\"https:\/\/www.buhl.de\/vermieter-web\/wp-content\/uploads\/sites\/33\/2020\/10\/shutterstock_1695494821.jpg\",\"contentUrl\":\"https:\/\/www.buhl.de\/vermieter-web\/wp-content\/uploads\/sites\/33\/2020\/10\/shutterstock_1695494821.jpg\",\"width\":840,\"height\":420,\"caption\":\"Social Distancing, Coronavirus Lockdown: Hugging at Risk of Infection for Worried Old Man and Young Women (All Wearing Face Masks) Gathering in the Street in Covid-19 Quarantine. Symbolic. April 2020\"},{\"@type\":\"BreadcrumbList\",\"@id\":\"https:\/\/www.buhl.de\/vermieter-web\/weg-versammlung-open-air\/#breadcrumb\",\"itemListElement\":[{\"@type\":\"ListItem\",\"position\":1,\"name\":\"Startseite\",\"item\":\"https:\/\/www.buhl.de\/vermieter-web\/\"},{\"@type\":\"ListItem\",\"position\":2,\"name\":\"WEG-Versammlung open air?\"}]},{\"@type\":\"WebSite\",\"@id\":\"https:\/\/www.buhl.de\/vermieter-web\/#website\",\"url\":\"https:\/\/www.buhl.de\/vermieter-web\/\",\"name\":\"Online-Nebenkostenabrechnung mit WISO Vermieter-Web\",\"description\":\"\",\"potentialAction\":[{\"@type\":\"SearchAction\",\"target\":{\"@type\":\"EntryPoint\",\"urlTemplate\":\"https:\/\/www.buhl.de\/vermieter-web\/?s={search_term_string}\"},\"query-input\":{\"@type\":\"PropertyValueSpecification\",\"valueRequired\":true,\"valueName\":\"search_term_string\"}}],\"inLanguage\":\"de\"},{\"@type\":\"Person\",\"@id\":\"https:\/\/www.buhl.de\/vermieter-web\/#\/schema\/person\/82903e1cb04eb553382702d503991b4f\",\"name\":\"Hartmut Fischer\"}]}<\/script>\n<!-- \/ Yoast SEO Premium plugin. -->","yoast_head_json":{"title":"WEG-Versammlung open air? - Online-Nebenkostenabrechnung mit WISO Vermieter-Web","robots":{"index":"noindex","follow":"nofollow"},"og_locale":"de_DE","og_type":"article","og_title":"WEG-Versammlung open air?","og_description":"In Zeiten der Corona-Pandemie entwickeln die Menschen auch eigene Ideen, wie man sich gegen den Virus sch\u00fctzen kann und dennoch ein einigerma\u00dfen normales Leben f\u00fchren kann. \u00dcber die Frage, wie man m\u00f6glichst risikofrei eine WEG-Versammlung abhalten kann, machte sich ein WEG-Verwalter Gedanken und lud zu einer Open-Air-Versammlung ein. Das Amtsgericht Berlin-Wedding hielt dies f\u00fcr durchaus &hellip; \u201eWEG-Versammlung open air?\u201c weiterlesen","og_url":"https:\/\/www.buhl.de\/vermieter-web\/weg-versammlung-open-air\/","og_site_name":"Online-Nebenkostenabrechnung mit WISO Vermieter-Web","article_published_time":"2020-10-02T12:12:18+00:00","article_modified_time":"2020-10-02T12:12:19+00:00","og_image":[{"width":840,"height":420,"url":"https:\/\/www.buhl.de\/vermieter-web\/wp-content\/uploads\/sites\/33\/2020\/10\/shutterstock_1695494821.jpg","type":"image\/jpeg"}],"author":"Hartmut Fischer","twitter_card":"summary_large_image","twitter_misc":{"Verfasst von":"Hartmut Fischer","Gesch\u00e4tzte Lesezeit":"2\u00a0Minuten"},"schema":{"@context":"https:\/\/schema.org","@graph":[{"@type":"Article","@id":"https:\/\/www.buhl.de\/vermieter-web\/weg-versammlung-open-air\/#article","isPartOf":{"@id":"https:\/\/www.buhl.de\/vermieter-web\/weg-versammlung-open-air\/"},"author":{"name":"Hartmut Fischer","@id":"https:\/\/www.buhl.de\/vermieter-web\/#\/schema\/person\/82903e1cb04eb553382702d503991b4f"},"headline":"WEG-Versammlung open air?","datePublished":"2020-10-02T12:12:18+00:00","dateModified":"2020-10-02T12:12:19+00:00","mainEntityOfPage":{"@id":"https:\/\/www.buhl.de\/vermieter-web\/weg-versammlung-open-air\/"},"wordCount":390,"commentCount":0,"image":{"@id":"https:\/\/www.buhl.de\/vermieter-web\/weg-versammlung-open-air\/#primaryimage"},"thumbnailUrl":"https:\/\/www.buhl.de\/vermieter-web\/wp-content\/uploads\/sites\/33\/2020\/10\/shutterstock_1695494821.jpg","keywords":["Wohneigent\u00fcmerversammlung","Wohnungseigent\u00fcmerversammlung"],"inLanguage":"de","potentialAction":[{"@type":"CommentAction","name":"Comment","target":["https:\/\/www.buhl.de\/vermieter-web\/weg-versammlung-open-air\/#respond"]}]},{"@type":"WebPage","@id":"https:\/\/www.buhl.de\/vermieter-web\/weg-versammlung-open-air\/","url":"https:\/\/www.buhl.de\/vermieter-web\/weg-versammlung-open-air\/","name":"WEG-Versammlung open air? - Online-Nebenkostenabrechnung mit WISO Vermieter-Web","isPartOf":{"@id":"https:\/\/www.buhl.de\/vermieter-web\/#website"},"primaryImageOfPage":{"@id":"https:\/\/www.buhl.de\/vermieter-web\/weg-versammlung-open-air\/#primaryimage"},"image":{"@id":"https:\/\/www.buhl.de\/vermieter-web\/weg-versammlung-open-air\/#primaryimage"},"thumbnailUrl":"https:\/\/www.buhl.de\/vermieter-web\/wp-content\/uploads\/sites\/33\/2020\/10\/shutterstock_1695494821.jpg","datePublished":"2020-10-02T12:12:18+00:00","dateModified":"2020-10-02T12:12:19+00:00","author":{"@id":"https:\/\/www.buhl.de\/vermieter-web\/#\/schema\/person\/82903e1cb04eb553382702d503991b4f"},"breadcrumb":{"@id":"https:\/\/www.buhl.de\/vermieter-web\/weg-versammlung-open-air\/#breadcrumb"},"inLanguage":"de","potentialAction":[{"@type":"ReadAction","target":["https:\/\/www.buhl.de\/vermieter-web\/weg-versammlung-open-air\/"]}]},{"@type":"ImageObject","inLanguage":"de","@id":"https:\/\/www.buhl.de\/vermieter-web\/weg-versammlung-open-air\/#primaryimage","url":"https:\/\/www.buhl.de\/vermieter-web\/wp-content\/uploads\/sites\/33\/2020\/10\/shutterstock_1695494821.jpg","contentUrl":"https:\/\/www.buhl.de\/vermieter-web\/wp-content\/uploads\/sites\/33\/2020\/10\/shutterstock_1695494821.jpg","width":840,"height":420,"caption":"Social Distancing, Coronavirus Lockdown: Hugging at Risk of Infection for Worried Old Man and Young Women (All Wearing Face Masks) Gathering in the Street in Covid-19 Quarantine. Symbolic. April 2020"},{"@type":"BreadcrumbList","@id":"https:\/\/www.buhl.de\/vermieter-web\/weg-versammlung-open-air\/#breadcrumb","itemListElement":[{"@type":"ListItem","position":1,"name":"Startseite","item":"https:\/\/www.buhl.de\/vermieter-web\/"},{"@type":"ListItem","position":2,"name":"WEG-Versammlung open air?"}]},{"@type":"WebSite","@id":"https:\/\/www.buhl.de\/vermieter-web\/#website","url":"https:\/\/www.buhl.de\/vermieter-web\/","name":"Online-Nebenkostenabrechnung mit WISO Vermieter-Web","description":"","potentialAction":[{"@type":"SearchAction","target":{"@type":"EntryPoint","urlTemplate":"https:\/\/www.buhl.de\/vermieter-web\/?s={search_term_string}"},"query-input":{"@type":"PropertyValueSpecification","valueRequired":true,"valueName":"search_term_string"}}],"inLanguage":"de"},{"@type":"Person","@id":"https:\/\/www.buhl.de\/vermieter-web\/#\/schema\/person\/82903e1cb04eb553382702d503991b4f","name":"Hartmut Fischer"}]}},"_links":{"self":[{"href":"https:\/\/www.buhl.de\/vermieter-web\/wp-json\/wp\/v2\/posts\/13056","targetHints":{"allow":["GET"]}}],"collection":[{"href":"https:\/\/www.buhl.de\/vermieter-web\/wp-json\/wp\/v2\/posts"}],"about":[{"href":"https:\/\/www.buhl.de\/vermieter-web\/wp-json\/wp\/v2\/types\/post"}],"author":[{"embeddable":true,"href":"https:\/\/www.buhl.de\/vermieter-web\/wp-json\/wp\/v2\/users\/15"}],"replies":[{"embeddable":true,"href":"https:\/\/www.buhl.de\/vermieter-web\/wp-json\/wp\/v2\/comments?post=13056"}],"version-history":[{"count":1,"href":"https:\/\/www.buhl.de\/vermieter-web\/wp-json\/wp\/v2\/posts\/13056\/revisions"}],"predecessor-version":[{"id":13059,"href":"https:\/\/www.buhl.de\/vermieter-web\/wp-json\/wp\/v2\/posts\/13056\/revisions\/13059"}],"wp:featuredmedia":[{"embeddable":true,"href":"https:\/\/www.buhl.de\/vermieter-web\/wp-json\/wp\/v2\/media\/13058"}],"wp:attachment":[{"href":"https:\/\/www.buhl.de\/vermieter-web\/wp-json\/wp\/v2\/media?parent=13056"}],"wp:term":[{"taxonomy":"category","embeddable":true,"href":"https:\/\/www.buhl.de\/vermieter-web\/wp-json\/wp\/v2\/categories?post=13056"},{"taxonomy":"post_tag","embeddable":true,"href":"https:\/\/www.buhl.de\/vermieter-web\/wp-json\/wp\/v2\/tags?post=13056"}],"curies":[{"name":"wp","href":"https:\/\/api.w.org\/{rel}","templated":true}]}}