{"id":13067,"date":"2020-10-09T15:01:54","date_gmt":"2020-10-09T13:01:54","guid":{"rendered":"http:\/\/www.buhl.de\/vermieter-web\/?p=13067"},"modified":"2020-10-09T15:02:27","modified_gmt":"2020-10-09T13:02:27","slug":"klagerecht-gegen-den-abriss-eins-denkmalgeschuetzten-gebaeudes","status":"publish","type":"post","link":"https:\/\/www.buhl.de\/vermieter-web\/klagerecht-gegen-den-abriss-eins-denkmalgeschuetzten-gebaeudes\/","title":{"rendered":"Klagerecht gegen den Abriss eines denkmalgesch\u00fctzten Geb\u00e4udes"},"content":{"rendered":"\n<p><strong>Wird der Abriss eines denkmalgesch\u00fctzten Hauses von den zust\u00e4ndigen Beh\u00f6rden genehmigt, kann hiergegen ausschlie\u00dflich der Eigent\u00fcmer des Geb\u00e4udes klagen. Andere Personen k\u00f6nnen hiergegen nicht vorgehen, da der Denkmalschutz der Allgemeinheit dient und nicht einzelnen Personen. Zu diesem Ergebnis kam das Oberverwaltungsgericht Sachsen-Anhalt in einem Beschluss vom 17.08.2020 (Aktenzeichen 2 L 136\/19).<\/strong><\/p>\n\n\n\n<p>In dem Verfahren ging es um ein denkmalgesch\u00fctztes Geb\u00e4ude. Dem Eigent\u00fcmer der Immobilie wurde der Abriss genehmigt. Ein ortsans\u00e4ssiger Architekt hatte zuvor versucht das Grundst\u00fcck zu erwerben um so den Abriss zu verhindern. Da ihm dies nicht gelang, versuchte er das Geb\u00e4ude zu erhalten, indem er gegen die Abrissgenehmigung klagte.<\/p>\n\n\n\n<p>Vor dem Verwaltungsgericht Magdeburg wurde die Klage jedoch abgewiesen. Nach Meinung des Gerichts war sie unzul\u00e4ssig, weil der Architekt nicht befugt sei, die entsprechende Klage zu erheben. Er habe in diesem Fall keine Rechtsposition, die eine Klage zulasse. Im Denkmalschutzrecht g\u00e4be es keine Vorschrift, die grunds\u00e4tzlich jedem B\u00fcrger ein eigenes, einklagbares Recht zur Abwendung eines Abrisses von denkmalgesch\u00fctzten Geb\u00e4uden gew\u00e4hre. Der Denkmalschutz stehe im Interesse der Allgemeinheit und k\u00f6nne deshalb von einzelnen Personen nicht wahrgenommen werden. Das Verwaltungsgericht hatte die Berufung in diesem Fall nicht zugelassen. Deshalb beantragte der Architekt beim Oberverwaltungsgericht Sachsen-Anhalt die Zulassung der Berufung.<\/p>\n\n\n\n<p>Doch auch dort hatte der Architekt keinen Erfolg. Der Antrag wurde vom Oberverwaltungsgericht abgelehnt. Das Gericht hatte keine ernsthaften Zweifel daran, dass das Verwaltungsgericht Magdeburg im vorliegenden Fall richtig entschieden habe. Das Gericht r\u00e4umte in seiner Begr\u00fcndung ein, dass das Bundesverwaltungsgericht dem Eigent\u00fcmer einer denkmalgesch\u00fctzten Immobilie ein Anfechtungsrecht gegen denkmalrechtliche Entscheidungen einr\u00e4ume. Dieses Recht beziehe sich aber ausschlie\u00dflich auf einen Eigent\u00fcmer. Daraus k\u00f6nne nicht abgeleitet werden, dass auch andere Personen das Recht h\u00e4tten, gegen denkmalrechtliche Entscheidungen zu klagen.<\/p>\n\n\n\n<p class=\"has-background\" style=\"background-color:#e7e2d2\"><em><strong>Das k\u00f6nnte Sie auch interessieren:<\/strong><\/em><br><a href=\"https:\/\/www.buhl.de\/vermieter-web\/abrissgenehmigung-und-neubau-miete\/\" data-type=\"post\" data-id=\"9771\">Abrissgenehmigung und Neubau-Miete<\/a><br><a href=\"https:\/\/www.buhl.de\/vermieter-web\/abriss-wegen-nicht-eingehaltener-grenzabstaende\/\" data-type=\"post\" data-id=\"4646\">Abriss wegen nicht eingehaltener Grenzabst\u00e4nde<\/a><br><a href=\"https:\/\/www.buhl.de\/vermieter-web\/651\/\" data-type=\"post\" data-id=\"4151\">Abrissk\u00fcndigung vom BGH best\u00e4tigt<\/a><\/p>\n","protected":false},"excerpt":{"rendered":"<p>Wird der Abriss eines denkmalgesch\u00fctzten Hauses von den zust\u00e4ndigen Beh\u00f6rden genehmigt, kann hiergegen ausschlie\u00dflich der Eigent\u00fcmer des Geb\u00e4udes klagen. Andere Personen k\u00f6nnen hiergegen nicht vorgehen, da der Denkmalschutz der Allgemeinheit dient und nicht einzelnen Personen. Zu diesem Ergebnis kam das Oberverwaltungsgericht Sachsen-Anhalt in einem Beschluss vom 17.08.2020 (Aktenzeichen 2 L 136\/19). In dem Verfahren ging &hellip; <\/p>\n<p class=\"link-more\"><a href=\"https:\/\/www.buhl.de\/vermieter-web\/klagerecht-gegen-den-abriss-eins-denkmalgeschuetzten-gebaeudes\/\" class=\"more-link\"><span class=\"screen-reader-text\">\u201eKlagerecht gegen den Abriss eines denkmalgesch\u00fctzten Geb\u00e4udes\u201c<\/span> weiterlesen<\/a><\/p>\n","protected":false},"author":15,"featured_media":13063,"comment_status":"open","ping_status":"open","sticky":false,"template":"","format":"standard","meta":{"footnotes":""},"categories":[1],"tags":[3083,5475],"class_list":["post-13067","post","type-post","status-publish","format-standard","has-post-thumbnail","hentry","category-allgemein","tag-abriss","tag-denkmalschutz"],"yoast_head":"<!-- This site is optimized with the Yoast SEO Premium plugin v27.4 (Yoast SEO v27.5) - https:\/\/yoast.com\/product\/yoast-seo-premium-wordpress\/ -->\n<title>Nur Eigent\u00fcmer von denkmalgesch\u00fctzten Geb\u00e4uden k\u00f6nnen gegen den Abriss klagen<\/title>\n<meta name=\"description\" content=\"Wurde der Abriss einer denkmalgesch\u00fctzten Immobilie genehmigt, kann nur der Eigent\u00fcmer dieser Immobilie hiergegen klagen.\" \/>\n<meta name=\"robots\" content=\"noindex, nofollow\" \/>\n<meta property=\"og:locale\" content=\"de_DE\" \/>\n<meta property=\"og:type\" content=\"article\" \/>\n<meta property=\"og:title\" content=\"Klagerecht gegen den Abriss eines denkmalgesch\u00fctzten Geb\u00e4udes\" \/>\n<meta property=\"og:description\" content=\"Wurde der Abriss einer denkmalgesch\u00fctzten Immobilie genehmigt, kann nur der Eigent\u00fcmer dieser Immobilie hiergegen klagen.\" \/>\n<meta property=\"og:url\" content=\"https:\/\/www.buhl.de\/vermieter-web\/klagerecht-gegen-den-abriss-eins-denkmalgeschuetzten-gebaeudes\/\" \/>\n<meta property=\"og:site_name\" content=\"Online-Nebenkostenabrechnung mit WISO Vermieter-Web\" \/>\n<meta property=\"article:published_time\" content=\"2020-10-09T13:01:54+00:00\" \/>\n<meta property=\"article:modified_time\" content=\"2020-10-09T13:02:27+00:00\" \/>\n<meta property=\"og:image\" content=\"https:\/\/www.buhl.de\/vermieter-web\/wp-content\/uploads\/sites\/33\/2020\/10\/demolition.jpg\" \/>\n\t<meta property=\"og:image:width\" content=\"840\" \/>\n\t<meta property=\"og:image:height\" content=\"420\" \/>\n\t<meta property=\"og:image:type\" content=\"image\/jpeg\" \/>\n<meta name=\"author\" content=\"Hartmut Fischer\" \/>\n<meta name=\"twitter:card\" content=\"summary_large_image\" \/>\n<meta name=\"twitter:label1\" content=\"Verfasst von\" \/>\n\t<meta name=\"twitter:data1\" content=\"Hartmut Fischer\" \/>\n\t<meta name=\"twitter:label2\" content=\"Gesch\u00e4tzte Lesezeit\" \/>\n\t<meta name=\"twitter:data2\" content=\"2\u00a0Minuten\" \/>\n<script type=\"application\/ld+json\" class=\"yoast-schema-graph\">{\"@context\":\"https:\\\/\\\/schema.org\",\"@graph\":[{\"@type\":\"Article\",\"@id\":\"https:\\\/\\\/www.buhl.de\\\/vermieter-web\\\/klagerecht-gegen-den-abriss-eins-denkmalgeschuetzten-gebaeudes\\\/#article\",\"isPartOf\":{\"@id\":\"https:\\\/\\\/www.buhl.de\\\/vermieter-web\\\/klagerecht-gegen-den-abriss-eins-denkmalgeschuetzten-gebaeudes\\\/\"},\"author\":{\"name\":\"Hartmut Fischer\",\"@id\":\"https:\\\/\\\/www.buhl.de\\\/vermieter-web\\\/#\\\/schema\\\/person\\\/82903e1cb04eb553382702d503991b4f\"},\"headline\":\"Klagerecht gegen den Abriss eines denkmalgesch\u00fctzten Geb\u00e4udes\",\"datePublished\":\"2020-10-09T13:01:54+00:00\",\"dateModified\":\"2020-10-09T13:02:27+00:00\",\"mainEntityOfPage\":{\"@id\":\"https:\\\/\\\/www.buhl.de\\\/vermieter-web\\\/klagerecht-gegen-den-abriss-eins-denkmalgeschuetzten-gebaeudes\\\/\"},\"wordCount\":333,\"commentCount\":0,\"image\":{\"@id\":\"https:\\\/\\\/www.buhl.de\\\/vermieter-web\\\/klagerecht-gegen-den-abriss-eins-denkmalgeschuetzten-gebaeudes\\\/#primaryimage\"},\"thumbnailUrl\":\"https:\\\/\\\/www.buhl.de\\\/vermieter-web\\\/wp-content\\\/uploads\\\/sites\\\/33\\\/2020\\\/10\\\/demolition.jpg\",\"keywords\":[\"Abriss\",\"Denkmalschutz\"],\"inLanguage\":\"de\",\"potentialAction\":[{\"@type\":\"CommentAction\",\"name\":\"Comment\",\"target\":[\"https:\\\/\\\/www.buhl.de\\\/vermieter-web\\\/klagerecht-gegen-den-abriss-eins-denkmalgeschuetzten-gebaeudes\\\/#respond\"]}]},{\"@type\":\"WebPage\",\"@id\":\"https:\\\/\\\/www.buhl.de\\\/vermieter-web\\\/klagerecht-gegen-den-abriss-eins-denkmalgeschuetzten-gebaeudes\\\/\",\"url\":\"https:\\\/\\\/www.buhl.de\\\/vermieter-web\\\/klagerecht-gegen-den-abriss-eins-denkmalgeschuetzten-gebaeudes\\\/\",\"name\":\"Nur Eigent\u00fcmer von denkmalgesch\u00fctzten Geb\u00e4uden k\u00f6nnen gegen den Abriss klagen\",\"isPartOf\":{\"@id\":\"https:\\\/\\\/www.buhl.de\\\/vermieter-web\\\/#website\"},\"primaryImageOfPage\":{\"@id\":\"https:\\\/\\\/www.buhl.de\\\/vermieter-web\\\/klagerecht-gegen-den-abriss-eins-denkmalgeschuetzten-gebaeudes\\\/#primaryimage\"},\"image\":{\"@id\":\"https:\\\/\\\/www.buhl.de\\\/vermieter-web\\\/klagerecht-gegen-den-abriss-eins-denkmalgeschuetzten-gebaeudes\\\/#primaryimage\"},\"thumbnailUrl\":\"https:\\\/\\\/www.buhl.de\\\/vermieter-web\\\/wp-content\\\/uploads\\\/sites\\\/33\\\/2020\\\/10\\\/demolition.jpg\",\"datePublished\":\"2020-10-09T13:01:54+00:00\",\"dateModified\":\"2020-10-09T13:02:27+00:00\",\"author\":{\"@id\":\"https:\\\/\\\/www.buhl.de\\\/vermieter-web\\\/#\\\/schema\\\/person\\\/82903e1cb04eb553382702d503991b4f\"},\"description\":\"Wurde der Abriss einer denkmalgesch\u00fctzten Immobilie genehmigt, kann nur der Eigent\u00fcmer dieser Immobilie hiergegen klagen.\",\"breadcrumb\":{\"@id\":\"https:\\\/\\\/www.buhl.de\\\/vermieter-web\\\/klagerecht-gegen-den-abriss-eins-denkmalgeschuetzten-gebaeudes\\\/#breadcrumb\"},\"inLanguage\":\"de\",\"potentialAction\":[{\"@type\":\"ReadAction\",\"target\":[\"https:\\\/\\\/www.buhl.de\\\/vermieter-web\\\/klagerecht-gegen-den-abriss-eins-denkmalgeschuetzten-gebaeudes\\\/\"]}]},{\"@type\":\"ImageObject\",\"inLanguage\":\"de\",\"@id\":\"https:\\\/\\\/www.buhl.de\\\/vermieter-web\\\/klagerecht-gegen-den-abriss-eins-denkmalgeschuetzten-gebaeudes\\\/#primaryimage\",\"url\":\"https:\\\/\\\/www.buhl.de\\\/vermieter-web\\\/wp-content\\\/uploads\\\/sites\\\/33\\\/2020\\\/10\\\/demolition.jpg\",\"contentUrl\":\"https:\\\/\\\/www.buhl.de\\\/vermieter-web\\\/wp-content\\\/uploads\\\/sites\\\/33\\\/2020\\\/10\\\/demolition.jpg\",\"width\":840,\"height\":420},{\"@type\":\"BreadcrumbList\",\"@id\":\"https:\\\/\\\/www.buhl.de\\\/vermieter-web\\\/klagerecht-gegen-den-abriss-eins-denkmalgeschuetzten-gebaeudes\\\/#breadcrumb\",\"itemListElement\":[{\"@type\":\"ListItem\",\"position\":1,\"name\":\"Startseite\",\"item\":\"https:\\\/\\\/www.buhl.de\\\/vermieter-web\\\/\"},{\"@type\":\"ListItem\",\"position\":2,\"name\":\"Klagerecht gegen den Abriss eines denkmalgesch\u00fctzten Geb\u00e4udes\"}]},{\"@type\":\"WebSite\",\"@id\":\"https:\\\/\\\/www.buhl.de\\\/vermieter-web\\\/#website\",\"url\":\"https:\\\/\\\/www.buhl.de\\\/vermieter-web\\\/\",\"name\":\"Online-Nebenkostenabrechnung mit WISO Vermieter-Web\",\"description\":\"\",\"potentialAction\":[{\"@type\":\"SearchAction\",\"target\":{\"@type\":\"EntryPoint\",\"urlTemplate\":\"https:\\\/\\\/www.buhl.de\\\/vermieter-web\\\/?s={search_term_string}\"},\"query-input\":{\"@type\":\"PropertyValueSpecification\",\"valueRequired\":true,\"valueName\":\"search_term_string\"}}],\"inLanguage\":\"de\"},{\"@type\":\"Person\",\"@id\":\"https:\\\/\\\/www.buhl.de\\\/vermieter-web\\\/#\\\/schema\\\/person\\\/82903e1cb04eb553382702d503991b4f\",\"name\":\"Hartmut Fischer\"}]}<\/script>\n<!-- \/ Yoast SEO Premium plugin. -->","yoast_head_json":{"title":"Nur Eigent\u00fcmer von denkmalgesch\u00fctzten Geb\u00e4uden k\u00f6nnen gegen den Abriss klagen","description":"Wurde der Abriss einer denkmalgesch\u00fctzten Immobilie genehmigt, kann nur der Eigent\u00fcmer dieser Immobilie hiergegen klagen.","robots":{"index":"noindex","follow":"nofollow"},"og_locale":"de_DE","og_type":"article","og_title":"Klagerecht gegen den Abriss eines denkmalgesch\u00fctzten Geb\u00e4udes","og_description":"Wurde der Abriss einer denkmalgesch\u00fctzten Immobilie genehmigt, kann nur der Eigent\u00fcmer dieser Immobilie hiergegen klagen.","og_url":"https:\/\/www.buhl.de\/vermieter-web\/klagerecht-gegen-den-abriss-eins-denkmalgeschuetzten-gebaeudes\/","og_site_name":"Online-Nebenkostenabrechnung mit WISO Vermieter-Web","article_published_time":"2020-10-09T13:01:54+00:00","article_modified_time":"2020-10-09T13:02:27+00:00","og_image":[{"width":840,"height":420,"url":"https:\/\/www.buhl.de\/vermieter-web\/wp-content\/uploads\/sites\/33\/2020\/10\/demolition.jpg","type":"image\/jpeg"}],"author":"Hartmut Fischer","twitter_card":"summary_large_image","twitter_misc":{"Verfasst von":"Hartmut Fischer","Gesch\u00e4tzte Lesezeit":"2\u00a0Minuten"},"schema":{"@context":"https:\/\/schema.org","@graph":[{"@type":"Article","@id":"https:\/\/www.buhl.de\/vermieter-web\/klagerecht-gegen-den-abriss-eins-denkmalgeschuetzten-gebaeudes\/#article","isPartOf":{"@id":"https:\/\/www.buhl.de\/vermieter-web\/klagerecht-gegen-den-abriss-eins-denkmalgeschuetzten-gebaeudes\/"},"author":{"name":"Hartmut Fischer","@id":"https:\/\/www.buhl.de\/vermieter-web\/#\/schema\/person\/82903e1cb04eb553382702d503991b4f"},"headline":"Klagerecht gegen den Abriss eines denkmalgesch\u00fctzten Geb\u00e4udes","datePublished":"2020-10-09T13:01:54+00:00","dateModified":"2020-10-09T13:02:27+00:00","mainEntityOfPage":{"@id":"https:\/\/www.buhl.de\/vermieter-web\/klagerecht-gegen-den-abriss-eins-denkmalgeschuetzten-gebaeudes\/"},"wordCount":333,"commentCount":0,"image":{"@id":"https:\/\/www.buhl.de\/vermieter-web\/klagerecht-gegen-den-abriss-eins-denkmalgeschuetzten-gebaeudes\/#primaryimage"},"thumbnailUrl":"https:\/\/www.buhl.de\/vermieter-web\/wp-content\/uploads\/sites\/33\/2020\/10\/demolition.jpg","keywords":["Abriss","Denkmalschutz"],"inLanguage":"de","potentialAction":[{"@type":"CommentAction","name":"Comment","target":["https:\/\/www.buhl.de\/vermieter-web\/klagerecht-gegen-den-abriss-eins-denkmalgeschuetzten-gebaeudes\/#respond"]}]},{"@type":"WebPage","@id":"https:\/\/www.buhl.de\/vermieter-web\/klagerecht-gegen-den-abriss-eins-denkmalgeschuetzten-gebaeudes\/","url":"https:\/\/www.buhl.de\/vermieter-web\/klagerecht-gegen-den-abriss-eins-denkmalgeschuetzten-gebaeudes\/","name":"Nur Eigent\u00fcmer von denkmalgesch\u00fctzten Geb\u00e4uden k\u00f6nnen gegen den Abriss klagen","isPartOf":{"@id":"https:\/\/www.buhl.de\/vermieter-web\/#website"},"primaryImageOfPage":{"@id":"https:\/\/www.buhl.de\/vermieter-web\/klagerecht-gegen-den-abriss-eins-denkmalgeschuetzten-gebaeudes\/#primaryimage"},"image":{"@id":"https:\/\/www.buhl.de\/vermieter-web\/klagerecht-gegen-den-abriss-eins-denkmalgeschuetzten-gebaeudes\/#primaryimage"},"thumbnailUrl":"https:\/\/www.buhl.de\/vermieter-web\/wp-content\/uploads\/sites\/33\/2020\/10\/demolition.jpg","datePublished":"2020-10-09T13:01:54+00:00","dateModified":"2020-10-09T13:02:27+00:00","author":{"@id":"https:\/\/www.buhl.de\/vermieter-web\/#\/schema\/person\/82903e1cb04eb553382702d503991b4f"},"description":"Wurde der Abriss einer denkmalgesch\u00fctzten Immobilie genehmigt, kann nur der Eigent\u00fcmer dieser Immobilie hiergegen klagen.","breadcrumb":{"@id":"https:\/\/www.buhl.de\/vermieter-web\/klagerecht-gegen-den-abriss-eins-denkmalgeschuetzten-gebaeudes\/#breadcrumb"},"inLanguage":"de","potentialAction":[{"@type":"ReadAction","target":["https:\/\/www.buhl.de\/vermieter-web\/klagerecht-gegen-den-abriss-eins-denkmalgeschuetzten-gebaeudes\/"]}]},{"@type":"ImageObject","inLanguage":"de","@id":"https:\/\/www.buhl.de\/vermieter-web\/klagerecht-gegen-den-abriss-eins-denkmalgeschuetzten-gebaeudes\/#primaryimage","url":"https:\/\/www.buhl.de\/vermieter-web\/wp-content\/uploads\/sites\/33\/2020\/10\/demolition.jpg","contentUrl":"https:\/\/www.buhl.de\/vermieter-web\/wp-content\/uploads\/sites\/33\/2020\/10\/demolition.jpg","width":840,"height":420},{"@type":"BreadcrumbList","@id":"https:\/\/www.buhl.de\/vermieter-web\/klagerecht-gegen-den-abriss-eins-denkmalgeschuetzten-gebaeudes\/#breadcrumb","itemListElement":[{"@type":"ListItem","position":1,"name":"Startseite","item":"https:\/\/www.buhl.de\/vermieter-web\/"},{"@type":"ListItem","position":2,"name":"Klagerecht gegen den Abriss eines denkmalgesch\u00fctzten Geb\u00e4udes"}]},{"@type":"WebSite","@id":"https:\/\/www.buhl.de\/vermieter-web\/#website","url":"https:\/\/www.buhl.de\/vermieter-web\/","name":"Online-Nebenkostenabrechnung mit WISO Vermieter-Web","description":"","potentialAction":[{"@type":"SearchAction","target":{"@type":"EntryPoint","urlTemplate":"https:\/\/www.buhl.de\/vermieter-web\/?s={search_term_string}"},"query-input":{"@type":"PropertyValueSpecification","valueRequired":true,"valueName":"search_term_string"}}],"inLanguage":"de"},{"@type":"Person","@id":"https:\/\/www.buhl.de\/vermieter-web\/#\/schema\/person\/82903e1cb04eb553382702d503991b4f","name":"Hartmut Fischer"}]}},"_links":{"self":[{"href":"https:\/\/www.buhl.de\/vermieter-web\/wp-json\/wp\/v2\/posts\/13067","targetHints":{"allow":["GET"]}}],"collection":[{"href":"https:\/\/www.buhl.de\/vermieter-web\/wp-json\/wp\/v2\/posts"}],"about":[{"href":"https:\/\/www.buhl.de\/vermieter-web\/wp-json\/wp\/v2\/types\/post"}],"author":[{"embeddable":true,"href":"https:\/\/www.buhl.de\/vermieter-web\/wp-json\/wp\/v2\/users\/15"}],"replies":[{"embeddable":true,"href":"https:\/\/www.buhl.de\/vermieter-web\/wp-json\/wp\/v2\/comments?post=13067"}],"version-history":[{"count":2,"href":"https:\/\/www.buhl.de\/vermieter-web\/wp-json\/wp\/v2\/posts\/13067\/revisions"}],"predecessor-version":[{"id":13070,"href":"https:\/\/www.buhl.de\/vermieter-web\/wp-json\/wp\/v2\/posts\/13067\/revisions\/13070"}],"wp:featuredmedia":[{"embeddable":true,"href":"https:\/\/www.buhl.de\/vermieter-web\/wp-json\/wp\/v2\/media\/13063"}],"wp:attachment":[{"href":"https:\/\/www.buhl.de\/vermieter-web\/wp-json\/wp\/v2\/media?parent=13067"}],"wp:term":[{"taxonomy":"category","embeddable":true,"href":"https:\/\/www.buhl.de\/vermieter-web\/wp-json\/wp\/v2\/categories?post=13067"},{"taxonomy":"post_tag","embeddable":true,"href":"https:\/\/www.buhl.de\/vermieter-web\/wp-json\/wp\/v2\/tags?post=13067"}],"curies":[{"name":"wp","href":"https:\/\/api.w.org\/{rel}","templated":true}]}}