{"id":13098,"date":"2020-10-20T09:40:23","date_gmt":"2020-10-20T07:40:23","guid":{"rendered":"http:\/\/www.buhl.de\/vermieter-web\/?p=13098"},"modified":"2020-10-20T09:40:24","modified_gmt":"2020-10-20T07:40:24","slug":"gewerbemietrecht-miete-muss-auch-bei-geschlossenem-geschaeft-gezahlt-werden","status":"publish","type":"post","link":"https:\/\/www.buhl.de\/vermieter-web\/gewerbemietrecht-miete-muss-auch-bei-geschlossenem-geschaeft-gezahlt-werden\/","title":{"rendered":"Gewerbemietrecht: Miete muss auch bei geschlossenem Gesch\u00e4ft gezahlt werden"},"content":{"rendered":"\n<p>Aufgrund der Pandemie kommt es vor, dass Gesch\u00e4fte aufgrund beh\u00f6rdlicher Anordnung schlie\u00dfen m\u00fcssen. Hier stellt sich die Frage, ob der Mieter wegen der von ihm nicht verschuldeten Gesch\u00e4ftsschlie\u00dfung weiterhin seine Miete zahlen muss. Das Landgericht Frankfurt Main hat in einem Beschluss vom 07.08.2020 entschieden, dass das Risiko des Einnahmeverlustes und der Gewinnerzielung zu Lasten des Mieters geht. Er muss deshalb auch bei einem geschlossenen Gesch\u00e4ft weiter Miete zahlen (Aktenzeichen 2-95 O 160\/20).<\/p>\n\n\n\n<p>Grundlage der Entscheidung war die Klage eines Vermieters, dessen Mieter sich weigerte, seine Miete f\u00fcr die Monate Mai und April 2020 zu zahlen. Der Mieter betrieb in den R\u00e4umen ein Brillengesch\u00e4ft, das aufgrund einer beh\u00f6rdlichen COVID-19-Anordnung in diesen Monaten geschlossen werden musste. Da der Mieter in dieser Zeit keine Einnahmen erzielen konnte, war er der Meinung, dass er f\u00fcr die betroffenen Monate die Mietzahlung aussetzen k\u00f6nne. Der Vermieter war hiermit nicht einverstanden und erhob Klage.<\/p>\n\n\n\n<p>Er war damit auch vor dem Landgericht Frankfurt Main erfolgreich. Das Gericht entschied zu seinen Gunsten und stellte fest, dass er Anspruch auf die ausstehenden Mieten habe. Das Risiko der Umsatzeinbu\u00dfe aufgrund von coronabedingten Ma\u00dfnahmen gehe grunds\u00e4tzlich zu Lasten des Mieters. Wenn der Mieter mit dem angemieteten Objekt keine Gewinne erwirtschafte, habe dies grunds\u00e4tzlich keinen Einfluss auf die zu leistende Miete<\/p>\n\n\n\n<p>Das Landgericht Frankfurt a.M. entschied zu Gunsten der Vermieter. Ihnen stehe ein Anspruch auf die Mietzahlungen zu. Die Risikoverteilung bei coronabedingten&nbsp;Umsatzeinbu\u00dfen&nbsp;gehe grunds\u00e4tzlich zu Lasten des Mieters. Wenn der Mieter mit dem Mietobjekt keine Gewinne erzielt, verwirkliche sich ein typisches Risiko allein des Mieters.<\/p>\n\n\n\n<p>Zwar sehe der <a href=\"https:\/\/www.gesetze-im-internet.de\/bgbeg\/art_240__2.html\">Artikel 240 \u00a7 2 des Einf\u00fchrungsgesetzes zum B\u00fcrgerlichen Gesetzbuch <\/a>vor, dass ein Mietverh\u00e4ltnis nicht aufgrund von verz\u00f6gerten Mietzahlungen in der Zeit von April bis Juni2020 nicht gek\u00fcndigt werden k\u00f6nne, wenn die Verz\u00f6gerung auf die COVID-19-Pandemie zur\u00fcckzuf\u00fchren ist. Dies bedeute jedoch nicht, dass der Mieter von der Zahlungspflicht entbunden sei.<\/p>\n\n\n\n<p class=\"has-background\" style=\"background-color:#e7e2d2\"><strong><em>Das k\u00f6nnte Sie auch interessieren:<\/em><\/strong><br><a href=\"https:\/\/www.buhl.de\/vermieter-web\/gewerbemietrecht-kein-fristloses-kuendigungsrecht-wegen-erkrankung-des-mieters\/\" data-type=\"post\" data-id=\"13060\">Gewerbemietrecht: Kein fristloses K\u00fcndigungsrecht wegen Erkrankung des Mieters<\/a><br><a href=\"https:\/\/www.buhl.de\/vermieter-web\/gewerbemietvertrag-abstandszahlung-bei-neuem-eigentuemer\/\" data-type=\"post\" data-id=\"10062\">Gewerbemietvertrag: Abstandszahlung bei neuem Eigent\u00fcmer<\/a><br><a href=\"https:\/\/www.buhl.de\/vermieter-web\/gewerbemietrecht-schadenersatz-ohne-fristsetzung\/\" data-type=\"post\" data-id=\"8915\">Gewerbemietrecht: Schadenersatz ohne Fristsetzung<\/a><\/p>\n","protected":false},"excerpt":{"rendered":"<p>Aufgrund der Pandemie kommt es vor, dass Gesch\u00e4fte aufgrund beh\u00f6rdlicher Anordnung schlie\u00dfen m\u00fcssen. Hier stellt sich die Frage, ob der Mieter wegen der von ihm nicht verschuldeten Gesch\u00e4ftsschlie\u00dfung weiterhin seine Miete zahlen muss. Das Landgericht Frankfurt Main hat in einem Beschluss vom 07.08.2020 entschieden, dass das Risiko des Einnahmeverlustes und der Gewinnerzielung zu Lasten des &hellip; <\/p>\n<p class=\"link-more\"><a href=\"https:\/\/www.buhl.de\/vermieter-web\/gewerbemietrecht-miete-muss-auch-bei-geschlossenem-geschaeft-gezahlt-werden\/\" class=\"more-link\"><span class=\"screen-reader-text\">\u201eGewerbemietrecht: Miete muss auch bei geschlossenem Gesch\u00e4ft gezahlt werden\u201c<\/span> weiterlesen<\/a><\/p>\n","protected":false},"author":15,"featured_media":12491,"comment_status":"closed","ping_status":"open","sticky":false,"template":"","format":"standard","meta":{"footnotes":""},"categories":[1],"tags":[5486,5485,4115,4166,5484,4116],"class_list":["post-13098","post","type-post","status-publish","format-standard","has-post-thumbnail","hentry","category-allgemein","tag-amtlich","tag-behoerde","tag-corona","tag-covid-19","tag-geschaeftsschliessung","tag-pandemie"],"yoast_head":"<!-- This site is optimized with the Yoast SEO Premium plugin v27.4 (Yoast SEO v27.5) - https:\/\/yoast.com\/product\/yoast-seo-premium-wordpress\/ -->\n<title>Trotz Gesch\u00e4ftsschlie\u00dfung wegen Corona muss die Miete gezahlt werden<\/title>\n<meta name=\"description\" content=\"Muss ein Gewerbetreibender sein Gesch\u00e4ft schlie\u00dfen, ist er dennoch verpflichtet, weiterhin die Miete zu zahlen. Das gilt auch, wenn die Schlie\u00dfung aufgrund der Corona-Pandemie beh\u00f6rdlich angeordnet wurde.\" \/>\n<meta name=\"robots\" content=\"noindex, nofollow\" \/>\n<meta property=\"og:locale\" content=\"de_DE\" \/>\n<meta property=\"og:type\" content=\"article\" \/>\n<meta property=\"og:title\" content=\"Gewerbemietrecht: Miete muss auch bei geschlossenem Gesch\u00e4ft gezahlt werden\" \/>\n<meta property=\"og:description\" content=\"Muss ein Gewerbetreibender sein Gesch\u00e4ft schlie\u00dfen, ist er dennoch verpflichtet, weiterhin die Miete zu zahlen. Das gilt auch, wenn die Schlie\u00dfung aufgrund der Corona-Pandemie beh\u00f6rdlich angeordnet wurde.\" \/>\n<meta property=\"og:url\" content=\"https:\/\/www.buhl.de\/vermieter-web\/gewerbemietrecht-miete-muss-auch-bei-geschlossenem-geschaeft-gezahlt-werden\/\" \/>\n<meta property=\"og:site_name\" content=\"Online-Nebenkostenabrechnung mit WISO Vermieter-Web\" \/>\n<meta property=\"article:published_time\" content=\"2020-10-20T07:40:23+00:00\" \/>\n<meta property=\"article:modified_time\" content=\"2020-10-20T07:40:24+00:00\" \/>\n<meta property=\"og:image\" content=\"https:\/\/www.buhl.de\/vermieter-web\/wp-content\/uploads\/sites\/33\/2020\/03\/corona.jpg\" \/>\n\t<meta property=\"og:image:width\" content=\"840\" \/>\n\t<meta property=\"og:image:height\" content=\"420\" \/>\n\t<meta property=\"og:image:type\" content=\"image\/jpeg\" \/>\n<meta name=\"author\" content=\"Hartmut Fischer\" \/>\n<meta name=\"twitter:card\" content=\"summary_large_image\" \/>\n<meta name=\"twitter:label1\" content=\"Verfasst von\" \/>\n\t<meta name=\"twitter:data1\" content=\"Hartmut Fischer\" \/>\n\t<meta name=\"twitter:label2\" content=\"Gesch\u00e4tzte Lesezeit\" \/>\n\t<meta name=\"twitter:data2\" content=\"2\u00a0Minuten\" \/>\n<script type=\"application\/ld+json\" class=\"yoast-schema-graph\">{\"@context\":\"https:\\\/\\\/schema.org\",\"@graph\":[{\"@type\":\"Article\",\"@id\":\"https:\\\/\\\/www.buhl.de\\\/vermieter-web\\\/gewerbemietrecht-miete-muss-auch-bei-geschlossenem-geschaeft-gezahlt-werden\\\/#article\",\"isPartOf\":{\"@id\":\"https:\\\/\\\/www.buhl.de\\\/vermieter-web\\\/gewerbemietrecht-miete-muss-auch-bei-geschlossenem-geschaeft-gezahlt-werden\\\/\"},\"author\":{\"name\":\"Hartmut Fischer\",\"@id\":\"https:\\\/\\\/www.buhl.de\\\/vermieter-web\\\/#\\\/schema\\\/person\\\/82903e1cb04eb553382702d503991b4f\"},\"headline\":\"Gewerbemietrecht: Miete muss auch bei geschlossenem Gesch\u00e4ft gezahlt werden\",\"datePublished\":\"2020-10-20T07:40:23+00:00\",\"dateModified\":\"2020-10-20T07:40:24+00:00\",\"mainEntityOfPage\":{\"@id\":\"https:\\\/\\\/www.buhl.de\\\/vermieter-web\\\/gewerbemietrecht-miete-muss-auch-bei-geschlossenem-geschaeft-gezahlt-werden\\\/\"},\"wordCount\":367,\"image\":{\"@id\":\"https:\\\/\\\/www.buhl.de\\\/vermieter-web\\\/gewerbemietrecht-miete-muss-auch-bei-geschlossenem-geschaeft-gezahlt-werden\\\/#primaryimage\"},\"thumbnailUrl\":\"https:\\\/\\\/www.buhl.de\\\/vermieter-web\\\/wp-content\\\/uploads\\\/sites\\\/33\\\/2020\\\/03\\\/corona.jpg\",\"keywords\":[\"amtlich\",\"Beh\u00f6rde\",\"Corona\",\"COVID-19\",\"Gesch\u00e4ftsschlie\u00dfung\",\"Pandemie\"],\"inLanguage\":\"de\"},{\"@type\":\"WebPage\",\"@id\":\"https:\\\/\\\/www.buhl.de\\\/vermieter-web\\\/gewerbemietrecht-miete-muss-auch-bei-geschlossenem-geschaeft-gezahlt-werden\\\/\",\"url\":\"https:\\\/\\\/www.buhl.de\\\/vermieter-web\\\/gewerbemietrecht-miete-muss-auch-bei-geschlossenem-geschaeft-gezahlt-werden\\\/\",\"name\":\"Trotz Gesch\u00e4ftsschlie\u00dfung wegen Corona muss die Miete gezahlt werden\",\"isPartOf\":{\"@id\":\"https:\\\/\\\/www.buhl.de\\\/vermieter-web\\\/#website\"},\"primaryImageOfPage\":{\"@id\":\"https:\\\/\\\/www.buhl.de\\\/vermieter-web\\\/gewerbemietrecht-miete-muss-auch-bei-geschlossenem-geschaeft-gezahlt-werden\\\/#primaryimage\"},\"image\":{\"@id\":\"https:\\\/\\\/www.buhl.de\\\/vermieter-web\\\/gewerbemietrecht-miete-muss-auch-bei-geschlossenem-geschaeft-gezahlt-werden\\\/#primaryimage\"},\"thumbnailUrl\":\"https:\\\/\\\/www.buhl.de\\\/vermieter-web\\\/wp-content\\\/uploads\\\/sites\\\/33\\\/2020\\\/03\\\/corona.jpg\",\"datePublished\":\"2020-10-20T07:40:23+00:00\",\"dateModified\":\"2020-10-20T07:40:24+00:00\",\"author\":{\"@id\":\"https:\\\/\\\/www.buhl.de\\\/vermieter-web\\\/#\\\/schema\\\/person\\\/82903e1cb04eb553382702d503991b4f\"},\"description\":\"Muss ein Gewerbetreibender sein Gesch\u00e4ft schlie\u00dfen, ist er dennoch verpflichtet, weiterhin die Miete zu zahlen. Das gilt auch, wenn die Schlie\u00dfung aufgrund der Corona-Pandemie beh\u00f6rdlich angeordnet wurde.\",\"breadcrumb\":{\"@id\":\"https:\\\/\\\/www.buhl.de\\\/vermieter-web\\\/gewerbemietrecht-miete-muss-auch-bei-geschlossenem-geschaeft-gezahlt-werden\\\/#breadcrumb\"},\"inLanguage\":\"de\",\"potentialAction\":[{\"@type\":\"ReadAction\",\"target\":[\"https:\\\/\\\/www.buhl.de\\\/vermieter-web\\\/gewerbemietrecht-miete-muss-auch-bei-geschlossenem-geschaeft-gezahlt-werden\\\/\"]}]},{\"@type\":\"ImageObject\",\"inLanguage\":\"de\",\"@id\":\"https:\\\/\\\/www.buhl.de\\\/vermieter-web\\\/gewerbemietrecht-miete-muss-auch-bei-geschlossenem-geschaeft-gezahlt-werden\\\/#primaryimage\",\"url\":\"https:\\\/\\\/www.buhl.de\\\/vermieter-web\\\/wp-content\\\/uploads\\\/sites\\\/33\\\/2020\\\/03\\\/corona.jpg\",\"contentUrl\":\"https:\\\/\\\/www.buhl.de\\\/vermieter-web\\\/wp-content\\\/uploads\\\/sites\\\/33\\\/2020\\\/03\\\/corona.jpg\",\"width\":840,\"height\":420,\"caption\":\"\"},{\"@type\":\"BreadcrumbList\",\"@id\":\"https:\\\/\\\/www.buhl.de\\\/vermieter-web\\\/gewerbemietrecht-miete-muss-auch-bei-geschlossenem-geschaeft-gezahlt-werden\\\/#breadcrumb\",\"itemListElement\":[{\"@type\":\"ListItem\",\"position\":1,\"name\":\"Startseite\",\"item\":\"https:\\\/\\\/www.buhl.de\\\/vermieter-web\\\/\"},{\"@type\":\"ListItem\",\"position\":2,\"name\":\"Gewerbemietrecht: Miete muss auch bei geschlossenem Gesch\u00e4ft gezahlt werden\"}]},{\"@type\":\"WebSite\",\"@id\":\"https:\\\/\\\/www.buhl.de\\\/vermieter-web\\\/#website\",\"url\":\"https:\\\/\\\/www.buhl.de\\\/vermieter-web\\\/\",\"name\":\"Online-Nebenkostenabrechnung mit WISO Vermieter-Web\",\"description\":\"\",\"potentialAction\":[{\"@type\":\"SearchAction\",\"target\":{\"@type\":\"EntryPoint\",\"urlTemplate\":\"https:\\\/\\\/www.buhl.de\\\/vermieter-web\\\/?s={search_term_string}\"},\"query-input\":{\"@type\":\"PropertyValueSpecification\",\"valueRequired\":true,\"valueName\":\"search_term_string\"}}],\"inLanguage\":\"de\"},{\"@type\":\"Person\",\"@id\":\"https:\\\/\\\/www.buhl.de\\\/vermieter-web\\\/#\\\/schema\\\/person\\\/82903e1cb04eb553382702d503991b4f\",\"name\":\"Hartmut Fischer\"}]}<\/script>\n<!-- \/ Yoast SEO Premium plugin. -->","yoast_head_json":{"title":"Trotz Gesch\u00e4ftsschlie\u00dfung wegen Corona muss die Miete gezahlt werden","description":"Muss ein Gewerbetreibender sein Gesch\u00e4ft schlie\u00dfen, ist er dennoch verpflichtet, weiterhin die Miete zu zahlen. Das gilt auch, wenn die Schlie\u00dfung aufgrund der Corona-Pandemie beh\u00f6rdlich angeordnet wurde.","robots":{"index":"noindex","follow":"nofollow"},"og_locale":"de_DE","og_type":"article","og_title":"Gewerbemietrecht: Miete muss auch bei geschlossenem Gesch\u00e4ft gezahlt werden","og_description":"Muss ein Gewerbetreibender sein Gesch\u00e4ft schlie\u00dfen, ist er dennoch verpflichtet, weiterhin die Miete zu zahlen. Das gilt auch, wenn die Schlie\u00dfung aufgrund der Corona-Pandemie beh\u00f6rdlich angeordnet wurde.","og_url":"https:\/\/www.buhl.de\/vermieter-web\/gewerbemietrecht-miete-muss-auch-bei-geschlossenem-geschaeft-gezahlt-werden\/","og_site_name":"Online-Nebenkostenabrechnung mit WISO Vermieter-Web","article_published_time":"2020-10-20T07:40:23+00:00","article_modified_time":"2020-10-20T07:40:24+00:00","og_image":[{"width":840,"height":420,"url":"https:\/\/www.buhl.de\/vermieter-web\/wp-content\/uploads\/sites\/33\/2020\/03\/corona.jpg","type":"image\/jpeg"}],"author":"Hartmut Fischer","twitter_card":"summary_large_image","twitter_misc":{"Verfasst von":"Hartmut Fischer","Gesch\u00e4tzte Lesezeit":"2\u00a0Minuten"},"schema":{"@context":"https:\/\/schema.org","@graph":[{"@type":"Article","@id":"https:\/\/www.buhl.de\/vermieter-web\/gewerbemietrecht-miete-muss-auch-bei-geschlossenem-geschaeft-gezahlt-werden\/#article","isPartOf":{"@id":"https:\/\/www.buhl.de\/vermieter-web\/gewerbemietrecht-miete-muss-auch-bei-geschlossenem-geschaeft-gezahlt-werden\/"},"author":{"name":"Hartmut Fischer","@id":"https:\/\/www.buhl.de\/vermieter-web\/#\/schema\/person\/82903e1cb04eb553382702d503991b4f"},"headline":"Gewerbemietrecht: Miete muss auch bei geschlossenem Gesch\u00e4ft gezahlt werden","datePublished":"2020-10-20T07:40:23+00:00","dateModified":"2020-10-20T07:40:24+00:00","mainEntityOfPage":{"@id":"https:\/\/www.buhl.de\/vermieter-web\/gewerbemietrecht-miete-muss-auch-bei-geschlossenem-geschaeft-gezahlt-werden\/"},"wordCount":367,"image":{"@id":"https:\/\/www.buhl.de\/vermieter-web\/gewerbemietrecht-miete-muss-auch-bei-geschlossenem-geschaeft-gezahlt-werden\/#primaryimage"},"thumbnailUrl":"https:\/\/www.buhl.de\/vermieter-web\/wp-content\/uploads\/sites\/33\/2020\/03\/corona.jpg","keywords":["amtlich","Beh\u00f6rde","Corona","COVID-19","Gesch\u00e4ftsschlie\u00dfung","Pandemie"],"inLanguage":"de"},{"@type":"WebPage","@id":"https:\/\/www.buhl.de\/vermieter-web\/gewerbemietrecht-miete-muss-auch-bei-geschlossenem-geschaeft-gezahlt-werden\/","url":"https:\/\/www.buhl.de\/vermieter-web\/gewerbemietrecht-miete-muss-auch-bei-geschlossenem-geschaeft-gezahlt-werden\/","name":"Trotz Gesch\u00e4ftsschlie\u00dfung wegen Corona muss die Miete gezahlt werden","isPartOf":{"@id":"https:\/\/www.buhl.de\/vermieter-web\/#website"},"primaryImageOfPage":{"@id":"https:\/\/www.buhl.de\/vermieter-web\/gewerbemietrecht-miete-muss-auch-bei-geschlossenem-geschaeft-gezahlt-werden\/#primaryimage"},"image":{"@id":"https:\/\/www.buhl.de\/vermieter-web\/gewerbemietrecht-miete-muss-auch-bei-geschlossenem-geschaeft-gezahlt-werden\/#primaryimage"},"thumbnailUrl":"https:\/\/www.buhl.de\/vermieter-web\/wp-content\/uploads\/sites\/33\/2020\/03\/corona.jpg","datePublished":"2020-10-20T07:40:23+00:00","dateModified":"2020-10-20T07:40:24+00:00","author":{"@id":"https:\/\/www.buhl.de\/vermieter-web\/#\/schema\/person\/82903e1cb04eb553382702d503991b4f"},"description":"Muss ein Gewerbetreibender sein Gesch\u00e4ft schlie\u00dfen, ist er dennoch verpflichtet, weiterhin die Miete zu zahlen. Das gilt auch, wenn die Schlie\u00dfung aufgrund der Corona-Pandemie beh\u00f6rdlich angeordnet wurde.","breadcrumb":{"@id":"https:\/\/www.buhl.de\/vermieter-web\/gewerbemietrecht-miete-muss-auch-bei-geschlossenem-geschaeft-gezahlt-werden\/#breadcrumb"},"inLanguage":"de","potentialAction":[{"@type":"ReadAction","target":["https:\/\/www.buhl.de\/vermieter-web\/gewerbemietrecht-miete-muss-auch-bei-geschlossenem-geschaeft-gezahlt-werden\/"]}]},{"@type":"ImageObject","inLanguage":"de","@id":"https:\/\/www.buhl.de\/vermieter-web\/gewerbemietrecht-miete-muss-auch-bei-geschlossenem-geschaeft-gezahlt-werden\/#primaryimage","url":"https:\/\/www.buhl.de\/vermieter-web\/wp-content\/uploads\/sites\/33\/2020\/03\/corona.jpg","contentUrl":"https:\/\/www.buhl.de\/vermieter-web\/wp-content\/uploads\/sites\/33\/2020\/03\/corona.jpg","width":840,"height":420,"caption":""},{"@type":"BreadcrumbList","@id":"https:\/\/www.buhl.de\/vermieter-web\/gewerbemietrecht-miete-muss-auch-bei-geschlossenem-geschaeft-gezahlt-werden\/#breadcrumb","itemListElement":[{"@type":"ListItem","position":1,"name":"Startseite","item":"https:\/\/www.buhl.de\/vermieter-web\/"},{"@type":"ListItem","position":2,"name":"Gewerbemietrecht: Miete muss auch bei geschlossenem Gesch\u00e4ft gezahlt werden"}]},{"@type":"WebSite","@id":"https:\/\/www.buhl.de\/vermieter-web\/#website","url":"https:\/\/www.buhl.de\/vermieter-web\/","name":"Online-Nebenkostenabrechnung mit WISO Vermieter-Web","description":"","potentialAction":[{"@type":"SearchAction","target":{"@type":"EntryPoint","urlTemplate":"https:\/\/www.buhl.de\/vermieter-web\/?s={search_term_string}"},"query-input":{"@type":"PropertyValueSpecification","valueRequired":true,"valueName":"search_term_string"}}],"inLanguage":"de"},{"@type":"Person","@id":"https:\/\/www.buhl.de\/vermieter-web\/#\/schema\/person\/82903e1cb04eb553382702d503991b4f","name":"Hartmut Fischer"}]}},"_links":{"self":[{"href":"https:\/\/www.buhl.de\/vermieter-web\/wp-json\/wp\/v2\/posts\/13098","targetHints":{"allow":["GET"]}}],"collection":[{"href":"https:\/\/www.buhl.de\/vermieter-web\/wp-json\/wp\/v2\/posts"}],"about":[{"href":"https:\/\/www.buhl.de\/vermieter-web\/wp-json\/wp\/v2\/types\/post"}],"author":[{"embeddable":true,"href":"https:\/\/www.buhl.de\/vermieter-web\/wp-json\/wp\/v2\/users\/15"}],"replies":[{"embeddable":true,"href":"https:\/\/www.buhl.de\/vermieter-web\/wp-json\/wp\/v2\/comments?post=13098"}],"version-history":[{"count":1,"href":"https:\/\/www.buhl.de\/vermieter-web\/wp-json\/wp\/v2\/posts\/13098\/revisions"}],"predecessor-version":[{"id":13100,"href":"https:\/\/www.buhl.de\/vermieter-web\/wp-json\/wp\/v2\/posts\/13098\/revisions\/13100"}],"wp:featuredmedia":[{"embeddable":true,"href":"https:\/\/www.buhl.de\/vermieter-web\/wp-json\/wp\/v2\/media\/12491"}],"wp:attachment":[{"href":"https:\/\/www.buhl.de\/vermieter-web\/wp-json\/wp\/v2\/media?parent=13098"}],"wp:term":[{"taxonomy":"category","embeddable":true,"href":"https:\/\/www.buhl.de\/vermieter-web\/wp-json\/wp\/v2\/categories?post=13098"},{"taxonomy":"post_tag","embeddable":true,"href":"https:\/\/www.buhl.de\/vermieter-web\/wp-json\/wp\/v2\/tags?post=13098"}],"curies":[{"name":"wp","href":"https:\/\/api.w.org\/{rel}","templated":true}]}}