{"id":13117,"date":"2020-11-06T13:37:33","date_gmt":"2020-11-06T12:37:33","guid":{"rendered":"http:\/\/www.buhl.de\/vermieter-web\/?p=13117"},"modified":"2020-11-06T13:37:34","modified_gmt":"2020-11-06T12:37:34","slug":"mietminderung-auch-bei-abwesenheit-des-mieters","status":"publish","type":"post","link":"https:\/\/www.buhl.de\/vermieter-web\/mietminderung-auch-bei-abwesenheit-des-mieters\/","title":{"rendered":"Mietminderung auch bei Abwesenheit des Mieters"},"content":{"rendered":"\n<p><strong>Selbst wenn ein Mieter die Wohnung nicht nutzt, hat er dennoch das Recht, die Miete zu mindern. Das Recht, die Miete zu mindern (\u00a7 536 Abs. 1 BGB) orientiert sich n\u00e4mlich ausschlie\u00dflich an der Frage, ob die Wohnung im vollen Umfang wie vereinbart genutzt werden kann. Ob sie tats\u00e4chlich genutzt wird oder nicht, spielt dabei keine Rolle. Zu diesem Ergebnis kommt das Landgericht Berlin in einem Urteil vom 28.06.2018 (Aktenzeichen 65 S 45\/18).<\/strong><\/p>\n\n\n\n<p>In dem Verfahren ging es um eine Ein-Zimmer-Wohnung, f\u00fcr die der Mieter wegen Unbewohnbarkeit die Mietzahlungen f\u00fcr zwei Monate aussetzte. Tats\u00e4chlich stand dem Mieter die Wohnung in den beiden Monaten nicht zur Verf\u00fcgung. Dennoch akzeptierte der Vermieter die Mietminderung auf Null nicht. Er begr\u00fcndete dies damit, dass der Mieter die Wohnung in der fraglichen Zeit ja gar nicht genutzt habe beziehungsweise nutzen wollte. Der Mieter habe sich n\u00e4mlich in den zwei Monaten anderweitig aufgehalten.<\/p>\n\n\n\n<p>Da man sich nicht einigen konnte, k\u00fcndigte der Vermieter wegen Mietr\u00fcckstand und verklagte den Mieter auf R\u00e4umung und Herausgabe der Wohnung. Letztlich wurde das Landgericht Berlin angerufen, das f\u00fcr den Mieter entschied. Das Gericht erkl\u00e4rte die K\u00fcndigung f\u00fcr unwirksam. Der Mieter sei nach \u00a7 536 Abs. 1 BGB f\u00fcr den strittigen Zeitraum nicht verpflichtet gewesen, die Miete zu zahlen.<\/p>\n\n\n\n<p class=\"has-background\" style=\"background-color:#eed896\"><strong>\u00a7 536\u00a0BGB Mietminderung bei Sach- und Rechtsm\u00e4ngeln<\/strong><br>(1) Hat die Mietsache zur Zeit der \u00dcberlassung an den Mieter einen Mangel, der ihre Tauglichkeit zum vertragsgem\u00e4\u00dfen Gebrauch aufhebt, oder entsteht w\u00e4hrend der Mietzeit ein solcher Mangel, so ist der Mieter f\u00fcr die Zeit, in der die Tauglichkeit aufgehoben ist, von der Entrichtung der Miete befreit. F\u00fcr die Zeit, w\u00e4hrend der die Tauglichkeit gemindert ist, hat er nur eine angemessen herabgesetzte Miete zu entrichten. Eine unerhebliche Minderung der Tauglichkeit bleibt au\u00dfer Betracht.<br>(1a) F\u00fcr die Dauer von drei Monaten bleibt eine Minderung der Tauglichkeit au\u00dfer Betracht, soweit diese auf Grund einer Ma\u00dfnahme eintritt, die einer energetischen Modernisierung nach \u00a7 555b Nummer 1 dient.<br>(2) Absatz 1 Satz 1 und 2 gilt auch, wenn eine zugesicherte Eigenschaft fehlt oder sp\u00e4ter wegf\u00e4llt.<br>(3) Wird dem Mieter der vertragsgem\u00e4\u00dfe Gebrauch der Mietsache durch das Recht eines Dritten ganz oder zum Teil entzogen, so gelten die Abs\u00e4tze 1 und 2 entsprechend.<br>(4) Bei einem Mietverh\u00e4ltnis \u00fcber Wohnraum ist eine zum Nachteil des Mieters abweichende Vereinbarung unwirksam.<\/p>\n\n\n\n<p>Dass der Mieter die Wohnung w\u00e4hrend der strittigen Zeit nicht nutzte, spiele f\u00fcr die Entscheidung des Gerichts keine Rolle. \u00a7 536 BGB verlange die Mangelfreiheit einer Wohnung, ohne dabei zu v erlangen, dass die Wohnung bei einer Mietminderung auch tats\u00e4chlich genutzt wurde.<\/p>\n\n\n\n<p>Da die Wohnung in den zwei Monaten unbewohnbar war, sei Auch die Minderung auf Null nicht zu beanstanden. Das Gericht wies aber ausdr\u00fccklich darauf hin, dass der Mieter keinen Anspruch auf Erstgattung etwaiger Hotelkosten in der fraglich en Zeit habe. Hier spiele es schon eine Rolle, dass die Wohnung vom Mieter nicht genutzt wurde.<\/p>\n\n\n\n<p class=\"has-background\" style=\"background-color:#e7e2d2\"><strong><em>Das k\u00f6nnte Sie auch interessieren<\/em><\/strong><br><a href=\"https:\/\/www.buhl.de\/vermieter-web\/kein-mietvertrag-wegen-urlaubstrennung\/\" data-type=\"post\" data-id=\"12865\">Kein Mietvertrag wegen Urlaubstrennung<\/a><br><a href=\"https:\/\/www.buhl.de\/vermieter-web\/wenn-der-mieter-nicht-in-der-wohnung-ist\/\" data-type=\"post\" data-id=\"13071\">Wenn der Mieter nicht in der Wohnung ist<\/a><br><a href=\"https:\/\/www.buhl.de\/vermieter-web\/ohne-information-keine-mietkurzung\/\" data-type=\"post\" data-id=\"4098\">Ohne Information keine Mietk\u00fcrzung<\/a><\/p>\n","protected":false},"excerpt":{"rendered":"<p>Selbst wenn ein Mieter die Wohnung nicht nutzt, hat er dennoch das Recht, die Miete zu mindern. Das Recht, die Miete zu mindern (\u00a7 536 Abs. 1 BGB) orientiert sich n\u00e4mlich ausschlie\u00dflich an der Frage, ob die Wohnung im vollen Umfang wie vereinbart genutzt werden kann. Ob sie tats\u00e4chlich genutzt wird oder nicht, spielt dabei &hellip; <\/p>\n<p class=\"link-more\"><a href=\"https:\/\/www.buhl.de\/vermieter-web\/mietminderung-auch-bei-abwesenheit-des-mieters\/\" class=\"more-link\"><span class=\"screen-reader-text\">\u201eMietminderung auch bei Abwesenheit des Mieters\u201c<\/span> weiterlesen<\/a><\/p>\n","protected":false},"author":15,"featured_media":12528,"comment_status":"closed","ping_status":"open","sticky":false,"template":"","format":"standard","meta":{"footnotes":""},"categories":[1],"tags":[3452,2201,508],"class_list":["post-13117","post","type-post","status-publish","format-standard","has-post-thumbnail","hentry","category-allgemein","tag-abwesenheit","tag-mietkuerzung","tag-nutzung"],"yoast_head":"<!-- This site is optimized with the Yoast SEO Premium plugin v27.4 (Yoast SEO v27.5) - https:\/\/yoast.com\/product\/yoast-seo-premium-wordpress\/ -->\n<title>Mietminderung ist auch bei ungenutzter Wohnung m\u00f6glich<\/title>\n<meta name=\"description\" content=\"Treten bei einer Mietwohnung M\u00e4ngel aus, kann der Mieter das Recht haben, die Miete zu k\u00fcrzen. Es spielt dabei keine Rolle, ob der Mieter die Wohnung nutzt oder nicht.\" \/>\n<meta name=\"robots\" content=\"noindex, nofollow\" \/>\n<meta property=\"og:locale\" content=\"de_DE\" \/>\n<meta property=\"og:type\" content=\"article\" \/>\n<meta property=\"og:title\" content=\"Mietminderung auch bei Abwesenheit des Mieters\" \/>\n<meta property=\"og:description\" content=\"Treten bei einer Mietwohnung M\u00e4ngel aus, kann der Mieter das Recht haben, die Miete zu k\u00fcrzen. Es spielt dabei keine Rolle, ob der Mieter die Wohnung nutzt oder nicht.\" \/>\n<meta property=\"og:url\" content=\"https:\/\/www.buhl.de\/vermieter-web\/mietminderung-auch-bei-abwesenheit-des-mieters\/\" \/>\n<meta property=\"og:site_name\" content=\"Online-Nebenkostenabrechnung mit WISO Vermieter-Web\" \/>\n<meta property=\"article:published_time\" content=\"2020-11-06T12:37:33+00:00\" \/>\n<meta property=\"article:modified_time\" content=\"2020-11-06T12:37:34+00:00\" \/>\n<meta property=\"og:image\" content=\"https:\/\/www.buhl.de\/vermieter-web\/wp-content\/uploads\/sites\/33\/2020\/03\/mietrecht.jpg\" \/>\n\t<meta property=\"og:image:width\" content=\"840\" \/>\n\t<meta property=\"og:image:height\" content=\"420\" \/>\n\t<meta property=\"og:image:type\" content=\"image\/jpeg\" \/>\n<meta name=\"author\" content=\"Hartmut Fischer\" \/>\n<meta name=\"twitter:card\" content=\"summary_large_image\" \/>\n<meta name=\"twitter:label1\" content=\"Verfasst von\" \/>\n\t<meta name=\"twitter:data1\" content=\"Hartmut Fischer\" \/>\n\t<meta name=\"twitter:label2\" content=\"Gesch\u00e4tzte Lesezeit\" \/>\n\t<meta name=\"twitter:data2\" content=\"3\u00a0Minuten\" \/>\n<script type=\"application\/ld+json\" class=\"yoast-schema-graph\">{\"@context\":\"https:\\\/\\\/schema.org\",\"@graph\":[{\"@type\":\"Article\",\"@id\":\"https:\\\/\\\/www.buhl.de\\\/vermieter-web\\\/mietminderung-auch-bei-abwesenheit-des-mieters\\\/#article\",\"isPartOf\":{\"@id\":\"https:\\\/\\\/www.buhl.de\\\/vermieter-web\\\/mietminderung-auch-bei-abwesenheit-des-mieters\\\/\"},\"author\":{\"name\":\"Hartmut Fischer\",\"@id\":\"https:\\\/\\\/www.buhl.de\\\/vermieter-web\\\/#\\\/schema\\\/person\\\/82903e1cb04eb553382702d503991b4f\"},\"headline\":\"Mietminderung auch bei Abwesenheit des Mieters\",\"datePublished\":\"2020-11-06T12:37:33+00:00\",\"dateModified\":\"2020-11-06T12:37:34+00:00\",\"mainEntityOfPage\":{\"@id\":\"https:\\\/\\\/www.buhl.de\\\/vermieter-web\\\/mietminderung-auch-bei-abwesenheit-des-mieters\\\/\"},\"wordCount\":514,\"image\":{\"@id\":\"https:\\\/\\\/www.buhl.de\\\/vermieter-web\\\/mietminderung-auch-bei-abwesenheit-des-mieters\\\/#primaryimage\"},\"thumbnailUrl\":\"https:\\\/\\\/www.buhl.de\\\/vermieter-web\\\/wp-content\\\/uploads\\\/sites\\\/33\\\/2020\\\/03\\\/mietrecht.jpg\",\"keywords\":[\"Abwesenheit\",\"Mietk\u00fcrzung\",\"Nutzung\"],\"inLanguage\":\"de\"},{\"@type\":\"WebPage\",\"@id\":\"https:\\\/\\\/www.buhl.de\\\/vermieter-web\\\/mietminderung-auch-bei-abwesenheit-des-mieters\\\/\",\"url\":\"https:\\\/\\\/www.buhl.de\\\/vermieter-web\\\/mietminderung-auch-bei-abwesenheit-des-mieters\\\/\",\"name\":\"Mietminderung ist auch bei ungenutzter Wohnung m\u00f6glich\",\"isPartOf\":{\"@id\":\"https:\\\/\\\/www.buhl.de\\\/vermieter-web\\\/#website\"},\"primaryImageOfPage\":{\"@id\":\"https:\\\/\\\/www.buhl.de\\\/vermieter-web\\\/mietminderung-auch-bei-abwesenheit-des-mieters\\\/#primaryimage\"},\"image\":{\"@id\":\"https:\\\/\\\/www.buhl.de\\\/vermieter-web\\\/mietminderung-auch-bei-abwesenheit-des-mieters\\\/#primaryimage\"},\"thumbnailUrl\":\"https:\\\/\\\/www.buhl.de\\\/vermieter-web\\\/wp-content\\\/uploads\\\/sites\\\/33\\\/2020\\\/03\\\/mietrecht.jpg\",\"datePublished\":\"2020-11-06T12:37:33+00:00\",\"dateModified\":\"2020-11-06T12:37:34+00:00\",\"author\":{\"@id\":\"https:\\\/\\\/www.buhl.de\\\/vermieter-web\\\/#\\\/schema\\\/person\\\/82903e1cb04eb553382702d503991b4f\"},\"description\":\"Treten bei einer Mietwohnung M\u00e4ngel aus, kann der Mieter das Recht haben, die Miete zu k\u00fcrzen. Es spielt dabei keine Rolle, ob der Mieter die Wohnung nutzt oder nicht.\",\"breadcrumb\":{\"@id\":\"https:\\\/\\\/www.buhl.de\\\/vermieter-web\\\/mietminderung-auch-bei-abwesenheit-des-mieters\\\/#breadcrumb\"},\"inLanguage\":\"de\",\"potentialAction\":[{\"@type\":\"ReadAction\",\"target\":[\"https:\\\/\\\/www.buhl.de\\\/vermieter-web\\\/mietminderung-auch-bei-abwesenheit-des-mieters\\\/\"]}]},{\"@type\":\"ImageObject\",\"inLanguage\":\"de\",\"@id\":\"https:\\\/\\\/www.buhl.de\\\/vermieter-web\\\/mietminderung-auch-bei-abwesenheit-des-mieters\\\/#primaryimage\",\"url\":\"https:\\\/\\\/www.buhl.de\\\/vermieter-web\\\/wp-content\\\/uploads\\\/sites\\\/33\\\/2020\\\/03\\\/mietrecht.jpg\",\"contentUrl\":\"https:\\\/\\\/www.buhl.de\\\/vermieter-web\\\/wp-content\\\/uploads\\\/sites\\\/33\\\/2020\\\/03\\\/mietrecht.jpg\",\"width\":840,\"height\":420,\"caption\":\"Mieterh\u00f6hung trotz falscher Voraussetzungen g\u00fcltig.\"},{\"@type\":\"BreadcrumbList\",\"@id\":\"https:\\\/\\\/www.buhl.de\\\/vermieter-web\\\/mietminderung-auch-bei-abwesenheit-des-mieters\\\/#breadcrumb\",\"itemListElement\":[{\"@type\":\"ListItem\",\"position\":1,\"name\":\"Startseite\",\"item\":\"https:\\\/\\\/www.buhl.de\\\/vermieter-web\\\/\"},{\"@type\":\"ListItem\",\"position\":2,\"name\":\"Mietminderung auch bei Abwesenheit des Mieters\"}]},{\"@type\":\"WebSite\",\"@id\":\"https:\\\/\\\/www.buhl.de\\\/vermieter-web\\\/#website\",\"url\":\"https:\\\/\\\/www.buhl.de\\\/vermieter-web\\\/\",\"name\":\"Online-Nebenkostenabrechnung mit WISO Vermieter-Web\",\"description\":\"\",\"potentialAction\":[{\"@type\":\"SearchAction\",\"target\":{\"@type\":\"EntryPoint\",\"urlTemplate\":\"https:\\\/\\\/www.buhl.de\\\/vermieter-web\\\/?s={search_term_string}\"},\"query-input\":{\"@type\":\"PropertyValueSpecification\",\"valueRequired\":true,\"valueName\":\"search_term_string\"}}],\"inLanguage\":\"de\"},{\"@type\":\"Person\",\"@id\":\"https:\\\/\\\/www.buhl.de\\\/vermieter-web\\\/#\\\/schema\\\/person\\\/82903e1cb04eb553382702d503991b4f\",\"name\":\"Hartmut Fischer\"}]}<\/script>\n<!-- \/ Yoast SEO Premium plugin. -->","yoast_head_json":{"title":"Mietminderung ist auch bei ungenutzter Wohnung m\u00f6glich","description":"Treten bei einer Mietwohnung M\u00e4ngel aus, kann der Mieter das Recht haben, die Miete zu k\u00fcrzen. Es spielt dabei keine Rolle, ob der Mieter die Wohnung nutzt oder nicht.","robots":{"index":"noindex","follow":"nofollow"},"og_locale":"de_DE","og_type":"article","og_title":"Mietminderung auch bei Abwesenheit des Mieters","og_description":"Treten bei einer Mietwohnung M\u00e4ngel aus, kann der Mieter das Recht haben, die Miete zu k\u00fcrzen. Es spielt dabei keine Rolle, ob der Mieter die Wohnung nutzt oder nicht.","og_url":"https:\/\/www.buhl.de\/vermieter-web\/mietminderung-auch-bei-abwesenheit-des-mieters\/","og_site_name":"Online-Nebenkostenabrechnung mit WISO Vermieter-Web","article_published_time":"2020-11-06T12:37:33+00:00","article_modified_time":"2020-11-06T12:37:34+00:00","og_image":[{"width":840,"height":420,"url":"https:\/\/www.buhl.de\/vermieter-web\/wp-content\/uploads\/sites\/33\/2020\/03\/mietrecht.jpg","type":"image\/jpeg"}],"author":"Hartmut Fischer","twitter_card":"summary_large_image","twitter_misc":{"Verfasst von":"Hartmut Fischer","Gesch\u00e4tzte Lesezeit":"3\u00a0Minuten"},"schema":{"@context":"https:\/\/schema.org","@graph":[{"@type":"Article","@id":"https:\/\/www.buhl.de\/vermieter-web\/mietminderung-auch-bei-abwesenheit-des-mieters\/#article","isPartOf":{"@id":"https:\/\/www.buhl.de\/vermieter-web\/mietminderung-auch-bei-abwesenheit-des-mieters\/"},"author":{"name":"Hartmut Fischer","@id":"https:\/\/www.buhl.de\/vermieter-web\/#\/schema\/person\/82903e1cb04eb553382702d503991b4f"},"headline":"Mietminderung auch bei Abwesenheit des Mieters","datePublished":"2020-11-06T12:37:33+00:00","dateModified":"2020-11-06T12:37:34+00:00","mainEntityOfPage":{"@id":"https:\/\/www.buhl.de\/vermieter-web\/mietminderung-auch-bei-abwesenheit-des-mieters\/"},"wordCount":514,"image":{"@id":"https:\/\/www.buhl.de\/vermieter-web\/mietminderung-auch-bei-abwesenheit-des-mieters\/#primaryimage"},"thumbnailUrl":"https:\/\/www.buhl.de\/vermieter-web\/wp-content\/uploads\/sites\/33\/2020\/03\/mietrecht.jpg","keywords":["Abwesenheit","Mietk\u00fcrzung","Nutzung"],"inLanguage":"de"},{"@type":"WebPage","@id":"https:\/\/www.buhl.de\/vermieter-web\/mietminderung-auch-bei-abwesenheit-des-mieters\/","url":"https:\/\/www.buhl.de\/vermieter-web\/mietminderung-auch-bei-abwesenheit-des-mieters\/","name":"Mietminderung ist auch bei ungenutzter Wohnung m\u00f6glich","isPartOf":{"@id":"https:\/\/www.buhl.de\/vermieter-web\/#website"},"primaryImageOfPage":{"@id":"https:\/\/www.buhl.de\/vermieter-web\/mietminderung-auch-bei-abwesenheit-des-mieters\/#primaryimage"},"image":{"@id":"https:\/\/www.buhl.de\/vermieter-web\/mietminderung-auch-bei-abwesenheit-des-mieters\/#primaryimage"},"thumbnailUrl":"https:\/\/www.buhl.de\/vermieter-web\/wp-content\/uploads\/sites\/33\/2020\/03\/mietrecht.jpg","datePublished":"2020-11-06T12:37:33+00:00","dateModified":"2020-11-06T12:37:34+00:00","author":{"@id":"https:\/\/www.buhl.de\/vermieter-web\/#\/schema\/person\/82903e1cb04eb553382702d503991b4f"},"description":"Treten bei einer Mietwohnung M\u00e4ngel aus, kann der Mieter das Recht haben, die Miete zu k\u00fcrzen. Es spielt dabei keine Rolle, ob der Mieter die Wohnung nutzt oder nicht.","breadcrumb":{"@id":"https:\/\/www.buhl.de\/vermieter-web\/mietminderung-auch-bei-abwesenheit-des-mieters\/#breadcrumb"},"inLanguage":"de","potentialAction":[{"@type":"ReadAction","target":["https:\/\/www.buhl.de\/vermieter-web\/mietminderung-auch-bei-abwesenheit-des-mieters\/"]}]},{"@type":"ImageObject","inLanguage":"de","@id":"https:\/\/www.buhl.de\/vermieter-web\/mietminderung-auch-bei-abwesenheit-des-mieters\/#primaryimage","url":"https:\/\/www.buhl.de\/vermieter-web\/wp-content\/uploads\/sites\/33\/2020\/03\/mietrecht.jpg","contentUrl":"https:\/\/www.buhl.de\/vermieter-web\/wp-content\/uploads\/sites\/33\/2020\/03\/mietrecht.jpg","width":840,"height":420,"caption":"Mieterh\u00f6hung trotz falscher Voraussetzungen g\u00fcltig."},{"@type":"BreadcrumbList","@id":"https:\/\/www.buhl.de\/vermieter-web\/mietminderung-auch-bei-abwesenheit-des-mieters\/#breadcrumb","itemListElement":[{"@type":"ListItem","position":1,"name":"Startseite","item":"https:\/\/www.buhl.de\/vermieter-web\/"},{"@type":"ListItem","position":2,"name":"Mietminderung auch bei Abwesenheit des Mieters"}]},{"@type":"WebSite","@id":"https:\/\/www.buhl.de\/vermieter-web\/#website","url":"https:\/\/www.buhl.de\/vermieter-web\/","name":"Online-Nebenkostenabrechnung mit WISO Vermieter-Web","description":"","potentialAction":[{"@type":"SearchAction","target":{"@type":"EntryPoint","urlTemplate":"https:\/\/www.buhl.de\/vermieter-web\/?s={search_term_string}"},"query-input":{"@type":"PropertyValueSpecification","valueRequired":true,"valueName":"search_term_string"}}],"inLanguage":"de"},{"@type":"Person","@id":"https:\/\/www.buhl.de\/vermieter-web\/#\/schema\/person\/82903e1cb04eb553382702d503991b4f","name":"Hartmut Fischer"}]}},"_links":{"self":[{"href":"https:\/\/www.buhl.de\/vermieter-web\/wp-json\/wp\/v2\/posts\/13117","targetHints":{"allow":["GET"]}}],"collection":[{"href":"https:\/\/www.buhl.de\/vermieter-web\/wp-json\/wp\/v2\/posts"}],"about":[{"href":"https:\/\/www.buhl.de\/vermieter-web\/wp-json\/wp\/v2\/types\/post"}],"author":[{"embeddable":true,"href":"https:\/\/www.buhl.de\/vermieter-web\/wp-json\/wp\/v2\/users\/15"}],"replies":[{"embeddable":true,"href":"https:\/\/www.buhl.de\/vermieter-web\/wp-json\/wp\/v2\/comments?post=13117"}],"version-history":[{"count":1,"href":"https:\/\/www.buhl.de\/vermieter-web\/wp-json\/wp\/v2\/posts\/13117\/revisions"}],"predecessor-version":[{"id":13119,"href":"https:\/\/www.buhl.de\/vermieter-web\/wp-json\/wp\/v2\/posts\/13117\/revisions\/13119"}],"wp:featuredmedia":[{"embeddable":true,"href":"https:\/\/www.buhl.de\/vermieter-web\/wp-json\/wp\/v2\/media\/12528"}],"wp:attachment":[{"href":"https:\/\/www.buhl.de\/vermieter-web\/wp-json\/wp\/v2\/media?parent=13117"}],"wp:term":[{"taxonomy":"category","embeddable":true,"href":"https:\/\/www.buhl.de\/vermieter-web\/wp-json\/wp\/v2\/categories?post=13117"},{"taxonomy":"post_tag","embeddable":true,"href":"https:\/\/www.buhl.de\/vermieter-web\/wp-json\/wp\/v2\/tags?post=13117"}],"curies":[{"name":"wp","href":"https:\/\/api.w.org\/{rel}","templated":true}]}}