{"id":13127,"date":"2020-11-07T09:36:42","date_gmt":"2020-11-07T08:36:42","guid":{"rendered":"http:\/\/www.buhl.de\/vermieter-web\/?p=13127"},"modified":"2020-11-07T09:36:43","modified_gmt":"2020-11-07T08:36:43","slug":"sonderabschreibungen-fuer-neuen-wohnraum","status":"publish","type":"post","link":"https:\/\/www.buhl.de\/vermieter-web\/sonderabschreibungen-fuer-neuen-wohnraum\/","title":{"rendered":"Sonderabschreibungen f\u00fcr neuen Wohnraum"},"content":{"rendered":"\n<p><strong>Wohnraum ist \u2013 vor allem in den Ballungsgebieten \u2013 knapp. Darum schafft der Staat Anreize, um Investoren zu bewegen, diesen Wohnraum zu schaffen. Neben Zusch\u00fcssen und g\u00fcnstigen Darlehen k\u00f6nnen Immobilien-Investoren auch Sonderabschreibungsm\u00f6glichkeiten nutzen.<\/strong><\/p>\n\n\n\n<p>F\u00fcr neu geschaffenen Wohnraum k\u00f6nnen im Jahr der Herstellung oder Anschaffung und in den drei darauf folgenden Jahren jeweils 5 Prozent Sonderabschreibung neben der normalen Abschreibung nach den S\u00e4tzen des <a href=\"https:\/\/www.gesetze-im-internet.de\/estg\/__7.html\">\u00a7 7 EStG<\/a> geltend gemacht werden. Dabei ist zu beachten, dass die Abschreibung ausschlie\u00dflich auf die Immobilie, nicht aber auf Grund und Boden angewandt werden kann.<\/p>\n\n\n\n<p>Der Begriff \u201eneu\u201c stellt hier allerdings einen Stolperstein dar, der h\u00e4ufig die Nutzung der Sonderabschreibung ausschlie\u00dft. Von einer Neuanschaffung geht der Gesetzgeber n\u00e4mlich nur dann aus, wenn die zu vermietende Wohnung im Jahr der Fertigstellung angeschafft wird. Bei einer Immobilie, die im Dezember fertiggestellt wird und im Januar des folgenden Jahres gekauft wird, handelt es sich also nach Meinung des Gesetzgebers um keine Neuanschaffung. Wird die Immobilie jedoch im Januar fertiggestellt und erst im Dezember des gleichen Jahres gekauft, gilt die Anschaffung als Neuanschaffung.<\/p>\n\n\n\n<p>Als Anschaffungsdatum gilt in diesem Zusammenhang der Zeitpunkt, zu dem die Immobilie komplett auf den K\u00e4ufer \u00fcbergehen. Eigenbesitz, Gefahr, Nutzen und Lasten liegen dann beim Erwerber. Hier sollte man bei der Erstellung des Notarvertrages darauf achten, f\u00fcr wann dieser Termin vereinbart ist. Wird dabei die Jahresgrenze zwischen Fertigstellung und notariell vereinbartes \u00dcbergabedatum \u00fcberschritten, kann die Sonderabschreibung nicht mehr in Anspruch genommen werden.<\/p>\n\n\n\n<p>Im Normalfall geht ist das Anschaffungsdatum identisch mit dem Datum, zu dem die Zahlung des Kaufpreises vereinbart wurde. In diesen F\u00e4llen muss sowohl der Notartermin als auch der Zahlungstermin im gleichen Jahr liegen, in dem die Immobilie fertiggestellt wurde.<\/p>\n\n\n\n<p>Die Abschreibungen auf Immobilien beziehen sich nicht auf H\u00e4user, die dem Wohnungsmarkt nicht zur Verf\u00fcgung stehen, also nicht vermietet werden.<\/p>\n\n\n\n<p class=\"has-background\" style=\"background-color:#e7e2d2\"><strong><em>Das k\u00f6nnte Sie auch interessieren:<\/em><\/strong><br><a href=\"https:\/\/www.buhl.de\/vermieter-web\/neubau-um-hoehere-mieten-zu-erzielen\/\" data-type=\"post\" data-id=\"12648\">Neubau um h\u00f6here Mieten zu erzielen?<\/a><br><a href=\"https:\/\/www.buhl.de\/vermieter-web\/vorsicht-beim-vermieten-von-wohnraum-als-ferienwohnung\/\" data-type=\"post\" data-id=\"9783\">Vorsicht beim Vermieten von Wohnraum als Ferienwohnung<\/a><br><a href=\"https:\/\/www.buhl.de\/vermieter-web\/abrissgenehmigung-und-neubau-miete\/\" data-type=\"post\" data-id=\"9771\">Abrissgenehmigung und Neubau-Miete<\/a><\/p>\n","protected":false},"excerpt":{"rendered":"<p>Wohnraum ist \u2013 vor allem in den Ballungsgebieten \u2013 knapp. Darum schafft der Staat Anreize, um Investoren zu bewegen, diesen Wohnraum zu schaffen. Neben Zusch\u00fcssen und g\u00fcnstigen Darlehen k\u00f6nnen Immobilien-Investoren auch Sonderabschreibungsm\u00f6glichkeiten nutzen. F\u00fcr neu geschaffenen Wohnraum k\u00f6nnen im Jahr der Herstellung oder Anschaffung und in den drei darauf folgenden Jahren jeweils 5 Prozent Sonderabschreibung &hellip; <\/p>\n<p class=\"link-more\"><a href=\"https:\/\/www.buhl.de\/vermieter-web\/sonderabschreibungen-fuer-neuen-wohnraum\/\" class=\"more-link\"><span class=\"screen-reader-text\">\u201eSonderabschreibungen f\u00fcr neuen Wohnraum\u201c<\/span> weiterlesen<\/a><\/p>\n","protected":false},"author":15,"featured_media":12905,"comment_status":"closed","ping_status":"open","sticky":false,"template":"","format":"standard","meta":{"footnotes":""},"categories":[1],"tags":[5492,652,5493,604],"class_list":["post-13127","post","type-post","status-publish","format-standard","has-post-thumbnail","hentry","category-allgemein","tag-abschreibung","tag-immobilie","tag-sonderabschreibung","tag-wohnraum"],"yoast_head":"<!-- This site is optimized with the Yoast SEO Premium plugin v27.4 (Yoast SEO v27.5) - https:\/\/yoast.com\/product\/yoast-seo-premium-wordpress\/ -->\n<title>Sonderabschreibungen f\u00fcr neu geschaffenen Mietwohnraum<\/title>\n<meta name=\"description\" content=\"Wer neuen Wohnraum schafft, wird vom Staat mit der M\u00f6glichkeit einer Sonderabschreibung belohnt. Allerdings sind hier einige Regeln zu beachten, die wir erl\u00e4utern.\" \/>\n<meta name=\"robots\" content=\"noindex, nofollow\" \/>\n<meta property=\"og:locale\" content=\"de_DE\" \/>\n<meta property=\"og:type\" content=\"article\" \/>\n<meta property=\"og:title\" content=\"Sonderabschreibungen f\u00fcr neuen Wohnraum\" \/>\n<meta property=\"og:description\" content=\"Wer neuen Wohnraum schafft, wird vom Staat mit der M\u00f6glichkeit einer Sonderabschreibung belohnt. Allerdings sind hier einige Regeln zu beachten, die wir erl\u00e4utern.\" \/>\n<meta property=\"og:url\" content=\"https:\/\/www.buhl.de\/vermieter-web\/sonderabschreibungen-fuer-neuen-wohnraum\/\" \/>\n<meta property=\"og:site_name\" content=\"Online-Nebenkostenabrechnung mit WISO Vermieter-Web\" \/>\n<meta property=\"article:published_time\" content=\"2020-11-07T08:36:42+00:00\" \/>\n<meta property=\"article:modified_time\" content=\"2020-11-07T08:36:43+00:00\" \/>\n<meta property=\"og:image\" content=\"https:\/\/www.buhl.de\/vermieter-web\/wp-content\/uploads\/sites\/33\/2020\/08\/523639612.png\" \/>\n\t<meta property=\"og:image:width\" content=\"840\" \/>\n\t<meta property=\"og:image:height\" content=\"420\" \/>\n\t<meta property=\"og:image:type\" content=\"image\/png\" \/>\n<meta name=\"author\" content=\"Hartmut Fischer\" \/>\n<meta name=\"twitter:card\" content=\"summary_large_image\" \/>\n<meta name=\"twitter:label1\" content=\"Verfasst von\" \/>\n\t<meta name=\"twitter:data1\" content=\"Hartmut Fischer\" \/>\n\t<meta name=\"twitter:label2\" content=\"Gesch\u00e4tzte Lesezeit\" \/>\n\t<meta name=\"twitter:data2\" content=\"2\u00a0Minuten\" \/>\n<script type=\"application\/ld+json\" class=\"yoast-schema-graph\">{\"@context\":\"https:\\\/\\\/schema.org\",\"@graph\":[{\"@type\":\"Article\",\"@id\":\"https:\\\/\\\/www.buhl.de\\\/vermieter-web\\\/sonderabschreibungen-fuer-neuen-wohnraum\\\/#article\",\"isPartOf\":{\"@id\":\"https:\\\/\\\/www.buhl.de\\\/vermieter-web\\\/sonderabschreibungen-fuer-neuen-wohnraum\\\/\"},\"author\":{\"name\":\"Hartmut Fischer\",\"@id\":\"https:\\\/\\\/www.buhl.de\\\/vermieter-web\\\/#\\\/schema\\\/person\\\/82903e1cb04eb553382702d503991b4f\"},\"headline\":\"Sonderabschreibungen f\u00fcr neuen Wohnraum\",\"datePublished\":\"2020-11-07T08:36:42+00:00\",\"dateModified\":\"2020-11-07T08:36:43+00:00\",\"mainEntityOfPage\":{\"@id\":\"https:\\\/\\\/www.buhl.de\\\/vermieter-web\\\/sonderabschreibungen-fuer-neuen-wohnraum\\\/\"},\"wordCount\":333,\"image\":{\"@id\":\"https:\\\/\\\/www.buhl.de\\\/vermieter-web\\\/sonderabschreibungen-fuer-neuen-wohnraum\\\/#primaryimage\"},\"thumbnailUrl\":\"https:\\\/\\\/www.buhl.de\\\/vermieter-web\\\/wp-content\\\/uploads\\\/sites\\\/33\\\/2020\\\/08\\\/523639612.png\",\"keywords\":[\"Abschreibung\",\"Immobilie\",\"Sonderabschreibung\",\"Wohnraum\"],\"inLanguage\":\"de\"},{\"@type\":\"WebPage\",\"@id\":\"https:\\\/\\\/www.buhl.de\\\/vermieter-web\\\/sonderabschreibungen-fuer-neuen-wohnraum\\\/\",\"url\":\"https:\\\/\\\/www.buhl.de\\\/vermieter-web\\\/sonderabschreibungen-fuer-neuen-wohnraum\\\/\",\"name\":\"Sonderabschreibungen f\u00fcr neu geschaffenen Mietwohnraum\",\"isPartOf\":{\"@id\":\"https:\\\/\\\/www.buhl.de\\\/vermieter-web\\\/#website\"},\"primaryImageOfPage\":{\"@id\":\"https:\\\/\\\/www.buhl.de\\\/vermieter-web\\\/sonderabschreibungen-fuer-neuen-wohnraum\\\/#primaryimage\"},\"image\":{\"@id\":\"https:\\\/\\\/www.buhl.de\\\/vermieter-web\\\/sonderabschreibungen-fuer-neuen-wohnraum\\\/#primaryimage\"},\"thumbnailUrl\":\"https:\\\/\\\/www.buhl.de\\\/vermieter-web\\\/wp-content\\\/uploads\\\/sites\\\/33\\\/2020\\\/08\\\/523639612.png\",\"datePublished\":\"2020-11-07T08:36:42+00:00\",\"dateModified\":\"2020-11-07T08:36:43+00:00\",\"author\":{\"@id\":\"https:\\\/\\\/www.buhl.de\\\/vermieter-web\\\/#\\\/schema\\\/person\\\/82903e1cb04eb553382702d503991b4f\"},\"description\":\"Wer neuen Wohnraum schafft, wird vom Staat mit der M\u00f6glichkeit einer Sonderabschreibung belohnt. Allerdings sind hier einige Regeln zu beachten, die wir erl\u00e4utern.\",\"breadcrumb\":{\"@id\":\"https:\\\/\\\/www.buhl.de\\\/vermieter-web\\\/sonderabschreibungen-fuer-neuen-wohnraum\\\/#breadcrumb\"},\"inLanguage\":\"de\",\"potentialAction\":[{\"@type\":\"ReadAction\",\"target\":[\"https:\\\/\\\/www.buhl.de\\\/vermieter-web\\\/sonderabschreibungen-fuer-neuen-wohnraum\\\/\"]}]},{\"@type\":\"ImageObject\",\"inLanguage\":\"de\",\"@id\":\"https:\\\/\\\/www.buhl.de\\\/vermieter-web\\\/sonderabschreibungen-fuer-neuen-wohnraum\\\/#primaryimage\",\"url\":\"https:\\\/\\\/www.buhl.de\\\/vermieter-web\\\/wp-content\\\/uploads\\\/sites\\\/33\\\/2020\\\/08\\\/523639612.png\",\"contentUrl\":\"https:\\\/\\\/www.buhl.de\\\/vermieter-web\\\/wp-content\\\/uploads\\\/sites\\\/33\\\/2020\\\/08\\\/523639612.png\",\"width\":840,\"height\":420},{\"@type\":\"BreadcrumbList\",\"@id\":\"https:\\\/\\\/www.buhl.de\\\/vermieter-web\\\/sonderabschreibungen-fuer-neuen-wohnraum\\\/#breadcrumb\",\"itemListElement\":[{\"@type\":\"ListItem\",\"position\":1,\"name\":\"Startseite\",\"item\":\"https:\\\/\\\/www.buhl.de\\\/vermieter-web\\\/\"},{\"@type\":\"ListItem\",\"position\":2,\"name\":\"Sonderabschreibungen f\u00fcr neuen Wohnraum\"}]},{\"@type\":\"WebSite\",\"@id\":\"https:\\\/\\\/www.buhl.de\\\/vermieter-web\\\/#website\",\"url\":\"https:\\\/\\\/www.buhl.de\\\/vermieter-web\\\/\",\"name\":\"Online-Nebenkostenabrechnung mit WISO Vermieter-Web\",\"description\":\"\",\"potentialAction\":[{\"@type\":\"SearchAction\",\"target\":{\"@type\":\"EntryPoint\",\"urlTemplate\":\"https:\\\/\\\/www.buhl.de\\\/vermieter-web\\\/?s={search_term_string}\"},\"query-input\":{\"@type\":\"PropertyValueSpecification\",\"valueRequired\":true,\"valueName\":\"search_term_string\"}}],\"inLanguage\":\"de\"},{\"@type\":\"Person\",\"@id\":\"https:\\\/\\\/www.buhl.de\\\/vermieter-web\\\/#\\\/schema\\\/person\\\/82903e1cb04eb553382702d503991b4f\",\"name\":\"Hartmut Fischer\"}]}<\/script>\n<!-- \/ Yoast SEO Premium plugin. -->","yoast_head_json":{"title":"Sonderabschreibungen f\u00fcr neu geschaffenen Mietwohnraum","description":"Wer neuen Wohnraum schafft, wird vom Staat mit der M\u00f6glichkeit einer Sonderabschreibung belohnt. Allerdings sind hier einige Regeln zu beachten, die wir erl\u00e4utern.","robots":{"index":"noindex","follow":"nofollow"},"og_locale":"de_DE","og_type":"article","og_title":"Sonderabschreibungen f\u00fcr neuen Wohnraum","og_description":"Wer neuen Wohnraum schafft, wird vom Staat mit der M\u00f6glichkeit einer Sonderabschreibung belohnt. Allerdings sind hier einige Regeln zu beachten, die wir erl\u00e4utern.","og_url":"https:\/\/www.buhl.de\/vermieter-web\/sonderabschreibungen-fuer-neuen-wohnraum\/","og_site_name":"Online-Nebenkostenabrechnung mit WISO Vermieter-Web","article_published_time":"2020-11-07T08:36:42+00:00","article_modified_time":"2020-11-07T08:36:43+00:00","og_image":[{"width":840,"height":420,"url":"https:\/\/www.buhl.de\/vermieter-web\/wp-content\/uploads\/sites\/33\/2020\/08\/523639612.png","type":"image\/png"}],"author":"Hartmut Fischer","twitter_card":"summary_large_image","twitter_misc":{"Verfasst von":"Hartmut Fischer","Gesch\u00e4tzte Lesezeit":"2\u00a0Minuten"},"schema":{"@context":"https:\/\/schema.org","@graph":[{"@type":"Article","@id":"https:\/\/www.buhl.de\/vermieter-web\/sonderabschreibungen-fuer-neuen-wohnraum\/#article","isPartOf":{"@id":"https:\/\/www.buhl.de\/vermieter-web\/sonderabschreibungen-fuer-neuen-wohnraum\/"},"author":{"name":"Hartmut Fischer","@id":"https:\/\/www.buhl.de\/vermieter-web\/#\/schema\/person\/82903e1cb04eb553382702d503991b4f"},"headline":"Sonderabschreibungen f\u00fcr neuen Wohnraum","datePublished":"2020-11-07T08:36:42+00:00","dateModified":"2020-11-07T08:36:43+00:00","mainEntityOfPage":{"@id":"https:\/\/www.buhl.de\/vermieter-web\/sonderabschreibungen-fuer-neuen-wohnraum\/"},"wordCount":333,"image":{"@id":"https:\/\/www.buhl.de\/vermieter-web\/sonderabschreibungen-fuer-neuen-wohnraum\/#primaryimage"},"thumbnailUrl":"https:\/\/www.buhl.de\/vermieter-web\/wp-content\/uploads\/sites\/33\/2020\/08\/523639612.png","keywords":["Abschreibung","Immobilie","Sonderabschreibung","Wohnraum"],"inLanguage":"de"},{"@type":"WebPage","@id":"https:\/\/www.buhl.de\/vermieter-web\/sonderabschreibungen-fuer-neuen-wohnraum\/","url":"https:\/\/www.buhl.de\/vermieter-web\/sonderabschreibungen-fuer-neuen-wohnraum\/","name":"Sonderabschreibungen f\u00fcr neu geschaffenen Mietwohnraum","isPartOf":{"@id":"https:\/\/www.buhl.de\/vermieter-web\/#website"},"primaryImageOfPage":{"@id":"https:\/\/www.buhl.de\/vermieter-web\/sonderabschreibungen-fuer-neuen-wohnraum\/#primaryimage"},"image":{"@id":"https:\/\/www.buhl.de\/vermieter-web\/sonderabschreibungen-fuer-neuen-wohnraum\/#primaryimage"},"thumbnailUrl":"https:\/\/www.buhl.de\/vermieter-web\/wp-content\/uploads\/sites\/33\/2020\/08\/523639612.png","datePublished":"2020-11-07T08:36:42+00:00","dateModified":"2020-11-07T08:36:43+00:00","author":{"@id":"https:\/\/www.buhl.de\/vermieter-web\/#\/schema\/person\/82903e1cb04eb553382702d503991b4f"},"description":"Wer neuen Wohnraum schafft, wird vom Staat mit der M\u00f6glichkeit einer Sonderabschreibung belohnt. Allerdings sind hier einige Regeln zu beachten, die wir erl\u00e4utern.","breadcrumb":{"@id":"https:\/\/www.buhl.de\/vermieter-web\/sonderabschreibungen-fuer-neuen-wohnraum\/#breadcrumb"},"inLanguage":"de","potentialAction":[{"@type":"ReadAction","target":["https:\/\/www.buhl.de\/vermieter-web\/sonderabschreibungen-fuer-neuen-wohnraum\/"]}]},{"@type":"ImageObject","inLanguage":"de","@id":"https:\/\/www.buhl.de\/vermieter-web\/sonderabschreibungen-fuer-neuen-wohnraum\/#primaryimage","url":"https:\/\/www.buhl.de\/vermieter-web\/wp-content\/uploads\/sites\/33\/2020\/08\/523639612.png","contentUrl":"https:\/\/www.buhl.de\/vermieter-web\/wp-content\/uploads\/sites\/33\/2020\/08\/523639612.png","width":840,"height":420},{"@type":"BreadcrumbList","@id":"https:\/\/www.buhl.de\/vermieter-web\/sonderabschreibungen-fuer-neuen-wohnraum\/#breadcrumb","itemListElement":[{"@type":"ListItem","position":1,"name":"Startseite","item":"https:\/\/www.buhl.de\/vermieter-web\/"},{"@type":"ListItem","position":2,"name":"Sonderabschreibungen f\u00fcr neuen Wohnraum"}]},{"@type":"WebSite","@id":"https:\/\/www.buhl.de\/vermieter-web\/#website","url":"https:\/\/www.buhl.de\/vermieter-web\/","name":"Online-Nebenkostenabrechnung mit WISO Vermieter-Web","description":"","potentialAction":[{"@type":"SearchAction","target":{"@type":"EntryPoint","urlTemplate":"https:\/\/www.buhl.de\/vermieter-web\/?s={search_term_string}"},"query-input":{"@type":"PropertyValueSpecification","valueRequired":true,"valueName":"search_term_string"}}],"inLanguage":"de"},{"@type":"Person","@id":"https:\/\/www.buhl.de\/vermieter-web\/#\/schema\/person\/82903e1cb04eb553382702d503991b4f","name":"Hartmut Fischer"}]}},"_links":{"self":[{"href":"https:\/\/www.buhl.de\/vermieter-web\/wp-json\/wp\/v2\/posts\/13127","targetHints":{"allow":["GET"]}}],"collection":[{"href":"https:\/\/www.buhl.de\/vermieter-web\/wp-json\/wp\/v2\/posts"}],"about":[{"href":"https:\/\/www.buhl.de\/vermieter-web\/wp-json\/wp\/v2\/types\/post"}],"author":[{"embeddable":true,"href":"https:\/\/www.buhl.de\/vermieter-web\/wp-json\/wp\/v2\/users\/15"}],"replies":[{"embeddable":true,"href":"https:\/\/www.buhl.de\/vermieter-web\/wp-json\/wp\/v2\/comments?post=13127"}],"version-history":[{"count":2,"href":"https:\/\/www.buhl.de\/vermieter-web\/wp-json\/wp\/v2\/posts\/13127\/revisions"}],"predecessor-version":[{"id":13130,"href":"https:\/\/www.buhl.de\/vermieter-web\/wp-json\/wp\/v2\/posts\/13127\/revisions\/13130"}],"wp:featuredmedia":[{"embeddable":true,"href":"https:\/\/www.buhl.de\/vermieter-web\/wp-json\/wp\/v2\/media\/12905"}],"wp:attachment":[{"href":"https:\/\/www.buhl.de\/vermieter-web\/wp-json\/wp\/v2\/media?parent=13127"}],"wp:term":[{"taxonomy":"category","embeddable":true,"href":"https:\/\/www.buhl.de\/vermieter-web\/wp-json\/wp\/v2\/categories?post=13127"},{"taxonomy":"post_tag","embeddable":true,"href":"https:\/\/www.buhl.de\/vermieter-web\/wp-json\/wp\/v2\/tags?post=13127"}],"curies":[{"name":"wp","href":"https:\/\/api.w.org\/{rel}","templated":true}]}}