{"id":13169,"date":"2020-11-25T16:13:42","date_gmt":"2020-11-25T15:13:42","guid":{"rendered":"http:\/\/www.buhl.de\/vermieter-web\/?p=13169"},"modified":"2020-11-25T16:13:43","modified_gmt":"2020-11-25T15:13:43","slug":"corona-der-schornsteinfeger-waehrend-der-pandemie","status":"publish","type":"post","link":"https:\/\/www.buhl.de\/vermieter-web\/corona-der-schornsteinfeger-waehrend-der-pandemie\/","title":{"rendered":"Corona: Der Schornsteinfeger w\u00e4hrend der Pandemie"},"content":{"rendered":"\n<p><strong>Das Verwaltungsgericht Hannover musste sich am 09.11.2020 mit der Frage befassen, ob w\u00e4hrend der COVID-19-Pandemie die Arbeit eines Schornsteinfegers auch bei sogenannten Risikogruppen durchgef\u00fchrt werden m\u00fcssen. Das Gericht entschied, dass das Infektionsrisiko f\u00fcr einen Schornsteinfeger zumutbar sei. Deshalb k\u00e4me eine Terminverschiebung nicht infrage (Urteil vom 09.11.2020 \u2013 Aktenzeichen 13 A 4340\/20).<\/strong><\/p>\n\n\n\n<p>Das Verfahren ging von einem Grundst\u00fcckseigent\u00fcmer aus. In seinem Haus mussten laut einem Feuerst\u00e4ttenbescheid von 2016 j\u00e4hrlich bis zum 31. Mai die Schornsteinfegerarbeiten durchgef\u00fchrt werden. Am 30.06.2020 bat der Hauseigent\u00fcmer den Bezirksschonsteifeger per E-Mail um Verschiebung des Pr\u00fcftermins. Er begr\u00fcndete dies damit, dass er zu eine Pandemie-gef\u00e4hrdeten Risikogruppe geh\u00f6re. Er bezeichnete sich und seine Mitbewohnter dabei sogar als \u201eHochrisikogruppe\u201c. Doch der Bezirksschornsteinfeger lehnte eine Terminverschiebung ab.<\/p>\n\n\n\n<p>Der Bezirksschornsteinfeger teilte dem Grundst\u00fcckseigent\u00fcmer jedoch per Mail mit, dass der Termin nicht verschoben werden k\u00f6nne. In der Mail wies er auch auf entsprechende Schutzma\u00dfnahmen hin, die bei den Schornsteinfegerarbeiten eingehalten w\u00fcrden. Daraufhin teilte der Hauseigent\u00fcmer nochmals mit, dass er eine \u00dcberpr\u00fcfung f\u00fcr zu riskant halte. Man geh\u00f6re zur Risikogruppe und es gebe keinen separaten Zugang zur Heizanlage.<\/p>\n\n\n\n<p>Die Region Hannover forderte den Grundst\u00fcckseigent\u00fcmer daraufhin auf, die Arbeiten durchf\u00fchren zu lassen und drohte mit einem kostenpflichtigen Zweitbescheid. Doch auch hier teilte der Hauseigent\u00fcmer per Mail mit, dass er in dem Schornsteinfeger eine vermeidbare potentielle Gef\u00e4hrdung sehe. Die Region Hannover wollte jedoch keine Ausnahme machen, verl\u00e4ngerte aber die Frist zur Erledigung der Schornsteinfegerarbeiten.<\/p>\n\n\n\n<p>Da der Grundst\u00fcckseigent\u00fcmer auch diese Frist verstreichen lie\u00df, wurde ein Zweitbescheid erlassen, in dem der Hauseigent\u00fcmer aufgefordert wurde, die Abgaswege-Abgasleitungs\u00fcberpr\u00fcfung zu veranlassen. F\u00fcr diesen Bescheid wurden Geb\u00fchren in H\u00f6he von 137,68 angesetzt.<\/p>\n\n\n\n<p>Hiergegen klagte der Grundst\u00fcckeigent\u00fcmer. In dem Zweitbescheid w\u00fcrde unterstellt, dass man eine dauerhafte Aufschiebung erzwingen wolle. Die im Bescheid augenscheinlich angenommene Verweigerungshaltung sie konstruiert.<\/p>\n\n\n\n<p><strong>Schornsteinfegerarbeiten auch in Zeiten der Pandemie<\/strong><\/p>\n\n\n\n<p>Der Grundst\u00fcckseigent\u00fcmer konnte sich vor dem Verwaltungsgericht jedoch nicht durchsetzen. Die Region habe sich korrekt verhalten und den Kl\u00e4ger fr\u00fch genug auf die Folgen einer Missachtung der vorgegebenen Termine hingewiesen. Die Durchf\u00fchrung der Schornsteinfegerarbeiten sei auch in Zeiten der Pandemie zumutbar. Auf der anderen Seite dienten die Arbeiten dem Erhalt der Betriebs- und Brandsicherheit. Sie seien deshalb unverzichtbar. Die Schutzma\u00dfnahmen der Schornsteinfeger seien ausreichend und der Kl\u00e4ger m\u00fcsse bei den Arbeiten nicht anwesend sein.<\/p>\n\n\n\n<p>Die Entscheidung kann jedoch noch vor dem Oberverwaltungsgericht L\u00fcneburg angegriffen werden und ist deshalb noch nicht rechtskr\u00e4ftig.<\/p>\n\n\n\n<p class=\"has-background\" style=\"background-color:#e7e2d2\"><strong><em>Das k\u00f6nnte Sie auch interessieren:<\/em><\/strong><br><a href=\"https:\/\/www.buhl.de\/vermieter-web\/aus-fuer-kaminoefen\/\" data-type=\"post\" data-id=\"12928\">Aus f\u00fcr Kamin\u00f6fen?<\/a><br><a href=\"https:\/\/www.buhl.de\/vermieter-web\/weniger-oder-keine-miete-wegen-corona\/\" data-type=\"post\" data-id=\"12959\">Weniger oder keine Miete wegen Corona?<\/a><br><a href=\"https:\/\/www.buhl.de\/vermieter-web\/corona-folgen-keine-kuendigung-des-dispokredits\/\" data-type=\"post\" data-id=\"12595\">Corona-Folgen: Keine K\u00fcndigung des Dispokredits<\/a><\/p>\n","protected":false},"excerpt":{"rendered":"<p>Das Verwaltungsgericht Hannover musste sich am 09.11.2020 mit der Frage befassen, ob w\u00e4hrend der COVID-19-Pandemie die Arbeit eines Schornsteinfegers auch bei sogenannten Risikogruppen durchgef\u00fchrt werden m\u00fcssen. Das Gericht entschied, dass das Infektionsrisiko f\u00fcr einen Schornsteinfeger zumutbar sei. Deshalb k\u00e4me eine Terminverschiebung nicht infrage (Urteil vom 09.11.2020 \u2013 Aktenzeichen 13 A 4340\/20). Das Verfahren ging von &hellip; <\/p>\n<p class=\"link-more\"><a href=\"https:\/\/www.buhl.de\/vermieter-web\/corona-der-schornsteinfeger-waehrend-der-pandemie\/\" class=\"more-link\"><span class=\"screen-reader-text\">\u201eCorona: Der Schornsteinfeger w\u00e4hrend der Pandemie\u201c<\/span> weiterlesen<\/a><\/p>\n","protected":false},"author":15,"featured_media":13174,"comment_status":"closed","ping_status":"open","sticky":false,"template":"","format":"standard","meta":{"footnotes":""},"categories":[1],"tags":[4115,4166,5503,5504],"class_list":["post-13169","post","type-post","status-publish","format-standard","has-post-thumbnail","hentry","category-allgemein","tag-corona","tag-covid-19","tag-schornstein","tag-schornsteinfeger"],"yoast_head":"<!-- This site is optimized with the Yoast SEO Premium plugin v27.4 (Yoast SEO v27.5) - https:\/\/yoast.com\/product\/yoast-seo-premium-wordpress\/ -->\n<title>Pr\u00fcftermin des Schornsteinfegers wird wegen Corona nicht verschoben<\/title>\n<meta name=\"description\" content=\"Arbeiten eines Schornsteinfegers m\u00fcssen auch bei sogenannten Covid-19-Risikogruppen durchgef\u00fchrt werden. Das Infektionsrisiko f\u00fcr einen Schornsteinfeger bewegt sich in einem zumutbaren Rahmen.\" \/>\n<meta name=\"robots\" content=\"noindex, nofollow\" \/>\n<meta property=\"og:locale\" content=\"de_DE\" \/>\n<meta property=\"og:type\" content=\"article\" \/>\n<meta property=\"og:title\" content=\"Corona: Der Schornsteinfeger w\u00e4hrend der Pandemie\" \/>\n<meta property=\"og:description\" content=\"Arbeiten eines Schornsteinfegers m\u00fcssen auch bei sogenannten Covid-19-Risikogruppen durchgef\u00fchrt werden. Das Infektionsrisiko f\u00fcr einen Schornsteinfeger bewegt sich in einem zumutbaren Rahmen.\" \/>\n<meta property=\"og:url\" content=\"https:\/\/www.buhl.de\/vermieter-web\/corona-der-schornsteinfeger-waehrend-der-pandemie\/\" \/>\n<meta property=\"og:site_name\" content=\"Online-Nebenkostenabrechnung mit WISO Vermieter-Web\" \/>\n<meta property=\"article:published_time\" content=\"2020-11-25T15:13:42+00:00\" \/>\n<meta property=\"article:modified_time\" content=\"2020-11-25T15:13:43+00:00\" \/>\n<meta property=\"og:image\" content=\"https:\/\/www.buhl.de\/vermieter-web\/wp-content\/uploads\/sites\/33\/2020\/11\/shutterstock_1432344968.jpg\" \/>\n\t<meta property=\"og:image:width\" content=\"840\" \/>\n\t<meta property=\"og:image:height\" content=\"420\" \/>\n\t<meta property=\"og:image:type\" content=\"image\/jpeg\" \/>\n<meta name=\"author\" content=\"Hartmut Fischer\" \/>\n<meta name=\"twitter:card\" content=\"summary_large_image\" \/>\n<meta name=\"twitter:label1\" content=\"Verfasst von\" \/>\n\t<meta name=\"twitter:data1\" content=\"Hartmut Fischer\" \/>\n\t<meta name=\"twitter:label2\" content=\"Gesch\u00e4tzte Lesezeit\" \/>\n\t<meta name=\"twitter:data2\" content=\"2\u00a0Minuten\" \/>\n<script type=\"application\/ld+json\" class=\"yoast-schema-graph\">{\"@context\":\"https:\\\/\\\/schema.org\",\"@graph\":[{\"@type\":\"Article\",\"@id\":\"https:\\\/\\\/www.buhl.de\\\/vermieter-web\\\/corona-der-schornsteinfeger-waehrend-der-pandemie\\\/#article\",\"isPartOf\":{\"@id\":\"https:\\\/\\\/www.buhl.de\\\/vermieter-web\\\/corona-der-schornsteinfeger-waehrend-der-pandemie\\\/\"},\"author\":{\"name\":\"Hartmut Fischer\",\"@id\":\"https:\\\/\\\/www.buhl.de\\\/vermieter-web\\\/#\\\/schema\\\/person\\\/82903e1cb04eb553382702d503991b4f\"},\"headline\":\"Corona: Der Schornsteinfeger w\u00e4hrend der Pandemie\",\"datePublished\":\"2020-11-25T15:13:42+00:00\",\"dateModified\":\"2020-11-25T15:13:43+00:00\",\"mainEntityOfPage\":{\"@id\":\"https:\\\/\\\/www.buhl.de\\\/vermieter-web\\\/corona-der-schornsteinfeger-waehrend-der-pandemie\\\/\"},\"wordCount\":455,\"image\":{\"@id\":\"https:\\\/\\\/www.buhl.de\\\/vermieter-web\\\/corona-der-schornsteinfeger-waehrend-der-pandemie\\\/#primaryimage\"},\"thumbnailUrl\":\"https:\\\/\\\/www.buhl.de\\\/vermieter-web\\\/wp-content\\\/uploads\\\/sites\\\/33\\\/2020\\\/11\\\/shutterstock_1432344968.jpg\",\"keywords\":[\"Corona\",\"COVID-19\",\"Schornstein\",\"Schornsteinfeger\"],\"inLanguage\":\"de\"},{\"@type\":\"WebPage\",\"@id\":\"https:\\\/\\\/www.buhl.de\\\/vermieter-web\\\/corona-der-schornsteinfeger-waehrend-der-pandemie\\\/\",\"url\":\"https:\\\/\\\/www.buhl.de\\\/vermieter-web\\\/corona-der-schornsteinfeger-waehrend-der-pandemie\\\/\",\"name\":\"Pr\u00fcftermin des Schornsteinfegers wird wegen Corona nicht verschoben\",\"isPartOf\":{\"@id\":\"https:\\\/\\\/www.buhl.de\\\/vermieter-web\\\/#website\"},\"primaryImageOfPage\":{\"@id\":\"https:\\\/\\\/www.buhl.de\\\/vermieter-web\\\/corona-der-schornsteinfeger-waehrend-der-pandemie\\\/#primaryimage\"},\"image\":{\"@id\":\"https:\\\/\\\/www.buhl.de\\\/vermieter-web\\\/corona-der-schornsteinfeger-waehrend-der-pandemie\\\/#primaryimage\"},\"thumbnailUrl\":\"https:\\\/\\\/www.buhl.de\\\/vermieter-web\\\/wp-content\\\/uploads\\\/sites\\\/33\\\/2020\\\/11\\\/shutterstock_1432344968.jpg\",\"datePublished\":\"2020-11-25T15:13:42+00:00\",\"dateModified\":\"2020-11-25T15:13:43+00:00\",\"author\":{\"@id\":\"https:\\\/\\\/www.buhl.de\\\/vermieter-web\\\/#\\\/schema\\\/person\\\/82903e1cb04eb553382702d503991b4f\"},\"description\":\"Arbeiten eines Schornsteinfegers m\u00fcssen auch bei sogenannten Covid-19-Risikogruppen durchgef\u00fchrt werden. Das Infektionsrisiko f\u00fcr einen Schornsteinfeger bewegt sich in einem zumutbaren Rahmen.\",\"breadcrumb\":{\"@id\":\"https:\\\/\\\/www.buhl.de\\\/vermieter-web\\\/corona-der-schornsteinfeger-waehrend-der-pandemie\\\/#breadcrumb\"},\"inLanguage\":\"de\",\"potentialAction\":[{\"@type\":\"ReadAction\",\"target\":[\"https:\\\/\\\/www.buhl.de\\\/vermieter-web\\\/corona-der-schornsteinfeger-waehrend-der-pandemie\\\/\"]}]},{\"@type\":\"ImageObject\",\"inLanguage\":\"de\",\"@id\":\"https:\\\/\\\/www.buhl.de\\\/vermieter-web\\\/corona-der-schornsteinfeger-waehrend-der-pandemie\\\/#primaryimage\",\"url\":\"https:\\\/\\\/www.buhl.de\\\/vermieter-web\\\/wp-content\\\/uploads\\\/sites\\\/33\\\/2020\\\/11\\\/shutterstock_1432344968.jpg\",\"contentUrl\":\"https:\\\/\\\/www.buhl.de\\\/vermieter-web\\\/wp-content\\\/uploads\\\/sites\\\/33\\\/2020\\\/11\\\/shutterstock_1432344968.jpg\",\"width\":840,\"height\":420},{\"@type\":\"BreadcrumbList\",\"@id\":\"https:\\\/\\\/www.buhl.de\\\/vermieter-web\\\/corona-der-schornsteinfeger-waehrend-der-pandemie\\\/#breadcrumb\",\"itemListElement\":[{\"@type\":\"ListItem\",\"position\":1,\"name\":\"Startseite\",\"item\":\"https:\\\/\\\/www.buhl.de\\\/vermieter-web\\\/\"},{\"@type\":\"ListItem\",\"position\":2,\"name\":\"Corona: Der Schornsteinfeger w\u00e4hrend der Pandemie\"}]},{\"@type\":\"WebSite\",\"@id\":\"https:\\\/\\\/www.buhl.de\\\/vermieter-web\\\/#website\",\"url\":\"https:\\\/\\\/www.buhl.de\\\/vermieter-web\\\/\",\"name\":\"Online-Nebenkostenabrechnung mit WISO Vermieter-Web\",\"description\":\"\",\"potentialAction\":[{\"@type\":\"SearchAction\",\"target\":{\"@type\":\"EntryPoint\",\"urlTemplate\":\"https:\\\/\\\/www.buhl.de\\\/vermieter-web\\\/?s={search_term_string}\"},\"query-input\":{\"@type\":\"PropertyValueSpecification\",\"valueRequired\":true,\"valueName\":\"search_term_string\"}}],\"inLanguage\":\"de\"},{\"@type\":\"Person\",\"@id\":\"https:\\\/\\\/www.buhl.de\\\/vermieter-web\\\/#\\\/schema\\\/person\\\/82903e1cb04eb553382702d503991b4f\",\"name\":\"Hartmut Fischer\"}]}<\/script>\n<!-- \/ Yoast SEO Premium plugin. -->","yoast_head_json":{"title":"Pr\u00fcftermin des Schornsteinfegers wird wegen Corona nicht verschoben","description":"Arbeiten eines Schornsteinfegers m\u00fcssen auch bei sogenannten Covid-19-Risikogruppen durchgef\u00fchrt werden. Das Infektionsrisiko f\u00fcr einen Schornsteinfeger bewegt sich in einem zumutbaren Rahmen.","robots":{"index":"noindex","follow":"nofollow"},"og_locale":"de_DE","og_type":"article","og_title":"Corona: Der Schornsteinfeger w\u00e4hrend der Pandemie","og_description":"Arbeiten eines Schornsteinfegers m\u00fcssen auch bei sogenannten Covid-19-Risikogruppen durchgef\u00fchrt werden. Das Infektionsrisiko f\u00fcr einen Schornsteinfeger bewegt sich in einem zumutbaren Rahmen.","og_url":"https:\/\/www.buhl.de\/vermieter-web\/corona-der-schornsteinfeger-waehrend-der-pandemie\/","og_site_name":"Online-Nebenkostenabrechnung mit WISO Vermieter-Web","article_published_time":"2020-11-25T15:13:42+00:00","article_modified_time":"2020-11-25T15:13:43+00:00","og_image":[{"width":840,"height":420,"url":"https:\/\/www.buhl.de\/vermieter-web\/wp-content\/uploads\/sites\/33\/2020\/11\/shutterstock_1432344968.jpg","type":"image\/jpeg"}],"author":"Hartmut Fischer","twitter_card":"summary_large_image","twitter_misc":{"Verfasst von":"Hartmut Fischer","Gesch\u00e4tzte Lesezeit":"2\u00a0Minuten"},"schema":{"@context":"https:\/\/schema.org","@graph":[{"@type":"Article","@id":"https:\/\/www.buhl.de\/vermieter-web\/corona-der-schornsteinfeger-waehrend-der-pandemie\/#article","isPartOf":{"@id":"https:\/\/www.buhl.de\/vermieter-web\/corona-der-schornsteinfeger-waehrend-der-pandemie\/"},"author":{"name":"Hartmut Fischer","@id":"https:\/\/www.buhl.de\/vermieter-web\/#\/schema\/person\/82903e1cb04eb553382702d503991b4f"},"headline":"Corona: Der Schornsteinfeger w\u00e4hrend der Pandemie","datePublished":"2020-11-25T15:13:42+00:00","dateModified":"2020-11-25T15:13:43+00:00","mainEntityOfPage":{"@id":"https:\/\/www.buhl.de\/vermieter-web\/corona-der-schornsteinfeger-waehrend-der-pandemie\/"},"wordCount":455,"image":{"@id":"https:\/\/www.buhl.de\/vermieter-web\/corona-der-schornsteinfeger-waehrend-der-pandemie\/#primaryimage"},"thumbnailUrl":"https:\/\/www.buhl.de\/vermieter-web\/wp-content\/uploads\/sites\/33\/2020\/11\/shutterstock_1432344968.jpg","keywords":["Corona","COVID-19","Schornstein","Schornsteinfeger"],"inLanguage":"de"},{"@type":"WebPage","@id":"https:\/\/www.buhl.de\/vermieter-web\/corona-der-schornsteinfeger-waehrend-der-pandemie\/","url":"https:\/\/www.buhl.de\/vermieter-web\/corona-der-schornsteinfeger-waehrend-der-pandemie\/","name":"Pr\u00fcftermin des Schornsteinfegers wird wegen Corona nicht verschoben","isPartOf":{"@id":"https:\/\/www.buhl.de\/vermieter-web\/#website"},"primaryImageOfPage":{"@id":"https:\/\/www.buhl.de\/vermieter-web\/corona-der-schornsteinfeger-waehrend-der-pandemie\/#primaryimage"},"image":{"@id":"https:\/\/www.buhl.de\/vermieter-web\/corona-der-schornsteinfeger-waehrend-der-pandemie\/#primaryimage"},"thumbnailUrl":"https:\/\/www.buhl.de\/vermieter-web\/wp-content\/uploads\/sites\/33\/2020\/11\/shutterstock_1432344968.jpg","datePublished":"2020-11-25T15:13:42+00:00","dateModified":"2020-11-25T15:13:43+00:00","author":{"@id":"https:\/\/www.buhl.de\/vermieter-web\/#\/schema\/person\/82903e1cb04eb553382702d503991b4f"},"description":"Arbeiten eines Schornsteinfegers m\u00fcssen auch bei sogenannten Covid-19-Risikogruppen durchgef\u00fchrt werden. Das Infektionsrisiko f\u00fcr einen Schornsteinfeger bewegt sich in einem zumutbaren Rahmen.","breadcrumb":{"@id":"https:\/\/www.buhl.de\/vermieter-web\/corona-der-schornsteinfeger-waehrend-der-pandemie\/#breadcrumb"},"inLanguage":"de","potentialAction":[{"@type":"ReadAction","target":["https:\/\/www.buhl.de\/vermieter-web\/corona-der-schornsteinfeger-waehrend-der-pandemie\/"]}]},{"@type":"ImageObject","inLanguage":"de","@id":"https:\/\/www.buhl.de\/vermieter-web\/corona-der-schornsteinfeger-waehrend-der-pandemie\/#primaryimage","url":"https:\/\/www.buhl.de\/vermieter-web\/wp-content\/uploads\/sites\/33\/2020\/11\/shutterstock_1432344968.jpg","contentUrl":"https:\/\/www.buhl.de\/vermieter-web\/wp-content\/uploads\/sites\/33\/2020\/11\/shutterstock_1432344968.jpg","width":840,"height":420},{"@type":"BreadcrumbList","@id":"https:\/\/www.buhl.de\/vermieter-web\/corona-der-schornsteinfeger-waehrend-der-pandemie\/#breadcrumb","itemListElement":[{"@type":"ListItem","position":1,"name":"Startseite","item":"https:\/\/www.buhl.de\/vermieter-web\/"},{"@type":"ListItem","position":2,"name":"Corona: Der Schornsteinfeger w\u00e4hrend der Pandemie"}]},{"@type":"WebSite","@id":"https:\/\/www.buhl.de\/vermieter-web\/#website","url":"https:\/\/www.buhl.de\/vermieter-web\/","name":"Online-Nebenkostenabrechnung mit WISO Vermieter-Web","description":"","potentialAction":[{"@type":"SearchAction","target":{"@type":"EntryPoint","urlTemplate":"https:\/\/www.buhl.de\/vermieter-web\/?s={search_term_string}"},"query-input":{"@type":"PropertyValueSpecification","valueRequired":true,"valueName":"search_term_string"}}],"inLanguage":"de"},{"@type":"Person","@id":"https:\/\/www.buhl.de\/vermieter-web\/#\/schema\/person\/82903e1cb04eb553382702d503991b4f","name":"Hartmut Fischer"}]}},"_links":{"self":[{"href":"https:\/\/www.buhl.de\/vermieter-web\/wp-json\/wp\/v2\/posts\/13169","targetHints":{"allow":["GET"]}}],"collection":[{"href":"https:\/\/www.buhl.de\/vermieter-web\/wp-json\/wp\/v2\/posts"}],"about":[{"href":"https:\/\/www.buhl.de\/vermieter-web\/wp-json\/wp\/v2\/types\/post"}],"author":[{"embeddable":true,"href":"https:\/\/www.buhl.de\/vermieter-web\/wp-json\/wp\/v2\/users\/15"}],"replies":[{"embeddable":true,"href":"https:\/\/www.buhl.de\/vermieter-web\/wp-json\/wp\/v2\/comments?post=13169"}],"version-history":[{"count":1,"href":"https:\/\/www.buhl.de\/vermieter-web\/wp-json\/wp\/v2\/posts\/13169\/revisions"}],"predecessor-version":[{"id":13171,"href":"https:\/\/www.buhl.de\/vermieter-web\/wp-json\/wp\/v2\/posts\/13169\/revisions\/13171"}],"wp:featuredmedia":[{"embeddable":true,"href":"https:\/\/www.buhl.de\/vermieter-web\/wp-json\/wp\/v2\/media\/13174"}],"wp:attachment":[{"href":"https:\/\/www.buhl.de\/vermieter-web\/wp-json\/wp\/v2\/media?parent=13169"}],"wp:term":[{"taxonomy":"category","embeddable":true,"href":"https:\/\/www.buhl.de\/vermieter-web\/wp-json\/wp\/v2\/categories?post=13169"},{"taxonomy":"post_tag","embeddable":true,"href":"https:\/\/www.buhl.de\/vermieter-web\/wp-json\/wp\/v2\/tags?post=13169"}],"curies":[{"name":"wp","href":"https:\/\/api.w.org\/{rel}","templated":true}]}}