{"id":13182,"date":"2020-11-28T12:33:41","date_gmt":"2020-11-28T11:33:41","guid":{"rendered":"http:\/\/www.buhl.de\/vermieter-web\/?p=13182"},"modified":"2020-11-28T12:33:42","modified_gmt":"2020-11-28T11:33:42","slug":"gewerbemietrecht-lockdown-doch-ein-mietmangel","status":"publish","type":"post","link":"https:\/\/www.buhl.de\/vermieter-web\/gewerbemietrecht-lockdown-doch-ein-mietmangel\/","title":{"rendered":"Gewerbemietrecht: Lockdown doch ein Mietmangel?"},"content":{"rendered":"\n<p><strong>Es ist leider nichts neues, dass die Gerichte in vielen Dingen unterschiedlich entscheiden. So auch in der Frage, ob ein Mietmangel vorliegt, wenn ein Gesch\u00e4ft aufgrund der Pandemie-Bestimmungen nicht ge\u00f6ffnet werden darf. Eine ganze Reihe von Richtern haben entschieden: Nein \u2013 Corona-erzwungene Schlie\u00dfungen sind kein Mietmangel. Folge: Die Miete ist weiter zu zahlen. Doch nun hat das Landgericht M\u00fcnchen in dieser Frage anders entschieden.<\/strong><\/p>\n\n\n\n<p>Unter anderem hatte das Landgericht Frankfurt Main bereits am 07.08.2020 festgestellt, dass eine Gesch\u00e4ftsschlie\u00dfung aufgrund der Covid-19-Ma\u00dfnahmen nicht als Mietmangel angesehen werden k\u00f6nne (<a href=\"https:\/\/www.buhl.de\/vermieter-web\/gewerbemietrecht-miete-muss-auch-bei-geschlossenem-geschaeft-gezahlt-werden\/\">siehe hierzu unseren Beitrag vom 20.10.2020<\/a>). Dieser Meinung schlossen sich auch das Landgericht Heidelberg (Urteil vom 30.07.2020 \u2013 Aktenzeichen 5 O 66\/20) und das Landgericht Zweibr\u00fccken (Urteil vom 11.09.2020 \u2013 Aktenzeichen HK O 17\/20) an.<\/p>\n\n\n\n<p>Allerdings vertreten eine ganze Reihe von Juristen, dass im Falle der beh\u00f6rdlich erzwungenen Gesch\u00e4ftsschlie\u00dfung der <a href=\"https:\/\/www.gesetze-im-internet.de\/bgb\/__313.html\">\u00a7 313 BGB<\/a> (St\u00f6rung der Gesch\u00e4ftsgrundlage) zum Zuge kommen kann. Dieser Paragraf er\u00f6ffnet die M\u00f6glichkeit, einen Vertrag anzupassen, wenn sich die Umst\u00e4nde so ver\u00e4ndert haben, dass unter den bestehenden Bedingungen der Vertrag so nicht geschlossen worden w\u00e4re und eine Fortf\u00fchrung des Vertrages unzumutbar ist.<\/p>\n\n\n\n<p>Das Landgericht M\u00fcnchen stellte nun in einem Urteil fest, dass es sich bei der Schlie\u00dfung eines Gesch\u00e4ftes doch um einen Mietmangel handele, der den Mieter zur Mietk\u00fcrzung berechtige (Urteil vom 22.09.2020 \u2013 Aktenzeichen 3 O 4495\/20). Es sprach dem Mieter eines gro\u00dfen Ladengesch\u00e4fts in der M\u00fcnchener Innenstadt das Recht zu, die Miete aufgrund des \u201eMietmangels Gesch\u00e4ftsschlie\u00dfung\u201c zu k\u00fcrzen. F\u00fcr den April 2020 um 80 %, den Mai um 50 % und den Juni um 15 %.<\/p>\n\n\n\n<p>Zur Begr\u00fcndung musste das Gericht weit zur\u00fcckgehen. Die Richter verwiesen auf Entscheidungen des Reichsgerichts aus den Jahren 1913 bis 1916. Das Landgericht schloss sich der dort vertretenen Meinung an, dass ein Mietmangel auch durch eine Beh\u00f6rden\u00adverf\u00fcgung oder eine \u00f6ffentlich-rechtliche Regelung entstehen kann.<\/p>\n\n\n\n<p class=\"has-background\" style=\"background-color:#e7e2d2\"><strong><em>Das k\u00f6nnte Sie auch interessieren:<\/em><\/strong><br><a href=\"https:\/\/www.buhl.de\/vermieter-web\/gewerbemietrecht-mietminderung-wegen-baulaerm-und-erschuetterungen\/\" data-type=\"post\" data-id=\"13144\">Gewerbemietrecht: Mietminderung wegen Baul\u00e4rm und -ersch\u00fctterungen<\/a><br><a href=\"https:\/\/www.buhl.de\/vermieter-web\/gewerbemietrecht-kein-fristloses-kuendigungsrecht-wegen-erkrankung-des-mieters\/\" data-type=\"post\" data-id=\"13060\">Gewerbemietrecht: Kein fristloses K\u00fcndigungsrecht wegen Erkrankung des Mieters<\/a><br><a href=\"https:\/\/www.buhl.de\/vermieter-web\/gewerbemietvertrag-abstandszahlung-bei-neuem-eigentuemer\/\" data-type=\"post\" data-id=\"10062\">Gewerbemietvertrag: Abstandszahlung bei neuem Eigent\u00fcmer<\/a><\/p>\n","protected":false},"excerpt":{"rendered":"<p>Es ist leider nichts neues, dass die Gerichte in vielen Dingen unterschiedlich entscheiden. So auch in der Frage, ob ein Mietmangel vorliegt, wenn ein Gesch\u00e4ft aufgrund der Pandemie-Bestimmungen nicht ge\u00f6ffnet werden darf. Eine ganze Reihe von Richtern haben entschieden: Nein \u2013 Corona-erzwungene Schlie\u00dfungen sind kein Mietmangel. Folge: Die Miete ist weiter zu zahlen. Doch nun &hellip; <\/p>\n<p class=\"link-more\"><a href=\"https:\/\/www.buhl.de\/vermieter-web\/gewerbemietrecht-lockdown-doch-ein-mietmangel\/\" class=\"more-link\"><span class=\"screen-reader-text\">\u201eGewerbemietrecht: Lockdown doch ein Mietmangel?\u201c<\/span> weiterlesen<\/a><\/p>\n","protected":false},"author":15,"featured_media":12509,"comment_status":"closed","ping_status":"open","sticky":false,"template":"","format":"standard","meta":{"footnotes":""},"categories":[1],"tags":[4115,4166,5484,3808,473],"class_list":["post-13182","post","type-post","status-publish","format-standard","has-post-thumbnail","hentry","category-allgemein","tag-corona","tag-covid-19","tag-geschaeftsschliessung","tag-gewerbemietrecht","tag-mietminderung"],"yoast_head":"<!-- This site is optimized with the Yoast SEO Premium plugin v27.4 (Yoast SEO v27.5) - https:\/\/yoast.com\/product\/yoast-seo-premium-wordpress\/ -->\n<title>Gewerbemiete: Begr\u00fcndet ein Corona-\u00d6ffnungsverbot einen Mietmangel?<\/title>\n<meta name=\"description\" content=\"Obwohl die Mehrzahl der Gerichte die Ansicht vertreten, dass eine beh\u00f6rdlich angeordnete Gesch\u00e4ftsschlie\u00dfung keinen Mietmangel darstellt, vertritt das Landgericht M\u00fcnchen in dieser Frage eine andere Meinung.\" \/>\n<meta name=\"robots\" content=\"noindex, nofollow\" \/>\n<meta property=\"og:locale\" content=\"de_DE\" \/>\n<meta property=\"og:type\" content=\"article\" \/>\n<meta property=\"og:title\" content=\"Gewerbemietrecht: Lockdown doch ein Mietmangel?\" \/>\n<meta property=\"og:description\" content=\"Obwohl die Mehrzahl der Gerichte die Ansicht vertreten, dass eine beh\u00f6rdlich angeordnete Gesch\u00e4ftsschlie\u00dfung keinen Mietmangel darstellt, vertritt das Landgericht M\u00fcnchen in dieser Frage eine andere Meinung.\" \/>\n<meta property=\"og:url\" content=\"https:\/\/www.buhl.de\/vermieter-web\/gewerbemietrecht-lockdown-doch-ein-mietmangel\/\" \/>\n<meta property=\"og:site_name\" content=\"Online-Nebenkostenabrechnung mit WISO Vermieter-Web\" \/>\n<meta property=\"article:published_time\" content=\"2020-11-28T11:33:41+00:00\" \/>\n<meta property=\"article:modified_time\" content=\"2020-11-28T11:33:42+00:00\" \/>\n<meta property=\"og:image\" content=\"https:\/\/www.buhl.de\/vermieter-web\/wp-content\/uploads\/sites\/33\/2020\/03\/corona-1.jpg\" \/>\n\t<meta property=\"og:image:width\" content=\"840\" \/>\n\t<meta property=\"og:image:height\" content=\"420\" \/>\n\t<meta property=\"og:image:type\" content=\"image\/jpeg\" \/>\n<meta name=\"author\" content=\"Hartmut Fischer\" \/>\n<meta name=\"twitter:card\" content=\"summary_large_image\" \/>\n<meta name=\"twitter:label1\" content=\"Verfasst von\" \/>\n\t<meta name=\"twitter:data1\" content=\"Hartmut Fischer\" \/>\n\t<meta name=\"twitter:label2\" content=\"Gesch\u00e4tzte Lesezeit\" \/>\n\t<meta name=\"twitter:data2\" content=\"2\u00a0Minuten\" \/>\n<script type=\"application\/ld+json\" class=\"yoast-schema-graph\">{\"@context\":\"https:\\\/\\\/schema.org\",\"@graph\":[{\"@type\":\"Article\",\"@id\":\"https:\\\/\\\/www.buhl.de\\\/vermieter-web\\\/gewerbemietrecht-lockdown-doch-ein-mietmangel\\\/#article\",\"isPartOf\":{\"@id\":\"https:\\\/\\\/www.buhl.de\\\/vermieter-web\\\/gewerbemietrecht-lockdown-doch-ein-mietmangel\\\/\"},\"author\":{\"name\":\"Hartmut Fischer\",\"@id\":\"https:\\\/\\\/www.buhl.de\\\/vermieter-web\\\/#\\\/schema\\\/person\\\/82903e1cb04eb553382702d503991b4f\"},\"headline\":\"Gewerbemietrecht: Lockdown doch ein Mietmangel?\",\"datePublished\":\"2020-11-28T11:33:41+00:00\",\"dateModified\":\"2020-11-28T11:33:42+00:00\",\"mainEntityOfPage\":{\"@id\":\"https:\\\/\\\/www.buhl.de\\\/vermieter-web\\\/gewerbemietrecht-lockdown-doch-ein-mietmangel\\\/\"},\"wordCount\":345,\"image\":{\"@id\":\"https:\\\/\\\/www.buhl.de\\\/vermieter-web\\\/gewerbemietrecht-lockdown-doch-ein-mietmangel\\\/#primaryimage\"},\"thumbnailUrl\":\"https:\\\/\\\/www.buhl.de\\\/vermieter-web\\\/wp-content\\\/uploads\\\/sites\\\/33\\\/2020\\\/03\\\/corona-1.jpg\",\"keywords\":[\"Corona\",\"COVID-19\",\"Gesch\u00e4ftsschlie\u00dfung\",\"Gewerbemietrecht\",\"Mietminderung\"],\"inLanguage\":\"de\"},{\"@type\":\"WebPage\",\"@id\":\"https:\\\/\\\/www.buhl.de\\\/vermieter-web\\\/gewerbemietrecht-lockdown-doch-ein-mietmangel\\\/\",\"url\":\"https:\\\/\\\/www.buhl.de\\\/vermieter-web\\\/gewerbemietrecht-lockdown-doch-ein-mietmangel\\\/\",\"name\":\"Gewerbemiete: Begr\u00fcndet ein Corona-\u00d6ffnungsverbot einen Mietmangel?\",\"isPartOf\":{\"@id\":\"https:\\\/\\\/www.buhl.de\\\/vermieter-web\\\/#website\"},\"primaryImageOfPage\":{\"@id\":\"https:\\\/\\\/www.buhl.de\\\/vermieter-web\\\/gewerbemietrecht-lockdown-doch-ein-mietmangel\\\/#primaryimage\"},\"image\":{\"@id\":\"https:\\\/\\\/www.buhl.de\\\/vermieter-web\\\/gewerbemietrecht-lockdown-doch-ein-mietmangel\\\/#primaryimage\"},\"thumbnailUrl\":\"https:\\\/\\\/www.buhl.de\\\/vermieter-web\\\/wp-content\\\/uploads\\\/sites\\\/33\\\/2020\\\/03\\\/corona-1.jpg\",\"datePublished\":\"2020-11-28T11:33:41+00:00\",\"dateModified\":\"2020-11-28T11:33:42+00:00\",\"author\":{\"@id\":\"https:\\\/\\\/www.buhl.de\\\/vermieter-web\\\/#\\\/schema\\\/person\\\/82903e1cb04eb553382702d503991b4f\"},\"description\":\"Obwohl die Mehrzahl der Gerichte die Ansicht vertreten, dass eine beh\u00f6rdlich angeordnete Gesch\u00e4ftsschlie\u00dfung keinen Mietmangel darstellt, vertritt das Landgericht M\u00fcnchen in dieser Frage eine andere Meinung.\",\"breadcrumb\":{\"@id\":\"https:\\\/\\\/www.buhl.de\\\/vermieter-web\\\/gewerbemietrecht-lockdown-doch-ein-mietmangel\\\/#breadcrumb\"},\"inLanguage\":\"de\",\"potentialAction\":[{\"@type\":\"ReadAction\",\"target\":[\"https:\\\/\\\/www.buhl.de\\\/vermieter-web\\\/gewerbemietrecht-lockdown-doch-ein-mietmangel\\\/\"]}]},{\"@type\":\"ImageObject\",\"inLanguage\":\"de\",\"@id\":\"https:\\\/\\\/www.buhl.de\\\/vermieter-web\\\/gewerbemietrecht-lockdown-doch-ein-mietmangel\\\/#primaryimage\",\"url\":\"https:\\\/\\\/www.buhl.de\\\/vermieter-web\\\/wp-content\\\/uploads\\\/sites\\\/33\\\/2020\\\/03\\\/corona-1.jpg\",\"contentUrl\":\"https:\\\/\\\/www.buhl.de\\\/vermieter-web\\\/wp-content\\\/uploads\\\/sites\\\/33\\\/2020\\\/03\\\/corona-1.jpg\",\"width\":840,\"height\":420},{\"@type\":\"BreadcrumbList\",\"@id\":\"https:\\\/\\\/www.buhl.de\\\/vermieter-web\\\/gewerbemietrecht-lockdown-doch-ein-mietmangel\\\/#breadcrumb\",\"itemListElement\":[{\"@type\":\"ListItem\",\"position\":1,\"name\":\"Startseite\",\"item\":\"https:\\\/\\\/www.buhl.de\\\/vermieter-web\\\/\"},{\"@type\":\"ListItem\",\"position\":2,\"name\":\"Gewerbemietrecht: Lockdown doch ein Mietmangel?\"}]},{\"@type\":\"WebSite\",\"@id\":\"https:\\\/\\\/www.buhl.de\\\/vermieter-web\\\/#website\",\"url\":\"https:\\\/\\\/www.buhl.de\\\/vermieter-web\\\/\",\"name\":\"Online-Nebenkostenabrechnung mit WISO Vermieter-Web\",\"description\":\"\",\"potentialAction\":[{\"@type\":\"SearchAction\",\"target\":{\"@type\":\"EntryPoint\",\"urlTemplate\":\"https:\\\/\\\/www.buhl.de\\\/vermieter-web\\\/?s={search_term_string}\"},\"query-input\":{\"@type\":\"PropertyValueSpecification\",\"valueRequired\":true,\"valueName\":\"search_term_string\"}}],\"inLanguage\":\"de\"},{\"@type\":\"Person\",\"@id\":\"https:\\\/\\\/www.buhl.de\\\/vermieter-web\\\/#\\\/schema\\\/person\\\/82903e1cb04eb553382702d503991b4f\",\"name\":\"Hartmut Fischer\"}]}<\/script>\n<!-- \/ Yoast SEO Premium plugin. -->","yoast_head_json":{"title":"Gewerbemiete: Begr\u00fcndet ein Corona-\u00d6ffnungsverbot einen Mietmangel?","description":"Obwohl die Mehrzahl der Gerichte die Ansicht vertreten, dass eine beh\u00f6rdlich angeordnete Gesch\u00e4ftsschlie\u00dfung keinen Mietmangel darstellt, vertritt das Landgericht M\u00fcnchen in dieser Frage eine andere Meinung.","robots":{"index":"noindex","follow":"nofollow"},"og_locale":"de_DE","og_type":"article","og_title":"Gewerbemietrecht: Lockdown doch ein Mietmangel?","og_description":"Obwohl die Mehrzahl der Gerichte die Ansicht vertreten, dass eine beh\u00f6rdlich angeordnete Gesch\u00e4ftsschlie\u00dfung keinen Mietmangel darstellt, vertritt das Landgericht M\u00fcnchen in dieser Frage eine andere Meinung.","og_url":"https:\/\/www.buhl.de\/vermieter-web\/gewerbemietrecht-lockdown-doch-ein-mietmangel\/","og_site_name":"Online-Nebenkostenabrechnung mit WISO Vermieter-Web","article_published_time":"2020-11-28T11:33:41+00:00","article_modified_time":"2020-11-28T11:33:42+00:00","og_image":[{"width":840,"height":420,"url":"https:\/\/www.buhl.de\/vermieter-web\/wp-content\/uploads\/sites\/33\/2020\/03\/corona-1.jpg","type":"image\/jpeg"}],"author":"Hartmut Fischer","twitter_card":"summary_large_image","twitter_misc":{"Verfasst von":"Hartmut Fischer","Gesch\u00e4tzte Lesezeit":"2\u00a0Minuten"},"schema":{"@context":"https:\/\/schema.org","@graph":[{"@type":"Article","@id":"https:\/\/www.buhl.de\/vermieter-web\/gewerbemietrecht-lockdown-doch-ein-mietmangel\/#article","isPartOf":{"@id":"https:\/\/www.buhl.de\/vermieter-web\/gewerbemietrecht-lockdown-doch-ein-mietmangel\/"},"author":{"name":"Hartmut Fischer","@id":"https:\/\/www.buhl.de\/vermieter-web\/#\/schema\/person\/82903e1cb04eb553382702d503991b4f"},"headline":"Gewerbemietrecht: Lockdown doch ein Mietmangel?","datePublished":"2020-11-28T11:33:41+00:00","dateModified":"2020-11-28T11:33:42+00:00","mainEntityOfPage":{"@id":"https:\/\/www.buhl.de\/vermieter-web\/gewerbemietrecht-lockdown-doch-ein-mietmangel\/"},"wordCount":345,"image":{"@id":"https:\/\/www.buhl.de\/vermieter-web\/gewerbemietrecht-lockdown-doch-ein-mietmangel\/#primaryimage"},"thumbnailUrl":"https:\/\/www.buhl.de\/vermieter-web\/wp-content\/uploads\/sites\/33\/2020\/03\/corona-1.jpg","keywords":["Corona","COVID-19","Gesch\u00e4ftsschlie\u00dfung","Gewerbemietrecht","Mietminderung"],"inLanguage":"de"},{"@type":"WebPage","@id":"https:\/\/www.buhl.de\/vermieter-web\/gewerbemietrecht-lockdown-doch-ein-mietmangel\/","url":"https:\/\/www.buhl.de\/vermieter-web\/gewerbemietrecht-lockdown-doch-ein-mietmangel\/","name":"Gewerbemiete: Begr\u00fcndet ein Corona-\u00d6ffnungsverbot einen Mietmangel?","isPartOf":{"@id":"https:\/\/www.buhl.de\/vermieter-web\/#website"},"primaryImageOfPage":{"@id":"https:\/\/www.buhl.de\/vermieter-web\/gewerbemietrecht-lockdown-doch-ein-mietmangel\/#primaryimage"},"image":{"@id":"https:\/\/www.buhl.de\/vermieter-web\/gewerbemietrecht-lockdown-doch-ein-mietmangel\/#primaryimage"},"thumbnailUrl":"https:\/\/www.buhl.de\/vermieter-web\/wp-content\/uploads\/sites\/33\/2020\/03\/corona-1.jpg","datePublished":"2020-11-28T11:33:41+00:00","dateModified":"2020-11-28T11:33:42+00:00","author":{"@id":"https:\/\/www.buhl.de\/vermieter-web\/#\/schema\/person\/82903e1cb04eb553382702d503991b4f"},"description":"Obwohl die Mehrzahl der Gerichte die Ansicht vertreten, dass eine beh\u00f6rdlich angeordnete Gesch\u00e4ftsschlie\u00dfung keinen Mietmangel darstellt, vertritt das Landgericht M\u00fcnchen in dieser Frage eine andere Meinung.","breadcrumb":{"@id":"https:\/\/www.buhl.de\/vermieter-web\/gewerbemietrecht-lockdown-doch-ein-mietmangel\/#breadcrumb"},"inLanguage":"de","potentialAction":[{"@type":"ReadAction","target":["https:\/\/www.buhl.de\/vermieter-web\/gewerbemietrecht-lockdown-doch-ein-mietmangel\/"]}]},{"@type":"ImageObject","inLanguage":"de","@id":"https:\/\/www.buhl.de\/vermieter-web\/gewerbemietrecht-lockdown-doch-ein-mietmangel\/#primaryimage","url":"https:\/\/www.buhl.de\/vermieter-web\/wp-content\/uploads\/sites\/33\/2020\/03\/corona-1.jpg","contentUrl":"https:\/\/www.buhl.de\/vermieter-web\/wp-content\/uploads\/sites\/33\/2020\/03\/corona-1.jpg","width":840,"height":420},{"@type":"BreadcrumbList","@id":"https:\/\/www.buhl.de\/vermieter-web\/gewerbemietrecht-lockdown-doch-ein-mietmangel\/#breadcrumb","itemListElement":[{"@type":"ListItem","position":1,"name":"Startseite","item":"https:\/\/www.buhl.de\/vermieter-web\/"},{"@type":"ListItem","position":2,"name":"Gewerbemietrecht: Lockdown doch ein Mietmangel?"}]},{"@type":"WebSite","@id":"https:\/\/www.buhl.de\/vermieter-web\/#website","url":"https:\/\/www.buhl.de\/vermieter-web\/","name":"Online-Nebenkostenabrechnung mit WISO Vermieter-Web","description":"","potentialAction":[{"@type":"SearchAction","target":{"@type":"EntryPoint","urlTemplate":"https:\/\/www.buhl.de\/vermieter-web\/?s={search_term_string}"},"query-input":{"@type":"PropertyValueSpecification","valueRequired":true,"valueName":"search_term_string"}}],"inLanguage":"de"},{"@type":"Person","@id":"https:\/\/www.buhl.de\/vermieter-web\/#\/schema\/person\/82903e1cb04eb553382702d503991b4f","name":"Hartmut Fischer"}]}},"_links":{"self":[{"href":"https:\/\/www.buhl.de\/vermieter-web\/wp-json\/wp\/v2\/posts\/13182","targetHints":{"allow":["GET"]}}],"collection":[{"href":"https:\/\/www.buhl.de\/vermieter-web\/wp-json\/wp\/v2\/posts"}],"about":[{"href":"https:\/\/www.buhl.de\/vermieter-web\/wp-json\/wp\/v2\/types\/post"}],"author":[{"embeddable":true,"href":"https:\/\/www.buhl.de\/vermieter-web\/wp-json\/wp\/v2\/users\/15"}],"replies":[{"embeddable":true,"href":"https:\/\/www.buhl.de\/vermieter-web\/wp-json\/wp\/v2\/comments?post=13182"}],"version-history":[{"count":1,"href":"https:\/\/www.buhl.de\/vermieter-web\/wp-json\/wp\/v2\/posts\/13182\/revisions"}],"predecessor-version":[{"id":13184,"href":"https:\/\/www.buhl.de\/vermieter-web\/wp-json\/wp\/v2\/posts\/13182\/revisions\/13184"}],"wp:featuredmedia":[{"embeddable":true,"href":"https:\/\/www.buhl.de\/vermieter-web\/wp-json\/wp\/v2\/media\/12509"}],"wp:attachment":[{"href":"https:\/\/www.buhl.de\/vermieter-web\/wp-json\/wp\/v2\/media?parent=13182"}],"wp:term":[{"taxonomy":"category","embeddable":true,"href":"https:\/\/www.buhl.de\/vermieter-web\/wp-json\/wp\/v2\/categories?post=13182"},{"taxonomy":"post_tag","embeddable":true,"href":"https:\/\/www.buhl.de\/vermieter-web\/wp-json\/wp\/v2\/tags?post=13182"}],"curies":[{"name":"wp","href":"https:\/\/api.w.org\/{rel}","templated":true}]}}