{"id":13201,"date":"2020-12-11T08:51:13","date_gmt":"2020-12-11T07:51:13","guid":{"rendered":"http:\/\/www.buhl.de\/vermieter-web\/?p=13201"},"modified":"2020-12-11T08:51:14","modified_gmt":"2020-12-11T07:51:14","slug":"aufteilung-von-grundstuecks-und-gebaeudewert","status":"publish","type":"post","link":"https:\/\/www.buhl.de\/vermieter-web\/aufteilung-von-grundstuecks-und-gebaeudewert\/","title":{"rendered":"Aufteilung von Grundst\u00fccks- und Geb\u00e4udewert"},"content":{"rendered":"\n<p><strong>Bestehen bei einem Hauskauf Zweifel an der Rechtm\u00e4\u00dfigkeit der Kaufpreisaufteilung auf Grund und Geb\u00e4ude kann das Finanzamt zur Ermittlung der gerechtfertigten Aufteilung nicht auf die Arbeitshilfe des Bundes\u00adfinanz\u00administeriums (BMF) zur\u00fcckgreifen. Dies geht aus einem Urteil des Bundesfinanzhofs (BFH) vom 21.07.2020 hervor (Aktenzeichen IX R 26\/19).<\/strong><\/p>\n\n\n\n<p class=\"has-background\" style=\"background-color:#e3e7eb\"><a href=\"https:\/\/www.bundesfinanzhof.de\/de\/entscheidung\/entscheidungen-online\/detail\/STRE202010257\/\">Das Original-Urteil k\u00f6nnen Sie hier nachlesen<\/a><\/p>\n\n\n\n<p>In dem Verfahren ging es um eine in einer Gro\u00dfstadt gelegene, vermietete Eigentumswohnung. Diese wurde im Jahr 1917 f\u00fcr 110.000 \u20ac verkauft. Inklusive der Nebenkosten ergab sich eine Gesamtsumme von rund 118.000 \u20ac. Im Kaufvertrag wurde geregelt: \u201eIm Kaufpreis enthalten ist das Entgelt f\u00fcr den anteiligen Wert des Grundst\u00fccks, den die Beteiligten nach bestem Wissen zum Zeitpunkt des Vertragsschlusses mit \u20ac&nbsp;20.000,00 beziffern.\u201c<\/p>\n\n\n\n<p>F\u00fcr das Jahr 2017 errechnete der K\u00e4ufer 96.547,47&nbsp;\u20ac als abschreibungsf\u00e4higen Geb\u00e4udewert. Dabei legte er die Kaufpreisaufteilung des Kaufvertrags zugrunde und berechnete einen Geb\u00e4udeanteil von 81,81&nbsp;% (20&nbsp;000\/110&nbsp;000).<\/p>\n\n\n\n<p>Das zust\u00e4ndige Finanzamt akzeptierte die Berechnung nicht.&nbsp; Dort errechnete man einen Geb\u00e4udeanteil von lediglich 27,03 %. &nbsp;Die Berechnung erfolgte auf Basis der vom Bundesministerium der Finanzen (BMF) im Internet bereitgestellten \u201eArbeitshilfe zur Aufteilung eines Gesamtkaufpreises f\u00fcr ein bebautes Grundst\u00fcck (Kaufpreisaufteilung)\u201c. Das Finanzamt wollte deshalb nur einen Betrag von 31.896 \u20ac als abschreibungsf\u00e4higen Geb\u00e4udeanteil anerkennen.<\/p>\n\n\n\n<p>Der K\u00e4ufer klagte hiergegen, hatte aber zun\u00e4chst vor dem zust\u00e4ndigen Amtsgericht keinen Erfolg. Das Gericht hielt die vom Finanzamt zugrunde gelegte Arbeitshilfe f\u00fcr geeignet, damit die Marktangemessenheit der Kaufpreisaufteilung zu widerlegen. Auch k\u00f6nne die Arbeitshilfe als geeignete Sch\u00e4tzungshilfe zu Neufestsetzung des Geb\u00e4udewertes herangezogen werden.<\/p>\n\n\n\n<p>Dem widersprach der BFH. Die Arbeitshilfe des BMF gew\u00e4hrleiste die Aufteilung nach den realen Verkehrswerten von Grund und Geb\u00e4ude nicht. Die Auswahl der Bewertungsverfahren beruhe lediglich auf dem vereinfachten Sachwertverfahren. Der vor allem in Ballungszentren relevante Orts- oder Regionalisierungsfaktor bliebe unber\u00fccksichtigt. Das Finanzgericht h\u00e4tte deshalb bei einer streitigen Grundst\u00fccksbewertung ein Gutachten\u00a0eines\u00a0\u00f6ffentlich bestellten und vereidigten Sachverst\u00e4ndigen einholen m\u00fcssen.<\/p>\n\n\n\n<p class=\"has-background\" style=\"background-color:#e7e2d2\"><strong><em>Das k\u00f6nnte Sie auch interessieren:<\/em><\/strong><br><a href=\"https:\/\/www.buhl.de\/vermieter-web\/bleirohre-sachmangel-beim-hausverkauf\/\" data-type=\"post\" data-id=\"13085\">Bleirohre: Sachmangel beim Hausverkauf<\/a><br><a href=\"https:\/\/www.buhl.de\/vermieter-web\/risse-im-gekauften-haus\/\" data-type=\"post\" data-id=\"9767\">Risse im gekauften Haus<\/a><br><a href=\"https:\/\/www.buhl.de\/vermieter-web\/hausverkauf-nur-kurzfristig-vermietet-keine-steuerpflicht\/\" data-type=\"post\" data-id=\"12540\">Hausverkauf: Nur kurzfristig vermietet \u2013 keine Steuerpflicht<\/a><\/p>\n","protected":false},"excerpt":{"rendered":"<p>Bestehen bei einem Hauskauf Zweifel an der Rechtm\u00e4\u00dfigkeit der Kaufpreisaufteilung auf Grund und Geb\u00e4ude kann das Finanzamt zur Ermittlung der gerechtfertigten Aufteilung nicht auf die Arbeitshilfe des Bundes\u00adfinanz\u00administeriums (BMF) zur\u00fcckgreifen. Dies geht aus einem Urteil des Bundesfinanzhofs (BFH) vom 21.07.2020 hervor (Aktenzeichen IX R 26\/19). Das Original-Urteil k\u00f6nnen Sie hier nachlesen In dem Verfahren ging &hellip; <\/p>\n<p class=\"link-more\"><a href=\"https:\/\/www.buhl.de\/vermieter-web\/aufteilung-von-grundstuecks-und-gebaeudewert\/\" class=\"more-link\"><span class=\"screen-reader-text\">\u201eAufteilung von Grundst\u00fccks- und Geb\u00e4udewert\u201c<\/span> weiterlesen<\/a><\/p>\n","protected":false},"author":15,"featured_media":10064,"comment_status":"closed","ping_status":"open","sticky":false,"template":"","format":"standard","meta":{"footnotes":""},"categories":[1],"tags":[5513,5514,1634,5515],"class_list":["post-13201","post","type-post","status-publish","format-standard","has-post-thumbnail","hentry","category-allgemein","tag-gebaeudewert","tag-grundstueckswert","tag-hauskauf","tag-immobilienpreis"],"yoast_head":"<!-- This site is optimized with the Yoast SEO Premium plugin v27.4 (Yoast SEO v27.5) - https:\/\/yoast.com\/product\/yoast-seo-premium-wordpress\/ -->\n<title>Aufteilung des Kaufpreises zwischen Grundst\u00fccks- und Geb\u00e4udewert<\/title>\n<meta name=\"description\" content=\"Zur Kaufpreisaufteilung auf Grund und Geb\u00e4ude kann das Finanzamt zur Ermittlung der gerechtfertigten Aufteilung nicht auf die Arbeitshilfe des Bundes\u00adfinanz\u00administeriums (BMF) zur\u00fcckgreifen. (Urteil des Bundesfinanzhofs (BFH) vom 21.07.2020- Aktenzeichen IX R 26\/19).\" \/>\n<meta name=\"robots\" content=\"noindex, nofollow\" \/>\n<meta property=\"og:locale\" content=\"de_DE\" \/>\n<meta property=\"og:type\" content=\"article\" \/>\n<meta property=\"og:title\" content=\"Aufteilung von Grundst\u00fccks- und Geb\u00e4udewert\" \/>\n<meta property=\"og:description\" content=\"Zur Kaufpreisaufteilung auf Grund und Geb\u00e4ude kann das Finanzamt zur Ermittlung der gerechtfertigten Aufteilung nicht auf die Arbeitshilfe des Bundes\u00adfinanz\u00administeriums (BMF) zur\u00fcckgreifen. (Urteil des Bundesfinanzhofs (BFH) vom 21.07.2020- Aktenzeichen IX R 26\/19).\" \/>\n<meta property=\"og:url\" content=\"https:\/\/www.buhl.de\/vermieter-web\/aufteilung-von-grundstuecks-und-gebaeudewert\/\" \/>\n<meta property=\"og:site_name\" content=\"Online-Nebenkostenabrechnung mit WISO Vermieter-Web\" \/>\n<meta property=\"article:published_time\" content=\"2020-12-11T07:51:13+00:00\" \/>\n<meta property=\"article:modified_time\" content=\"2020-12-11T07:51:14+00:00\" \/>\n<meta property=\"og:image\" content=\"https:\/\/www.buhl.de\/vermieter-web\/wp-content\/uploads\/sites\/33\/2020\/01\/shutterstock_768058264.png\" \/>\n\t<meta property=\"og:image:width\" content=\"840\" \/>\n\t<meta property=\"og:image:height\" content=\"420\" \/>\n\t<meta property=\"og:image:type\" content=\"image\/png\" \/>\n<meta name=\"author\" content=\"Hartmut Fischer\" \/>\n<meta name=\"twitter:card\" content=\"summary_large_image\" \/>\n<meta name=\"twitter:label1\" content=\"Verfasst von\" \/>\n\t<meta name=\"twitter:data1\" content=\"Hartmut Fischer\" \/>\n\t<meta name=\"twitter:label2\" content=\"Gesch\u00e4tzte Lesezeit\" \/>\n\t<meta name=\"twitter:data2\" content=\"2\u00a0Minuten\" \/>\n<script type=\"application\/ld+json\" class=\"yoast-schema-graph\">{\"@context\":\"https:\\\/\\\/schema.org\",\"@graph\":[{\"@type\":\"Article\",\"@id\":\"https:\\\/\\\/www.buhl.de\\\/vermieter-web\\\/aufteilung-von-grundstuecks-und-gebaeudewert\\\/#article\",\"isPartOf\":{\"@id\":\"https:\\\/\\\/www.buhl.de\\\/vermieter-web\\\/aufteilung-von-grundstuecks-und-gebaeudewert\\\/\"},\"author\":{\"name\":\"Hartmut Fischer\",\"@id\":\"https:\\\/\\\/www.buhl.de\\\/vermieter-web\\\/#\\\/schema\\\/person\\\/82903e1cb04eb553382702d503991b4f\"},\"headline\":\"Aufteilung von Grundst\u00fccks- und Geb\u00e4udewert\",\"datePublished\":\"2020-12-11T07:51:13+00:00\",\"dateModified\":\"2020-12-11T07:51:14+00:00\",\"mainEntityOfPage\":{\"@id\":\"https:\\\/\\\/www.buhl.de\\\/vermieter-web\\\/aufteilung-von-grundstuecks-und-gebaeudewert\\\/\"},\"wordCount\":349,\"image\":{\"@id\":\"https:\\\/\\\/www.buhl.de\\\/vermieter-web\\\/aufteilung-von-grundstuecks-und-gebaeudewert\\\/#primaryimage\"},\"thumbnailUrl\":\"https:\\\/\\\/www.buhl.de\\\/vermieter-web\\\/wp-content\\\/uploads\\\/sites\\\/33\\\/2020\\\/01\\\/shutterstock_768058264.png\",\"keywords\":[\"Geb\u00e4udewert\",\"Grundst\u00fcckswert\",\"Hauskauf\",\"Immobilienpreis\"],\"inLanguage\":\"de\"},{\"@type\":\"WebPage\",\"@id\":\"https:\\\/\\\/www.buhl.de\\\/vermieter-web\\\/aufteilung-von-grundstuecks-und-gebaeudewert\\\/\",\"url\":\"https:\\\/\\\/www.buhl.de\\\/vermieter-web\\\/aufteilung-von-grundstuecks-und-gebaeudewert\\\/\",\"name\":\"Aufteilung des Kaufpreises zwischen Grundst\u00fccks- und Geb\u00e4udewert\",\"isPartOf\":{\"@id\":\"https:\\\/\\\/www.buhl.de\\\/vermieter-web\\\/#website\"},\"primaryImageOfPage\":{\"@id\":\"https:\\\/\\\/www.buhl.de\\\/vermieter-web\\\/aufteilung-von-grundstuecks-und-gebaeudewert\\\/#primaryimage\"},\"image\":{\"@id\":\"https:\\\/\\\/www.buhl.de\\\/vermieter-web\\\/aufteilung-von-grundstuecks-und-gebaeudewert\\\/#primaryimage\"},\"thumbnailUrl\":\"https:\\\/\\\/www.buhl.de\\\/vermieter-web\\\/wp-content\\\/uploads\\\/sites\\\/33\\\/2020\\\/01\\\/shutterstock_768058264.png\",\"datePublished\":\"2020-12-11T07:51:13+00:00\",\"dateModified\":\"2020-12-11T07:51:14+00:00\",\"author\":{\"@id\":\"https:\\\/\\\/www.buhl.de\\\/vermieter-web\\\/#\\\/schema\\\/person\\\/82903e1cb04eb553382702d503991b4f\"},\"description\":\"Zur Kaufpreisaufteilung auf Grund und Geb\u00e4ude kann das Finanzamt zur Ermittlung der gerechtfertigten Aufteilung nicht auf die Arbeitshilfe des Bundes\u00adfinanz\u00administeriums (BMF) zur\u00fcckgreifen. (Urteil des Bundesfinanzhofs (BFH) vom 21.07.2020- Aktenzeichen IX R 26\\\/19).\",\"breadcrumb\":{\"@id\":\"https:\\\/\\\/www.buhl.de\\\/vermieter-web\\\/aufteilung-von-grundstuecks-und-gebaeudewert\\\/#breadcrumb\"},\"inLanguage\":\"de\",\"potentialAction\":[{\"@type\":\"ReadAction\",\"target\":[\"https:\\\/\\\/www.buhl.de\\\/vermieter-web\\\/aufteilung-von-grundstuecks-und-gebaeudewert\\\/\"]}]},{\"@type\":\"ImageObject\",\"inLanguage\":\"de\",\"@id\":\"https:\\\/\\\/www.buhl.de\\\/vermieter-web\\\/aufteilung-von-grundstuecks-und-gebaeudewert\\\/#primaryimage\",\"url\":\"https:\\\/\\\/www.buhl.de\\\/vermieter-web\\\/wp-content\\\/uploads\\\/sites\\\/33\\\/2020\\\/01\\\/shutterstock_768058264.png\",\"contentUrl\":\"https:\\\/\\\/www.buhl.de\\\/vermieter-web\\\/wp-content\\\/uploads\\\/sites\\\/33\\\/2020\\\/01\\\/shutterstock_768058264.png\",\"width\":840,\"height\":420,\"caption\":\"Euroscheine \u00fcber das Foto verstreut\"},{\"@type\":\"BreadcrumbList\",\"@id\":\"https:\\\/\\\/www.buhl.de\\\/vermieter-web\\\/aufteilung-von-grundstuecks-und-gebaeudewert\\\/#breadcrumb\",\"itemListElement\":[{\"@type\":\"ListItem\",\"position\":1,\"name\":\"Startseite\",\"item\":\"https:\\\/\\\/www.buhl.de\\\/vermieter-web\\\/\"},{\"@type\":\"ListItem\",\"position\":2,\"name\":\"Aufteilung von Grundst\u00fccks- und Geb\u00e4udewert\"}]},{\"@type\":\"WebSite\",\"@id\":\"https:\\\/\\\/www.buhl.de\\\/vermieter-web\\\/#website\",\"url\":\"https:\\\/\\\/www.buhl.de\\\/vermieter-web\\\/\",\"name\":\"Online-Nebenkostenabrechnung mit WISO Vermieter-Web\",\"description\":\"\",\"potentialAction\":[{\"@type\":\"SearchAction\",\"target\":{\"@type\":\"EntryPoint\",\"urlTemplate\":\"https:\\\/\\\/www.buhl.de\\\/vermieter-web\\\/?s={search_term_string}\"},\"query-input\":{\"@type\":\"PropertyValueSpecification\",\"valueRequired\":true,\"valueName\":\"search_term_string\"}}],\"inLanguage\":\"de\"},{\"@type\":\"Person\",\"@id\":\"https:\\\/\\\/www.buhl.de\\\/vermieter-web\\\/#\\\/schema\\\/person\\\/82903e1cb04eb553382702d503991b4f\",\"name\":\"Hartmut Fischer\"}]}<\/script>\n<!-- \/ Yoast SEO Premium plugin. -->","yoast_head_json":{"title":"Aufteilung des Kaufpreises zwischen Grundst\u00fccks- und Geb\u00e4udewert","description":"Zur Kaufpreisaufteilung auf Grund und Geb\u00e4ude kann das Finanzamt zur Ermittlung der gerechtfertigten Aufteilung nicht auf die Arbeitshilfe des Bundes\u00adfinanz\u00administeriums (BMF) zur\u00fcckgreifen. (Urteil des Bundesfinanzhofs (BFH) vom 21.07.2020- Aktenzeichen IX R 26\/19).","robots":{"index":"noindex","follow":"nofollow"},"og_locale":"de_DE","og_type":"article","og_title":"Aufteilung von Grundst\u00fccks- und Geb\u00e4udewert","og_description":"Zur Kaufpreisaufteilung auf Grund und Geb\u00e4ude kann das Finanzamt zur Ermittlung der gerechtfertigten Aufteilung nicht auf die Arbeitshilfe des Bundes\u00adfinanz\u00administeriums (BMF) zur\u00fcckgreifen. (Urteil des Bundesfinanzhofs (BFH) vom 21.07.2020- Aktenzeichen IX R 26\/19).","og_url":"https:\/\/www.buhl.de\/vermieter-web\/aufteilung-von-grundstuecks-und-gebaeudewert\/","og_site_name":"Online-Nebenkostenabrechnung mit WISO Vermieter-Web","article_published_time":"2020-12-11T07:51:13+00:00","article_modified_time":"2020-12-11T07:51:14+00:00","og_image":[{"width":840,"height":420,"url":"https:\/\/www.buhl.de\/vermieter-web\/wp-content\/uploads\/sites\/33\/2020\/01\/shutterstock_768058264.png","type":"image\/png"}],"author":"Hartmut Fischer","twitter_card":"summary_large_image","twitter_misc":{"Verfasst von":"Hartmut Fischer","Gesch\u00e4tzte Lesezeit":"2\u00a0Minuten"},"schema":{"@context":"https:\/\/schema.org","@graph":[{"@type":"Article","@id":"https:\/\/www.buhl.de\/vermieter-web\/aufteilung-von-grundstuecks-und-gebaeudewert\/#article","isPartOf":{"@id":"https:\/\/www.buhl.de\/vermieter-web\/aufteilung-von-grundstuecks-und-gebaeudewert\/"},"author":{"name":"Hartmut Fischer","@id":"https:\/\/www.buhl.de\/vermieter-web\/#\/schema\/person\/82903e1cb04eb553382702d503991b4f"},"headline":"Aufteilung von Grundst\u00fccks- und Geb\u00e4udewert","datePublished":"2020-12-11T07:51:13+00:00","dateModified":"2020-12-11T07:51:14+00:00","mainEntityOfPage":{"@id":"https:\/\/www.buhl.de\/vermieter-web\/aufteilung-von-grundstuecks-und-gebaeudewert\/"},"wordCount":349,"image":{"@id":"https:\/\/www.buhl.de\/vermieter-web\/aufteilung-von-grundstuecks-und-gebaeudewert\/#primaryimage"},"thumbnailUrl":"https:\/\/www.buhl.de\/vermieter-web\/wp-content\/uploads\/sites\/33\/2020\/01\/shutterstock_768058264.png","keywords":["Geb\u00e4udewert","Grundst\u00fcckswert","Hauskauf","Immobilienpreis"],"inLanguage":"de"},{"@type":"WebPage","@id":"https:\/\/www.buhl.de\/vermieter-web\/aufteilung-von-grundstuecks-und-gebaeudewert\/","url":"https:\/\/www.buhl.de\/vermieter-web\/aufteilung-von-grundstuecks-und-gebaeudewert\/","name":"Aufteilung des Kaufpreises zwischen Grundst\u00fccks- und Geb\u00e4udewert","isPartOf":{"@id":"https:\/\/www.buhl.de\/vermieter-web\/#website"},"primaryImageOfPage":{"@id":"https:\/\/www.buhl.de\/vermieter-web\/aufteilung-von-grundstuecks-und-gebaeudewert\/#primaryimage"},"image":{"@id":"https:\/\/www.buhl.de\/vermieter-web\/aufteilung-von-grundstuecks-und-gebaeudewert\/#primaryimage"},"thumbnailUrl":"https:\/\/www.buhl.de\/vermieter-web\/wp-content\/uploads\/sites\/33\/2020\/01\/shutterstock_768058264.png","datePublished":"2020-12-11T07:51:13+00:00","dateModified":"2020-12-11T07:51:14+00:00","author":{"@id":"https:\/\/www.buhl.de\/vermieter-web\/#\/schema\/person\/82903e1cb04eb553382702d503991b4f"},"description":"Zur Kaufpreisaufteilung auf Grund und Geb\u00e4ude kann das Finanzamt zur Ermittlung der gerechtfertigten Aufteilung nicht auf die Arbeitshilfe des Bundes\u00adfinanz\u00administeriums (BMF) zur\u00fcckgreifen. (Urteil des Bundesfinanzhofs (BFH) vom 21.07.2020- Aktenzeichen IX R 26\/19).","breadcrumb":{"@id":"https:\/\/www.buhl.de\/vermieter-web\/aufteilung-von-grundstuecks-und-gebaeudewert\/#breadcrumb"},"inLanguage":"de","potentialAction":[{"@type":"ReadAction","target":["https:\/\/www.buhl.de\/vermieter-web\/aufteilung-von-grundstuecks-und-gebaeudewert\/"]}]},{"@type":"ImageObject","inLanguage":"de","@id":"https:\/\/www.buhl.de\/vermieter-web\/aufteilung-von-grundstuecks-und-gebaeudewert\/#primaryimage","url":"https:\/\/www.buhl.de\/vermieter-web\/wp-content\/uploads\/sites\/33\/2020\/01\/shutterstock_768058264.png","contentUrl":"https:\/\/www.buhl.de\/vermieter-web\/wp-content\/uploads\/sites\/33\/2020\/01\/shutterstock_768058264.png","width":840,"height":420,"caption":"Euroscheine \u00fcber das Foto verstreut"},{"@type":"BreadcrumbList","@id":"https:\/\/www.buhl.de\/vermieter-web\/aufteilung-von-grundstuecks-und-gebaeudewert\/#breadcrumb","itemListElement":[{"@type":"ListItem","position":1,"name":"Startseite","item":"https:\/\/www.buhl.de\/vermieter-web\/"},{"@type":"ListItem","position":2,"name":"Aufteilung von Grundst\u00fccks- und Geb\u00e4udewert"}]},{"@type":"WebSite","@id":"https:\/\/www.buhl.de\/vermieter-web\/#website","url":"https:\/\/www.buhl.de\/vermieter-web\/","name":"Online-Nebenkostenabrechnung mit WISO Vermieter-Web","description":"","potentialAction":[{"@type":"SearchAction","target":{"@type":"EntryPoint","urlTemplate":"https:\/\/www.buhl.de\/vermieter-web\/?s={search_term_string}"},"query-input":{"@type":"PropertyValueSpecification","valueRequired":true,"valueName":"search_term_string"}}],"inLanguage":"de"},{"@type":"Person","@id":"https:\/\/www.buhl.de\/vermieter-web\/#\/schema\/person\/82903e1cb04eb553382702d503991b4f","name":"Hartmut Fischer"}]}},"_links":{"self":[{"href":"https:\/\/www.buhl.de\/vermieter-web\/wp-json\/wp\/v2\/posts\/13201","targetHints":{"allow":["GET"]}}],"collection":[{"href":"https:\/\/www.buhl.de\/vermieter-web\/wp-json\/wp\/v2\/posts"}],"about":[{"href":"https:\/\/www.buhl.de\/vermieter-web\/wp-json\/wp\/v2\/types\/post"}],"author":[{"embeddable":true,"href":"https:\/\/www.buhl.de\/vermieter-web\/wp-json\/wp\/v2\/users\/15"}],"replies":[{"embeddable":true,"href":"https:\/\/www.buhl.de\/vermieter-web\/wp-json\/wp\/v2\/comments?post=13201"}],"version-history":[{"count":2,"href":"https:\/\/www.buhl.de\/vermieter-web\/wp-json\/wp\/v2\/posts\/13201\/revisions"}],"predecessor-version":[{"id":13204,"href":"https:\/\/www.buhl.de\/vermieter-web\/wp-json\/wp\/v2\/posts\/13201\/revisions\/13204"}],"wp:featuredmedia":[{"embeddable":true,"href":"https:\/\/www.buhl.de\/vermieter-web\/wp-json\/wp\/v2\/media\/10064"}],"wp:attachment":[{"href":"https:\/\/www.buhl.de\/vermieter-web\/wp-json\/wp\/v2\/media?parent=13201"}],"wp:term":[{"taxonomy":"category","embeddable":true,"href":"https:\/\/www.buhl.de\/vermieter-web\/wp-json\/wp\/v2\/categories?post=13201"},{"taxonomy":"post_tag","embeddable":true,"href":"https:\/\/www.buhl.de\/vermieter-web\/wp-json\/wp\/v2\/tags?post=13201"}],"curies":[{"name":"wp","href":"https:\/\/api.w.org\/{rel}","templated":true}]}}