{"id":13233,"date":"2020-12-28T16:00:56","date_gmt":"2020-12-28T15:00:56","guid":{"rendered":"http:\/\/www.buhl.de\/vermieter-web\/?p=13233"},"modified":"2020-12-30T09:28:19","modified_gmt":"2020-12-30T08:28:19","slug":"smart-meter-was-ist-das","status":"publish","type":"post","link":"https:\/\/www.buhl.de\/vermieter-web\/smart-meter-was-ist-das\/","title":{"rendered":"Smart-Meter \u2013 was ist das?"},"content":{"rendered":"\n<p>Immer h\u00e4ufiger h\u00f6rt man von \u201eSmart Metern\u201c, den intelligenten Mess-Systemen. Doch was steckt hinter diesen Versprechungen? Was sind Smart Meter und welche Vorteile bringen sie?<\/p>\n\n\n\n<p>Wie funktioniert das Smart-Meter-Messsystem?<\/p>\n\n\n\n<p>Ein intelligentes Mess-System besteht auf zwei Komponenten: Dem digitalen Stromz\u00e4hler und einem Modul zur Daten\u00fcbertragung. Der Stromz\u00e4hler erfasst, verarbeitet und speichert die Daten. Er kann auch ohne das \u00dcbertragungsmodul genutzt werden. Mit dem Daten\u00fcbertragungsmodul&nbsp; &nbsp;leitet der Messstellenbetreiber die gesammelten und aufbereiteten Informationen beispielsweise an den Stromversorger weiter.<\/p>\n\n\n\n<p>Doch das Daten\u00fcbertragungsmodul kann noch mehr. Es kann nicht nur Daten senden, sondern auch empfangen. Dadurch k\u00f6nnen Elektroger\u00e4te \u2013 mit entsprechenden Empfangsm\u00f6glichkeiten \u2013 per Smart-Meter-System ein- und ausgeschaltet werden. So lassen sich beispielsweise Preisvorteile beim Strom, die zu bestimmten Tageszeiten angeboten werden, optimal nutzen.<\/p>\n\n\n\n<p><strong>Teilweise sind die neuen Systeme Pflicht<\/strong><\/p>\n\n\n\n<p>Das sogenannte Messtellenbetriebsgesetz gibt es schon seit einigen Jahren. Es schreibt den Einbau der neuen Systeme ab 2017 vor. Doch zur Markteinf\u00fchrung war eine Bescheinigung (die sogenannte Markterkl\u00e4rung) des Bundesamtes f\u00fcr Sicherheit in der Informationstechnik (BSI) notwendig. Die Markterkl\u00e4rung verz\u00f6gerte sich derart, dass erst in diesem Jahr mit der Einf\u00fchrung der neuen Systeme begonnen werden kann.<\/p>\n\n\n\n<p>Die digitalen Z\u00e4hler sollen nach dem Gesetz zur Digitalisierung der Energiewende bis 2032 in allen Haushalten eingef\u00fchrt werden.&nbsp; <\/p>\n\n\n\n<p>Derzeit sind zum Einbau der neuen Mess-Systeme (Z\u00e4hler plus \u00dcbertragungsmodul) verpflichtet:<\/p>\n\n\n\n<p>Haushalte mit einem Stromverbrauch von mehr als 6000 Kilowattstunden (kWh) pro Jahr.&nbsp;Berechnet wird der Verbrauch auf Basis der Verbrauchswerte der letzten drei Jahre. Werden weniger als 6000 kWh verbraucht, ist der Einbau freiwillig.<\/p>\n\n\n\n<p>Strom erzeugende Anlagen (zum Beispiel Photovoltaikanlagen) mit einer Nennleistung von mehr als 7 Kilowatt (kW).&nbsp;Liegt die Leistung darunter, kann der Messstellenbetreiber wieder selbst \u00fcber den Einbau entscheiden.<\/p>\n\n\n\n<p class=\"has-background\" style=\"background-color:#e3e7eb\"><strong>Wichtig: <\/strong>Der Stromkunde kann einem vom Messstellenbetreiber geplanten Einbau des Mess-Systems nicht widersprechen. Das gilt auch f\u00fcr den Fall, dass der Einbau gesetzlich nicht verpflichtend ist.<\/p>\n\n\n\n<p><strong>Wer ist Messstellenbetreiber?<\/strong><\/p>\n\n\n\n<p>Messstellenbetreiber sind in den meisten F\u00e4llen die \u00f6rtlichen Netzbetreiber. Da der Messtellenbetreiber f\u00fcr die Umsetzung der gesetzlichen Vorgaben zust\u00e4ndig sind, kommen diese auf den Verbraucher zu.<\/p>\n\n\n\n<p>Der Einbau eines digitalen Z\u00e4hlers oder eines intelligenten Messsystems mindestens drei Monate vor dem Einbau angek\u00fcndigt werden. In der Ank\u00fcndigung muss auch darauf hingewiesen werden, dass der Verbraucher das Recht hat, einen anderen Betreiber zu w\u00e4hlen. Steht der Einbautermin fest, muss dieser mindestens 14 Tage vorher angek\u00fcndigt werden. In dieser Ank\u00fcndigung muss auch ein Alternativtermin angeboten werden.<\/p>\n\n\n\n<p><strong>Wer w\u00e4hlt den Messtellenbetreiber aus?<\/strong><\/p>\n\n\n\n<p>Das Auswahlrecht liegt grunds\u00e4tzlich beim Mieter. Der Vermieter kann aber unter bestimmten Voraussetzungen dieses Recht an sich ziehen, um im Haus eine einheitliche L\u00f6sung zu bekommen. Voraussetzungen sind:<\/p>\n\n\n\n<figure class=\"wp-block-table\"><table><tbody><tr><td>Das gesamte Geb\u00e4ude muss mit den Mess-Systemen ausgestattet werden.<\/td><\/tr><tr><td>Das System muss f\u00fcr Strom und einen weiteren Versorgungsbereich (Gas, Heiz- oder Fernw\u00e4rme) installiert werden.<\/td><\/tr><tr><td>Dem Mieter d\u00fcrfen keine Mehrkosten gegen\u00fcber einem bereits installierten System entstehen.<\/td><\/tr><\/tbody><\/table><\/figure>\n\n\n\n<p>Zieht der Mieter das Auswahlrecht an sich, kann der Mieter verlangen, dass die derzeit zu zahlenden Geb\u00fchren anhand von verschiedenen Vergleichsangeboten \u00fcberpr\u00fcft werden.<\/p>\n\n\n\n<p><strong>Die Kosten<\/strong><\/p>\n\n\n\n<p>Laut Gesetz gelten die folgenden Obergrenzen f\u00fcr verpflichtend eingebaute Mess-Systeme. Die unten aufgef\u00fchrten Preise d\u00fcrfen allerdings \u00fcberschritten werden, wenn der Verbraucher einen digitalen Z\u00e4hler freiwillig einbauen l\u00e4sst oder vom grunds\u00e4tzlich zust\u00e4ndigen Messstellenbetreiber zu einem anderen Betreiber wechselt.<\/p>\n\n\n\n<figure class=\"wp-block-table\"><table><thead><tr><td><strong>Bei<\/strong><\/td><td><strong>Maximal<\/strong><\/td><\/tr><\/thead><tbody><tr><td>Stromverbrauch bis einschlie\u00dflich 2.000 kWh\/Jahr<\/td><td>23 \u20ac\/Jahr<\/td><\/tr><tr><td>Stromverbrauch \u00fcber 2.000 bis einschlie\u00dflich 3.000 kWh\/Jahr<\/td><td>30 \u20ac\/Jahr<\/td><\/tr><tr><td>Stromverbrauch \u00fcber 3.000 bis einschlie\u00dflich 4.000 kWh\/Jahr<\/td><td>40 \u20ac\/Jahr<\/td><\/tr><tr><td>Stromverbrauch \u00fcber 4.000 bis einschlie\u00dflich 6.000 kWh\/Jahr<\/td><td>60 \u20ac\/Jahr<\/td><\/tr><tr><td>Stromverbrauch \u00fcber 6.000 bis einschlie\u00dflich 10.000 kWh\/Jahr<\/td><td>100 \u20ac\/Jahr<\/td><\/tr><tr><td>Stromverbrauch \u00fcber 10.000 bis einschlie\u00dflich 20.000 kWh\/Jahr<\/td><td>130 \u20ac\/Jahr<\/td><\/tr><tr><td>PV-Neuanlage oder anderer Strom erzeugende&nbsp;Neuanlage, Nennleistung: 1 bis 7 kw<\/td><td>60 \u20ac\/Jahr<\/td><\/tr><tr><td>PV-Anlage oder anderer Strom erzeugende Anlage, Nennleistung \u00fcber 7 bis 15 kW<\/td><td>100 \u20ac\/Jahr<\/td><\/tr><tr><td>W\u00e4rmepumpe, Nachtspeicher o.a. steuerbarer Verbrauchseinrichtung<\/td><td>100 \u20ac\/Jahr<\/td><\/tr><\/tbody><\/table><\/figure>\n\n\n\n<p><br>F\u00fcr eine moderne Messeinrichtung mit \u00dcbertragungsmodul d\u00fcrfen &#8211; unabh\u00e4ngig vom Verbrauch &#8211; maximal 20 \u20ac\/ Jahr zus\u00e4tzlich berechnet werden.<\/p>\n\n\n\n<p>Weitere Kosten k\u00f6nnen entstehen, wenn f\u00fcr die Installation der modernen Messeinrichtung oder des intelligenten Messsystems ein Umbau des Z\u00e4hlerschranks notwendig ist.<\/p>\n\n\n\n<p><strong>Was geschieht mit den erhobenen Daten?<\/strong><\/p>\n\n\n\n<p>Die erfassten Daten werden nur weitergeleitet, wenn ein Mess-System mit Z\u00e4hler und \u00dcbertragungsmodul eingebaut wurde. Fehlt das Modul, m\u00fcssen die Daten auch weiterhin abgelesen werden. Bei einem System werden die Daten an Stromversorger und Netzbetreiber weitergeleitet.<\/p>\n\n\n\n<p>Der Energieversorger muss ihnen bei einem vorhandenen System monatlich mitteilen, was sie an Strom verbraucht haben. Er darf hierf\u00fcr keine Geb\u00fchren verlangen. Sie k\u00f6nnen mit dem Stromlieferanten aber auch andere Intervalle (z. B. viertel- oder halbj\u00e4hrlich) vereinbaren.<\/p>\n\n\n\n<p>Wird mehr als 10.000 kWh verbraucht oder eine stromerzeugende Anlage betrieben, erh\u00e4lt der Verbraucher beziehungsweise Betreiber der stromerzeugenden Anlage erhalten t\u00e4glich eine \u00dcbersicht \u00fcber den Verbrauch beziehungsweise die Einspeisung des Stroms am Vortag.<\/p>\n\n\n\n<p class=\"has-background\" style=\"background-color:#e7e2d2\"><em><strong>Das k\u00f6nnte Sie auch interessieren:<\/strong><\/em><br><a href=\"https:\/\/www.buhl.de\/vermieter-web\/sicheres-smarthome\/\" data-type=\"post\" data-id=\"12742\">Sicheres Smarthome<\/a><br><a href=\"https:\/\/www.buhl.de\/vermieter-web\/heizkosten-im-griff-dank-energiedatenmanagement\/\" data-type=\"post\" data-id=\"4522\">Heizkosten im Griff \u2013 dank Energiedatenmanagement<\/a><br><a href=\"https:\/\/www.buhl.de\/vermieter-web\/solarstrom-aus-der-steckdose\/\" data-type=\"post\" data-id=\"12980\">Solarstrom aus der Steckdose<\/a><\/p>\n","protected":false},"excerpt":{"rendered":"<p>Immer h\u00e4ufiger h\u00f6rt man von \u201eSmart Metern\u201c, den intelligenten Mess-Systemen. Doch was steckt hinter diesen Versprechungen? Was sind Smart Meter und welche Vorteile bringen sie? Wie funktioniert das Smart-Meter-Messsystem? Ein intelligentes Mess-System besteht auf zwei Komponenten: Dem digitalen Stromz\u00e4hler und einem Modul zur Daten\u00fcbertragung. Der Stromz\u00e4hler erfasst, verarbeitet und speichert die Daten. Er kann auch &hellip; <\/p>\n<p class=\"link-more\"><a href=\"https:\/\/www.buhl.de\/vermieter-web\/smart-meter-was-ist-das\/\" class=\"more-link\"><span class=\"screen-reader-text\">\u201eSmart-Meter \u2013 was ist das?\u201c<\/span> weiterlesen<\/a><\/p>\n","protected":false},"author":15,"featured_media":13244,"comment_status":"closed","ping_status":"open","sticky":false,"template":"","format":"standard","meta":{"footnotes":""},"categories":[1],"tags":[5522,4817,5523],"class_list":["post-13233","post","type-post","status-publish","format-standard","has-post-thumbnail","hentry","category-allgemein","tag-smart-meter","tag-smarthome","tag-smartmeter"],"yoast_head":"<!-- This site is optimized with the Yoast SEO Premium plugin v27.4 (Yoast SEO v27.5) - https:\/\/yoast.com\/product\/yoast-seo-premium-wordpress\/ -->\n<title>Neue Systeme zur Verbrauchserfassung: Smart-Meter ersetzen alte Z\u00e4hler<\/title>\n<meta name=\"description\" content=\"Immer h\u00e4ufiger h\u00f6rt man von \u201eSmart Metern\u201c, den intelligenten Mess-Systemen. Doch was steckt hinter diesen Versprechungen? Was sind Smart Meter und welche Vorteile bringen sie?\" \/>\n<meta name=\"robots\" content=\"noindex, nofollow\" \/>\n<meta property=\"og:locale\" content=\"de_DE\" \/>\n<meta property=\"og:type\" content=\"article\" \/>\n<meta property=\"og:title\" content=\"Smart-Meter \u2013 was ist das?\" \/>\n<meta property=\"og:description\" content=\"Immer h\u00e4ufiger h\u00f6rt man von \u201eSmart Metern\u201c, den intelligenten Mess-Systemen. Doch was steckt hinter diesen Versprechungen? Was sind Smart Meter und welche Vorteile bringen sie?\" \/>\n<meta property=\"og:url\" content=\"https:\/\/www.buhl.de\/vermieter-web\/smart-meter-was-ist-das\/\" \/>\n<meta property=\"og:site_name\" content=\"Online-Nebenkostenabrechnung mit WISO Vermieter-Web\" \/>\n<meta property=\"article:published_time\" content=\"2020-12-28T15:00:56+00:00\" \/>\n<meta property=\"article:modified_time\" content=\"2020-12-30T08:28:19+00:00\" \/>\n<meta property=\"og:image\" content=\"https:\/\/www.buhl.de\/vermieter-web\/wp-content\/uploads\/sites\/33\/2020\/12\/shutterstock_624657530_edit.jpg\" \/>\n\t<meta property=\"og:image:width\" content=\"840\" \/>\n\t<meta property=\"og:image:height\" content=\"420\" \/>\n\t<meta property=\"og:image:type\" content=\"image\/jpeg\" \/>\n<meta name=\"author\" content=\"Hartmut Fischer\" \/>\n<meta name=\"twitter:card\" content=\"summary_large_image\" \/>\n<meta name=\"twitter:label1\" content=\"Verfasst von\" \/>\n\t<meta name=\"twitter:data1\" content=\"Hartmut Fischer\" \/>\n\t<meta name=\"twitter:label2\" content=\"Gesch\u00e4tzte Lesezeit\" \/>\n\t<meta name=\"twitter:data2\" content=\"4\u00a0Minuten\" \/>\n<script type=\"application\/ld+json\" class=\"yoast-schema-graph\">{\"@context\":\"https:\\\/\\\/schema.org\",\"@graph\":[{\"@type\":\"Article\",\"@id\":\"https:\\\/\\\/www.buhl.de\\\/vermieter-web\\\/smart-meter-was-ist-das\\\/#article\",\"isPartOf\":{\"@id\":\"https:\\\/\\\/www.buhl.de\\\/vermieter-web\\\/smart-meter-was-ist-das\\\/\"},\"author\":{\"name\":\"Hartmut Fischer\",\"@id\":\"https:\\\/\\\/www.buhl.de\\\/vermieter-web\\\/#\\\/schema\\\/person\\\/82903e1cb04eb553382702d503991b4f\"},\"headline\":\"Smart-Meter \u2013 was ist das?\",\"datePublished\":\"2020-12-28T15:00:56+00:00\",\"dateModified\":\"2020-12-30T08:28:19+00:00\",\"mainEntityOfPage\":{\"@id\":\"https:\\\/\\\/www.buhl.de\\\/vermieter-web\\\/smart-meter-was-ist-das\\\/\"},\"wordCount\":822,\"image\":{\"@id\":\"https:\\\/\\\/www.buhl.de\\\/vermieter-web\\\/smart-meter-was-ist-das\\\/#primaryimage\"},\"thumbnailUrl\":\"https:\\\/\\\/www.buhl.de\\\/vermieter-web\\\/wp-content\\\/uploads\\\/sites\\\/33\\\/2020\\\/12\\\/shutterstock_624657530_edit.jpg\",\"keywords\":[\"Smart-Meter\",\"Smarthome\",\"Smartmeter\"],\"inLanguage\":\"de\"},{\"@type\":\"WebPage\",\"@id\":\"https:\\\/\\\/www.buhl.de\\\/vermieter-web\\\/smart-meter-was-ist-das\\\/\",\"url\":\"https:\\\/\\\/www.buhl.de\\\/vermieter-web\\\/smart-meter-was-ist-das\\\/\",\"name\":\"Neue Systeme zur Verbrauchserfassung: Smart-Meter ersetzen alte Z\u00e4hler\",\"isPartOf\":{\"@id\":\"https:\\\/\\\/www.buhl.de\\\/vermieter-web\\\/#website\"},\"primaryImageOfPage\":{\"@id\":\"https:\\\/\\\/www.buhl.de\\\/vermieter-web\\\/smart-meter-was-ist-das\\\/#primaryimage\"},\"image\":{\"@id\":\"https:\\\/\\\/www.buhl.de\\\/vermieter-web\\\/smart-meter-was-ist-das\\\/#primaryimage\"},\"thumbnailUrl\":\"https:\\\/\\\/www.buhl.de\\\/vermieter-web\\\/wp-content\\\/uploads\\\/sites\\\/33\\\/2020\\\/12\\\/shutterstock_624657530_edit.jpg\",\"datePublished\":\"2020-12-28T15:00:56+00:00\",\"dateModified\":\"2020-12-30T08:28:19+00:00\",\"author\":{\"@id\":\"https:\\\/\\\/www.buhl.de\\\/vermieter-web\\\/#\\\/schema\\\/person\\\/82903e1cb04eb553382702d503991b4f\"},\"description\":\"Immer h\u00e4ufiger h\u00f6rt man von \u201eSmart Metern\u201c, den intelligenten Mess-Systemen. Doch was steckt hinter diesen Versprechungen? Was sind Smart Meter und welche Vorteile bringen sie?\",\"breadcrumb\":{\"@id\":\"https:\\\/\\\/www.buhl.de\\\/vermieter-web\\\/smart-meter-was-ist-das\\\/#breadcrumb\"},\"inLanguage\":\"de\",\"potentialAction\":[{\"@type\":\"ReadAction\",\"target\":[\"https:\\\/\\\/www.buhl.de\\\/vermieter-web\\\/smart-meter-was-ist-das\\\/\"]}]},{\"@type\":\"ImageObject\",\"inLanguage\":\"de\",\"@id\":\"https:\\\/\\\/www.buhl.de\\\/vermieter-web\\\/smart-meter-was-ist-das\\\/#primaryimage\",\"url\":\"https:\\\/\\\/www.buhl.de\\\/vermieter-web\\\/wp-content\\\/uploads\\\/sites\\\/33\\\/2020\\\/12\\\/shutterstock_624657530_edit.jpg\",\"contentUrl\":\"https:\\\/\\\/www.buhl.de\\\/vermieter-web\\\/wp-content\\\/uploads\\\/sites\\\/33\\\/2020\\\/12\\\/shutterstock_624657530_edit.jpg\",\"width\":840,\"height\":420},{\"@type\":\"BreadcrumbList\",\"@id\":\"https:\\\/\\\/www.buhl.de\\\/vermieter-web\\\/smart-meter-was-ist-das\\\/#breadcrumb\",\"itemListElement\":[{\"@type\":\"ListItem\",\"position\":1,\"name\":\"Startseite\",\"item\":\"https:\\\/\\\/www.buhl.de\\\/vermieter-web\\\/\"},{\"@type\":\"ListItem\",\"position\":2,\"name\":\"Smart-Meter \u2013 was ist das?\"}]},{\"@type\":\"WebSite\",\"@id\":\"https:\\\/\\\/www.buhl.de\\\/vermieter-web\\\/#website\",\"url\":\"https:\\\/\\\/www.buhl.de\\\/vermieter-web\\\/\",\"name\":\"Online-Nebenkostenabrechnung mit WISO Vermieter-Web\",\"description\":\"\",\"potentialAction\":[{\"@type\":\"SearchAction\",\"target\":{\"@type\":\"EntryPoint\",\"urlTemplate\":\"https:\\\/\\\/www.buhl.de\\\/vermieter-web\\\/?s={search_term_string}\"},\"query-input\":{\"@type\":\"PropertyValueSpecification\",\"valueRequired\":true,\"valueName\":\"search_term_string\"}}],\"inLanguage\":\"de\"},{\"@type\":\"Person\",\"@id\":\"https:\\\/\\\/www.buhl.de\\\/vermieter-web\\\/#\\\/schema\\\/person\\\/82903e1cb04eb553382702d503991b4f\",\"name\":\"Hartmut Fischer\"}]}<\/script>\n<!-- \/ Yoast SEO Premium plugin. -->","yoast_head_json":{"title":"Neue Systeme zur Verbrauchserfassung: Smart-Meter ersetzen alte Z\u00e4hler","description":"Immer h\u00e4ufiger h\u00f6rt man von \u201eSmart Metern\u201c, den intelligenten Mess-Systemen. Doch was steckt hinter diesen Versprechungen? Was sind Smart Meter und welche Vorteile bringen sie?","robots":{"index":"noindex","follow":"nofollow"},"og_locale":"de_DE","og_type":"article","og_title":"Smart-Meter \u2013 was ist das?","og_description":"Immer h\u00e4ufiger h\u00f6rt man von \u201eSmart Metern\u201c, den intelligenten Mess-Systemen. Doch was steckt hinter diesen Versprechungen? Was sind Smart Meter und welche Vorteile bringen sie?","og_url":"https:\/\/www.buhl.de\/vermieter-web\/smart-meter-was-ist-das\/","og_site_name":"Online-Nebenkostenabrechnung mit WISO Vermieter-Web","article_published_time":"2020-12-28T15:00:56+00:00","article_modified_time":"2020-12-30T08:28:19+00:00","og_image":[{"width":840,"height":420,"url":"https:\/\/www.buhl.de\/vermieter-web\/wp-content\/uploads\/sites\/33\/2020\/12\/shutterstock_624657530_edit.jpg","type":"image\/jpeg"}],"author":"Hartmut Fischer","twitter_card":"summary_large_image","twitter_misc":{"Verfasst von":"Hartmut Fischer","Gesch\u00e4tzte Lesezeit":"4\u00a0Minuten"},"schema":{"@context":"https:\/\/schema.org","@graph":[{"@type":"Article","@id":"https:\/\/www.buhl.de\/vermieter-web\/smart-meter-was-ist-das\/#article","isPartOf":{"@id":"https:\/\/www.buhl.de\/vermieter-web\/smart-meter-was-ist-das\/"},"author":{"name":"Hartmut Fischer","@id":"https:\/\/www.buhl.de\/vermieter-web\/#\/schema\/person\/82903e1cb04eb553382702d503991b4f"},"headline":"Smart-Meter \u2013 was ist das?","datePublished":"2020-12-28T15:00:56+00:00","dateModified":"2020-12-30T08:28:19+00:00","mainEntityOfPage":{"@id":"https:\/\/www.buhl.de\/vermieter-web\/smart-meter-was-ist-das\/"},"wordCount":822,"image":{"@id":"https:\/\/www.buhl.de\/vermieter-web\/smart-meter-was-ist-das\/#primaryimage"},"thumbnailUrl":"https:\/\/www.buhl.de\/vermieter-web\/wp-content\/uploads\/sites\/33\/2020\/12\/shutterstock_624657530_edit.jpg","keywords":["Smart-Meter","Smarthome","Smartmeter"],"inLanguage":"de"},{"@type":"WebPage","@id":"https:\/\/www.buhl.de\/vermieter-web\/smart-meter-was-ist-das\/","url":"https:\/\/www.buhl.de\/vermieter-web\/smart-meter-was-ist-das\/","name":"Neue Systeme zur Verbrauchserfassung: Smart-Meter ersetzen alte Z\u00e4hler","isPartOf":{"@id":"https:\/\/www.buhl.de\/vermieter-web\/#website"},"primaryImageOfPage":{"@id":"https:\/\/www.buhl.de\/vermieter-web\/smart-meter-was-ist-das\/#primaryimage"},"image":{"@id":"https:\/\/www.buhl.de\/vermieter-web\/smart-meter-was-ist-das\/#primaryimage"},"thumbnailUrl":"https:\/\/www.buhl.de\/vermieter-web\/wp-content\/uploads\/sites\/33\/2020\/12\/shutterstock_624657530_edit.jpg","datePublished":"2020-12-28T15:00:56+00:00","dateModified":"2020-12-30T08:28:19+00:00","author":{"@id":"https:\/\/www.buhl.de\/vermieter-web\/#\/schema\/person\/82903e1cb04eb553382702d503991b4f"},"description":"Immer h\u00e4ufiger h\u00f6rt man von \u201eSmart Metern\u201c, den intelligenten Mess-Systemen. Doch was steckt hinter diesen Versprechungen? Was sind Smart Meter und welche Vorteile bringen sie?","breadcrumb":{"@id":"https:\/\/www.buhl.de\/vermieter-web\/smart-meter-was-ist-das\/#breadcrumb"},"inLanguage":"de","potentialAction":[{"@type":"ReadAction","target":["https:\/\/www.buhl.de\/vermieter-web\/smart-meter-was-ist-das\/"]}]},{"@type":"ImageObject","inLanguage":"de","@id":"https:\/\/www.buhl.de\/vermieter-web\/smart-meter-was-ist-das\/#primaryimage","url":"https:\/\/www.buhl.de\/vermieter-web\/wp-content\/uploads\/sites\/33\/2020\/12\/shutterstock_624657530_edit.jpg","contentUrl":"https:\/\/www.buhl.de\/vermieter-web\/wp-content\/uploads\/sites\/33\/2020\/12\/shutterstock_624657530_edit.jpg","width":840,"height":420},{"@type":"BreadcrumbList","@id":"https:\/\/www.buhl.de\/vermieter-web\/smart-meter-was-ist-das\/#breadcrumb","itemListElement":[{"@type":"ListItem","position":1,"name":"Startseite","item":"https:\/\/www.buhl.de\/vermieter-web\/"},{"@type":"ListItem","position":2,"name":"Smart-Meter \u2013 was ist das?"}]},{"@type":"WebSite","@id":"https:\/\/www.buhl.de\/vermieter-web\/#website","url":"https:\/\/www.buhl.de\/vermieter-web\/","name":"Online-Nebenkostenabrechnung mit WISO Vermieter-Web","description":"","potentialAction":[{"@type":"SearchAction","target":{"@type":"EntryPoint","urlTemplate":"https:\/\/www.buhl.de\/vermieter-web\/?s={search_term_string}"},"query-input":{"@type":"PropertyValueSpecification","valueRequired":true,"valueName":"search_term_string"}}],"inLanguage":"de"},{"@type":"Person","@id":"https:\/\/www.buhl.de\/vermieter-web\/#\/schema\/person\/82903e1cb04eb553382702d503991b4f","name":"Hartmut Fischer"}]}},"_links":{"self":[{"href":"https:\/\/www.buhl.de\/vermieter-web\/wp-json\/wp\/v2\/posts\/13233","targetHints":{"allow":["GET"]}}],"collection":[{"href":"https:\/\/www.buhl.de\/vermieter-web\/wp-json\/wp\/v2\/posts"}],"about":[{"href":"https:\/\/www.buhl.de\/vermieter-web\/wp-json\/wp\/v2\/types\/post"}],"author":[{"embeddable":true,"href":"https:\/\/www.buhl.de\/vermieter-web\/wp-json\/wp\/v2\/users\/15"}],"replies":[{"embeddable":true,"href":"https:\/\/www.buhl.de\/vermieter-web\/wp-json\/wp\/v2\/comments?post=13233"}],"version-history":[{"count":6,"href":"https:\/\/www.buhl.de\/vermieter-web\/wp-json\/wp\/v2\/posts\/13233\/revisions"}],"predecessor-version":[{"id":13245,"href":"https:\/\/www.buhl.de\/vermieter-web\/wp-json\/wp\/v2\/posts\/13233\/revisions\/13245"}],"wp:featuredmedia":[{"embeddable":true,"href":"https:\/\/www.buhl.de\/vermieter-web\/wp-json\/wp\/v2\/media\/13244"}],"wp:attachment":[{"href":"https:\/\/www.buhl.de\/vermieter-web\/wp-json\/wp\/v2\/media?parent=13233"}],"wp:term":[{"taxonomy":"category","embeddable":true,"href":"https:\/\/www.buhl.de\/vermieter-web\/wp-json\/wp\/v2\/categories?post=13233"},{"taxonomy":"post_tag","embeddable":true,"href":"https:\/\/www.buhl.de\/vermieter-web\/wp-json\/wp\/v2\/tags?post=13233"}],"curies":[{"name":"wp","href":"https:\/\/api.w.org\/{rel}","templated":true}]}}