{"id":13267,"date":"2021-01-11T08:59:14","date_gmt":"2021-01-11T07:59:14","guid":{"rendered":"http:\/\/www.buhl.de\/vermieter-web\/?p=13267"},"modified":"2021-01-11T08:59:15","modified_gmt":"2021-01-11T07:59:15","slug":"weg-zustimmung-der-gemeinschaft-zur-vermietung","status":"publish","type":"post","link":"https:\/\/www.buhl.de\/vermieter-web\/weg-zustimmung-der-gemeinschaft-zur-vermietung\/","title":{"rendered":"WEG: Zustimmung der Gemeinschaft zur Vermietung"},"content":{"rendered":"\n<p><strong>In der Gemeinschaftsordnung kann vereinbart werden, dass ein Wohnungseigent\u00fcmer die Zustimmung zur Vermietung von den anderen Mietern ben\u00f6tigt und diese sie nur bei wichtigem Grund verweigern k\u00f6nnen. Aus der Vereinbarung ergibt sich aber nicht die Verpflichtung des vermietenden Eigent\u00fcmers, den Mietvertrag offen zu legen. Das entschied der Bundesgerichtshof am 25.09.2020 (Aktenzeichen V ZR 300\/18).<\/strong><\/p>\n\n\n\n<p class=\"has-background\" style=\"background-color:#eed896\"><a href=\"https:\/\/juris.bundesgerichtshof.de\/cgi-bin\/rechtsprechung\/document.py?Gericht=bgh&amp;Art=en&amp;sid=c6931e5b55d5ca056dac37090a36ea0c&amp;nr=112784&amp;pos=0&amp;anz=1\">Hier k\u00f6nnen Sie das Originalurteil nachlesen.<\/a><\/p>\n\n\n\n<p>In dem Verfahren stritt ein Wohnungseigent\u00fcmer mit der Eigent\u00fcmergemeinschaft. Zwischen den Eigent\u00fcmern war vereinbart worden, dass f\u00fcr eine Vermietung die Zustimmung der anderen Eigent\u00fcmer notwendig sei. Die Eigent\u00fcmergemeinschaft durfte aber die Zustimmung lediglich aus wichtigem Grund verweigern. Der Eigent\u00fcmer, der vermieten wollte, bat um die Einwilligung der anderen Eigent\u00fcmer, die diese jedoch verweigerten. Sie verlangten zun\u00e4chst die Vorlage des Mietvertrages. Hierzu war  der Vermieter aber nicht bereit.<\/p>\n\n\n\n<p>Der Bundesgerichthof entschied, dass er dies auch nicht m\u00fcsse. Grunds\u00e4tzlich k\u00f6nne ein Zustimmungsvorbehalt vereinbart werden (<a href=\"https:\/\/www.gesetze-im-internet.de\/woeigg\/__13.html\">\u00a7 13 Abs. 1 WEG<\/a>). Damit solle sichergestellt werden, dass keine Personen in die Gemeinschaft aufgenommen werden, die von den anderen Eigent\u00fcmern aus berechtigten Gr\u00fcnden nicht akzeptiert w\u00fcrden. Hierzu reiche es aber aus, dass der vermietende Eigent\u00fcmer nur die Fakten vorlege, aus denen ersichtlich sei, ob wichtige Gr\u00fcnde gegen die Vermietung sprechen.<\/p>\n\n\n\n<p>Zu diesen Informationen und Unterlagen geh\u00f6rten Name, Beruf, Familienstand und Wohnanschrift des Mietinteressenten sowie die Zahl der einziehenden Personen. Hier\u00fcber hatte der vermietende Eigent\u00fcmer informiert. Weitere f\u00fcr die Zustimmung notwendige Informationen erg\u00e4ben sich aus dem Mietvertrag nicht. Es handele sich dabei um interne Vereinbarungen zwischen Vermieter und Mieter, \u00fcber die der Eigent\u00fcmer die anderen Wohnungseigent\u00fcmer nicht informieren m\u00fcsse.<\/p>\n\n\n\n<p>Aus dem Inhalt des Mietvertrages k\u00f6nnten sich zwar in besonderen Ausnahmef\u00e4llen Anhaltspunkte daf\u00fcr ergeben, dass der Mietbewerber die Regeln der Wohnungseigent\u00fcmergemeinschaft nicht einhalten wolle. Selbst rechtlich oder tats\u00e4chlich unzutreffende Angaben im Vertrag erg\u00e4ben aber normalerweise keine belastbaren objektiven Anhaltspunkte daf\u00fcr, dass sich der Mieter der Wohnung seinen Verpflichtungen als Teil der Wohnungseigent\u00fcmergemeinschaft entziehen wolle.<\/p>\n\n\n\n<p>Hinzu k\u00e4me, dass die Gemeinschaft der Vermietung allgemein zustimmen, nicht aber den konkreten Mietvertrag genehmigen m\u00fcsse. Es ginge also um die Zustimmung zu einer bestimmten Nutzung der Eigentumswohnung (der Vermietung). Welche Vereinbarungen hierbei Vermieter und Mieter schlie\u00dfen w\u00fcrden, spiele f\u00fcr die Entscheidung keine Rolle.<\/p>\n\n\n\n<p>Im Mietvertrag k\u00f6nne der Vermieter auch keine Vereinbarungen treffen, die \u00fcber seine Rechte als Eigent\u00fcmer einer Wohnung hinausgehen w\u00fcrden. Er bleibe gegen\u00fcber den anderen Wohnungseigent\u00fcmern in der Pflicht, dass seine Mieter nicht die Nutzungsgrenzen \u00fcberschreiten, die f\u00fcr ihn selbst als Wohnungseigent\u00fcmer gelten (<a href=\"https:\/\/www.gesetze-im-internet.de\/woeigg\/__14.html\">\u00a7 14 Nr. 2 WEG<\/a>).<\/p>\n\n\n\n<p><strong><em>Das k\u00f6nnte Sie auch interessieren:<\/em><\/strong><br><a href=\"https:\/\/www.buhl.de\/vermieter-web\/weg-kunststoff-statt-holz-modernisierende-instandsetzung\/\" data-type=\"post\" data-id=\"13230\">WEG: Kunststoff statt Holz \u2013 Modernisierende Instandsetzung<\/a><br><a href=\"https:\/\/www.buhl.de\/vermieter-web\/weg-verwalter-kann-sein-amt-jederzeit-niederlegen\/\" data-type=\"post\" data-id=\"13221\">WEG: Verwalter kann sein Amt jederzeit niederlegen<\/a><br><a href=\"https:\/\/www.buhl.de\/vermieter-web\/weg-versammlung-open-air\/\" data-type=\"post\" data-id=\"13056\">WEG-Versammlung open air?<\/a><\/p>\n","protected":false},"excerpt":{"rendered":"<p>In der Gemeinschaftsordnung kann vereinbart werden, dass ein Wohnungseigent\u00fcmer die Zustimmung zur Vermietung von den anderen Mietern ben\u00f6tigt und diese sie nur bei wichtigem Grund verweigern k\u00f6nnen. Aus der Vereinbarung ergibt sich aber nicht die Verpflichtung des vermietenden Eigent\u00fcmers, den Mietvertrag offen zu legen. Das entschied der Bundesgerichtshof am 25.09.2020 (Aktenzeichen V ZR 300\/18). Hier &hellip; <\/p>\n<p class=\"link-more\"><a href=\"https:\/\/www.buhl.de\/vermieter-web\/weg-zustimmung-der-gemeinschaft-zur-vermietung\/\" class=\"more-link\"><span class=\"screen-reader-text\">\u201eWEG: Zustimmung der Gemeinschaft zur Vermietung\u201c<\/span> weiterlesen<\/a><\/p>\n","protected":false},"author":15,"featured_media":13255,"comment_status":"closed","ping_status":"open","sticky":false,"template":"","format":"standard","meta":{"footnotes":""},"categories":[1],"tags":[4244,392,2369,5530,402],"class_list":["post-13267","post","type-post","status-publish","format-standard","has-post-thumbnail","hentry","category-allgemein","tag-vermietung","tag-weg","tag-wohneigentum","tag-wohneigentuemergemeinschaft","tag-zustimmung"],"yoast_head":"<!-- This site is optimized with the Yoast SEO Premium plugin v27.4 (Yoast SEO v27.5) - https:\/\/yoast.com\/product\/yoast-seo-premium-wordpress\/ -->\n<title>WEG: Zur Zustimmung der Wonungsvermietung muss kein Mietvertrag vorgelegt werden<\/title>\n<meta name=\"description\" content=\"Grunds\u00e4tzlich kann vereinbart werden, dass f\u00fcr die Vermietung einer Eigentumswohnung die Zustimmung der Wohneigent\u00fcmergemeinschaft einzuholen ist. Diese kann nur aus wichtigem Grund verweigert werden. Der Mietvertrag muss der Gemeinschaft nicht vorgelegt werden.\" \/>\n<meta name=\"robots\" content=\"noindex, nofollow\" \/>\n<meta property=\"og:locale\" content=\"de_DE\" \/>\n<meta property=\"og:type\" content=\"article\" \/>\n<meta property=\"og:title\" content=\"WEG: Zustimmung der Gemeinschaft zur Vermietung\" \/>\n<meta property=\"og:description\" content=\"Grunds\u00e4tzlich kann vereinbart werden, dass f\u00fcr die Vermietung einer Eigentumswohnung die Zustimmung der Wohneigent\u00fcmergemeinschaft einzuholen ist. Diese kann nur aus wichtigem Grund verweigert werden. Der Mietvertrag muss der Gemeinschaft nicht vorgelegt werden.\" \/>\n<meta property=\"og:url\" content=\"https:\/\/www.buhl.de\/vermieter-web\/weg-zustimmung-der-gemeinschaft-zur-vermietung\/\" \/>\n<meta property=\"og:site_name\" content=\"Online-Nebenkostenabrechnung mit WISO Vermieter-Web\" \/>\n<meta property=\"article:published_time\" content=\"2021-01-11T07:59:14+00:00\" \/>\n<meta property=\"article:modified_time\" content=\"2021-01-11T07:59:15+00:00\" \/>\n<meta property=\"og:image\" content=\"https:\/\/www.buhl.de\/vermieter-web\/wp-content\/uploads\/sites\/33\/2021\/01\/platzhalter.png\" \/>\n\t<meta property=\"og:image:width\" content=\"844\" \/>\n\t<meta property=\"og:image:height\" content=\"424\" \/>\n\t<meta property=\"og:image:type\" content=\"image\/png\" \/>\n<meta name=\"author\" content=\"Hartmut Fischer\" \/>\n<meta name=\"twitter:card\" content=\"summary_large_image\" \/>\n<meta name=\"twitter:label1\" content=\"Verfasst von\" \/>\n\t<meta name=\"twitter:data1\" content=\"Hartmut Fischer\" \/>\n\t<meta name=\"twitter:label2\" content=\"Gesch\u00e4tzte Lesezeit\" \/>\n\t<meta name=\"twitter:data2\" content=\"2\u00a0Minuten\" \/>\n<script type=\"application\/ld+json\" class=\"yoast-schema-graph\">{\"@context\":\"https:\\\/\\\/schema.org\",\"@graph\":[{\"@type\":\"Article\",\"@id\":\"https:\\\/\\\/www.buhl.de\\\/vermieter-web\\\/weg-zustimmung-der-gemeinschaft-zur-vermietung\\\/#article\",\"isPartOf\":{\"@id\":\"https:\\\/\\\/www.buhl.de\\\/vermieter-web\\\/weg-zustimmung-der-gemeinschaft-zur-vermietung\\\/\"},\"author\":{\"name\":\"Hartmut Fischer\",\"@id\":\"https:\\\/\\\/www.buhl.de\\\/vermieter-web\\\/#\\\/schema\\\/person\\\/82903e1cb04eb553382702d503991b4f\"},\"headline\":\"WEG: Zustimmung der Gemeinschaft zur Vermietung\",\"datePublished\":\"2021-01-11T07:59:14+00:00\",\"dateModified\":\"2021-01-11T07:59:15+00:00\",\"mainEntityOfPage\":{\"@id\":\"https:\\\/\\\/www.buhl.de\\\/vermieter-web\\\/weg-zustimmung-der-gemeinschaft-zur-vermietung\\\/\"},\"wordCount\":467,\"image\":{\"@id\":\"https:\\\/\\\/www.buhl.de\\\/vermieter-web\\\/weg-zustimmung-der-gemeinschaft-zur-vermietung\\\/#primaryimage\"},\"thumbnailUrl\":\"https:\\\/\\\/www.buhl.de\\\/vermieter-web\\\/wp-content\\\/uploads\\\/sites\\\/33\\\/2021\\\/01\\\/platzhalter.png\",\"keywords\":[\"Vermietung\",\"WEG\",\"Wohneigentum\",\"Wohneigent\u00fcmergemeinschaft\",\"Zustimmung\"],\"inLanguage\":\"de\"},{\"@type\":\"WebPage\",\"@id\":\"https:\\\/\\\/www.buhl.de\\\/vermieter-web\\\/weg-zustimmung-der-gemeinschaft-zur-vermietung\\\/\",\"url\":\"https:\\\/\\\/www.buhl.de\\\/vermieter-web\\\/weg-zustimmung-der-gemeinschaft-zur-vermietung\\\/\",\"name\":\"WEG: Zur Zustimmung der Wonungsvermietung muss kein Mietvertrag vorgelegt werden\",\"isPartOf\":{\"@id\":\"https:\\\/\\\/www.buhl.de\\\/vermieter-web\\\/#website\"},\"primaryImageOfPage\":{\"@id\":\"https:\\\/\\\/www.buhl.de\\\/vermieter-web\\\/weg-zustimmung-der-gemeinschaft-zur-vermietung\\\/#primaryimage\"},\"image\":{\"@id\":\"https:\\\/\\\/www.buhl.de\\\/vermieter-web\\\/weg-zustimmung-der-gemeinschaft-zur-vermietung\\\/#primaryimage\"},\"thumbnailUrl\":\"https:\\\/\\\/www.buhl.de\\\/vermieter-web\\\/wp-content\\\/uploads\\\/sites\\\/33\\\/2021\\\/01\\\/platzhalter.png\",\"datePublished\":\"2021-01-11T07:59:14+00:00\",\"dateModified\":\"2021-01-11T07:59:15+00:00\",\"author\":{\"@id\":\"https:\\\/\\\/www.buhl.de\\\/vermieter-web\\\/#\\\/schema\\\/person\\\/82903e1cb04eb553382702d503991b4f\"},\"description\":\"Grunds\u00e4tzlich kann vereinbart werden, dass f\u00fcr die Vermietung einer Eigentumswohnung die Zustimmung der Wohneigent\u00fcmergemeinschaft einzuholen ist. Diese kann nur aus wichtigem Grund verweigert werden. Der Mietvertrag muss der Gemeinschaft nicht vorgelegt werden.\",\"breadcrumb\":{\"@id\":\"https:\\\/\\\/www.buhl.de\\\/vermieter-web\\\/weg-zustimmung-der-gemeinschaft-zur-vermietung\\\/#breadcrumb\"},\"inLanguage\":\"de\",\"potentialAction\":[{\"@type\":\"ReadAction\",\"target\":[\"https:\\\/\\\/www.buhl.de\\\/vermieter-web\\\/weg-zustimmung-der-gemeinschaft-zur-vermietung\\\/\"]}]},{\"@type\":\"ImageObject\",\"inLanguage\":\"de\",\"@id\":\"https:\\\/\\\/www.buhl.de\\\/vermieter-web\\\/weg-zustimmung-der-gemeinschaft-zur-vermietung\\\/#primaryimage\",\"url\":\"https:\\\/\\\/www.buhl.de\\\/vermieter-web\\\/wp-content\\\/uploads\\\/sites\\\/33\\\/2021\\\/01\\\/platzhalter.png\",\"contentUrl\":\"https:\\\/\\\/www.buhl.de\\\/vermieter-web\\\/wp-content\\\/uploads\\\/sites\\\/33\\\/2021\\\/01\\\/platzhalter.png\",\"width\":844,\"height\":424},{\"@type\":\"BreadcrumbList\",\"@id\":\"https:\\\/\\\/www.buhl.de\\\/vermieter-web\\\/weg-zustimmung-der-gemeinschaft-zur-vermietung\\\/#breadcrumb\",\"itemListElement\":[{\"@type\":\"ListItem\",\"position\":1,\"name\":\"Startseite\",\"item\":\"https:\\\/\\\/www.buhl.de\\\/vermieter-web\\\/\"},{\"@type\":\"ListItem\",\"position\":2,\"name\":\"WEG: Zustimmung der Gemeinschaft zur Vermietung\"}]},{\"@type\":\"WebSite\",\"@id\":\"https:\\\/\\\/www.buhl.de\\\/vermieter-web\\\/#website\",\"url\":\"https:\\\/\\\/www.buhl.de\\\/vermieter-web\\\/\",\"name\":\"Online-Nebenkostenabrechnung mit WISO Vermieter-Web\",\"description\":\"\",\"potentialAction\":[{\"@type\":\"SearchAction\",\"target\":{\"@type\":\"EntryPoint\",\"urlTemplate\":\"https:\\\/\\\/www.buhl.de\\\/vermieter-web\\\/?s={search_term_string}\"},\"query-input\":{\"@type\":\"PropertyValueSpecification\",\"valueRequired\":true,\"valueName\":\"search_term_string\"}}],\"inLanguage\":\"de\"},{\"@type\":\"Person\",\"@id\":\"https:\\\/\\\/www.buhl.de\\\/vermieter-web\\\/#\\\/schema\\\/person\\\/82903e1cb04eb553382702d503991b4f\",\"name\":\"Hartmut Fischer\"}]}<\/script>\n<!-- \/ Yoast SEO Premium plugin. -->","yoast_head_json":{"title":"WEG: Zur Zustimmung der Wonungsvermietung muss kein Mietvertrag vorgelegt werden","description":"Grunds\u00e4tzlich kann vereinbart werden, dass f\u00fcr die Vermietung einer Eigentumswohnung die Zustimmung der Wohneigent\u00fcmergemeinschaft einzuholen ist. Diese kann nur aus wichtigem Grund verweigert werden. Der Mietvertrag muss der Gemeinschaft nicht vorgelegt werden.","robots":{"index":"noindex","follow":"nofollow"},"og_locale":"de_DE","og_type":"article","og_title":"WEG: Zustimmung der Gemeinschaft zur Vermietung","og_description":"Grunds\u00e4tzlich kann vereinbart werden, dass f\u00fcr die Vermietung einer Eigentumswohnung die Zustimmung der Wohneigent\u00fcmergemeinschaft einzuholen ist. Diese kann nur aus wichtigem Grund verweigert werden. Der Mietvertrag muss der Gemeinschaft nicht vorgelegt werden.","og_url":"https:\/\/www.buhl.de\/vermieter-web\/weg-zustimmung-der-gemeinschaft-zur-vermietung\/","og_site_name":"Online-Nebenkostenabrechnung mit WISO Vermieter-Web","article_published_time":"2021-01-11T07:59:14+00:00","article_modified_time":"2021-01-11T07:59:15+00:00","og_image":[{"width":844,"height":424,"url":"https:\/\/www.buhl.de\/vermieter-web\/wp-content\/uploads\/sites\/33\/2021\/01\/platzhalter.png","type":"image\/png"}],"author":"Hartmut Fischer","twitter_card":"summary_large_image","twitter_misc":{"Verfasst von":"Hartmut Fischer","Gesch\u00e4tzte Lesezeit":"2\u00a0Minuten"},"schema":{"@context":"https:\/\/schema.org","@graph":[{"@type":"Article","@id":"https:\/\/www.buhl.de\/vermieter-web\/weg-zustimmung-der-gemeinschaft-zur-vermietung\/#article","isPartOf":{"@id":"https:\/\/www.buhl.de\/vermieter-web\/weg-zustimmung-der-gemeinschaft-zur-vermietung\/"},"author":{"name":"Hartmut Fischer","@id":"https:\/\/www.buhl.de\/vermieter-web\/#\/schema\/person\/82903e1cb04eb553382702d503991b4f"},"headline":"WEG: Zustimmung der Gemeinschaft zur Vermietung","datePublished":"2021-01-11T07:59:14+00:00","dateModified":"2021-01-11T07:59:15+00:00","mainEntityOfPage":{"@id":"https:\/\/www.buhl.de\/vermieter-web\/weg-zustimmung-der-gemeinschaft-zur-vermietung\/"},"wordCount":467,"image":{"@id":"https:\/\/www.buhl.de\/vermieter-web\/weg-zustimmung-der-gemeinschaft-zur-vermietung\/#primaryimage"},"thumbnailUrl":"https:\/\/www.buhl.de\/vermieter-web\/wp-content\/uploads\/sites\/33\/2021\/01\/platzhalter.png","keywords":["Vermietung","WEG","Wohneigentum","Wohneigent\u00fcmergemeinschaft","Zustimmung"],"inLanguage":"de"},{"@type":"WebPage","@id":"https:\/\/www.buhl.de\/vermieter-web\/weg-zustimmung-der-gemeinschaft-zur-vermietung\/","url":"https:\/\/www.buhl.de\/vermieter-web\/weg-zustimmung-der-gemeinschaft-zur-vermietung\/","name":"WEG: Zur Zustimmung der Wonungsvermietung muss kein Mietvertrag vorgelegt werden","isPartOf":{"@id":"https:\/\/www.buhl.de\/vermieter-web\/#website"},"primaryImageOfPage":{"@id":"https:\/\/www.buhl.de\/vermieter-web\/weg-zustimmung-der-gemeinschaft-zur-vermietung\/#primaryimage"},"image":{"@id":"https:\/\/www.buhl.de\/vermieter-web\/weg-zustimmung-der-gemeinschaft-zur-vermietung\/#primaryimage"},"thumbnailUrl":"https:\/\/www.buhl.de\/vermieter-web\/wp-content\/uploads\/sites\/33\/2021\/01\/platzhalter.png","datePublished":"2021-01-11T07:59:14+00:00","dateModified":"2021-01-11T07:59:15+00:00","author":{"@id":"https:\/\/www.buhl.de\/vermieter-web\/#\/schema\/person\/82903e1cb04eb553382702d503991b4f"},"description":"Grunds\u00e4tzlich kann vereinbart werden, dass f\u00fcr die Vermietung einer Eigentumswohnung die Zustimmung der Wohneigent\u00fcmergemeinschaft einzuholen ist. Diese kann nur aus wichtigem Grund verweigert werden. Der Mietvertrag muss der Gemeinschaft nicht vorgelegt werden.","breadcrumb":{"@id":"https:\/\/www.buhl.de\/vermieter-web\/weg-zustimmung-der-gemeinschaft-zur-vermietung\/#breadcrumb"},"inLanguage":"de","potentialAction":[{"@type":"ReadAction","target":["https:\/\/www.buhl.de\/vermieter-web\/weg-zustimmung-der-gemeinschaft-zur-vermietung\/"]}]},{"@type":"ImageObject","inLanguage":"de","@id":"https:\/\/www.buhl.de\/vermieter-web\/weg-zustimmung-der-gemeinschaft-zur-vermietung\/#primaryimage","url":"https:\/\/www.buhl.de\/vermieter-web\/wp-content\/uploads\/sites\/33\/2021\/01\/platzhalter.png","contentUrl":"https:\/\/www.buhl.de\/vermieter-web\/wp-content\/uploads\/sites\/33\/2021\/01\/platzhalter.png","width":844,"height":424},{"@type":"BreadcrumbList","@id":"https:\/\/www.buhl.de\/vermieter-web\/weg-zustimmung-der-gemeinschaft-zur-vermietung\/#breadcrumb","itemListElement":[{"@type":"ListItem","position":1,"name":"Startseite","item":"https:\/\/www.buhl.de\/vermieter-web\/"},{"@type":"ListItem","position":2,"name":"WEG: Zustimmung der Gemeinschaft zur Vermietung"}]},{"@type":"WebSite","@id":"https:\/\/www.buhl.de\/vermieter-web\/#website","url":"https:\/\/www.buhl.de\/vermieter-web\/","name":"Online-Nebenkostenabrechnung mit WISO Vermieter-Web","description":"","potentialAction":[{"@type":"SearchAction","target":{"@type":"EntryPoint","urlTemplate":"https:\/\/www.buhl.de\/vermieter-web\/?s={search_term_string}"},"query-input":{"@type":"PropertyValueSpecification","valueRequired":true,"valueName":"search_term_string"}}],"inLanguage":"de"},{"@type":"Person","@id":"https:\/\/www.buhl.de\/vermieter-web\/#\/schema\/person\/82903e1cb04eb553382702d503991b4f","name":"Hartmut Fischer"}]}},"_links":{"self":[{"href":"https:\/\/www.buhl.de\/vermieter-web\/wp-json\/wp\/v2\/posts\/13267","targetHints":{"allow":["GET"]}}],"collection":[{"href":"https:\/\/www.buhl.de\/vermieter-web\/wp-json\/wp\/v2\/posts"}],"about":[{"href":"https:\/\/www.buhl.de\/vermieter-web\/wp-json\/wp\/v2\/types\/post"}],"author":[{"embeddable":true,"href":"https:\/\/www.buhl.de\/vermieter-web\/wp-json\/wp\/v2\/users\/15"}],"replies":[{"embeddable":true,"href":"https:\/\/www.buhl.de\/vermieter-web\/wp-json\/wp\/v2\/comments?post=13267"}],"version-history":[{"count":1,"href":"https:\/\/www.buhl.de\/vermieter-web\/wp-json\/wp\/v2\/posts\/13267\/revisions"}],"predecessor-version":[{"id":13269,"href":"https:\/\/www.buhl.de\/vermieter-web\/wp-json\/wp\/v2\/posts\/13267\/revisions\/13269"}],"wp:featuredmedia":[{"embeddable":true,"href":"https:\/\/www.buhl.de\/vermieter-web\/wp-json\/wp\/v2\/media\/13255"}],"wp:attachment":[{"href":"https:\/\/www.buhl.de\/vermieter-web\/wp-json\/wp\/v2\/media?parent=13267"}],"wp:term":[{"taxonomy":"category","embeddable":true,"href":"https:\/\/www.buhl.de\/vermieter-web\/wp-json\/wp\/v2\/categories?post=13267"},{"taxonomy":"post_tag","embeddable":true,"href":"https:\/\/www.buhl.de\/vermieter-web\/wp-json\/wp\/v2\/tags?post=13267"}],"curies":[{"name":"wp","href":"https:\/\/api.w.org\/{rel}","templated":true}]}}