{"id":13306,"date":"2021-01-20T14:23:58","date_gmt":"2021-01-20T13:23:58","guid":{"rendered":"http:\/\/www.buhl.de\/vermieter-web\/?p=13306"},"modified":"2021-01-20T14:23:58","modified_gmt":"2021-01-20T13:23:58","slug":"gewerbemietrecht-nutzflaeche-und-mietminderung","status":"publish","type":"post","link":"https:\/\/www.buhl.de\/vermieter-web\/gewerbemietrecht-nutzflaeche-und-mietminderung\/","title":{"rendered":"Gewerbemietrecht: Nutzfl\u00e4che und Mietminderung"},"content":{"rendered":"<p><strong>Eine im Gewerbe-Mietvertrag angegebene Fl\u00e4che berechtigt nicht unbedingt zu einer Mietminderung, wenn die vertraglichen Angaben h\u00f6her sind, als die tats\u00e4chliche Fl\u00e4che. Die Vertragsangaben m\u00fcssen zur Festlegung der Sollbeschaffenheit dienen. Wurde die Angaben lediglich zur Beschreibung des Mietobjekts eingef\u00fcgt, kann daraus kein Mietmangel abgeleitet werden. So entschied das Oberlandesgericht Dresden in einem Urteil vom 21.10.2020 (Aktenzeichen: 5 U 1257\/20). In dem Verfahren ging es um einen Gewerbemietvertrag.<\/strong><\/p>\n<p>Zum Streit zwischen Mieter und Vermieter kam es, weil im zun\u00e4chst geschlossenen Mietvertrag \u00fcber ein Ladengesch\u00e4ft keine Angaben zur Fl\u00e4che der Gewerber\u00e4ume gemacht wurde. Da die Krankenkassen und das Finanzamt an den Mieter herangetreten waren, bat dieser seinen Vermieter noch die Quadratmeterzahl in den Mietvertrag aufzunehmen. Der Vermieter kam diesem Wunsch nach, sodass ein neuer Mietvertrag \u2013 jetzt mit Quadratmeter-Angaben \u2013 geschlossen wurde.<\/p>\n<p>Im neuen Vertrag stand nun, dass eine Nutzfl\u00e4che vom 480 m\u00b2 angemietet wurde. In Wirklichkeit betrug die Nutzfl\u00e4che jedoch nur 303 m\u00b2. Wegen der Abweichung hielt der Mieter eine Mietminderung f\u00fcr gerechtfertigt. Da der Vermieter dies anders sah, kam es zur gerichtlichen Auseinandersetzung vor dem Landgericht Chemnitz. Das Gericht entschied, dass kein Grund zur Mietminderung bestehe. Da der Mieter das Urteil nicht anerkennen wollte, legte er beim Verwaltungsgericht Dresden Berufung ein.<\/p>\n<p>Doch auch dort sah man keinen Grund zur Mietminderung. In seiner Begr\u00fcndung f\u00fchrte das Gericht zun\u00e4chst aus, dass der Bundesgerichtshof zwar in mehreren F\u00e4llen bei einer erheblichen Differenz zwischen der Fl\u00e4chenangabe im Mietvertrag und der tats\u00e4chlichen Nutzfl\u00e4che grunds\u00e4tzlich ein Mietminderungsanspruch bestehe. Betrage die Abweichung mehr als 10 % k\u00f6nne vermutet werden, dass ein Mietmangel (<a href=\"https:\/\/www.gesetze-im-internet.de\/bgb\/__536.html\">\u00a7 536 Abs. 1 BGB<\/a>) bestehe. Das Verwaltungsgericht schr\u00e4nkte diese Regelung aber dahingehend ein, dass sie nur greife, wenn es sich bei der Vertragsangabe um die Festlegung einer Sollbeschaffenheit handele. Im vorliegenden Fall diene die Quadratmeterangabe aber lediglich der Beschreibung des Mietobjektes.<\/p>\n<p>Die Fl\u00e4chenangabe, so argumentierte das Gericht, sei nur auf Wunsch der Mieterin in den Vertrag aufgenommen worden. Dies erfolgte, weil die Angaben vom Dritten gew\u00fcnscht wurden. Die Angaben zur Nutzfl\u00e4che sei deshalb nur erfolgt. Das Mietobjekt n\u00e4her zu beschreiben. Die Gr\u00f6\u00dfe der Nutzfl\u00e4che sei aber beim eigentlichen (erste) Vertragsabschluss unerheblich gewesen. Aus den Angaben im ge\u00e4nderten Vertrag deshalb kein Versprechen des Vermieters abgeleitet werden.<\/p>\n<p><img loading=\"lazy\" decoding=\"async\" class=\"wp-image-12797 alignleft\" src=\"https:\/\/www.buhl.de\/vermieter-web\/wp-content\/uploads\/sites\/33\/2020\/07\/Achtung.jpg\" alt=\"\" width=\"95\" height=\"93\" \/><\/p>\n<p>Dieses Urteil bezieht sich auf einen Gewerbemietvertrag. Es kann deshalb nicht bei Vermietung von Wohnraum herangezogen werden.<\/p>\n<p><img loading=\"lazy\" decoding=\"async\" class=\"wp-image-12851 alignleft\" src=\"https:\/\/www.buhl.de\/vermieter-web\/wp-content\/uploads\/sites\/33\/2020\/07\/plus.jpg\" alt=\"\" width=\"90\" height=\"87\" \/><em><strong>Das k\u00f6nnte Sie auch interessieren:<\/strong><\/em><a href=\"https:\/\/www.buhl.de\/vermieter-web\/gewerbemietrecht-lockdown-doch-ein-mietmangel\/\"><br \/>\nGewerbemietrecht: Lockdown doch ein Mietmangel?<\/a><br \/>\n<a href=\"https:\/\/www.buhl.de\/vermieter-web\/gewerbemietrecht-mietminderung-wegen-baulaerm-und-erschuetterungen\/\">Mietminderung wegen Baul\u00e4rm und -ersch\u00fctterungen<\/a><br \/>\n<a href=\"https:\/\/www.buhl.de\/vermieter-web\/gewerbemietrecht-kein-fristloses-kuendigungsrecht-wegen-erkrankung-des-mieters\/\">Kein fristloses K\u00fcndigungsrecht wegen Erkrankung des Mieters<\/a><\/p>\n","protected":false},"excerpt":{"rendered":"<p>Eine im Gewerbe-Mietvertrag angegebene Fl\u00e4che berechtigt nicht unbedingt zu einer Mietminderung, wenn die vertraglichen Angaben h\u00f6her sind, als die tats\u00e4chliche Fl\u00e4che. Die Vertragsangaben m\u00fcssen zur Festlegung der Sollbeschaffenheit dienen. Wurde die Angaben lediglich zur Beschreibung des Mietobjekts eingef\u00fcgt, kann daraus kein Mietmangel abgeleitet werden. So entschied das Oberlandesgericht Dresden in einem Urteil vom 21.10.2020 (Aktenzeichen: &hellip; <\/p>\n<p class=\"link-more\"><a href=\"https:\/\/www.buhl.de\/vermieter-web\/gewerbemietrecht-nutzflaeche-und-mietminderung\/\" class=\"more-link\"><span class=\"screen-reader-text\">\u201eGewerbemietrecht: Nutzfl\u00e4che und Mietminderung\u201c<\/span> weiterlesen<\/a><\/p>\n","protected":false},"author":15,"featured_media":13308,"comment_status":"closed","ping_status":"open","sticky":false,"template":"","format":"standard","meta":{"footnotes":""},"categories":[1],"tags":[3808,473,5537],"class_list":["post-13306","post","type-post","status-publish","format-standard","has-post-thumbnail","hentry","category-allgemein","tag-gewerbemietrecht","tag-mietminderung","tag-nutzflaeche"],"yoast_head":"<!-- This site is optimized with the Yoast SEO Premium plugin v27.4 (Yoast SEO v27.5) - https:\/\/yoast.com\/product\/yoast-seo-premium-wordpress\/ -->\n<title>Gewerbemietrecht: Angabe der Nutzungsfl\u00e4che muss nicht verbindlich sein<\/title>\n<meta name=\"description\" content=\"Wird in einem Gewerbemietvertrag die Quadratmeterzahl der Nutzfl\u00e4che angegeben, ist diese nur verbindlich, wenn dies als Festlegung der Sollbeschaffenheit gilt. Dient die Angabe lediglich zur Beschreibung der Mietsache bleibt sie unverbindlich.\" \/>\n<meta name=\"robots\" content=\"noindex, nofollow\" \/>\n<meta property=\"og:locale\" content=\"de_DE\" \/>\n<meta property=\"og:type\" content=\"article\" \/>\n<meta property=\"og:title\" content=\"Gewerbemietrecht: Nutzfl\u00e4che und Mietminderung\" \/>\n<meta property=\"og:description\" content=\"Wird in einem Gewerbemietvertrag die Quadratmeterzahl der Nutzfl\u00e4che angegeben, ist diese nur verbindlich, wenn dies als Festlegung der Sollbeschaffenheit gilt. Dient die Angabe lediglich zur Beschreibung der Mietsache bleibt sie unverbindlich.\" \/>\n<meta property=\"og:url\" content=\"https:\/\/www.buhl.de\/vermieter-web\/gewerbemietrecht-nutzflaeche-und-mietminderung\/\" \/>\n<meta property=\"og:site_name\" content=\"Online-Nebenkostenabrechnung mit WISO Vermieter-Web\" \/>\n<meta property=\"article:published_time\" content=\"2021-01-20T13:23:58+00:00\" \/>\n<meta property=\"og:image\" content=\"https:\/\/www.buhl.de\/vermieter-web\/wp-content\/uploads\/sites\/33\/2021\/01\/shutterstock_1235434210.jpg\" \/>\n\t<meta property=\"og:image:width\" content=\"840\" \/>\n\t<meta property=\"og:image:height\" content=\"420\" \/>\n\t<meta property=\"og:image:type\" content=\"image\/jpeg\" \/>\n<meta name=\"author\" content=\"Hartmut Fischer\" \/>\n<meta name=\"twitter:card\" content=\"summary_large_image\" \/>\n<meta name=\"twitter:label1\" content=\"Verfasst von\" \/>\n\t<meta name=\"twitter:data1\" content=\"Hartmut Fischer\" \/>\n\t<meta name=\"twitter:label2\" content=\"Gesch\u00e4tzte Lesezeit\" \/>\n\t<meta name=\"twitter:data2\" content=\"2\u00a0Minuten\" \/>\n<script type=\"application\/ld+json\" class=\"yoast-schema-graph\">{\"@context\":\"https:\\\/\\\/schema.org\",\"@graph\":[{\"@type\":\"Article\",\"@id\":\"https:\\\/\\\/www.buhl.de\\\/vermieter-web\\\/gewerbemietrecht-nutzflaeche-und-mietminderung\\\/#article\",\"isPartOf\":{\"@id\":\"https:\\\/\\\/www.buhl.de\\\/vermieter-web\\\/gewerbemietrecht-nutzflaeche-und-mietminderung\\\/\"},\"author\":{\"name\":\"Hartmut Fischer\",\"@id\":\"https:\\\/\\\/www.buhl.de\\\/vermieter-web\\\/#\\\/schema\\\/person\\\/82903e1cb04eb553382702d503991b4f\"},\"headline\":\"Gewerbemietrecht: Nutzfl\u00e4che und Mietminderung\",\"datePublished\":\"2021-01-20T13:23:58+00:00\",\"mainEntityOfPage\":{\"@id\":\"https:\\\/\\\/www.buhl.de\\\/vermieter-web\\\/gewerbemietrecht-nutzflaeche-und-mietminderung\\\/\"},\"wordCount\":426,\"image\":{\"@id\":\"https:\\\/\\\/www.buhl.de\\\/vermieter-web\\\/gewerbemietrecht-nutzflaeche-und-mietminderung\\\/#primaryimage\"},\"thumbnailUrl\":\"https:\\\/\\\/www.buhl.de\\\/vermieter-web\\\/wp-content\\\/uploads\\\/sites\\\/33\\\/2021\\\/01\\\/shutterstock_1235434210.jpg\",\"keywords\":[\"Gewerbemietrecht\",\"Mietminderung\",\"Nutzfl\u00e4che\"],\"inLanguage\":\"de\"},{\"@type\":\"WebPage\",\"@id\":\"https:\\\/\\\/www.buhl.de\\\/vermieter-web\\\/gewerbemietrecht-nutzflaeche-und-mietminderung\\\/\",\"url\":\"https:\\\/\\\/www.buhl.de\\\/vermieter-web\\\/gewerbemietrecht-nutzflaeche-und-mietminderung\\\/\",\"name\":\"Gewerbemietrecht: Angabe der Nutzungsfl\u00e4che muss nicht verbindlich sein\",\"isPartOf\":{\"@id\":\"https:\\\/\\\/www.buhl.de\\\/vermieter-web\\\/#website\"},\"primaryImageOfPage\":{\"@id\":\"https:\\\/\\\/www.buhl.de\\\/vermieter-web\\\/gewerbemietrecht-nutzflaeche-und-mietminderung\\\/#primaryimage\"},\"image\":{\"@id\":\"https:\\\/\\\/www.buhl.de\\\/vermieter-web\\\/gewerbemietrecht-nutzflaeche-und-mietminderung\\\/#primaryimage\"},\"thumbnailUrl\":\"https:\\\/\\\/www.buhl.de\\\/vermieter-web\\\/wp-content\\\/uploads\\\/sites\\\/33\\\/2021\\\/01\\\/shutterstock_1235434210.jpg\",\"datePublished\":\"2021-01-20T13:23:58+00:00\",\"author\":{\"@id\":\"https:\\\/\\\/www.buhl.de\\\/vermieter-web\\\/#\\\/schema\\\/person\\\/82903e1cb04eb553382702d503991b4f\"},\"description\":\"Wird in einem Gewerbemietvertrag die Quadratmeterzahl der Nutzfl\u00e4che angegeben, ist diese nur verbindlich, wenn dies als Festlegung der Sollbeschaffenheit gilt. Dient die Angabe lediglich zur Beschreibung der Mietsache bleibt sie unverbindlich.\",\"breadcrumb\":{\"@id\":\"https:\\\/\\\/www.buhl.de\\\/vermieter-web\\\/gewerbemietrecht-nutzflaeche-und-mietminderung\\\/#breadcrumb\"},\"inLanguage\":\"de\",\"potentialAction\":[{\"@type\":\"ReadAction\",\"target\":[\"https:\\\/\\\/www.buhl.de\\\/vermieter-web\\\/gewerbemietrecht-nutzflaeche-und-mietminderung\\\/\"]}]},{\"@type\":\"ImageObject\",\"inLanguage\":\"de\",\"@id\":\"https:\\\/\\\/www.buhl.de\\\/vermieter-web\\\/gewerbemietrecht-nutzflaeche-und-mietminderung\\\/#primaryimage\",\"url\":\"https:\\\/\\\/www.buhl.de\\\/vermieter-web\\\/wp-content\\\/uploads\\\/sites\\\/33\\\/2021\\\/01\\\/shutterstock_1235434210.jpg\",\"contentUrl\":\"https:\\\/\\\/www.buhl.de\\\/vermieter-web\\\/wp-content\\\/uploads\\\/sites\\\/33\\\/2021\\\/01\\\/shutterstock_1235434210.jpg\",\"width\":840,\"height\":420},{\"@type\":\"BreadcrumbList\",\"@id\":\"https:\\\/\\\/www.buhl.de\\\/vermieter-web\\\/gewerbemietrecht-nutzflaeche-und-mietminderung\\\/#breadcrumb\",\"itemListElement\":[{\"@type\":\"ListItem\",\"position\":1,\"name\":\"Startseite\",\"item\":\"https:\\\/\\\/www.buhl.de\\\/vermieter-web\\\/\"},{\"@type\":\"ListItem\",\"position\":2,\"name\":\"Gewerbemietrecht: Nutzfl\u00e4che und Mietminderung\"}]},{\"@type\":\"WebSite\",\"@id\":\"https:\\\/\\\/www.buhl.de\\\/vermieter-web\\\/#website\",\"url\":\"https:\\\/\\\/www.buhl.de\\\/vermieter-web\\\/\",\"name\":\"Online-Nebenkostenabrechnung mit WISO Vermieter-Web\",\"description\":\"\",\"potentialAction\":[{\"@type\":\"SearchAction\",\"target\":{\"@type\":\"EntryPoint\",\"urlTemplate\":\"https:\\\/\\\/www.buhl.de\\\/vermieter-web\\\/?s={search_term_string}\"},\"query-input\":{\"@type\":\"PropertyValueSpecification\",\"valueRequired\":true,\"valueName\":\"search_term_string\"}}],\"inLanguage\":\"de\"},{\"@type\":\"Person\",\"@id\":\"https:\\\/\\\/www.buhl.de\\\/vermieter-web\\\/#\\\/schema\\\/person\\\/82903e1cb04eb553382702d503991b4f\",\"name\":\"Hartmut Fischer\"}]}<\/script>\n<!-- \/ Yoast SEO Premium plugin. -->","yoast_head_json":{"title":"Gewerbemietrecht: Angabe der Nutzungsfl\u00e4che muss nicht verbindlich sein","description":"Wird in einem Gewerbemietvertrag die Quadratmeterzahl der Nutzfl\u00e4che angegeben, ist diese nur verbindlich, wenn dies als Festlegung der Sollbeschaffenheit gilt. Dient die Angabe lediglich zur Beschreibung der Mietsache bleibt sie unverbindlich.","robots":{"index":"noindex","follow":"nofollow"},"og_locale":"de_DE","og_type":"article","og_title":"Gewerbemietrecht: Nutzfl\u00e4che und Mietminderung","og_description":"Wird in einem Gewerbemietvertrag die Quadratmeterzahl der Nutzfl\u00e4che angegeben, ist diese nur verbindlich, wenn dies als Festlegung der Sollbeschaffenheit gilt. Dient die Angabe lediglich zur Beschreibung der Mietsache bleibt sie unverbindlich.","og_url":"https:\/\/www.buhl.de\/vermieter-web\/gewerbemietrecht-nutzflaeche-und-mietminderung\/","og_site_name":"Online-Nebenkostenabrechnung mit WISO Vermieter-Web","article_published_time":"2021-01-20T13:23:58+00:00","og_image":[{"width":840,"height":420,"url":"https:\/\/www.buhl.de\/vermieter-web\/wp-content\/uploads\/sites\/33\/2021\/01\/shutterstock_1235434210.jpg","type":"image\/jpeg"}],"author":"Hartmut Fischer","twitter_card":"summary_large_image","twitter_misc":{"Verfasst von":"Hartmut Fischer","Gesch\u00e4tzte Lesezeit":"2\u00a0Minuten"},"schema":{"@context":"https:\/\/schema.org","@graph":[{"@type":"Article","@id":"https:\/\/www.buhl.de\/vermieter-web\/gewerbemietrecht-nutzflaeche-und-mietminderung\/#article","isPartOf":{"@id":"https:\/\/www.buhl.de\/vermieter-web\/gewerbemietrecht-nutzflaeche-und-mietminderung\/"},"author":{"name":"Hartmut Fischer","@id":"https:\/\/www.buhl.de\/vermieter-web\/#\/schema\/person\/82903e1cb04eb553382702d503991b4f"},"headline":"Gewerbemietrecht: Nutzfl\u00e4che und Mietminderung","datePublished":"2021-01-20T13:23:58+00:00","mainEntityOfPage":{"@id":"https:\/\/www.buhl.de\/vermieter-web\/gewerbemietrecht-nutzflaeche-und-mietminderung\/"},"wordCount":426,"image":{"@id":"https:\/\/www.buhl.de\/vermieter-web\/gewerbemietrecht-nutzflaeche-und-mietminderung\/#primaryimage"},"thumbnailUrl":"https:\/\/www.buhl.de\/vermieter-web\/wp-content\/uploads\/sites\/33\/2021\/01\/shutterstock_1235434210.jpg","keywords":["Gewerbemietrecht","Mietminderung","Nutzfl\u00e4che"],"inLanguage":"de"},{"@type":"WebPage","@id":"https:\/\/www.buhl.de\/vermieter-web\/gewerbemietrecht-nutzflaeche-und-mietminderung\/","url":"https:\/\/www.buhl.de\/vermieter-web\/gewerbemietrecht-nutzflaeche-und-mietminderung\/","name":"Gewerbemietrecht: Angabe der Nutzungsfl\u00e4che muss nicht verbindlich sein","isPartOf":{"@id":"https:\/\/www.buhl.de\/vermieter-web\/#website"},"primaryImageOfPage":{"@id":"https:\/\/www.buhl.de\/vermieter-web\/gewerbemietrecht-nutzflaeche-und-mietminderung\/#primaryimage"},"image":{"@id":"https:\/\/www.buhl.de\/vermieter-web\/gewerbemietrecht-nutzflaeche-und-mietminderung\/#primaryimage"},"thumbnailUrl":"https:\/\/www.buhl.de\/vermieter-web\/wp-content\/uploads\/sites\/33\/2021\/01\/shutterstock_1235434210.jpg","datePublished":"2021-01-20T13:23:58+00:00","author":{"@id":"https:\/\/www.buhl.de\/vermieter-web\/#\/schema\/person\/82903e1cb04eb553382702d503991b4f"},"description":"Wird in einem Gewerbemietvertrag die Quadratmeterzahl der Nutzfl\u00e4che angegeben, ist diese nur verbindlich, wenn dies als Festlegung der Sollbeschaffenheit gilt. Dient die Angabe lediglich zur Beschreibung der Mietsache bleibt sie unverbindlich.","breadcrumb":{"@id":"https:\/\/www.buhl.de\/vermieter-web\/gewerbemietrecht-nutzflaeche-und-mietminderung\/#breadcrumb"},"inLanguage":"de","potentialAction":[{"@type":"ReadAction","target":["https:\/\/www.buhl.de\/vermieter-web\/gewerbemietrecht-nutzflaeche-und-mietminderung\/"]}]},{"@type":"ImageObject","inLanguage":"de","@id":"https:\/\/www.buhl.de\/vermieter-web\/gewerbemietrecht-nutzflaeche-und-mietminderung\/#primaryimage","url":"https:\/\/www.buhl.de\/vermieter-web\/wp-content\/uploads\/sites\/33\/2021\/01\/shutterstock_1235434210.jpg","contentUrl":"https:\/\/www.buhl.de\/vermieter-web\/wp-content\/uploads\/sites\/33\/2021\/01\/shutterstock_1235434210.jpg","width":840,"height":420},{"@type":"BreadcrumbList","@id":"https:\/\/www.buhl.de\/vermieter-web\/gewerbemietrecht-nutzflaeche-und-mietminderung\/#breadcrumb","itemListElement":[{"@type":"ListItem","position":1,"name":"Startseite","item":"https:\/\/www.buhl.de\/vermieter-web\/"},{"@type":"ListItem","position":2,"name":"Gewerbemietrecht: Nutzfl\u00e4che und Mietminderung"}]},{"@type":"WebSite","@id":"https:\/\/www.buhl.de\/vermieter-web\/#website","url":"https:\/\/www.buhl.de\/vermieter-web\/","name":"Online-Nebenkostenabrechnung mit WISO Vermieter-Web","description":"","potentialAction":[{"@type":"SearchAction","target":{"@type":"EntryPoint","urlTemplate":"https:\/\/www.buhl.de\/vermieter-web\/?s={search_term_string}"},"query-input":{"@type":"PropertyValueSpecification","valueRequired":true,"valueName":"search_term_string"}}],"inLanguage":"de"},{"@type":"Person","@id":"https:\/\/www.buhl.de\/vermieter-web\/#\/schema\/person\/82903e1cb04eb553382702d503991b4f","name":"Hartmut Fischer"}]}},"_links":{"self":[{"href":"https:\/\/www.buhl.de\/vermieter-web\/wp-json\/wp\/v2\/posts\/13306","targetHints":{"allow":["GET"]}}],"collection":[{"href":"https:\/\/www.buhl.de\/vermieter-web\/wp-json\/wp\/v2\/posts"}],"about":[{"href":"https:\/\/www.buhl.de\/vermieter-web\/wp-json\/wp\/v2\/types\/post"}],"author":[{"embeddable":true,"href":"https:\/\/www.buhl.de\/vermieter-web\/wp-json\/wp\/v2\/users\/15"}],"replies":[{"embeddable":true,"href":"https:\/\/www.buhl.de\/vermieter-web\/wp-json\/wp\/v2\/comments?post=13306"}],"version-history":[{"count":3,"href":"https:\/\/www.buhl.de\/vermieter-web\/wp-json\/wp\/v2\/posts\/13306\/revisions"}],"predecessor-version":[{"id":13311,"href":"https:\/\/www.buhl.de\/vermieter-web\/wp-json\/wp\/v2\/posts\/13306\/revisions\/13311"}],"wp:featuredmedia":[{"embeddable":true,"href":"https:\/\/www.buhl.de\/vermieter-web\/wp-json\/wp\/v2\/media\/13308"}],"wp:attachment":[{"href":"https:\/\/www.buhl.de\/vermieter-web\/wp-json\/wp\/v2\/media?parent=13306"}],"wp:term":[{"taxonomy":"category","embeddable":true,"href":"https:\/\/www.buhl.de\/vermieter-web\/wp-json\/wp\/v2\/categories?post=13306"},{"taxonomy":"post_tag","embeddable":true,"href":"https:\/\/www.buhl.de\/vermieter-web\/wp-json\/wp\/v2\/tags?post=13306"}],"curies":[{"name":"wp","href":"https:\/\/api.w.org\/{rel}","templated":true}]}}