{"id":13381,"date":"2021-02-17T16:59:08","date_gmt":"2021-02-17T15:59:08","guid":{"rendered":"http:\/\/www.buhl.de\/vermieter-web\/?p=13381"},"modified":"2021-02-17T16:59:08","modified_gmt":"2021-02-17T15:59:08","slug":"weg-recht-auf-teilnahme-an-der-eigentuemerversammlung-waehrend-der-pandemie","status":"publish","type":"post","link":"https:\/\/www.buhl.de\/vermieter-web\/weg-recht-auf-teilnahme-an-der-eigentuemerversammlung-waehrend-der-pandemie\/","title":{"rendered":"WEG-Versammlung w\u00e4hrend der Pandemie"},"content":{"rendered":"<p><strong>Jeder Wohnungseigent\u00fcmer hat Anspruch auf die pers\u00f6nliche Teilnahme an der Eigent\u00fcmerversammlung. Der Verwalter darf sich jedoch bei der Auswahl der R\u00e4umlichkeiten an der zu erwartenden Teilnehmerzahl orientieren und in der Einladung gleichzeitig auf die M\u00f6glichkeiten einer Vertretung hinweisen. Zu diesem Ergebnis kam das Landgericht Frankfurt\/Main in einem Urteil vom 17.12.2020 (2- 13 S 108\/20)<\/strong><\/p>\n<p>In dem Verfahren ging es um eine Eigent\u00fcmerversammlung, in der \u00fcber einen Fassadenanstrich entschieden werden sollte. Der Verwalter wies in der Einladung darauf hin, dass aufgrund der Corona Pandemie und der Gr\u00f6\u00dfe des Tagungsraumes maximal 10 Personen (inklusive des Verwalters) an der Sitzung teilnehmen k\u00f6nnten. Insgesamt umfasste die Gemeinschaft jedoch 11 Eigent\u00fcmer. In der Einladung bat der Verwalter au\u00dferdem, dass man den Verwaltungsbeirat oder die Verwaltung zur vertretungsweisen Teilnahme an der Versammlung bevollm\u00e4chtigen solle. Bei einer h\u00f6heren Teilnehmerzahl behielt sich der Verwalter au\u00dferdem vor, die Versammlung abzusagen.<\/p>\n<p>Die Versammlung fand statt und es wurde auch ein Beschluss bez\u00fcglich der Fassadengestaltung gefasst. Hiergegen ging jedoch ein Wohnungseigent\u00fcmer gerichtlich vor und beantragte eine einstweilige Verf\u00fcgung. Er f\u00fchlte sich in seinem Recht auf pers\u00f6nliche Teilnahme an der Versammlung verletzt.<\/p>\n<p>Das zust\u00e4ndige Amtsgericht erlie\u00df eine entsprechende einstweilige Verf\u00fcgung. Den Beschluss der Versammlung erkl\u00e4rte das Gericht f\u00fcr nichtig. Aufgrund der Einladung stand fest, dass bei Einhaltung der Teilnehmerzahl 2 Wohnungseigent\u00fcmer nicht an der Versammlung teilnehmen konnten. Dieser Eingriff in den Kernbereich der Mitgliedschaftsrechte k\u00f6nne auch nicht unter den besonderen Bedingungen der Corona Pandemie akzeptiert werden. Die \u00fcbrigen Wohnungseigent\u00fcmer legten gegen diese Entscheidung Berufung beim Landgericht Frankfurt\/Main ein.<\/p>\n<p>Das Landgericht hob die einstweilige Verf\u00fcgung des Amtsgerichts wieder auf. In seiner Begr\u00fcndung unterstrich das Gericht, dass Wohnungseigent\u00fcmer grunds\u00e4tzlich auch in Zeiten der Corona Pandemie einen Anspruch darauf haben, pers\u00f6nlich an der Eigent\u00fcmerversammlung teilzunehmen. Eine Wohnungseigent\u00fcmerversammlung d\u00fcrfte nicht so geplant werden, dass nur bestimmte Personen an der Versammlung teilnehmen k\u00f6nnten, w\u00e4hrend die nicht teilnahmeberechtigten Eigent\u00fcmer Vollmachten erteilen m\u00fcssten oder nur zu sogenannten Vertreterversammlungen eingeladen w\u00fcrden.<\/p>\n<p>Im vorliegenden Fall habe der Verwalter in seiner Einladung jedoch keine bestimmten Wohnungseigent\u00fcmer ausgeladen. Er habe lediglich auf die Begrenzung im Saal und gleichzeitig auf die M\u00f6glichkeit der Vollmachtserteilung verwiesen. Die so gestalteter Einladung hielt das Gericht f\u00fcr korrekt. Insbesondere in der Ausnahmesituation einer Pandemie k\u00f6nne sich der Verwalter bei der Auswahl des Versammlungsortes an der zu erwartenden Teilnehmerzahl orientieren. Auch das aktive Werben f\u00fcr Vertretungsm\u00f6glichkeiten sei nicht zu beanstanden.<\/p>\n<p><em><strong>Das k\u00f6nnte Sie auch interessieren:<\/strong><\/em><br \/>\n<a href=\"https:\/\/www.buhl.de\/vermieter-web\/corona-der-schornsteinfeger-waehrend-der-pandemie\/\">Corona: Der Schornsteinfeger w\u00e4hrend der Pandemie<br \/>\n<\/a><a href=\"https:\/\/www.buhl.de\/vermieter-web\/weniger-oder-keine-miete-wegen-corona\/\">Weniger oder keine Miete wegen Corona?<\/a><br \/>\n<a href=\"https:\/\/www.buhl.de\/vermieter-web\/weg-versammlung-open-air\/\">WEG-Versammlung open air?<\/a><\/p>\n","protected":false},"excerpt":{"rendered":"<p>Jeder Wohnungseigent\u00fcmer hat Anspruch auf die pers\u00f6nliche Teilnahme an der Eigent\u00fcmerversammlung. Der Verwalter darf sich jedoch bei der Auswahl der R\u00e4umlichkeiten an der zu erwartenden Teilnehmerzahl orientieren und in der Einladung gleichzeitig auf die M\u00f6glichkeiten einer Vertretung hinweisen. Zu diesem Ergebnis kam das Landgericht Frankfurt\/Main in einem Urteil vom 17.12.2020 (2- 13 S 108\/20) In &hellip; <\/p>\n<p class=\"link-more\"><a href=\"https:\/\/www.buhl.de\/vermieter-web\/weg-recht-auf-teilnahme-an-der-eigentuemerversammlung-waehrend-der-pandemie\/\" class=\"more-link\"><span class=\"screen-reader-text\">\u201eWEG-Versammlung w\u00e4hrend der Pandemie\u201c<\/span> weiterlesen<\/a><\/p>\n","protected":false},"author":15,"featured_media":13386,"comment_status":"closed","ping_status":"open","sticky":false,"template":"","format":"standard","meta":{"footnotes":""},"categories":[1],"tags":[4115,427,5551,382],"class_list":["post-13381","post","type-post","status-publish","format-standard","has-post-thumbnail","hentry","category-allgemein","tag-corona","tag-eigentuemerversammlung","tag-teilnahme","tag-weg-versammlung"],"yoast_head":"<!-- This site is optimized with the Yoast SEO Premium plugin v27.4 (Yoast SEO v27.5) - https:\/\/yoast.com\/product\/yoast-seo-premium-wordpress\/ -->\n<title>WEG: Teilnahme an Mitgliederversammlungen in Pandemie-Zeiten<\/title>\n<meta name=\"description\" content=\"Auch in Zeiten einer Pandemie hat ein Wohnungseigent\u00fcmer Anspruch auf die pers\u00f6nliche Teilnahme an der Mitgliedersammlung. Der Verwalter kann aber den Versammlungsraum auf Basis der zu erwartenden Teilnehmer festlegen und auf Vertretungsm\u00f6glichkeiten hinweisen.\" \/>\n<meta name=\"robots\" content=\"noindex, nofollow\" \/>\n<meta property=\"og:locale\" content=\"de_DE\" \/>\n<meta property=\"og:type\" content=\"article\" \/>\n<meta property=\"og:title\" content=\"WEG-Versammlung w\u00e4hrend der Pandemie\" \/>\n<meta property=\"og:description\" content=\"Auch in Zeiten einer Pandemie hat ein Wohnungseigent\u00fcmer Anspruch auf die pers\u00f6nliche Teilnahme an der Mitgliedersammlung. Der Verwalter kann aber den Versammlungsraum auf Basis der zu erwartenden Teilnehmer festlegen und auf Vertretungsm\u00f6glichkeiten hinweisen.\" \/>\n<meta property=\"og:url\" content=\"https:\/\/www.buhl.de\/vermieter-web\/weg-recht-auf-teilnahme-an-der-eigentuemerversammlung-waehrend-der-pandemie\/\" \/>\n<meta property=\"og:site_name\" content=\"Online-Nebenkostenabrechnung mit WISO Vermieter-Web\" \/>\n<meta property=\"article:published_time\" content=\"2021-02-17T15:59:08+00:00\" \/>\n<meta property=\"og:image\" content=\"https:\/\/www.buhl.de\/vermieter-web\/wp-content\/uploads\/sites\/33\/2021\/02\/shutterstock_1628014561.jpg\" \/>\n\t<meta property=\"og:image:width\" content=\"840\" \/>\n\t<meta property=\"og:image:height\" content=\"420\" \/>\n\t<meta property=\"og:image:type\" content=\"image\/jpeg\" \/>\n<meta name=\"author\" content=\"Hartmut Fischer\" \/>\n<meta name=\"twitter:card\" content=\"summary_large_image\" \/>\n<meta name=\"twitter:label1\" content=\"Verfasst von\" \/>\n\t<meta name=\"twitter:data1\" content=\"Hartmut Fischer\" \/>\n\t<meta name=\"twitter:label2\" content=\"Gesch\u00e4tzte Lesezeit\" \/>\n\t<meta name=\"twitter:data2\" content=\"2\u00a0Minuten\" \/>\n<script type=\"application\/ld+json\" class=\"yoast-schema-graph\">{\"@context\":\"https:\\\/\\\/schema.org\",\"@graph\":[{\"@type\":\"Article\",\"@id\":\"https:\\\/\\\/www.buhl.de\\\/vermieter-web\\\/weg-recht-auf-teilnahme-an-der-eigentuemerversammlung-waehrend-der-pandemie\\\/#article\",\"isPartOf\":{\"@id\":\"https:\\\/\\\/www.buhl.de\\\/vermieter-web\\\/weg-recht-auf-teilnahme-an-der-eigentuemerversammlung-waehrend-der-pandemie\\\/\"},\"author\":{\"name\":\"Hartmut Fischer\",\"@id\":\"https:\\\/\\\/www.buhl.de\\\/vermieter-web\\\/#\\\/schema\\\/person\\\/82903e1cb04eb553382702d503991b4f\"},\"headline\":\"WEG-Versammlung w\u00e4hrend der Pandemie\",\"datePublished\":\"2021-02-17T15:59:08+00:00\",\"mainEntityOfPage\":{\"@id\":\"https:\\\/\\\/www.buhl.de\\\/vermieter-web\\\/weg-recht-auf-teilnahme-an-der-eigentuemerversammlung-waehrend-der-pandemie\\\/\"},\"wordCount\":448,\"image\":{\"@id\":\"https:\\\/\\\/www.buhl.de\\\/vermieter-web\\\/weg-recht-auf-teilnahme-an-der-eigentuemerversammlung-waehrend-der-pandemie\\\/#primaryimage\"},\"thumbnailUrl\":\"https:\\\/\\\/www.buhl.de\\\/vermieter-web\\\/wp-content\\\/uploads\\\/sites\\\/33\\\/2021\\\/02\\\/shutterstock_1628014561.jpg\",\"keywords\":[\"Corona\",\"Eigent\u00fcmerversammlung\",\"Teilnahme\",\"WEG-Versammlung\"],\"inLanguage\":\"de\"},{\"@type\":\"WebPage\",\"@id\":\"https:\\\/\\\/www.buhl.de\\\/vermieter-web\\\/weg-recht-auf-teilnahme-an-der-eigentuemerversammlung-waehrend-der-pandemie\\\/\",\"url\":\"https:\\\/\\\/www.buhl.de\\\/vermieter-web\\\/weg-recht-auf-teilnahme-an-der-eigentuemerversammlung-waehrend-der-pandemie\\\/\",\"name\":\"WEG: Teilnahme an Mitgliederversammlungen in Pandemie-Zeiten\",\"isPartOf\":{\"@id\":\"https:\\\/\\\/www.buhl.de\\\/vermieter-web\\\/#website\"},\"primaryImageOfPage\":{\"@id\":\"https:\\\/\\\/www.buhl.de\\\/vermieter-web\\\/weg-recht-auf-teilnahme-an-der-eigentuemerversammlung-waehrend-der-pandemie\\\/#primaryimage\"},\"image\":{\"@id\":\"https:\\\/\\\/www.buhl.de\\\/vermieter-web\\\/weg-recht-auf-teilnahme-an-der-eigentuemerversammlung-waehrend-der-pandemie\\\/#primaryimage\"},\"thumbnailUrl\":\"https:\\\/\\\/www.buhl.de\\\/vermieter-web\\\/wp-content\\\/uploads\\\/sites\\\/33\\\/2021\\\/02\\\/shutterstock_1628014561.jpg\",\"datePublished\":\"2021-02-17T15:59:08+00:00\",\"author\":{\"@id\":\"https:\\\/\\\/www.buhl.de\\\/vermieter-web\\\/#\\\/schema\\\/person\\\/82903e1cb04eb553382702d503991b4f\"},\"description\":\"Auch in Zeiten einer Pandemie hat ein Wohnungseigent\u00fcmer Anspruch auf die pers\u00f6nliche Teilnahme an der Mitgliedersammlung. Der Verwalter kann aber den Versammlungsraum auf Basis der zu erwartenden Teilnehmer festlegen und auf Vertretungsm\u00f6glichkeiten hinweisen.\",\"breadcrumb\":{\"@id\":\"https:\\\/\\\/www.buhl.de\\\/vermieter-web\\\/weg-recht-auf-teilnahme-an-der-eigentuemerversammlung-waehrend-der-pandemie\\\/#breadcrumb\"},\"inLanguage\":\"de\",\"potentialAction\":[{\"@type\":\"ReadAction\",\"target\":[\"https:\\\/\\\/www.buhl.de\\\/vermieter-web\\\/weg-recht-auf-teilnahme-an-der-eigentuemerversammlung-waehrend-der-pandemie\\\/\"]}]},{\"@type\":\"ImageObject\",\"inLanguage\":\"de\",\"@id\":\"https:\\\/\\\/www.buhl.de\\\/vermieter-web\\\/weg-recht-auf-teilnahme-an-der-eigentuemerversammlung-waehrend-der-pandemie\\\/#primaryimage\",\"url\":\"https:\\\/\\\/www.buhl.de\\\/vermieter-web\\\/wp-content\\\/uploads\\\/sites\\\/33\\\/2021\\\/02\\\/shutterstock_1628014561.jpg\",\"contentUrl\":\"https:\\\/\\\/www.buhl.de\\\/vermieter-web\\\/wp-content\\\/uploads\\\/sites\\\/33\\\/2021\\\/02\\\/shutterstock_1628014561.jpg\",\"width\":840,\"height\":420,\"caption\":\"Coronavirus 2019-nCov novel coronavirus concept resposible for SARS-CoV-2 outbreak and coronaviruses influenza as dangerous flu strain cases as a pandemic. Microscope virus close up. 3d rendering.\"},{\"@type\":\"BreadcrumbList\",\"@id\":\"https:\\\/\\\/www.buhl.de\\\/vermieter-web\\\/weg-recht-auf-teilnahme-an-der-eigentuemerversammlung-waehrend-der-pandemie\\\/#breadcrumb\",\"itemListElement\":[{\"@type\":\"ListItem\",\"position\":1,\"name\":\"Startseite\",\"item\":\"https:\\\/\\\/www.buhl.de\\\/vermieter-web\\\/\"},{\"@type\":\"ListItem\",\"position\":2,\"name\":\"WEG-Versammlung w\u00e4hrend der Pandemie\"}]},{\"@type\":\"WebSite\",\"@id\":\"https:\\\/\\\/www.buhl.de\\\/vermieter-web\\\/#website\",\"url\":\"https:\\\/\\\/www.buhl.de\\\/vermieter-web\\\/\",\"name\":\"Online-Nebenkostenabrechnung mit WISO Vermieter-Web\",\"description\":\"\",\"potentialAction\":[{\"@type\":\"SearchAction\",\"target\":{\"@type\":\"EntryPoint\",\"urlTemplate\":\"https:\\\/\\\/www.buhl.de\\\/vermieter-web\\\/?s={search_term_string}\"},\"query-input\":{\"@type\":\"PropertyValueSpecification\",\"valueRequired\":true,\"valueName\":\"search_term_string\"}}],\"inLanguage\":\"de\"},{\"@type\":\"Person\",\"@id\":\"https:\\\/\\\/www.buhl.de\\\/vermieter-web\\\/#\\\/schema\\\/person\\\/82903e1cb04eb553382702d503991b4f\",\"name\":\"Hartmut Fischer\"}]}<\/script>\n<!-- \/ Yoast SEO Premium plugin. -->","yoast_head_json":{"title":"WEG: Teilnahme an Mitgliederversammlungen in Pandemie-Zeiten","description":"Auch in Zeiten einer Pandemie hat ein Wohnungseigent\u00fcmer Anspruch auf die pers\u00f6nliche Teilnahme an der Mitgliedersammlung. Der Verwalter kann aber den Versammlungsraum auf Basis der zu erwartenden Teilnehmer festlegen und auf Vertretungsm\u00f6glichkeiten hinweisen.","robots":{"index":"noindex","follow":"nofollow"},"og_locale":"de_DE","og_type":"article","og_title":"WEG-Versammlung w\u00e4hrend der Pandemie","og_description":"Auch in Zeiten einer Pandemie hat ein Wohnungseigent\u00fcmer Anspruch auf die pers\u00f6nliche Teilnahme an der Mitgliedersammlung. Der Verwalter kann aber den Versammlungsraum auf Basis der zu erwartenden Teilnehmer festlegen und auf Vertretungsm\u00f6glichkeiten hinweisen.","og_url":"https:\/\/www.buhl.de\/vermieter-web\/weg-recht-auf-teilnahme-an-der-eigentuemerversammlung-waehrend-der-pandemie\/","og_site_name":"Online-Nebenkostenabrechnung mit WISO Vermieter-Web","article_published_time":"2021-02-17T15:59:08+00:00","og_image":[{"width":840,"height":420,"url":"https:\/\/www.buhl.de\/vermieter-web\/wp-content\/uploads\/sites\/33\/2021\/02\/shutterstock_1628014561.jpg","type":"image\/jpeg"}],"author":"Hartmut Fischer","twitter_card":"summary_large_image","twitter_misc":{"Verfasst von":"Hartmut Fischer","Gesch\u00e4tzte Lesezeit":"2\u00a0Minuten"},"schema":{"@context":"https:\/\/schema.org","@graph":[{"@type":"Article","@id":"https:\/\/www.buhl.de\/vermieter-web\/weg-recht-auf-teilnahme-an-der-eigentuemerversammlung-waehrend-der-pandemie\/#article","isPartOf":{"@id":"https:\/\/www.buhl.de\/vermieter-web\/weg-recht-auf-teilnahme-an-der-eigentuemerversammlung-waehrend-der-pandemie\/"},"author":{"name":"Hartmut Fischer","@id":"https:\/\/www.buhl.de\/vermieter-web\/#\/schema\/person\/82903e1cb04eb553382702d503991b4f"},"headline":"WEG-Versammlung w\u00e4hrend der Pandemie","datePublished":"2021-02-17T15:59:08+00:00","mainEntityOfPage":{"@id":"https:\/\/www.buhl.de\/vermieter-web\/weg-recht-auf-teilnahme-an-der-eigentuemerversammlung-waehrend-der-pandemie\/"},"wordCount":448,"image":{"@id":"https:\/\/www.buhl.de\/vermieter-web\/weg-recht-auf-teilnahme-an-der-eigentuemerversammlung-waehrend-der-pandemie\/#primaryimage"},"thumbnailUrl":"https:\/\/www.buhl.de\/vermieter-web\/wp-content\/uploads\/sites\/33\/2021\/02\/shutterstock_1628014561.jpg","keywords":["Corona","Eigent\u00fcmerversammlung","Teilnahme","WEG-Versammlung"],"inLanguage":"de"},{"@type":"WebPage","@id":"https:\/\/www.buhl.de\/vermieter-web\/weg-recht-auf-teilnahme-an-der-eigentuemerversammlung-waehrend-der-pandemie\/","url":"https:\/\/www.buhl.de\/vermieter-web\/weg-recht-auf-teilnahme-an-der-eigentuemerversammlung-waehrend-der-pandemie\/","name":"WEG: Teilnahme an Mitgliederversammlungen in Pandemie-Zeiten","isPartOf":{"@id":"https:\/\/www.buhl.de\/vermieter-web\/#website"},"primaryImageOfPage":{"@id":"https:\/\/www.buhl.de\/vermieter-web\/weg-recht-auf-teilnahme-an-der-eigentuemerversammlung-waehrend-der-pandemie\/#primaryimage"},"image":{"@id":"https:\/\/www.buhl.de\/vermieter-web\/weg-recht-auf-teilnahme-an-der-eigentuemerversammlung-waehrend-der-pandemie\/#primaryimage"},"thumbnailUrl":"https:\/\/www.buhl.de\/vermieter-web\/wp-content\/uploads\/sites\/33\/2021\/02\/shutterstock_1628014561.jpg","datePublished":"2021-02-17T15:59:08+00:00","author":{"@id":"https:\/\/www.buhl.de\/vermieter-web\/#\/schema\/person\/82903e1cb04eb553382702d503991b4f"},"description":"Auch in Zeiten einer Pandemie hat ein Wohnungseigent\u00fcmer Anspruch auf die pers\u00f6nliche Teilnahme an der Mitgliedersammlung. Der Verwalter kann aber den Versammlungsraum auf Basis der zu erwartenden Teilnehmer festlegen und auf Vertretungsm\u00f6glichkeiten hinweisen.","breadcrumb":{"@id":"https:\/\/www.buhl.de\/vermieter-web\/weg-recht-auf-teilnahme-an-der-eigentuemerversammlung-waehrend-der-pandemie\/#breadcrumb"},"inLanguage":"de","potentialAction":[{"@type":"ReadAction","target":["https:\/\/www.buhl.de\/vermieter-web\/weg-recht-auf-teilnahme-an-der-eigentuemerversammlung-waehrend-der-pandemie\/"]}]},{"@type":"ImageObject","inLanguage":"de","@id":"https:\/\/www.buhl.de\/vermieter-web\/weg-recht-auf-teilnahme-an-der-eigentuemerversammlung-waehrend-der-pandemie\/#primaryimage","url":"https:\/\/www.buhl.de\/vermieter-web\/wp-content\/uploads\/sites\/33\/2021\/02\/shutterstock_1628014561.jpg","contentUrl":"https:\/\/www.buhl.de\/vermieter-web\/wp-content\/uploads\/sites\/33\/2021\/02\/shutterstock_1628014561.jpg","width":840,"height":420,"caption":"Coronavirus 2019-nCov novel coronavirus concept resposible for SARS-CoV-2 outbreak and coronaviruses influenza as dangerous flu strain cases as a pandemic. Microscope virus close up. 3d rendering."},{"@type":"BreadcrumbList","@id":"https:\/\/www.buhl.de\/vermieter-web\/weg-recht-auf-teilnahme-an-der-eigentuemerversammlung-waehrend-der-pandemie\/#breadcrumb","itemListElement":[{"@type":"ListItem","position":1,"name":"Startseite","item":"https:\/\/www.buhl.de\/vermieter-web\/"},{"@type":"ListItem","position":2,"name":"WEG-Versammlung w\u00e4hrend der Pandemie"}]},{"@type":"WebSite","@id":"https:\/\/www.buhl.de\/vermieter-web\/#website","url":"https:\/\/www.buhl.de\/vermieter-web\/","name":"Online-Nebenkostenabrechnung mit WISO Vermieter-Web","description":"","potentialAction":[{"@type":"SearchAction","target":{"@type":"EntryPoint","urlTemplate":"https:\/\/www.buhl.de\/vermieter-web\/?s={search_term_string}"},"query-input":{"@type":"PropertyValueSpecification","valueRequired":true,"valueName":"search_term_string"}}],"inLanguage":"de"},{"@type":"Person","@id":"https:\/\/www.buhl.de\/vermieter-web\/#\/schema\/person\/82903e1cb04eb553382702d503991b4f","name":"Hartmut Fischer"}]}},"_links":{"self":[{"href":"https:\/\/www.buhl.de\/vermieter-web\/wp-json\/wp\/v2\/posts\/13381","targetHints":{"allow":["GET"]}}],"collection":[{"href":"https:\/\/www.buhl.de\/vermieter-web\/wp-json\/wp\/v2\/posts"}],"about":[{"href":"https:\/\/www.buhl.de\/vermieter-web\/wp-json\/wp\/v2\/types\/post"}],"author":[{"embeddable":true,"href":"https:\/\/www.buhl.de\/vermieter-web\/wp-json\/wp\/v2\/users\/15"}],"replies":[{"embeddable":true,"href":"https:\/\/www.buhl.de\/vermieter-web\/wp-json\/wp\/v2\/comments?post=13381"}],"version-history":[{"count":2,"href":"https:\/\/www.buhl.de\/vermieter-web\/wp-json\/wp\/v2\/posts\/13381\/revisions"}],"predecessor-version":[{"id":13387,"href":"https:\/\/www.buhl.de\/vermieter-web\/wp-json\/wp\/v2\/posts\/13381\/revisions\/13387"}],"wp:featuredmedia":[{"embeddable":true,"href":"https:\/\/www.buhl.de\/vermieter-web\/wp-json\/wp\/v2\/media\/13386"}],"wp:attachment":[{"href":"https:\/\/www.buhl.de\/vermieter-web\/wp-json\/wp\/v2\/media?parent=13381"}],"wp:term":[{"taxonomy":"category","embeddable":true,"href":"https:\/\/www.buhl.de\/vermieter-web\/wp-json\/wp\/v2\/categories?post=13381"},{"taxonomy":"post_tag","embeddable":true,"href":"https:\/\/www.buhl.de\/vermieter-web\/wp-json\/wp\/v2\/tags?post=13381"}],"curies":[{"name":"wp","href":"https:\/\/api.w.org\/{rel}","templated":true}]}}