{"id":13470,"date":"2021-03-24T07:03:52","date_gmt":"2021-03-24T06:03:52","guid":{"rendered":"https:\/\/www.buhl.de\/vermieter-web\/?p=13470"},"modified":"2021-03-24T07:03:52","modified_gmt":"2021-03-24T06:03:52","slug":"abriss-an-sich-stellt-noch-keine-wirtschaftliche-verwertung-dar","status":"publish","type":"post","link":"https:\/\/www.buhl.de\/vermieter-web\/abriss-an-sich-stellt-noch-keine-wirtschaftliche-verwertung-dar\/","title":{"rendered":"Abriss an sich stellt noch keine wirtschaftliche Verwertung dar"},"content":{"rendered":"<p><strong>Soll ein Geb\u00e4ude ersatzlos abgerissen werden, stellt dies keine wirtschaftliche Verwertung dar. Deshalb ist in einem solchen Fall auch keine Verwertungsk\u00fcndigung (\u00a7 573 Abs. 2 Nr. 3\u00a0 BGB) gerechtfertigt. Dies entschied der Bundesgerichtshof (BGH) in einem Urteil vom 16.12.2020 (Aktenzeichen VIII ZR 70\/19).<\/strong><\/p>\n<p style=\"text-align: center\"><a href=\"https:\/\/juris.bundesgerichtshof.de\/cgi-bin\/rechtsprechung\/document.py?Gericht=bgh&amp;Art=en&amp;sid=0f38e16609d44dc8f9defc9ced22deac&amp;nr=113877&amp;pos=0&amp;anz=1\">Das Original-Urteil k\u00f6nnen Sie hier nachlesen.<\/a><\/p>\n<p>Zur gerichtlichen Auseinandersetzung kam es, weil ein Vermieter seinem Vermieter gek\u00fcndigt hatte. Der Mieter bewohnte das ehemalige Landarbeiterhaus bereits seit mehreren Jahrzehnten. Einen schriftlichen Mietvertrag gab es allerdings nicht. Der Mieter zahlte au\u00dferdem eine Miete von lediglich 60 \u20ac.<\/p>\n<p>Ein Seitenfl\u00fcgel des Geb\u00e4udes war im Laufe der Jahre so bauf\u00e4llig geworden, dass er abgerissen werden musste. In diesem Seitenfl\u00fcgel befand sich jedoch auch das Badezimmer des Mieters. Der Anbau eines neuen Badezimmers h\u00e4tte Kosten von rund 26.000 \u20ac verursacht. Dies hielt der Vermieter f\u00fcr unwirtschaftlich. Deshalb k\u00fcndigte er, was der Mieter jedoch nicht akzeptierte. Daraufhin erhob der Vermieter Klage auf R\u00e4umung und Herausgabe der Wohnung.<\/p>\n<p>Er konnte sich mit seiner Forderung jedoch weder beim zust\u00e4ndigen Amtsgericht noch beim Landgericht Braunschweig durchsetzen. Beide Instanzen wiesen die Klage ab. Das Landgericht stellte in seiner Urteilsbegr\u00fcndung fest, dass es sich im vorliegenden Fall um keine Verwertungsk\u00fcndigung nach <a href=\"https:\/\/www.gesetze-im-internet.de\/bgb\/__573.html\">\u00a7 573 Abs. 2 BGB<\/a> handele, da die Fortsetzung des Mietverh\u00e4ltnisses f\u00fcr den Vermieter keine erheblichen wirtschaftliche Nachteile bringen w\u00fcrde. Auch ein sonstiges berechtigtes Interesse sah das Landgericht nicht (<a href=\"https:\/\/www.gesetze-im-internet.de\/bgb\/__573.html\">\u00a7 573 Abs. 1 BGB<\/a>). Das Gericht sah keine wirtschaftlichen Nachteile f\u00fcr den Vermieter und hielt die Erweiterung des Geb\u00e4udes zur Einrichtung\u00a0 des neuen Badezimmers f\u00fcr zumutbar. Gegen diese Entscheidung legte der Vermieter Revision beim Bundesgerichtshof ein.<\/p>\n<p>Doch auch hier hatte der Vermieter keinen Erfolg. Der Bundesgerichtshof schloss sich der Meinung der Vorinstanzen an. Der Vermieter habe keinen Anspruch auf R\u00e4umung und Herausgabe der Wohnung. Es bestehe kein Recht zur K\u00fcndigung des Mietverh\u00e4ltnisses. In seiner Urteilsbegr\u00fcndung f\u00fchrte das Gericht aus, dass es sich im vorliegenden Fall um keine Verwertungsk\u00fcndigung nach <a href=\"https:\/\/www.gesetze-im-internet.de\/bgb\/__573.html\">\u00a7 573 Abs. 2 Nr. 3 BGB<\/a> handele. Die Richter r\u00e4umten zwar ein, dass durch den ersatzlosen Abriss Kosten vermieden w\u00fcrden. Der Abriss stellte aber keine wirtschaftliche Verwertung dar, die eine Verwertungsk\u00fcndigung rechtfertigen k\u00f6nnte.<\/p>\n<p>In der Neuerrichtung des Badezimmers sahen die Richter auch keine wirtschaftlichen Nachteile. Die Kosten hierf\u00fcr w\u00e4ren \u00fcberschaubar und nur einmaliger Natur. Hier sei au\u00dferdem zu ber\u00fccksichtigen, dass der Einbau des neuen Bades zu einer Wertsteigerung des Grundst\u00fccks f\u00fchre.<\/p>\n<p><em><strong>Das k\u00f6nnte Sie auch interessieren:<br \/>\n<\/strong><\/em><a href=\"https:\/\/www.buhl.de\/vermieter-web\/13421-2\/\">Lagerung von Ger\u00fcmpel kein Grund zur fristlosen K\u00fcndigung<\/a><br \/>\n<a href=\"https:\/\/www.buhl.de\/vermieter-web\/hauskauf-eigenbedarfskuendigung-fuer-ex-partner\/\">Hauskauf: Eigenbedarfsk\u00fcndigung f\u00fcr Ex-Partner<\/a><br \/>\n<a href=\"https:\/\/www.buhl.de\/vermieter-web\/verspaetete-mietzahlung-kuendigung-muss-zeitnah-erfolgen\/\">Versp\u00e4tete Mietzahlung: K\u00fcndigung muss zeitnah erfolgen<\/a><\/p>\n<p>&nbsp;<\/p>\n","protected":false},"excerpt":{"rendered":"<p>Soll ein Geb\u00e4ude ersatzlos abgerissen werden, stellt dies keine wirtschaftliche Verwertung dar. Deshalb ist in einem solchen Fall auch keine Verwertungsk\u00fcndigung (\u00a7 573 Abs. 2 Nr. 3\u00a0 BGB) gerechtfertigt. Dies entschied der Bundesgerichtshof (BGH) in einem Urteil vom 16.12.2020 (Aktenzeichen VIII ZR 70\/19). Das Original-Urteil k\u00f6nnen Sie hier nachlesen. Zur gerichtlichen Auseinandersetzung kam es, weil &hellip; <\/p>\n<p class=\"link-more\"><a href=\"https:\/\/www.buhl.de\/vermieter-web\/abriss-an-sich-stellt-noch-keine-wirtschaftliche-verwertung-dar\/\" class=\"more-link\"><span class=\"screen-reader-text\">\u201eAbriss an sich stellt noch keine wirtschaftliche Verwertung dar\u201c<\/span> weiterlesen<\/a><\/p>\n","protected":false},"author":15,"featured_media":13472,"comment_status":"closed","ping_status":"open","sticky":false,"template":"","format":"standard","meta":{"footnotes":""},"categories":[1],"tags":[3083,380,690],"class_list":["post-13470","post","type-post","status-publish","format-standard","has-post-thumbnail","hentry","category-allgemein","tag-abriss","tag-kuendigung","tag-verwertungskuendigung"],"yoast_head":"<!-- This site is optimized with the Yoast SEO Premium plugin v27.4 (Yoast SEO v27.5) - https:\/\/yoast.com\/product\/yoast-seo-premium-wordpress\/ -->\n<title>Abriss eines Geb\u00e4udes ist keine wirtschaftliche Verwertung<\/title>\n<meta name=\"description\" content=\"Der Abriss eines Geb\u00e4udes oder eines Geb\u00e4udeteils stellt f\u00fcr sich keine wirtschaftliche Verwertung dar.. Er rechtfertigt deshalb auch keine Verwertungsk\u00fcndigung.\" \/>\n<meta name=\"robots\" content=\"noindex, nofollow\" \/>\n<meta property=\"og:locale\" content=\"de_DE\" \/>\n<meta property=\"og:type\" content=\"article\" \/>\n<meta property=\"og:title\" content=\"Abriss an sich stellt noch keine wirtschaftliche Verwertung dar\" \/>\n<meta property=\"og:description\" content=\"Der Abriss eines Geb\u00e4udes oder eines Geb\u00e4udeteils stellt f\u00fcr sich keine wirtschaftliche Verwertung dar.. Er rechtfertigt deshalb auch keine Verwertungsk\u00fcndigung.\" \/>\n<meta property=\"og:url\" content=\"https:\/\/www.buhl.de\/vermieter-web\/abriss-an-sich-stellt-noch-keine-wirtschaftliche-verwertung-dar\/\" \/>\n<meta property=\"og:site_name\" content=\"Online-Nebenkostenabrechnung mit WISO Vermieter-Web\" \/>\n<meta property=\"article:published_time\" content=\"2021-03-24T06:03:52+00:00\" \/>\n<meta property=\"og:image\" content=\"https:\/\/www.buhl.de\/vermieter-web\/wp-content\/uploads\/sites\/33\/2021\/03\/shutterstock_1097024597.jpg\" \/>\n\t<meta property=\"og:image:width\" content=\"840\" \/>\n\t<meta property=\"og:image:height\" content=\"420\" \/>\n\t<meta property=\"og:image:type\" content=\"image\/jpeg\" \/>\n<meta name=\"author\" content=\"Hartmut Fischer\" \/>\n<meta name=\"twitter:card\" content=\"summary_large_image\" \/>\n<meta name=\"twitter:label1\" content=\"Verfasst von\" \/>\n\t<meta name=\"twitter:data1\" content=\"Hartmut Fischer\" \/>\n\t<meta name=\"twitter:label2\" content=\"Gesch\u00e4tzte Lesezeit\" \/>\n\t<meta name=\"twitter:data2\" content=\"2\u00a0Minuten\" \/>\n<script type=\"application\/ld+json\" class=\"yoast-schema-graph\">{\"@context\":\"https:\\\/\\\/schema.org\",\"@graph\":[{\"@type\":\"Article\",\"@id\":\"https:\\\/\\\/www.buhl.de\\\/vermieter-web\\\/abriss-an-sich-stellt-noch-keine-wirtschaftliche-verwertung-dar\\\/#article\",\"isPartOf\":{\"@id\":\"https:\\\/\\\/www.buhl.de\\\/vermieter-web\\\/abriss-an-sich-stellt-noch-keine-wirtschaftliche-verwertung-dar\\\/\"},\"author\":{\"name\":\"Hartmut Fischer\",\"@id\":\"https:\\\/\\\/www.buhl.de\\\/vermieter-web\\\/#\\\/schema\\\/person\\\/82903e1cb04eb553382702d503991b4f\"},\"headline\":\"Abriss an sich stellt noch keine wirtschaftliche Verwertung dar\",\"datePublished\":\"2021-03-24T06:03:52+00:00\",\"mainEntityOfPage\":{\"@id\":\"https:\\\/\\\/www.buhl.de\\\/vermieter-web\\\/abriss-an-sich-stellt-noch-keine-wirtschaftliche-verwertung-dar\\\/\"},\"wordCount\":442,\"image\":{\"@id\":\"https:\\\/\\\/www.buhl.de\\\/vermieter-web\\\/abriss-an-sich-stellt-noch-keine-wirtschaftliche-verwertung-dar\\\/#primaryimage\"},\"thumbnailUrl\":\"https:\\\/\\\/www.buhl.de\\\/vermieter-web\\\/wp-content\\\/uploads\\\/sites\\\/33\\\/2021\\\/03\\\/shutterstock_1097024597.jpg\",\"keywords\":[\"Abriss\",\"K\u00fcndigung\",\"Verwertungsk\u00fcndigung\"],\"inLanguage\":\"de\"},{\"@type\":\"WebPage\",\"@id\":\"https:\\\/\\\/www.buhl.de\\\/vermieter-web\\\/abriss-an-sich-stellt-noch-keine-wirtschaftliche-verwertung-dar\\\/\",\"url\":\"https:\\\/\\\/www.buhl.de\\\/vermieter-web\\\/abriss-an-sich-stellt-noch-keine-wirtschaftliche-verwertung-dar\\\/\",\"name\":\"Abriss eines Geb\u00e4udes ist keine wirtschaftliche Verwertung\",\"isPartOf\":{\"@id\":\"https:\\\/\\\/www.buhl.de\\\/vermieter-web\\\/#website\"},\"primaryImageOfPage\":{\"@id\":\"https:\\\/\\\/www.buhl.de\\\/vermieter-web\\\/abriss-an-sich-stellt-noch-keine-wirtschaftliche-verwertung-dar\\\/#primaryimage\"},\"image\":{\"@id\":\"https:\\\/\\\/www.buhl.de\\\/vermieter-web\\\/abriss-an-sich-stellt-noch-keine-wirtschaftliche-verwertung-dar\\\/#primaryimage\"},\"thumbnailUrl\":\"https:\\\/\\\/www.buhl.de\\\/vermieter-web\\\/wp-content\\\/uploads\\\/sites\\\/33\\\/2021\\\/03\\\/shutterstock_1097024597.jpg\",\"datePublished\":\"2021-03-24T06:03:52+00:00\",\"author\":{\"@id\":\"https:\\\/\\\/www.buhl.de\\\/vermieter-web\\\/#\\\/schema\\\/person\\\/82903e1cb04eb553382702d503991b4f\"},\"description\":\"Der Abriss eines Geb\u00e4udes oder eines Geb\u00e4udeteils stellt f\u00fcr sich keine wirtschaftliche Verwertung dar.. Er rechtfertigt deshalb auch keine Verwertungsk\u00fcndigung.\",\"breadcrumb\":{\"@id\":\"https:\\\/\\\/www.buhl.de\\\/vermieter-web\\\/abriss-an-sich-stellt-noch-keine-wirtschaftliche-verwertung-dar\\\/#breadcrumb\"},\"inLanguage\":\"de\",\"potentialAction\":[{\"@type\":\"ReadAction\",\"target\":[\"https:\\\/\\\/www.buhl.de\\\/vermieter-web\\\/abriss-an-sich-stellt-noch-keine-wirtschaftliche-verwertung-dar\\\/\"]}]},{\"@type\":\"ImageObject\",\"inLanguage\":\"de\",\"@id\":\"https:\\\/\\\/www.buhl.de\\\/vermieter-web\\\/abriss-an-sich-stellt-noch-keine-wirtschaftliche-verwertung-dar\\\/#primaryimage\",\"url\":\"https:\\\/\\\/www.buhl.de\\\/vermieter-web\\\/wp-content\\\/uploads\\\/sites\\\/33\\\/2021\\\/03\\\/shutterstock_1097024597.jpg\",\"contentUrl\":\"https:\\\/\\\/www.buhl.de\\\/vermieter-web\\\/wp-content\\\/uploads\\\/sites\\\/33\\\/2021\\\/03\\\/shutterstock_1097024597.jpg\",\"width\":840,\"height\":420},{\"@type\":\"BreadcrumbList\",\"@id\":\"https:\\\/\\\/www.buhl.de\\\/vermieter-web\\\/abriss-an-sich-stellt-noch-keine-wirtschaftliche-verwertung-dar\\\/#breadcrumb\",\"itemListElement\":[{\"@type\":\"ListItem\",\"position\":1,\"name\":\"Startseite\",\"item\":\"https:\\\/\\\/www.buhl.de\\\/vermieter-web\\\/\"},{\"@type\":\"ListItem\",\"position\":2,\"name\":\"Abriss an sich stellt noch keine wirtschaftliche Verwertung dar\"}]},{\"@type\":\"WebSite\",\"@id\":\"https:\\\/\\\/www.buhl.de\\\/vermieter-web\\\/#website\",\"url\":\"https:\\\/\\\/www.buhl.de\\\/vermieter-web\\\/\",\"name\":\"Online-Nebenkostenabrechnung mit WISO Vermieter-Web\",\"description\":\"\",\"potentialAction\":[{\"@type\":\"SearchAction\",\"target\":{\"@type\":\"EntryPoint\",\"urlTemplate\":\"https:\\\/\\\/www.buhl.de\\\/vermieter-web\\\/?s={search_term_string}\"},\"query-input\":{\"@type\":\"PropertyValueSpecification\",\"valueRequired\":true,\"valueName\":\"search_term_string\"}}],\"inLanguage\":\"de\"},{\"@type\":\"Person\",\"@id\":\"https:\\\/\\\/www.buhl.de\\\/vermieter-web\\\/#\\\/schema\\\/person\\\/82903e1cb04eb553382702d503991b4f\",\"name\":\"Hartmut Fischer\"}]}<\/script>\n<!-- \/ Yoast SEO Premium plugin. -->","yoast_head_json":{"title":"Abriss eines Geb\u00e4udes ist keine wirtschaftliche Verwertung","description":"Der Abriss eines Geb\u00e4udes oder eines Geb\u00e4udeteils stellt f\u00fcr sich keine wirtschaftliche Verwertung dar.. Er rechtfertigt deshalb auch keine Verwertungsk\u00fcndigung.","robots":{"index":"noindex","follow":"nofollow"},"og_locale":"de_DE","og_type":"article","og_title":"Abriss an sich stellt noch keine wirtschaftliche Verwertung dar","og_description":"Der Abriss eines Geb\u00e4udes oder eines Geb\u00e4udeteils stellt f\u00fcr sich keine wirtschaftliche Verwertung dar.. Er rechtfertigt deshalb auch keine Verwertungsk\u00fcndigung.","og_url":"https:\/\/www.buhl.de\/vermieter-web\/abriss-an-sich-stellt-noch-keine-wirtschaftliche-verwertung-dar\/","og_site_name":"Online-Nebenkostenabrechnung mit WISO Vermieter-Web","article_published_time":"2021-03-24T06:03:52+00:00","og_image":[{"width":840,"height":420,"url":"https:\/\/www.buhl.de\/vermieter-web\/wp-content\/uploads\/sites\/33\/2021\/03\/shutterstock_1097024597.jpg","type":"image\/jpeg"}],"author":"Hartmut Fischer","twitter_card":"summary_large_image","twitter_misc":{"Verfasst von":"Hartmut Fischer","Gesch\u00e4tzte Lesezeit":"2\u00a0Minuten"},"schema":{"@context":"https:\/\/schema.org","@graph":[{"@type":"Article","@id":"https:\/\/www.buhl.de\/vermieter-web\/abriss-an-sich-stellt-noch-keine-wirtschaftliche-verwertung-dar\/#article","isPartOf":{"@id":"https:\/\/www.buhl.de\/vermieter-web\/abriss-an-sich-stellt-noch-keine-wirtschaftliche-verwertung-dar\/"},"author":{"name":"Hartmut Fischer","@id":"https:\/\/www.buhl.de\/vermieter-web\/#\/schema\/person\/82903e1cb04eb553382702d503991b4f"},"headline":"Abriss an sich stellt noch keine wirtschaftliche Verwertung dar","datePublished":"2021-03-24T06:03:52+00:00","mainEntityOfPage":{"@id":"https:\/\/www.buhl.de\/vermieter-web\/abriss-an-sich-stellt-noch-keine-wirtschaftliche-verwertung-dar\/"},"wordCount":442,"image":{"@id":"https:\/\/www.buhl.de\/vermieter-web\/abriss-an-sich-stellt-noch-keine-wirtschaftliche-verwertung-dar\/#primaryimage"},"thumbnailUrl":"https:\/\/www.buhl.de\/vermieter-web\/wp-content\/uploads\/sites\/33\/2021\/03\/shutterstock_1097024597.jpg","keywords":["Abriss","K\u00fcndigung","Verwertungsk\u00fcndigung"],"inLanguage":"de"},{"@type":"WebPage","@id":"https:\/\/www.buhl.de\/vermieter-web\/abriss-an-sich-stellt-noch-keine-wirtschaftliche-verwertung-dar\/","url":"https:\/\/www.buhl.de\/vermieter-web\/abriss-an-sich-stellt-noch-keine-wirtschaftliche-verwertung-dar\/","name":"Abriss eines Geb\u00e4udes ist keine wirtschaftliche Verwertung","isPartOf":{"@id":"https:\/\/www.buhl.de\/vermieter-web\/#website"},"primaryImageOfPage":{"@id":"https:\/\/www.buhl.de\/vermieter-web\/abriss-an-sich-stellt-noch-keine-wirtschaftliche-verwertung-dar\/#primaryimage"},"image":{"@id":"https:\/\/www.buhl.de\/vermieter-web\/abriss-an-sich-stellt-noch-keine-wirtschaftliche-verwertung-dar\/#primaryimage"},"thumbnailUrl":"https:\/\/www.buhl.de\/vermieter-web\/wp-content\/uploads\/sites\/33\/2021\/03\/shutterstock_1097024597.jpg","datePublished":"2021-03-24T06:03:52+00:00","author":{"@id":"https:\/\/www.buhl.de\/vermieter-web\/#\/schema\/person\/82903e1cb04eb553382702d503991b4f"},"description":"Der Abriss eines Geb\u00e4udes oder eines Geb\u00e4udeteils stellt f\u00fcr sich keine wirtschaftliche Verwertung dar.. Er rechtfertigt deshalb auch keine Verwertungsk\u00fcndigung.","breadcrumb":{"@id":"https:\/\/www.buhl.de\/vermieter-web\/abriss-an-sich-stellt-noch-keine-wirtschaftliche-verwertung-dar\/#breadcrumb"},"inLanguage":"de","potentialAction":[{"@type":"ReadAction","target":["https:\/\/www.buhl.de\/vermieter-web\/abriss-an-sich-stellt-noch-keine-wirtschaftliche-verwertung-dar\/"]}]},{"@type":"ImageObject","inLanguage":"de","@id":"https:\/\/www.buhl.de\/vermieter-web\/abriss-an-sich-stellt-noch-keine-wirtschaftliche-verwertung-dar\/#primaryimage","url":"https:\/\/www.buhl.de\/vermieter-web\/wp-content\/uploads\/sites\/33\/2021\/03\/shutterstock_1097024597.jpg","contentUrl":"https:\/\/www.buhl.de\/vermieter-web\/wp-content\/uploads\/sites\/33\/2021\/03\/shutterstock_1097024597.jpg","width":840,"height":420},{"@type":"BreadcrumbList","@id":"https:\/\/www.buhl.de\/vermieter-web\/abriss-an-sich-stellt-noch-keine-wirtschaftliche-verwertung-dar\/#breadcrumb","itemListElement":[{"@type":"ListItem","position":1,"name":"Startseite","item":"https:\/\/www.buhl.de\/vermieter-web\/"},{"@type":"ListItem","position":2,"name":"Abriss an sich stellt noch keine wirtschaftliche Verwertung dar"}]},{"@type":"WebSite","@id":"https:\/\/www.buhl.de\/vermieter-web\/#website","url":"https:\/\/www.buhl.de\/vermieter-web\/","name":"Online-Nebenkostenabrechnung mit WISO Vermieter-Web","description":"","potentialAction":[{"@type":"SearchAction","target":{"@type":"EntryPoint","urlTemplate":"https:\/\/www.buhl.de\/vermieter-web\/?s={search_term_string}"},"query-input":{"@type":"PropertyValueSpecification","valueRequired":true,"valueName":"search_term_string"}}],"inLanguage":"de"},{"@type":"Person","@id":"https:\/\/www.buhl.de\/vermieter-web\/#\/schema\/person\/82903e1cb04eb553382702d503991b4f","name":"Hartmut Fischer"}]}},"_links":{"self":[{"href":"https:\/\/www.buhl.de\/vermieter-web\/wp-json\/wp\/v2\/posts\/13470","targetHints":{"allow":["GET"]}}],"collection":[{"href":"https:\/\/www.buhl.de\/vermieter-web\/wp-json\/wp\/v2\/posts"}],"about":[{"href":"https:\/\/www.buhl.de\/vermieter-web\/wp-json\/wp\/v2\/types\/post"}],"author":[{"embeddable":true,"href":"https:\/\/www.buhl.de\/vermieter-web\/wp-json\/wp\/v2\/users\/15"}],"replies":[{"embeddable":true,"href":"https:\/\/www.buhl.de\/vermieter-web\/wp-json\/wp\/v2\/comments?post=13470"}],"version-history":[{"count":1,"href":"https:\/\/www.buhl.de\/vermieter-web\/wp-json\/wp\/v2\/posts\/13470\/revisions"}],"predecessor-version":[{"id":13473,"href":"https:\/\/www.buhl.de\/vermieter-web\/wp-json\/wp\/v2\/posts\/13470\/revisions\/13473"}],"wp:featuredmedia":[{"embeddable":true,"href":"https:\/\/www.buhl.de\/vermieter-web\/wp-json\/wp\/v2\/media\/13472"}],"wp:attachment":[{"href":"https:\/\/www.buhl.de\/vermieter-web\/wp-json\/wp\/v2\/media?parent=13470"}],"wp:term":[{"taxonomy":"category","embeddable":true,"href":"https:\/\/www.buhl.de\/vermieter-web\/wp-json\/wp\/v2\/categories?post=13470"},{"taxonomy":"post_tag","embeddable":true,"href":"https:\/\/www.buhl.de\/vermieter-web\/wp-json\/wp\/v2\/tags?post=13470"}],"curies":[{"name":"wp","href":"https:\/\/api.w.org\/{rel}","templated":true}]}}