{"id":13505,"date":"2021-04-14T16:36:41","date_gmt":"2021-04-14T14:36:41","guid":{"rendered":"https:\/\/www.buhl.de\/vermieter-web\/?p=13505"},"modified":"2021-04-14T16:36:41","modified_gmt":"2021-04-14T14:36:41","slug":"weg-eigentuemerversammlung-in-der-pandemie-ohne-eigentuemer","status":"publish","type":"post","link":"https:\/\/www.buhl.de\/vermieter-web\/weg-eigentuemerversammlung-in-der-pandemie-ohne-eigentuemer\/","title":{"rendered":"WEG: Eigent\u00fcmerversammlung in der Pandemie ohne Eigent\u00fcmer?"},"content":{"rendered":"<p><strong>Eine Hausverwaltung lud die Eigent\u00fcmer zur Versammlung ein. Gleichzeitig teilte sie aber mit, dass keine Pr\u00e4senz erw\u00fcnscht ist. Stattdessen sollten die Eigent\u00fcmer der Hausverwaltung Abstimmungsvollmacht erteilen. Doch hier gefasste Beschl\u00fcsse sind ung\u00fcltig. Das gilt auch in Corona-Zeiten. Zu diesem Ergebnis kam das Amtsgericht Hannover in einem Urteil vom 07.01.2021 (Aktenzeichen 480 C 8302\/20).<\/strong><\/p>\n<p>In dem Verfahren ging es um eine Eigent\u00fcmerversammlung, zu der die Hausverwaltung eingeladen hatte. Allerdings lud die Hausverwaltung die Eigent\u00fcmer auch gleich wieder aus. In der \u201eEinladung\u201c hie\u00df es:<\/p>\n<p>\u201eWir laden mit den beiliegenden Unterlagen ordnungsgem\u00e4\u00df zu einer Eigent\u00fcmerversammlung ein, zu der sie aber bitte <strong>nicht<\/strong>\u00a0erscheinen. Sollten Eigent\u00fcmer\/innen erscheinen, w\u00e4ren wir zum\u00a0<strong>sofortigen Abbruch der Veranstaltung gezwungen<\/strong>\u201c (Fettdruck wie in der Einladung). A<\/p>\n<p>Au\u00dferdem verlangte die Hausverwaltung die schriftliche Vollmachten von den Eigent\u00fcmern. In der \u201eGeisterversammlung\u201c wurde ein Beschluss zur \u00c4nderung der Hausordnung gefasst. Dieser wurde\u00a0 von einem Wohnungseigent\u00fcmer angefochten.<\/p>\n<p>Der Kl\u00e4ger r\u00fcgte, dass ihm das Teilnahmerecht verweigert wurde. Au\u00dferdem habe keine Diskussion stattgefunden. Dar\u00fcber hinaus habe der Verwaltungsbeirat seine Pflichten gegen\u00fcber der Wohnungseigent\u00fcmergemeinschaft verletzt. Deshalb sei der Beschluss nichtig.<\/p>\n<p>Die Hausverwaltung sah keine Pflichtverletzung des Verwaltungsbeirates. Von der Versammlung sei auch niemand ausgeschlossen worden. Man habe lediglich eine Vollmachts-Versammlung anberaumt.\u00a0 Dies sei auch rechtm\u00e4\u00dfig. Es h\u00e4tte dem Kl\u00e4ger freigestanden, zur Eigent\u00fcmerversammlung zu erscheinen. Dann w\u00e4re diese nicht durchgef\u00fchrt und die Hausordnung nicht ge\u00e4ndert worden.<\/p>\n<p>Das Gericht stellte sich auf die Seite des Kl\u00e4gers. Es handele sich um einen Versto\u00df gegen <a href=\"https:\/\/www.gesetze-im-internet.de\/woeigg\/__23.html\">\u00a7 23 Abs. 1 WEG<\/a>. Danach sind Beschl\u00fcsse einer Eigent\u00fcmerversammlung nichtig, wenn sie in den Kernbereich des Wohnungseigentums eingreifen. Zu diesem Kernbereich geh\u00f6re das Recht der Wohnungseigent\u00fcmer, an den Eigent\u00fcmerversammlungen teilzunehmen.<\/p>\n<p>In dem Einladungsschreiben wurde den Wohnungseigent\u00fcmern die Teilnahme verwehrt. Sie wurden ausdr\u00fccklich aufgefordert, nicht zu erscheinen. Au\u00dferdem wurde angek\u00fcndigt, dass die Veranstaltung sofort abgebrochen w\u00fcrde, wenn Eigent\u00fcmer erscheinen.<\/p>\n<p>Dies stellt eine Verletzung des Kernbereichs der Rechte der Wohnungseigent\u00fcmer dar. Die Wohnungseigent\u00fcmer konnten ihre Rechte nicht direkt wahrnehmen.\u00a0 Sie konnten ihr Stimmrecht\u00a0 nur durch die Erteilung einer Vollmacht mit Anweisungen aus\u00fcben. Auseinandersetzungen und Diskussionen fanden nicht statt. Dies ist aber ein wesentlicher Bestandteil der Eigent\u00fcmerversammlung.<\/p>\n<p><em><strong>Das k\u00f6nnte Sie auch interessieren:<br \/>\n<\/strong><\/em><a href=\"https:\/\/www.buhl.de\/vermieter-web\/weg-der-mietvertrag-und-die-zustimmung-der-gemeinschaft\/\">WEG: der Mietvertrag und die Zustimmung der Gemeinschaft<\/a><br \/>\n<a href=\"https:\/\/www.buhl.de\/vermieter-web\/weg-recht-auf-teilnahme-an-der-eigentuemerversammlung-waehrend-der-pandemie\/\">WEG-Versammlung w\u00e4hrend der Pandemie<\/a><br \/>\n<a href=\"https:\/\/www.buhl.de\/vermieter-web\/weg-zustimmung-der-gemeinschaft-zur-vermietung\/\">WEG: Zustimmung der Gemeinschaft zur Vermietung<\/a><\/p>\n<p>&nbsp;<\/p>\n","protected":false},"excerpt":{"rendered":"<p>Eine Hausverwaltung lud die Eigent\u00fcmer zur Versammlung ein. Gleichzeitig teilte sie aber mit, dass keine Pr\u00e4senz erw\u00fcnscht ist. Stattdessen sollten die Eigent\u00fcmer der Hausverwaltung Abstimmungsvollmacht erteilen. Doch hier gefasste Beschl\u00fcsse sind ung\u00fcltig. Das gilt auch in Corona-Zeiten. Zu diesem Ergebnis kam das Amtsgericht Hannover in einem Urteil vom 07.01.2021 (Aktenzeichen 480 C 8302\/20). In dem &hellip; <\/p>\n<p class=\"link-more\"><a href=\"https:\/\/www.buhl.de\/vermieter-web\/weg-eigentuemerversammlung-in-der-pandemie-ohne-eigentuemer\/\" class=\"more-link\"><span class=\"screen-reader-text\">\u201eWEG: Eigent\u00fcmerversammlung in der Pandemie ohne Eigent\u00fcmer?\u201c<\/span> weiterlesen<\/a><\/p>\n","protected":false},"author":15,"featured_media":13386,"comment_status":"closed","ping_status":"open","sticky":false,"template":"","format":"standard","meta":{"footnotes":""},"categories":[1],"tags":[5585,4654,5584,392,382],"class_list":["post-13505","post","type-post","status-publish","format-standard","has-post-thumbnail","hentry","category-allgemein","tag-anwesenheit","tag-beschluss","tag-praesenz","tag-weg","tag-weg-versammlung"],"yoast_head":"<!-- This site is optimized with the Yoast SEO Premium plugin v27.4 (Yoast SEO v27.5) - https:\/\/yoast.com\/product\/yoast-seo-premium-wordpress\/ -->\n<title>WEG: Eigent\u00fcmerversammlung in der Pandemie ohne Eigent\u00fcmer? - Online-Nebenkostenabrechnung mit WISO Vermieter-Web<\/title>\n<meta name=\"description\" content=\"Auch in Corona-.Zeiten k\u00f6nnen Wohnungseigent\u00fcmer verlangen, dass sie an der Wohnungseigent\u00fcmerversammlung teilnehmen k\u00f6nnen.\" \/>\n<meta name=\"robots\" content=\"noindex, nofollow\" \/>\n<meta property=\"og:locale\" content=\"de_DE\" \/>\n<meta property=\"og:type\" content=\"article\" \/>\n<meta property=\"og:title\" content=\"WEG: Eigent\u00fcmerversammlung in der Pandemie ohne Eigent\u00fcmer?\" \/>\n<meta property=\"og:description\" content=\"Auch in Corona-.Zeiten k\u00f6nnen Wohnungseigent\u00fcmer verlangen, dass sie an der Wohnungseigent\u00fcmerversammlung teilnehmen k\u00f6nnen.\" \/>\n<meta property=\"og:url\" content=\"https:\/\/www.buhl.de\/vermieter-web\/weg-eigentuemerversammlung-in-der-pandemie-ohne-eigentuemer\/\" \/>\n<meta property=\"og:site_name\" content=\"Online-Nebenkostenabrechnung mit WISO Vermieter-Web\" \/>\n<meta property=\"article:published_time\" content=\"2021-04-14T14:36:41+00:00\" \/>\n<meta property=\"og:image\" content=\"https:\/\/www.buhl.de\/vermieter-web\/wp-content\/uploads\/sites\/33\/2021\/02\/shutterstock_1628014561.jpg\" \/>\n\t<meta property=\"og:image:width\" content=\"840\" \/>\n\t<meta property=\"og:image:height\" content=\"420\" \/>\n\t<meta property=\"og:image:type\" content=\"image\/jpeg\" \/>\n<meta name=\"author\" content=\"Hartmut Fischer\" \/>\n<meta name=\"twitter:card\" content=\"summary_large_image\" \/>\n<meta name=\"twitter:label1\" content=\"Verfasst von\" \/>\n\t<meta name=\"twitter:data1\" content=\"Hartmut Fischer\" \/>\n\t<meta name=\"twitter:label2\" content=\"Gesch\u00e4tzte Lesezeit\" \/>\n\t<meta name=\"twitter:data2\" content=\"2\u00a0Minuten\" \/>\n<script type=\"application\/ld+json\" class=\"yoast-schema-graph\">{\"@context\":\"https:\\\/\\\/schema.org\",\"@graph\":[{\"@type\":\"Article\",\"@id\":\"https:\\\/\\\/www.buhl.de\\\/vermieter-web\\\/weg-eigentuemerversammlung-in-der-pandemie-ohne-eigentuemer\\\/#article\",\"isPartOf\":{\"@id\":\"https:\\\/\\\/www.buhl.de\\\/vermieter-web\\\/weg-eigentuemerversammlung-in-der-pandemie-ohne-eigentuemer\\\/\"},\"author\":{\"name\":\"Hartmut Fischer\",\"@id\":\"https:\\\/\\\/www.buhl.de\\\/vermieter-web\\\/#\\\/schema\\\/person\\\/82903e1cb04eb553382702d503991b4f\"},\"headline\":\"WEG: Eigent\u00fcmerversammlung in der Pandemie ohne Eigent\u00fcmer?\",\"datePublished\":\"2021-04-14T14:36:41+00:00\",\"mainEntityOfPage\":{\"@id\":\"https:\\\/\\\/www.buhl.de\\\/vermieter-web\\\/weg-eigentuemerversammlung-in-der-pandemie-ohne-eigentuemer\\\/\"},\"wordCount\":413,\"image\":{\"@id\":\"https:\\\/\\\/www.buhl.de\\\/vermieter-web\\\/weg-eigentuemerversammlung-in-der-pandemie-ohne-eigentuemer\\\/#primaryimage\"},\"thumbnailUrl\":\"https:\\\/\\\/www.buhl.de\\\/vermieter-web\\\/wp-content\\\/uploads\\\/sites\\\/33\\\/2021\\\/02\\\/shutterstock_1628014561.jpg\",\"keywords\":[\"Anwesenheit\",\"Beschluss\",\"Pr\u00e4senz\",\"WEG\",\"WEG-Versammlung\"],\"inLanguage\":\"de\"},{\"@type\":\"WebPage\",\"@id\":\"https:\\\/\\\/www.buhl.de\\\/vermieter-web\\\/weg-eigentuemerversammlung-in-der-pandemie-ohne-eigentuemer\\\/\",\"url\":\"https:\\\/\\\/www.buhl.de\\\/vermieter-web\\\/weg-eigentuemerversammlung-in-der-pandemie-ohne-eigentuemer\\\/\",\"name\":\"WEG: Eigent\u00fcmerversammlung in der Pandemie ohne Eigent\u00fcmer? - Online-Nebenkostenabrechnung mit WISO Vermieter-Web\",\"isPartOf\":{\"@id\":\"https:\\\/\\\/www.buhl.de\\\/vermieter-web\\\/#website\"},\"primaryImageOfPage\":{\"@id\":\"https:\\\/\\\/www.buhl.de\\\/vermieter-web\\\/weg-eigentuemerversammlung-in-der-pandemie-ohne-eigentuemer\\\/#primaryimage\"},\"image\":{\"@id\":\"https:\\\/\\\/www.buhl.de\\\/vermieter-web\\\/weg-eigentuemerversammlung-in-der-pandemie-ohne-eigentuemer\\\/#primaryimage\"},\"thumbnailUrl\":\"https:\\\/\\\/www.buhl.de\\\/vermieter-web\\\/wp-content\\\/uploads\\\/sites\\\/33\\\/2021\\\/02\\\/shutterstock_1628014561.jpg\",\"datePublished\":\"2021-04-14T14:36:41+00:00\",\"author\":{\"@id\":\"https:\\\/\\\/www.buhl.de\\\/vermieter-web\\\/#\\\/schema\\\/person\\\/82903e1cb04eb553382702d503991b4f\"},\"description\":\"Auch in Corona-.Zeiten k\u00f6nnen Wohnungseigent\u00fcmer verlangen, dass sie an der Wohnungseigent\u00fcmerversammlung teilnehmen k\u00f6nnen.\",\"breadcrumb\":{\"@id\":\"https:\\\/\\\/www.buhl.de\\\/vermieter-web\\\/weg-eigentuemerversammlung-in-der-pandemie-ohne-eigentuemer\\\/#breadcrumb\"},\"inLanguage\":\"de\",\"potentialAction\":[{\"@type\":\"ReadAction\",\"target\":[\"https:\\\/\\\/www.buhl.de\\\/vermieter-web\\\/weg-eigentuemerversammlung-in-der-pandemie-ohne-eigentuemer\\\/\"]}]},{\"@type\":\"ImageObject\",\"inLanguage\":\"de\",\"@id\":\"https:\\\/\\\/www.buhl.de\\\/vermieter-web\\\/weg-eigentuemerversammlung-in-der-pandemie-ohne-eigentuemer\\\/#primaryimage\",\"url\":\"https:\\\/\\\/www.buhl.de\\\/vermieter-web\\\/wp-content\\\/uploads\\\/sites\\\/33\\\/2021\\\/02\\\/shutterstock_1628014561.jpg\",\"contentUrl\":\"https:\\\/\\\/www.buhl.de\\\/vermieter-web\\\/wp-content\\\/uploads\\\/sites\\\/33\\\/2021\\\/02\\\/shutterstock_1628014561.jpg\",\"width\":840,\"height\":420,\"caption\":\"Coronavirus 2019-nCov novel coronavirus concept resposible for SARS-CoV-2 outbreak and coronaviruses influenza as dangerous flu strain cases as a pandemic. Microscope virus close up. 3d rendering.\"},{\"@type\":\"BreadcrumbList\",\"@id\":\"https:\\\/\\\/www.buhl.de\\\/vermieter-web\\\/weg-eigentuemerversammlung-in-der-pandemie-ohne-eigentuemer\\\/#breadcrumb\",\"itemListElement\":[{\"@type\":\"ListItem\",\"position\":1,\"name\":\"Startseite\",\"item\":\"https:\\\/\\\/www.buhl.de\\\/vermieter-web\\\/\"},{\"@type\":\"ListItem\",\"position\":2,\"name\":\"WEG: Eigent\u00fcmerversammlung in der Pandemie ohne Eigent\u00fcmer?\"}]},{\"@type\":\"WebSite\",\"@id\":\"https:\\\/\\\/www.buhl.de\\\/vermieter-web\\\/#website\",\"url\":\"https:\\\/\\\/www.buhl.de\\\/vermieter-web\\\/\",\"name\":\"Online-Nebenkostenabrechnung mit WISO Vermieter-Web\",\"description\":\"\",\"potentialAction\":[{\"@type\":\"SearchAction\",\"target\":{\"@type\":\"EntryPoint\",\"urlTemplate\":\"https:\\\/\\\/www.buhl.de\\\/vermieter-web\\\/?s={search_term_string}\"},\"query-input\":{\"@type\":\"PropertyValueSpecification\",\"valueRequired\":true,\"valueName\":\"search_term_string\"}}],\"inLanguage\":\"de\"},{\"@type\":\"Person\",\"@id\":\"https:\\\/\\\/www.buhl.de\\\/vermieter-web\\\/#\\\/schema\\\/person\\\/82903e1cb04eb553382702d503991b4f\",\"name\":\"Hartmut Fischer\"}]}<\/script>\n<!-- \/ Yoast SEO Premium plugin. -->","yoast_head_json":{"title":"WEG: Eigent\u00fcmerversammlung in der Pandemie ohne Eigent\u00fcmer? - Online-Nebenkostenabrechnung mit WISO Vermieter-Web","description":"Auch in Corona-.Zeiten k\u00f6nnen Wohnungseigent\u00fcmer verlangen, dass sie an der Wohnungseigent\u00fcmerversammlung teilnehmen k\u00f6nnen.","robots":{"index":"noindex","follow":"nofollow"},"og_locale":"de_DE","og_type":"article","og_title":"WEG: Eigent\u00fcmerversammlung in der Pandemie ohne Eigent\u00fcmer?","og_description":"Auch in Corona-.Zeiten k\u00f6nnen Wohnungseigent\u00fcmer verlangen, dass sie an der Wohnungseigent\u00fcmerversammlung teilnehmen k\u00f6nnen.","og_url":"https:\/\/www.buhl.de\/vermieter-web\/weg-eigentuemerversammlung-in-der-pandemie-ohne-eigentuemer\/","og_site_name":"Online-Nebenkostenabrechnung mit WISO Vermieter-Web","article_published_time":"2021-04-14T14:36:41+00:00","og_image":[{"width":840,"height":420,"url":"https:\/\/www.buhl.de\/vermieter-web\/wp-content\/uploads\/sites\/33\/2021\/02\/shutterstock_1628014561.jpg","type":"image\/jpeg"}],"author":"Hartmut Fischer","twitter_card":"summary_large_image","twitter_misc":{"Verfasst von":"Hartmut Fischer","Gesch\u00e4tzte Lesezeit":"2\u00a0Minuten"},"schema":{"@context":"https:\/\/schema.org","@graph":[{"@type":"Article","@id":"https:\/\/www.buhl.de\/vermieter-web\/weg-eigentuemerversammlung-in-der-pandemie-ohne-eigentuemer\/#article","isPartOf":{"@id":"https:\/\/www.buhl.de\/vermieter-web\/weg-eigentuemerversammlung-in-der-pandemie-ohne-eigentuemer\/"},"author":{"name":"Hartmut Fischer","@id":"https:\/\/www.buhl.de\/vermieter-web\/#\/schema\/person\/82903e1cb04eb553382702d503991b4f"},"headline":"WEG: Eigent\u00fcmerversammlung in der Pandemie ohne Eigent\u00fcmer?","datePublished":"2021-04-14T14:36:41+00:00","mainEntityOfPage":{"@id":"https:\/\/www.buhl.de\/vermieter-web\/weg-eigentuemerversammlung-in-der-pandemie-ohne-eigentuemer\/"},"wordCount":413,"image":{"@id":"https:\/\/www.buhl.de\/vermieter-web\/weg-eigentuemerversammlung-in-der-pandemie-ohne-eigentuemer\/#primaryimage"},"thumbnailUrl":"https:\/\/www.buhl.de\/vermieter-web\/wp-content\/uploads\/sites\/33\/2021\/02\/shutterstock_1628014561.jpg","keywords":["Anwesenheit","Beschluss","Pr\u00e4senz","WEG","WEG-Versammlung"],"inLanguage":"de"},{"@type":"WebPage","@id":"https:\/\/www.buhl.de\/vermieter-web\/weg-eigentuemerversammlung-in-der-pandemie-ohne-eigentuemer\/","url":"https:\/\/www.buhl.de\/vermieter-web\/weg-eigentuemerversammlung-in-der-pandemie-ohne-eigentuemer\/","name":"WEG: Eigent\u00fcmerversammlung in der Pandemie ohne Eigent\u00fcmer? - Online-Nebenkostenabrechnung mit WISO Vermieter-Web","isPartOf":{"@id":"https:\/\/www.buhl.de\/vermieter-web\/#website"},"primaryImageOfPage":{"@id":"https:\/\/www.buhl.de\/vermieter-web\/weg-eigentuemerversammlung-in-der-pandemie-ohne-eigentuemer\/#primaryimage"},"image":{"@id":"https:\/\/www.buhl.de\/vermieter-web\/weg-eigentuemerversammlung-in-der-pandemie-ohne-eigentuemer\/#primaryimage"},"thumbnailUrl":"https:\/\/www.buhl.de\/vermieter-web\/wp-content\/uploads\/sites\/33\/2021\/02\/shutterstock_1628014561.jpg","datePublished":"2021-04-14T14:36:41+00:00","author":{"@id":"https:\/\/www.buhl.de\/vermieter-web\/#\/schema\/person\/82903e1cb04eb553382702d503991b4f"},"description":"Auch in Corona-.Zeiten k\u00f6nnen Wohnungseigent\u00fcmer verlangen, dass sie an der Wohnungseigent\u00fcmerversammlung teilnehmen k\u00f6nnen.","breadcrumb":{"@id":"https:\/\/www.buhl.de\/vermieter-web\/weg-eigentuemerversammlung-in-der-pandemie-ohne-eigentuemer\/#breadcrumb"},"inLanguage":"de","potentialAction":[{"@type":"ReadAction","target":["https:\/\/www.buhl.de\/vermieter-web\/weg-eigentuemerversammlung-in-der-pandemie-ohne-eigentuemer\/"]}]},{"@type":"ImageObject","inLanguage":"de","@id":"https:\/\/www.buhl.de\/vermieter-web\/weg-eigentuemerversammlung-in-der-pandemie-ohne-eigentuemer\/#primaryimage","url":"https:\/\/www.buhl.de\/vermieter-web\/wp-content\/uploads\/sites\/33\/2021\/02\/shutterstock_1628014561.jpg","contentUrl":"https:\/\/www.buhl.de\/vermieter-web\/wp-content\/uploads\/sites\/33\/2021\/02\/shutterstock_1628014561.jpg","width":840,"height":420,"caption":"Coronavirus 2019-nCov novel coronavirus concept resposible for SARS-CoV-2 outbreak and coronaviruses influenza as dangerous flu strain cases as a pandemic. Microscope virus close up. 3d rendering."},{"@type":"BreadcrumbList","@id":"https:\/\/www.buhl.de\/vermieter-web\/weg-eigentuemerversammlung-in-der-pandemie-ohne-eigentuemer\/#breadcrumb","itemListElement":[{"@type":"ListItem","position":1,"name":"Startseite","item":"https:\/\/www.buhl.de\/vermieter-web\/"},{"@type":"ListItem","position":2,"name":"WEG: Eigent\u00fcmerversammlung in der Pandemie ohne Eigent\u00fcmer?"}]},{"@type":"WebSite","@id":"https:\/\/www.buhl.de\/vermieter-web\/#website","url":"https:\/\/www.buhl.de\/vermieter-web\/","name":"Online-Nebenkostenabrechnung mit WISO Vermieter-Web","description":"","potentialAction":[{"@type":"SearchAction","target":{"@type":"EntryPoint","urlTemplate":"https:\/\/www.buhl.de\/vermieter-web\/?s={search_term_string}"},"query-input":{"@type":"PropertyValueSpecification","valueRequired":true,"valueName":"search_term_string"}}],"inLanguage":"de"},{"@type":"Person","@id":"https:\/\/www.buhl.de\/vermieter-web\/#\/schema\/person\/82903e1cb04eb553382702d503991b4f","name":"Hartmut Fischer"}]}},"_links":{"self":[{"href":"https:\/\/www.buhl.de\/vermieter-web\/wp-json\/wp\/v2\/posts\/13505","targetHints":{"allow":["GET"]}}],"collection":[{"href":"https:\/\/www.buhl.de\/vermieter-web\/wp-json\/wp\/v2\/posts"}],"about":[{"href":"https:\/\/www.buhl.de\/vermieter-web\/wp-json\/wp\/v2\/types\/post"}],"author":[{"embeddable":true,"href":"https:\/\/www.buhl.de\/vermieter-web\/wp-json\/wp\/v2\/users\/15"}],"replies":[{"embeddable":true,"href":"https:\/\/www.buhl.de\/vermieter-web\/wp-json\/wp\/v2\/comments?post=13505"}],"version-history":[{"count":1,"href":"https:\/\/www.buhl.de\/vermieter-web\/wp-json\/wp\/v2\/posts\/13505\/revisions"}],"predecessor-version":[{"id":13507,"href":"https:\/\/www.buhl.de\/vermieter-web\/wp-json\/wp\/v2\/posts\/13505\/revisions\/13507"}],"wp:featuredmedia":[{"embeddable":true,"href":"https:\/\/www.buhl.de\/vermieter-web\/wp-json\/wp\/v2\/media\/13386"}],"wp:attachment":[{"href":"https:\/\/www.buhl.de\/vermieter-web\/wp-json\/wp\/v2\/media?parent=13505"}],"wp:term":[{"taxonomy":"category","embeddable":true,"href":"https:\/\/www.buhl.de\/vermieter-web\/wp-json\/wp\/v2\/categories?post=13505"},{"taxonomy":"post_tag","embeddable":true,"href":"https:\/\/www.buhl.de\/vermieter-web\/wp-json\/wp\/v2\/tags?post=13505"}],"curies":[{"name":"wp","href":"https:\/\/api.w.org\/{rel}","templated":true}]}}