{"id":13575,"date":"2021-05-21T19:00:50","date_gmt":"2021-05-21T17:00:50","guid":{"rendered":"https:\/\/www.buhl.de\/vermieter-web\/?p=13575"},"modified":"2021-05-21T19:00:50","modified_gmt":"2021-05-21T17:00:50","slug":"zu-frueh-geraeumt-zu-frueh-gefreut","status":"publish","type":"post","link":"https:\/\/www.buhl.de\/vermieter-web\/zu-frueh-geraeumt-zu-frueh-gefreut\/","title":{"rendered":"Zu fr\u00fch ger\u00e4umt &#8211; zu fr\u00fch gefreut"},"content":{"rendered":"<p><strong>Jeder Vermieter freut sich, wenn er endlich das R\u00e4umungsurteil in H\u00e4nden h\u00e4lt. Es ist auch nachvollziehbar, dass er den Titel so schnell wie m\u00f6glich vollstrecken will. Dennoch sollte er nicht zu fr\u00fch handeln. Geht der Mieter in Berufung und erreicht die Aufhebung des Urteils aus der ersten Instanz, kann es dazu kommen, dass der Vermieter Schadenersatz zahlen muss. Dies geht aus einem Urteil des Landgerichts Berlin vom 1.12.2020 (Aktenzeichen 65 S 4\/17) hervor.<\/strong><\/p>\n<p><a href=\"https:\/\/gesetze.berlin.de\/bsbe\/document\/JURE210003246\">Das Originalurteil k\u00f6nnen Sie hier nachlesen.<\/a><\/p>\n<p>In dem Verfahren ging es um ein R\u00e4umungsurteil, das der Vermieter nach der Entscheidung beim zust\u00e4ndigen Amtsgericht sofort vollstreckte. Allerdings hatte er dabei nicht bedacht, dass das Urteil noch nicht rechtskr\u00e4ftig war. Der Mieter hatte die M\u00f6glichkeit in Berufung zu gehen. Er nahm dieses Rechtsmittel war und der erstinstanzliche R\u00e4umungstitel wurde tats\u00e4chlich wieder aufgehoben. Der Mieter hatte in der Zwischenzeit allerdings bereits eine andere Wohnung bezogen. Er verlangte nun Schadenersatz vom Vermieter.<\/p>\n<p>Das Landgericht Berlin gab ihm recht. Es entschied, dass der Vermieter schadenersatzpflichtig sei, wenn er die R\u00e4umung nach dem erstinstanzlichen Urteil vollstrecken und dieses Urteil in zweiter Instanz aufgehoben wird.<\/p>\n<p>Der Vermieter m\u00fcsse dem Mieter die Differenz zwischen der Miete der ger\u00e4umten Wohnung und der aktuellen Miete ersetzen. Voraussetzung sei, dass sowohl die ger\u00e4umte wie auch die neue Wohnung miteinander vergleichbar sind. Sie m\u00fcssen also nach Ausstattung, Zuschnitt, Lage und Gr\u00f6\u00dfe \u00e4hnlich sein. Der Mieter habe einen Anspruch darauf, dass er durch den Schadenersatz so gestellt w\u00fcrde, als habe die R\u00e4umung nicht stattgefunden.<\/p>\n<p>Sollten die beiden Wohnungen jedoch nicht vergleichbar sein und die h\u00f6here Miete der neuen Wohnung auch auf den h\u00f6heren Standard zur\u00fcckzuf\u00fchren sein, bestehe kein Anrecht auf den Ersatz der gesamten Differenz zwischen alter und neuer Miete.<\/p>\n<p>Allerdings kann dann ein Schadenersatz in Betracht kommen, der sich an der Mieth\u00f6he einer grunds\u00e4tzlich vergleichbaren Wohnung orientiert. Ein Vergleich ist auch denkbar, wenn die Wohnungen vom Standard her vergleichbar sind, die neue Wohnung jedoch gr\u00f6\u00dfer ist (Wohnfl\u00e4che) oder der Quadratmeterpreis h\u00f6her liegt. Hier kann die Differenz ermittelt werden und f\u00fcr einen Schadenersatz zu Grunde gelegt werden.<\/p>\n<p><em><strong>Das k\u00f6nnte Sie auch interessieren:<\/strong><\/em><a href=\"https:\/\/www.buhl.de\/vermieter-web\/wehe-wenn-der-vermieter-raeumt\/\"><em><br \/>\n<\/em><\/a><a href=\"https:\/\/www.buhl.de\/vermieter-web\/wehe-wenn-der-vermieter-raeumt\/\">Wehe, wenn der Vermieter r\u00e4umt<\/a><br \/>\n<a href=\"https:\/\/www.buhl.de\/vermieter-web\/keine-raeumungsfrist-trotz-drohender-obdachlosigkeit\/\">Keine R\u00e4umungsfrist trotz drohender Obdachlosigkeit<\/a><br \/>\n<a href=\"https:\/\/www.buhl.de\/vermieter-web\/raeumungsklage-bei-vorliegenden-haertegruenden\/\">R\u00e4umungsklage bei vorliegenden H\u00e4rtegr\u00fcnden<\/a><\/p>\n","protected":false},"excerpt":{"rendered":"<p>Jeder Vermieter freut sich, wenn er endlich das R\u00e4umungsurteil in H\u00e4nden h\u00e4lt. Es ist auch nachvollziehbar, dass er den Titel so schnell wie m\u00f6glich vollstrecken will. Dennoch sollte er nicht zu fr\u00fch handeln. Geht der Mieter in Berufung und erreicht die Aufhebung des Urteils aus der ersten Instanz, kann es dazu kommen, dass der Vermieter &hellip; <\/p>\n<p class=\"link-more\"><a href=\"https:\/\/www.buhl.de\/vermieter-web\/zu-frueh-geraeumt-zu-frueh-gefreut\/\" class=\"more-link\"><span class=\"screen-reader-text\">\u201eZu fr\u00fch ger\u00e4umt &#8211; zu fr\u00fch gefreut\u201c<\/span> weiterlesen<\/a><\/p>\n","protected":false},"author":15,"featured_media":9511,"comment_status":"closed","ping_status":"open","sticky":false,"template":"","format":"standard","meta":{"footnotes":""},"categories":[1],"tags":[5607,576,420,1229],"class_list":["post-13575","post","type-post","status-publish","format-standard","has-post-thumbnail","hentry","category-allgemein","tag-berufung","tag-raeumung","tag-schadenersatz","tag-urteil"],"yoast_head":"<!-- This site is optimized with the Yoast SEO Premium plugin v27.4 (Yoast SEO v27.5) - https:\/\/yoast.com\/product\/yoast-seo-premium-wordpress\/ -->\n<title>R\u00e4umung vor letztinstanzlicher Entscheidung kann teuer werden<\/title>\n<meta name=\"description\" content=\"Vollstreckt ein Vermieter die R\u00e4umung eines Urteils, das in zweiter Instanz aufgehoben, muss der Vermieter Schadenersatz leisten.\" \/>\n<meta name=\"robots\" content=\"noindex, nofollow\" \/>\n<meta property=\"og:locale\" content=\"de_DE\" \/>\n<meta property=\"og:type\" content=\"article\" \/>\n<meta property=\"og:title\" content=\"Zu fr\u00fch ger\u00e4umt - zu fr\u00fch gefreut\" \/>\n<meta property=\"og:description\" content=\"Vollstreckt ein Vermieter die R\u00e4umung eines Urteils, das in zweiter Instanz aufgehoben, muss der Vermieter Schadenersatz leisten.\" \/>\n<meta property=\"og:url\" content=\"https:\/\/www.buhl.de\/vermieter-web\/zu-frueh-geraeumt-zu-frueh-gefreut\/\" \/>\n<meta property=\"og:site_name\" content=\"Online-Nebenkostenabrechnung mit WISO Vermieter-Web\" \/>\n<meta property=\"article:published_time\" content=\"2021-05-21T17:00:50+00:00\" \/>\n<meta property=\"og:image\" content=\"https:\/\/www.buhl.de\/vermieter-web\/wp-content\/uploads\/sites\/33\/2019\/05\/hammer.jpg\" \/>\n\t<meta property=\"og:image:width\" content=\"840\" \/>\n\t<meta property=\"og:image:height\" content=\"420\" \/>\n\t<meta property=\"og:image:type\" content=\"image\/jpeg\" \/>\n<meta name=\"author\" content=\"Hartmut Fischer\" \/>\n<meta name=\"twitter:card\" content=\"summary_large_image\" \/>\n<meta name=\"twitter:label1\" content=\"Verfasst von\" \/>\n\t<meta name=\"twitter:data1\" content=\"Hartmut Fischer\" \/>\n\t<meta name=\"twitter:label2\" content=\"Gesch\u00e4tzte Lesezeit\" \/>\n\t<meta name=\"twitter:data2\" content=\"2\u00a0Minuten\" \/>\n<script type=\"application\/ld+json\" class=\"yoast-schema-graph\">{\"@context\":\"https:\\\/\\\/schema.org\",\"@graph\":[{\"@type\":\"Article\",\"@id\":\"https:\\\/\\\/www.buhl.de\\\/vermieter-web\\\/zu-frueh-geraeumt-zu-frueh-gefreut\\\/#article\",\"isPartOf\":{\"@id\":\"https:\\\/\\\/www.buhl.de\\\/vermieter-web\\\/zu-frueh-geraeumt-zu-frueh-gefreut\\\/\"},\"author\":{\"name\":\"Hartmut Fischer\",\"@id\":\"https:\\\/\\\/www.buhl.de\\\/vermieter-web\\\/#\\\/schema\\\/person\\\/82903e1cb04eb553382702d503991b4f\"},\"headline\":\"Zu fr\u00fch ger\u00e4umt &#8211; zu fr\u00fch gefreut\",\"datePublished\":\"2021-05-21T17:00:50+00:00\",\"mainEntityOfPage\":{\"@id\":\"https:\\\/\\\/www.buhl.de\\\/vermieter-web\\\/zu-frueh-geraeumt-zu-frueh-gefreut\\\/\"},\"wordCount\":399,\"image\":{\"@id\":\"https:\\\/\\\/www.buhl.de\\\/vermieter-web\\\/zu-frueh-geraeumt-zu-frueh-gefreut\\\/#primaryimage\"},\"thumbnailUrl\":\"https:\\\/\\\/www.buhl.de\\\/vermieter-web\\\/wp-content\\\/uploads\\\/sites\\\/33\\\/2019\\\/05\\\/hammer.jpg\",\"keywords\":[\"Berufung\",\"R\u00e4umung\",\"Schadenersatz\",\"Urteil\"],\"inLanguage\":\"de\"},{\"@type\":\"WebPage\",\"@id\":\"https:\\\/\\\/www.buhl.de\\\/vermieter-web\\\/zu-frueh-geraeumt-zu-frueh-gefreut\\\/\",\"url\":\"https:\\\/\\\/www.buhl.de\\\/vermieter-web\\\/zu-frueh-geraeumt-zu-frueh-gefreut\\\/\",\"name\":\"R\u00e4umung vor letztinstanzlicher Entscheidung kann teuer werden\",\"isPartOf\":{\"@id\":\"https:\\\/\\\/www.buhl.de\\\/vermieter-web\\\/#website\"},\"primaryImageOfPage\":{\"@id\":\"https:\\\/\\\/www.buhl.de\\\/vermieter-web\\\/zu-frueh-geraeumt-zu-frueh-gefreut\\\/#primaryimage\"},\"image\":{\"@id\":\"https:\\\/\\\/www.buhl.de\\\/vermieter-web\\\/zu-frueh-geraeumt-zu-frueh-gefreut\\\/#primaryimage\"},\"thumbnailUrl\":\"https:\\\/\\\/www.buhl.de\\\/vermieter-web\\\/wp-content\\\/uploads\\\/sites\\\/33\\\/2019\\\/05\\\/hammer.jpg\",\"datePublished\":\"2021-05-21T17:00:50+00:00\",\"author\":{\"@id\":\"https:\\\/\\\/www.buhl.de\\\/vermieter-web\\\/#\\\/schema\\\/person\\\/82903e1cb04eb553382702d503991b4f\"},\"description\":\"Vollstreckt ein Vermieter die R\u00e4umung eines Urteils, das in zweiter Instanz aufgehoben, muss der Vermieter Schadenersatz leisten.\",\"breadcrumb\":{\"@id\":\"https:\\\/\\\/www.buhl.de\\\/vermieter-web\\\/zu-frueh-geraeumt-zu-frueh-gefreut\\\/#breadcrumb\"},\"inLanguage\":\"de\",\"potentialAction\":[{\"@type\":\"ReadAction\",\"target\":[\"https:\\\/\\\/www.buhl.de\\\/vermieter-web\\\/zu-frueh-geraeumt-zu-frueh-gefreut\\\/\"]}]},{\"@type\":\"ImageObject\",\"inLanguage\":\"de\",\"@id\":\"https:\\\/\\\/www.buhl.de\\\/vermieter-web\\\/zu-frueh-geraeumt-zu-frueh-gefreut\\\/#primaryimage\",\"url\":\"https:\\\/\\\/www.buhl.de\\\/vermieter-web\\\/wp-content\\\/uploads\\\/sites\\\/33\\\/2019\\\/05\\\/hammer.jpg\",\"contentUrl\":\"https:\\\/\\\/www.buhl.de\\\/vermieter-web\\\/wp-content\\\/uploads\\\/sites\\\/33\\\/2019\\\/05\\\/hammer.jpg\",\"width\":840,\"height\":420,\"caption\":\"Fristlose K\u00fcndigung wegen erheblicher Pflichtverletzung ist nicht zwingend.\"},{\"@type\":\"BreadcrumbList\",\"@id\":\"https:\\\/\\\/www.buhl.de\\\/vermieter-web\\\/zu-frueh-geraeumt-zu-frueh-gefreut\\\/#breadcrumb\",\"itemListElement\":[{\"@type\":\"ListItem\",\"position\":1,\"name\":\"Startseite\",\"item\":\"https:\\\/\\\/www.buhl.de\\\/vermieter-web\\\/\"},{\"@type\":\"ListItem\",\"position\":2,\"name\":\"Zu fr\u00fch ger\u00e4umt &#8211; zu fr\u00fch gefreut\"}]},{\"@type\":\"WebSite\",\"@id\":\"https:\\\/\\\/www.buhl.de\\\/vermieter-web\\\/#website\",\"url\":\"https:\\\/\\\/www.buhl.de\\\/vermieter-web\\\/\",\"name\":\"Online-Nebenkostenabrechnung mit WISO Vermieter-Web\",\"description\":\"\",\"potentialAction\":[{\"@type\":\"SearchAction\",\"target\":{\"@type\":\"EntryPoint\",\"urlTemplate\":\"https:\\\/\\\/www.buhl.de\\\/vermieter-web\\\/?s={search_term_string}\"},\"query-input\":{\"@type\":\"PropertyValueSpecification\",\"valueRequired\":true,\"valueName\":\"search_term_string\"}}],\"inLanguage\":\"de\"},{\"@type\":\"Person\",\"@id\":\"https:\\\/\\\/www.buhl.de\\\/vermieter-web\\\/#\\\/schema\\\/person\\\/82903e1cb04eb553382702d503991b4f\",\"name\":\"Hartmut Fischer\"}]}<\/script>\n<!-- \/ Yoast SEO Premium plugin. -->","yoast_head_json":{"title":"R\u00e4umung vor letztinstanzlicher Entscheidung kann teuer werden","description":"Vollstreckt ein Vermieter die R\u00e4umung eines Urteils, das in zweiter Instanz aufgehoben, muss der Vermieter Schadenersatz leisten.","robots":{"index":"noindex","follow":"nofollow"},"og_locale":"de_DE","og_type":"article","og_title":"Zu fr\u00fch ger\u00e4umt - zu fr\u00fch gefreut","og_description":"Vollstreckt ein Vermieter die R\u00e4umung eines Urteils, das in zweiter Instanz aufgehoben, muss der Vermieter Schadenersatz leisten.","og_url":"https:\/\/www.buhl.de\/vermieter-web\/zu-frueh-geraeumt-zu-frueh-gefreut\/","og_site_name":"Online-Nebenkostenabrechnung mit WISO Vermieter-Web","article_published_time":"2021-05-21T17:00:50+00:00","og_image":[{"width":840,"height":420,"url":"https:\/\/www.buhl.de\/vermieter-web\/wp-content\/uploads\/sites\/33\/2019\/05\/hammer.jpg","type":"image\/jpeg"}],"author":"Hartmut Fischer","twitter_card":"summary_large_image","twitter_misc":{"Verfasst von":"Hartmut Fischer","Gesch\u00e4tzte Lesezeit":"2\u00a0Minuten"},"schema":{"@context":"https:\/\/schema.org","@graph":[{"@type":"Article","@id":"https:\/\/www.buhl.de\/vermieter-web\/zu-frueh-geraeumt-zu-frueh-gefreut\/#article","isPartOf":{"@id":"https:\/\/www.buhl.de\/vermieter-web\/zu-frueh-geraeumt-zu-frueh-gefreut\/"},"author":{"name":"Hartmut Fischer","@id":"https:\/\/www.buhl.de\/vermieter-web\/#\/schema\/person\/82903e1cb04eb553382702d503991b4f"},"headline":"Zu fr\u00fch ger\u00e4umt &#8211; zu fr\u00fch gefreut","datePublished":"2021-05-21T17:00:50+00:00","mainEntityOfPage":{"@id":"https:\/\/www.buhl.de\/vermieter-web\/zu-frueh-geraeumt-zu-frueh-gefreut\/"},"wordCount":399,"image":{"@id":"https:\/\/www.buhl.de\/vermieter-web\/zu-frueh-geraeumt-zu-frueh-gefreut\/#primaryimage"},"thumbnailUrl":"https:\/\/www.buhl.de\/vermieter-web\/wp-content\/uploads\/sites\/33\/2019\/05\/hammer.jpg","keywords":["Berufung","R\u00e4umung","Schadenersatz","Urteil"],"inLanguage":"de"},{"@type":"WebPage","@id":"https:\/\/www.buhl.de\/vermieter-web\/zu-frueh-geraeumt-zu-frueh-gefreut\/","url":"https:\/\/www.buhl.de\/vermieter-web\/zu-frueh-geraeumt-zu-frueh-gefreut\/","name":"R\u00e4umung vor letztinstanzlicher Entscheidung kann teuer werden","isPartOf":{"@id":"https:\/\/www.buhl.de\/vermieter-web\/#website"},"primaryImageOfPage":{"@id":"https:\/\/www.buhl.de\/vermieter-web\/zu-frueh-geraeumt-zu-frueh-gefreut\/#primaryimage"},"image":{"@id":"https:\/\/www.buhl.de\/vermieter-web\/zu-frueh-geraeumt-zu-frueh-gefreut\/#primaryimage"},"thumbnailUrl":"https:\/\/www.buhl.de\/vermieter-web\/wp-content\/uploads\/sites\/33\/2019\/05\/hammer.jpg","datePublished":"2021-05-21T17:00:50+00:00","author":{"@id":"https:\/\/www.buhl.de\/vermieter-web\/#\/schema\/person\/82903e1cb04eb553382702d503991b4f"},"description":"Vollstreckt ein Vermieter die R\u00e4umung eines Urteils, das in zweiter Instanz aufgehoben, muss der Vermieter Schadenersatz leisten.","breadcrumb":{"@id":"https:\/\/www.buhl.de\/vermieter-web\/zu-frueh-geraeumt-zu-frueh-gefreut\/#breadcrumb"},"inLanguage":"de","potentialAction":[{"@type":"ReadAction","target":["https:\/\/www.buhl.de\/vermieter-web\/zu-frueh-geraeumt-zu-frueh-gefreut\/"]}]},{"@type":"ImageObject","inLanguage":"de","@id":"https:\/\/www.buhl.de\/vermieter-web\/zu-frueh-geraeumt-zu-frueh-gefreut\/#primaryimage","url":"https:\/\/www.buhl.de\/vermieter-web\/wp-content\/uploads\/sites\/33\/2019\/05\/hammer.jpg","contentUrl":"https:\/\/www.buhl.de\/vermieter-web\/wp-content\/uploads\/sites\/33\/2019\/05\/hammer.jpg","width":840,"height":420,"caption":"Fristlose K\u00fcndigung wegen erheblicher Pflichtverletzung ist nicht zwingend."},{"@type":"BreadcrumbList","@id":"https:\/\/www.buhl.de\/vermieter-web\/zu-frueh-geraeumt-zu-frueh-gefreut\/#breadcrumb","itemListElement":[{"@type":"ListItem","position":1,"name":"Startseite","item":"https:\/\/www.buhl.de\/vermieter-web\/"},{"@type":"ListItem","position":2,"name":"Zu fr\u00fch ger\u00e4umt &#8211; zu fr\u00fch gefreut"}]},{"@type":"WebSite","@id":"https:\/\/www.buhl.de\/vermieter-web\/#website","url":"https:\/\/www.buhl.de\/vermieter-web\/","name":"Online-Nebenkostenabrechnung mit WISO Vermieter-Web","description":"","potentialAction":[{"@type":"SearchAction","target":{"@type":"EntryPoint","urlTemplate":"https:\/\/www.buhl.de\/vermieter-web\/?s={search_term_string}"},"query-input":{"@type":"PropertyValueSpecification","valueRequired":true,"valueName":"search_term_string"}}],"inLanguage":"de"},{"@type":"Person","@id":"https:\/\/www.buhl.de\/vermieter-web\/#\/schema\/person\/82903e1cb04eb553382702d503991b4f","name":"Hartmut Fischer"}]}},"_links":{"self":[{"href":"https:\/\/www.buhl.de\/vermieter-web\/wp-json\/wp\/v2\/posts\/13575","targetHints":{"allow":["GET"]}}],"collection":[{"href":"https:\/\/www.buhl.de\/vermieter-web\/wp-json\/wp\/v2\/posts"}],"about":[{"href":"https:\/\/www.buhl.de\/vermieter-web\/wp-json\/wp\/v2\/types\/post"}],"author":[{"embeddable":true,"href":"https:\/\/www.buhl.de\/vermieter-web\/wp-json\/wp\/v2\/users\/15"}],"replies":[{"embeddable":true,"href":"https:\/\/www.buhl.de\/vermieter-web\/wp-json\/wp\/v2\/comments?post=13575"}],"version-history":[{"count":4,"href":"https:\/\/www.buhl.de\/vermieter-web\/wp-json\/wp\/v2\/posts\/13575\/revisions"}],"predecessor-version":[{"id":13580,"href":"https:\/\/www.buhl.de\/vermieter-web\/wp-json\/wp\/v2\/posts\/13575\/revisions\/13580"}],"wp:featuredmedia":[{"embeddable":true,"href":"https:\/\/www.buhl.de\/vermieter-web\/wp-json\/wp\/v2\/media\/9511"}],"wp:attachment":[{"href":"https:\/\/www.buhl.de\/vermieter-web\/wp-json\/wp\/v2\/media?parent=13575"}],"wp:term":[{"taxonomy":"category","embeddable":true,"href":"https:\/\/www.buhl.de\/vermieter-web\/wp-json\/wp\/v2\/categories?post=13575"},{"taxonomy":"post_tag","embeddable":true,"href":"https:\/\/www.buhl.de\/vermieter-web\/wp-json\/wp\/v2\/tags?post=13575"}],"curies":[{"name":"wp","href":"https:\/\/api.w.org\/{rel}","templated":true}]}}