{"id":13586,"date":"2021-05-29T15:12:25","date_gmt":"2021-05-29T13:12:25","guid":{"rendered":"https:\/\/www.buhl.de\/vermieter-web\/?p=13586"},"modified":"2022-07-27T10:00:45","modified_gmt":"2022-07-27T08:00:45","slug":"eintragung-in-verzeichnis-der-erkannten-denkmaeler-und-der-hausverkauf","status":"publish","type":"post","link":"https:\/\/www.buhl.de\/vermieter-web\/eintragung-in-verzeichnis-der-erkannten-denkmaeler-und-der-hausverkauf\/","title":{"rendered":"Eintragung in \u201eVerzeichnis der erkannten Denkm\u00e4ler\u201d und der Hausverkauf"},"content":{"rendered":"<p><strong>Wird eine Immobilie, die ins Verzeichnis der anerkannten Denkm\u00e4ler eingetragen wurde, verkauft, muss der Verk\u00e4ufer auf den Umstand der Eintragung hinweisen. Es handele sich dabei um ein Indiz, dass das Geb\u00e4ude unter Denkmalschutz gestellt werden k\u00f6nnte. Dies geht aus einem Urteil des Bundesgerichtschofs vom 19.03.2021 hervor (Aktenzeichen V ZR 158\/19)<\/strong><\/p>\n<p>In dem Verfahren ging es um eine Immobilie in Hamburg, das 2009 verkauft wurde. Das Geb\u00e4ude war bereits 2006 in die Liste der erkannten Denkm\u00e4ler aufgenommen worden, worauf der Verk\u00e4ufer jedoch bei den Verhandlungen nicht hingewiesen hatte. 2013 wurde das Haus in die Denkmalliste von Hamburg aufgenommen. Der K\u00e4ufer verlangte daraufhin Schadenersatz vom Verk\u00e4ufer, da dieser nicht auf die Eintragung in die Liste erkannter Denkm\u00e4ler hingewiesen hatte.<\/p>\n<p>Die Klage wurde zun\u00e4chst vom Landgericht Hamburg abgewiesen. Im Berufungsverfahren gab das Oberlandesgericht Hamburg jedoch dem Kl\u00e4ger recht. Die Richter bem\u00e4ngelten, dass der Verk\u00e4ufer in keinem ausreichenden Ma\u00dfe seine Aufkl\u00e4rungspflicht nachgekommen sei. Er h\u00e4tte auf die Eintragung des Geb\u00e4udes in das Verzeichnis der erkannten Denkm\u00e4ler hinweisen m\u00fcssen. Dies akzeptierte der Verk\u00e4ufer nicht und strebte die Revision vor dem Bundesgerichtshof an<\/p>\n<p>Doch auch hier konnte er sich nicht durchsetzen. Die Richter vertraten ebenfalls die Ansicht, dass der Verk\u00e4ufer \u00fcber die Eintragung in das Verzeichnis der erkannten Denkm\u00e4ler hinweisen musste. Die Eintragung sei schon ein Indiz daf\u00fcr, dass das Geb\u00e4ude mit hoher Wahrscheinlichkeit unter Denkmalschutz gestellt w\u00fcrde.<\/p>\n<p>Die Richter stellten fest, dass f\u00fcr ein denkmalgesch\u00fctztes Geb\u00e4ude Verpflichtungen und Auflagen gelten, die sich letztlich so auswirken, wie \u00f6ffentlich-rechtliche Baubeschr\u00e4nkungen. Hinzu kommt, dass genehmigte Umbauten oder Erhaltungsma\u00dfnahmen h\u00e4ufig mit Auflagen der Denkmalschutzbeh\u00f6rde verbunden sind, die zus\u00e4tzliche Kosten verursachen. Deshalb musste der Verk\u00e4ufer auf die Eintragung in die Liste hinweisen m\u00fcssen. Ob es sich bei der Eintragung in das Verzeichnis der erkannten Denkm\u00e4ler allerdings um einen Sachmangel <strong>(<\/strong> \u00a7\u00a0433\u00a0Abs.\u00a01\u00a0Satz\u00a02\u00a0Nr.\u00a02\u00a0BGB) handelt, lie\u00df das Gericht allerdings offen.<\/p>\n<p><em><strong>Das k\u00f6nnte Sie auch interessieren:<\/strong><\/em><\/p>\n<p><a href=\"https:\/\/www.buhl.de\/vermieter-web\/klagerecht-gegen-den-abriss-eins-denkmalgeschuetzten-gebaeudes\/\">Klagerecht gegen den Abriss eines denkmalgesch\u00fctzten Geb\u00e4udes<\/a><br \/>\n<a href=\"https:\/\/www.buhl.de\/vermieter-web\/grundsteuer-bei-leerstehenden-denkmalgeschuetzten-und-sanierungsbeduerftigen-immobilien\/\">Grundsteuer bei leerstehenden, denkmalgesch\u00fctzten und sanierungsbed\u00fcrftigen Immobilien<\/a><br \/>\n<a href=\"https:\/\/www.buhl.de\/vermieter-web\/fenster-in-denkmalgeschuetztem-gebaeude\/\">Fenster in denkmalgesch\u00fctztem Geb\u00e4ude<\/a><\/p>\n","protected":false},"excerpt":{"rendered":"<p>Wird eine Immobilie, die ins Verzeichnis der anerkannten Denkm\u00e4ler eingetragen wurde, verkauft, muss der Verk\u00e4ufer auf den Umstand der Eintragung hinweisen. Es handele sich dabei um ein Indiz, dass das Geb\u00e4ude unter Denkmalschutz gestellt werden k\u00f6nnte. Dies geht aus einem Urteil des Bundesgerichtschofs vom 19.03.2021 hervor (Aktenzeichen V ZR 158\/19) In dem Verfahren ging es &hellip; <\/p>\n<p class=\"link-more\"><a href=\"https:\/\/www.buhl.de\/vermieter-web\/eintragung-in-verzeichnis-der-erkannten-denkmaeler-und-der-hausverkauf\/\" class=\"more-link\"><span class=\"screen-reader-text\">\u201eEintragung in \u201eVerzeichnis der erkannten Denkm\u00e4ler\u201d und der Hausverkauf\u201c<\/span> weiterlesen<\/a><\/p>\n","protected":false},"author":15,"featured_media":13598,"comment_status":"closed","ping_status":"open","sticky":false,"template":"","format":"standard","meta":{"footnotes":""},"categories":[1],"tags":[5475,4242,582],"class_list":["post-13586","post","type-post","status-publish","format-standard","has-post-thumbnail","hentry","category-allgemein","tag-denkmalschutz","tag-hausverkauf","tag-mangel"],"yoast_head":"<!-- This site is optimized with the Yoast SEO Premium plugin v27.4 (Yoast SEO v27.5) - https:\/\/yoast.com\/product\/yoast-seo-premium-wordpress\/ -->\n<title>Hinweispflicht auf M\u00f6glichkeit des Denkmalschutzes bei Hausverkauf<\/title>\n<meta name=\"description\" content=\"Wurde eine Immobilie f\u00fcr eine eventuelle Denkmalschutz-Stellung vorgemerkt, muss der Verk\u00e4ufer beim Verkauf darauf hinweisen.\" \/>\n<meta name=\"robots\" content=\"noindex, nofollow\" \/>\n<meta property=\"og:locale\" content=\"de_DE\" \/>\n<meta property=\"og:type\" content=\"article\" \/>\n<meta property=\"og:title\" content=\"Eintragung in \u201eVerzeichnis der erkannten Denkm\u00e4ler\u201d und der Hausverkauf\" \/>\n<meta property=\"og:description\" content=\"Wurde eine Immobilie f\u00fcr eine eventuelle Denkmalschutz-Stellung vorgemerkt, muss der Verk\u00e4ufer beim Verkauf darauf hinweisen.\" \/>\n<meta property=\"og:url\" content=\"https:\/\/www.buhl.de\/vermieter-web\/eintragung-in-verzeichnis-der-erkannten-denkmaeler-und-der-hausverkauf\/\" \/>\n<meta property=\"og:site_name\" content=\"Online-Nebenkostenabrechnung mit WISO Vermieter-Web\" \/>\n<meta property=\"article:published_time\" content=\"2021-05-29T13:12:25+00:00\" \/>\n<meta property=\"article:modified_time\" content=\"2022-07-27T08:00:45+00:00\" \/>\n<meta property=\"og:image\" content=\"https:\/\/www.buhl.de\/vermieter-web\/wp-content\/uploads\/sites\/33\/2021\/05\/shutterstock_1698724306.jpg\" \/>\n\t<meta property=\"og:image:width\" content=\"840\" \/>\n\t<meta property=\"og:image:height\" content=\"420\" \/>\n\t<meta property=\"og:image:type\" content=\"image\/jpeg\" \/>\n<meta name=\"author\" content=\"Hartmut Fischer\" \/>\n<meta name=\"twitter:card\" content=\"summary_large_image\" \/>\n<meta name=\"twitter:label1\" content=\"Verfasst von\" \/>\n\t<meta name=\"twitter:data1\" content=\"Hartmut Fischer\" \/>\n\t<meta name=\"twitter:label2\" content=\"Gesch\u00e4tzte Lesezeit\" \/>\n\t<meta name=\"twitter:data2\" content=\"2\u00a0Minuten\" \/>\n<script type=\"application\/ld+json\" class=\"yoast-schema-graph\">{\"@context\":\"https:\\\/\\\/schema.org\",\"@graph\":[{\"@type\":\"Article\",\"@id\":\"https:\\\/\\\/www.buhl.de\\\/vermieter-web\\\/eintragung-in-verzeichnis-der-erkannten-denkmaeler-und-der-hausverkauf\\\/#article\",\"isPartOf\":{\"@id\":\"https:\\\/\\\/www.buhl.de\\\/vermieter-web\\\/eintragung-in-verzeichnis-der-erkannten-denkmaeler-und-der-hausverkauf\\\/\"},\"author\":{\"name\":\"Hartmut Fischer\",\"@id\":\"https:\\\/\\\/www.buhl.de\\\/vermieter-web\\\/#\\\/schema\\\/person\\\/82903e1cb04eb553382702d503991b4f\"},\"headline\":\"Eintragung in \u201eVerzeichnis der erkannten Denkm\u00e4ler\u201d und der Hausverkauf\",\"datePublished\":\"2021-05-29T13:12:25+00:00\",\"dateModified\":\"2022-07-27T08:00:45+00:00\",\"mainEntityOfPage\":{\"@id\":\"https:\\\/\\\/www.buhl.de\\\/vermieter-web\\\/eintragung-in-verzeichnis-der-erkannten-denkmaeler-und-der-hausverkauf\\\/\"},\"wordCount\":371,\"image\":{\"@id\":\"https:\\\/\\\/www.buhl.de\\\/vermieter-web\\\/eintragung-in-verzeichnis-der-erkannten-denkmaeler-und-der-hausverkauf\\\/#primaryimage\"},\"thumbnailUrl\":\"https:\\\/\\\/www.buhl.de\\\/vermieter-web\\\/wp-content\\\/uploads\\\/sites\\\/33\\\/2021\\\/05\\\/shutterstock_1698724306.jpg\",\"keywords\":[\"Denkmalschutz\",\"Hausverkauf\",\"Mangel\"],\"inLanguage\":\"de\"},{\"@type\":\"WebPage\",\"@id\":\"https:\\\/\\\/www.buhl.de\\\/vermieter-web\\\/eintragung-in-verzeichnis-der-erkannten-denkmaeler-und-der-hausverkauf\\\/\",\"url\":\"https:\\\/\\\/www.buhl.de\\\/vermieter-web\\\/eintragung-in-verzeichnis-der-erkannten-denkmaeler-und-der-hausverkauf\\\/\",\"name\":\"Hinweispflicht auf M\u00f6glichkeit des Denkmalschutzes bei Hausverkauf\",\"isPartOf\":{\"@id\":\"https:\\\/\\\/www.buhl.de\\\/vermieter-web\\\/#website\"},\"primaryImageOfPage\":{\"@id\":\"https:\\\/\\\/www.buhl.de\\\/vermieter-web\\\/eintragung-in-verzeichnis-der-erkannten-denkmaeler-und-der-hausverkauf\\\/#primaryimage\"},\"image\":{\"@id\":\"https:\\\/\\\/www.buhl.de\\\/vermieter-web\\\/eintragung-in-verzeichnis-der-erkannten-denkmaeler-und-der-hausverkauf\\\/#primaryimage\"},\"thumbnailUrl\":\"https:\\\/\\\/www.buhl.de\\\/vermieter-web\\\/wp-content\\\/uploads\\\/sites\\\/33\\\/2021\\\/05\\\/shutterstock_1698724306.jpg\",\"datePublished\":\"2021-05-29T13:12:25+00:00\",\"dateModified\":\"2022-07-27T08:00:45+00:00\",\"author\":{\"@id\":\"https:\\\/\\\/www.buhl.de\\\/vermieter-web\\\/#\\\/schema\\\/person\\\/82903e1cb04eb553382702d503991b4f\"},\"description\":\"Wurde eine Immobilie f\u00fcr eine eventuelle Denkmalschutz-Stellung vorgemerkt, muss der Verk\u00e4ufer beim Verkauf darauf hinweisen.\",\"breadcrumb\":{\"@id\":\"https:\\\/\\\/www.buhl.de\\\/vermieter-web\\\/eintragung-in-verzeichnis-der-erkannten-denkmaeler-und-der-hausverkauf\\\/#breadcrumb\"},\"inLanguage\":\"de\",\"potentialAction\":[{\"@type\":\"ReadAction\",\"target\":[\"https:\\\/\\\/www.buhl.de\\\/vermieter-web\\\/eintragung-in-verzeichnis-der-erkannten-denkmaeler-und-der-hausverkauf\\\/\"]}]},{\"@type\":\"ImageObject\",\"inLanguage\":\"de\",\"@id\":\"https:\\\/\\\/www.buhl.de\\\/vermieter-web\\\/eintragung-in-verzeichnis-der-erkannten-denkmaeler-und-der-hausverkauf\\\/#primaryimage\",\"url\":\"https:\\\/\\\/www.buhl.de\\\/vermieter-web\\\/wp-content\\\/uploads\\\/sites\\\/33\\\/2021\\\/05\\\/shutterstock_1698724306.jpg\",\"contentUrl\":\"https:\\\/\\\/www.buhl.de\\\/vermieter-web\\\/wp-content\\\/uploads\\\/sites\\\/33\\\/2021\\\/05\\\/shutterstock_1698724306.jpg\",\"width\":840,\"height\":420},{\"@type\":\"BreadcrumbList\",\"@id\":\"https:\\\/\\\/www.buhl.de\\\/vermieter-web\\\/eintragung-in-verzeichnis-der-erkannten-denkmaeler-und-der-hausverkauf\\\/#breadcrumb\",\"itemListElement\":[{\"@type\":\"ListItem\",\"position\":1,\"name\":\"Startseite\",\"item\":\"https:\\\/\\\/www.buhl.de\\\/vermieter-web\\\/\"},{\"@type\":\"ListItem\",\"position\":2,\"name\":\"Eintragung in \u201eVerzeichnis der erkannten Denkm\u00e4ler\u201d und der Hausverkauf\"}]},{\"@type\":\"WebSite\",\"@id\":\"https:\\\/\\\/www.buhl.de\\\/vermieter-web\\\/#website\",\"url\":\"https:\\\/\\\/www.buhl.de\\\/vermieter-web\\\/\",\"name\":\"Online-Nebenkostenabrechnung mit WISO Vermieter-Web\",\"description\":\"\",\"potentialAction\":[{\"@type\":\"SearchAction\",\"target\":{\"@type\":\"EntryPoint\",\"urlTemplate\":\"https:\\\/\\\/www.buhl.de\\\/vermieter-web\\\/?s={search_term_string}\"},\"query-input\":{\"@type\":\"PropertyValueSpecification\",\"valueRequired\":true,\"valueName\":\"search_term_string\"}}],\"inLanguage\":\"de\"},{\"@type\":\"Person\",\"@id\":\"https:\\\/\\\/www.buhl.de\\\/vermieter-web\\\/#\\\/schema\\\/person\\\/82903e1cb04eb553382702d503991b4f\",\"name\":\"Hartmut Fischer\"}]}<\/script>\n<!-- \/ Yoast SEO Premium plugin. -->","yoast_head_json":{"title":"Hinweispflicht auf M\u00f6glichkeit des Denkmalschutzes bei Hausverkauf","description":"Wurde eine Immobilie f\u00fcr eine eventuelle Denkmalschutz-Stellung vorgemerkt, muss der Verk\u00e4ufer beim Verkauf darauf hinweisen.","robots":{"index":"noindex","follow":"nofollow"},"og_locale":"de_DE","og_type":"article","og_title":"Eintragung in \u201eVerzeichnis der erkannten Denkm\u00e4ler\u201d und der Hausverkauf","og_description":"Wurde eine Immobilie f\u00fcr eine eventuelle Denkmalschutz-Stellung vorgemerkt, muss der Verk\u00e4ufer beim Verkauf darauf hinweisen.","og_url":"https:\/\/www.buhl.de\/vermieter-web\/eintragung-in-verzeichnis-der-erkannten-denkmaeler-und-der-hausverkauf\/","og_site_name":"Online-Nebenkostenabrechnung mit WISO Vermieter-Web","article_published_time":"2021-05-29T13:12:25+00:00","article_modified_time":"2022-07-27T08:00:45+00:00","og_image":[{"width":840,"height":420,"url":"https:\/\/www.buhl.de\/vermieter-web\/wp-content\/uploads\/sites\/33\/2021\/05\/shutterstock_1698724306.jpg","type":"image\/jpeg"}],"author":"Hartmut Fischer","twitter_card":"summary_large_image","twitter_misc":{"Verfasst von":"Hartmut Fischer","Gesch\u00e4tzte Lesezeit":"2\u00a0Minuten"},"schema":{"@context":"https:\/\/schema.org","@graph":[{"@type":"Article","@id":"https:\/\/www.buhl.de\/vermieter-web\/eintragung-in-verzeichnis-der-erkannten-denkmaeler-und-der-hausverkauf\/#article","isPartOf":{"@id":"https:\/\/www.buhl.de\/vermieter-web\/eintragung-in-verzeichnis-der-erkannten-denkmaeler-und-der-hausverkauf\/"},"author":{"name":"Hartmut Fischer","@id":"https:\/\/www.buhl.de\/vermieter-web\/#\/schema\/person\/82903e1cb04eb553382702d503991b4f"},"headline":"Eintragung in \u201eVerzeichnis der erkannten Denkm\u00e4ler\u201d und der Hausverkauf","datePublished":"2021-05-29T13:12:25+00:00","dateModified":"2022-07-27T08:00:45+00:00","mainEntityOfPage":{"@id":"https:\/\/www.buhl.de\/vermieter-web\/eintragung-in-verzeichnis-der-erkannten-denkmaeler-und-der-hausverkauf\/"},"wordCount":371,"image":{"@id":"https:\/\/www.buhl.de\/vermieter-web\/eintragung-in-verzeichnis-der-erkannten-denkmaeler-und-der-hausverkauf\/#primaryimage"},"thumbnailUrl":"https:\/\/www.buhl.de\/vermieter-web\/wp-content\/uploads\/sites\/33\/2021\/05\/shutterstock_1698724306.jpg","keywords":["Denkmalschutz","Hausverkauf","Mangel"],"inLanguage":"de"},{"@type":"WebPage","@id":"https:\/\/www.buhl.de\/vermieter-web\/eintragung-in-verzeichnis-der-erkannten-denkmaeler-und-der-hausverkauf\/","url":"https:\/\/www.buhl.de\/vermieter-web\/eintragung-in-verzeichnis-der-erkannten-denkmaeler-und-der-hausverkauf\/","name":"Hinweispflicht auf M\u00f6glichkeit des Denkmalschutzes bei Hausverkauf","isPartOf":{"@id":"https:\/\/www.buhl.de\/vermieter-web\/#website"},"primaryImageOfPage":{"@id":"https:\/\/www.buhl.de\/vermieter-web\/eintragung-in-verzeichnis-der-erkannten-denkmaeler-und-der-hausverkauf\/#primaryimage"},"image":{"@id":"https:\/\/www.buhl.de\/vermieter-web\/eintragung-in-verzeichnis-der-erkannten-denkmaeler-und-der-hausverkauf\/#primaryimage"},"thumbnailUrl":"https:\/\/www.buhl.de\/vermieter-web\/wp-content\/uploads\/sites\/33\/2021\/05\/shutterstock_1698724306.jpg","datePublished":"2021-05-29T13:12:25+00:00","dateModified":"2022-07-27T08:00:45+00:00","author":{"@id":"https:\/\/www.buhl.de\/vermieter-web\/#\/schema\/person\/82903e1cb04eb553382702d503991b4f"},"description":"Wurde eine Immobilie f\u00fcr eine eventuelle Denkmalschutz-Stellung vorgemerkt, muss der Verk\u00e4ufer beim Verkauf darauf hinweisen.","breadcrumb":{"@id":"https:\/\/www.buhl.de\/vermieter-web\/eintragung-in-verzeichnis-der-erkannten-denkmaeler-und-der-hausverkauf\/#breadcrumb"},"inLanguage":"de","potentialAction":[{"@type":"ReadAction","target":["https:\/\/www.buhl.de\/vermieter-web\/eintragung-in-verzeichnis-der-erkannten-denkmaeler-und-der-hausverkauf\/"]}]},{"@type":"ImageObject","inLanguage":"de","@id":"https:\/\/www.buhl.de\/vermieter-web\/eintragung-in-verzeichnis-der-erkannten-denkmaeler-und-der-hausverkauf\/#primaryimage","url":"https:\/\/www.buhl.de\/vermieter-web\/wp-content\/uploads\/sites\/33\/2021\/05\/shutterstock_1698724306.jpg","contentUrl":"https:\/\/www.buhl.de\/vermieter-web\/wp-content\/uploads\/sites\/33\/2021\/05\/shutterstock_1698724306.jpg","width":840,"height":420},{"@type":"BreadcrumbList","@id":"https:\/\/www.buhl.de\/vermieter-web\/eintragung-in-verzeichnis-der-erkannten-denkmaeler-und-der-hausverkauf\/#breadcrumb","itemListElement":[{"@type":"ListItem","position":1,"name":"Startseite","item":"https:\/\/www.buhl.de\/vermieter-web\/"},{"@type":"ListItem","position":2,"name":"Eintragung in \u201eVerzeichnis der erkannten Denkm\u00e4ler\u201d und der Hausverkauf"}]},{"@type":"WebSite","@id":"https:\/\/www.buhl.de\/vermieter-web\/#website","url":"https:\/\/www.buhl.de\/vermieter-web\/","name":"Online-Nebenkostenabrechnung mit WISO Vermieter-Web","description":"","potentialAction":[{"@type":"SearchAction","target":{"@type":"EntryPoint","urlTemplate":"https:\/\/www.buhl.de\/vermieter-web\/?s={search_term_string}"},"query-input":{"@type":"PropertyValueSpecification","valueRequired":true,"valueName":"search_term_string"}}],"inLanguage":"de"},{"@type":"Person","@id":"https:\/\/www.buhl.de\/vermieter-web\/#\/schema\/person\/82903e1cb04eb553382702d503991b4f","name":"Hartmut Fischer"}]}},"_links":{"self":[{"href":"https:\/\/www.buhl.de\/vermieter-web\/wp-json\/wp\/v2\/posts\/13586","targetHints":{"allow":["GET"]}}],"collection":[{"href":"https:\/\/www.buhl.de\/vermieter-web\/wp-json\/wp\/v2\/posts"}],"about":[{"href":"https:\/\/www.buhl.de\/vermieter-web\/wp-json\/wp\/v2\/types\/post"}],"author":[{"embeddable":true,"href":"https:\/\/www.buhl.de\/vermieter-web\/wp-json\/wp\/v2\/users\/15"}],"replies":[{"embeddable":true,"href":"https:\/\/www.buhl.de\/vermieter-web\/wp-json\/wp\/v2\/comments?post=13586"}],"version-history":[{"count":4,"href":"https:\/\/www.buhl.de\/vermieter-web\/wp-json\/wp\/v2\/posts\/13586\/revisions"}],"predecessor-version":[{"id":13602,"href":"https:\/\/www.buhl.de\/vermieter-web\/wp-json\/wp\/v2\/posts\/13586\/revisions\/13602"}],"wp:featuredmedia":[{"embeddable":true,"href":"https:\/\/www.buhl.de\/vermieter-web\/wp-json\/wp\/v2\/media\/13598"}],"wp:attachment":[{"href":"https:\/\/www.buhl.de\/vermieter-web\/wp-json\/wp\/v2\/media?parent=13586"}],"wp:term":[{"taxonomy":"category","embeddable":true,"href":"https:\/\/www.buhl.de\/vermieter-web\/wp-json\/wp\/v2\/categories?post=13586"},{"taxonomy":"post_tag","embeddable":true,"href":"https:\/\/www.buhl.de\/vermieter-web\/wp-json\/wp\/v2\/tags?post=13586"}],"curies":[{"name":"wp","href":"https:\/\/api.w.org\/{rel}","templated":true}]}}