{"id":13684,"date":"2021-06-26T11:19:07","date_gmt":"2021-06-26T09:19:07","guid":{"rendered":"https:\/\/www.buhl.de\/vermieter-web\/?p=13684"},"modified":"2021-06-26T11:19:07","modified_gmt":"2021-06-26T09:19:07","slug":"betriebskostenverteilung-und-mieternutzung","status":"publish","type":"post","link":"https:\/\/www.buhl.de\/vermieter-web\/betriebskostenverteilung-und-mieternutzung\/","title":{"rendered":"Betriebskostenverteilung und Mieternutzung"},"content":{"rendered":"<p><strong>Die in der Betriebskostenabrechnung aufgef\u00fchrten Kosten f\u00fcr die Reinigung des Treppenhauses m\u00fcssen nicht entsprechend des Nutzungsgrades der einzelnen Mieter aufgeteilt werden. Auch wenn ein Mieter lediglich die Kellertreppe nutzt, muss er dennoch seinen Anteil an den Reinigungskosten tragen. Dies hat das Amtsgericht Brandenburg in einem Urteil vom 27.05.2021 entschieden (Aktenzeichen 31 C 295\/19)<\/strong><\/p>\n<h5>Mieter nutzt nicht das Treppenhaus<\/h5>\n<p>In dem Streitfall weigerte sich ein Mieter eine Betriebskostenabrechnung akzeptieren. Unter anderem bem\u00e4ngelte er, dass er die Kosten f\u00fcr die Reinigung des Treppenhauses\u00a0 mittragen sollte. Dazu war er nicht bereit, da er \u2013 so seine Ausf\u00fchrungen \u2013 ausschlie\u00dflich die Kellertreppe nutzenw\u00fcrde. Da man sich nicht einigen konnte, klagte der Vermieter auf Zahlung vor dem zust\u00e4ndigen Amtsgericht Brandenburg.<\/p>\n<h5>Gericht: Anteilige Kosten m\u00fcssen getragen werden<\/h5>\n<p>Dort entschied der Richter zugunsten des Vermieters. Grunds\u00e4tzlich m\u00fcssten sich die Mieter anteilig an den Kosten beteiligen, die von ihnen gemeinsam genutzt werden k\u00f6nnten. Auch das Treppenhaus k\u00f6nne einem einzelnen Mieter nicht zugerechnet werden, stehe also der allgemeinen Nutzung zur Verf\u00fcgung. Eine Aufteilung der Kostenanteile nach dem Grad der Nutzung sei nicht praktikabel. Deshalb sei es auch nicht entscheidend, ob beziehungsweise in welchem Umfang das Treppenhaus vom Mieter genutzt w\u00fcrde.<\/p>\n<h5>Aufteilung macht Abrechnung un\u00fcbersichtlich<\/h5>\n<p>Wolle man die Kosten gemeinschaftlich genutzter Einrichtungen entsprechend der Nutzung durchf\u00fchren, w\u00fcrde dies die Nebenkostenabrechnungen sehr un\u00fcbersichtlich machen. Au\u00dferdem k\u00f6nnte es zu laufenden \u00c4nderungen der Abrechnungen kommen. Eine pauschalierte Kostenverteilung w\u00fcrde jedoch nicht nur dem Vermieter nutzen, f\u00fcr den die Abrechnung praktikabler w\u00fcrde. Auch der Mieter habe insofern einen Vorteil, da die Abrechnung f\u00fcr ihn \u00fcbersichtlicher und nachvollziehbarer w\u00fcrde. Ungenauigkeiten, die sich aus einer unterschiedlichen Nutzung der Einrichtungen ergebe, w\u00e4ren deshalb unvermeidlich.<\/p>\n<h5>Keine krasse Unbilligkeit<\/h5>\n<p>In der Abrechnung sah das Gericht auch keinen Fall einer krassen Unbilligkeit nach <a href=\"https:\/\/www.gesetze-im-internet.de\/bgb\/__242.html\">\u00a7 242 BGB<\/a>, aus dem sich eine andere Abrechnungsart ableiten lie\u00dfe. Davon k\u00f6nne man nur ausgehen, wenn der Vermieter dem Mieter untersagen w\u00fcrde, das Treppenhaus zu nutzen. Dass der Mieter von sich aus beschlossen habe, lediglich die Kellertreppe zu nutzen, spiele in diesem Fall keine Rolle.<\/p>\n<p>\u00c4hnlich entschied auch der Bundesgerichtshof in einem Urteil, bei dem es um die Beteiligung an den Aufzugskosten ging, die ein Mieter in der Parterre-Wohnung nicht mittragen wollte. Das Gericht entschied, dass er hierzu verpflichtet sei (<a href=\"https:\/\/juris.bundesgerichtshof.de\/cgi-bin\/rechtsprechung\/document.py?Gericht=bgh&amp;Art=en&amp;nr=37713&amp;pos=0&amp;anz=1\">Urteil vom 20.09.2006 &#8211; Aktenzeichen VIII ZR 103\/06<\/a>)<\/p>\n<p><em><strong>Das k\u00f6nnte Sie auch interessieren:<\/strong><\/em><\/p>\n<p><a href=\"https:\/\/www.buhl.de\/vermieter-web\/nebenkosten-einverstaendnis-kann-nicht-zurueckgenommen-werden\/\">Nebenkosten-Einverst\u00e4ndnis kann nicht zur\u00fcckgenommen werden<\/a><br \/>\n<a href=\"https:\/\/www.buhl.de\/vermieter-web\/verbindliche-anerkennung-der-betriebskosten\/\">Verbindliche Anerkennung der Betriebskosten<\/a><br \/>\n<a href=\"https:\/\/www.buhl.de\/vermieter-web\/kritik-an-der-nebenkostenabrechnung\/\">Kritik an der Nebenkostenabrechnung<\/a><\/p>\n","protected":false},"excerpt":{"rendered":"<p>Die in der Betriebskostenabrechnung aufgef\u00fchrten Kosten f\u00fcr die Reinigung des Treppenhauses m\u00fcssen nicht entsprechend des Nutzungsgrades der einzelnen Mieter aufgeteilt werden. Auch wenn ein Mieter lediglich die Kellertreppe nutzt, muss er dennoch seinen Anteil an den Reinigungskosten tragen. Dies hat das Amtsgericht Brandenburg in einem Urteil vom 27.05.2021 entschieden (Aktenzeichen 31 C 295\/19) Mieter nutzt &hellip; <\/p>\n<p class=\"link-more\"><a href=\"https:\/\/www.buhl.de\/vermieter-web\/betriebskostenverteilung-und-mieternutzung\/\" class=\"more-link\"><span class=\"screen-reader-text\">\u201eBetriebskostenverteilung und Mieternutzung\u201c<\/span> weiterlesen<\/a><\/p>\n","protected":false},"author":15,"featured_media":13686,"comment_status":"closed","ping_status":"open","sticky":false,"template":"","format":"standard","meta":{"footnotes":""},"categories":[1],"tags":[5625,5624,1381,2641,5626],"class_list":["post-13684","post","type-post","status-publish","format-standard","has-post-thumbnail","hentry","category-allgemein","tag-aufteilung","tag-kellertgreppe","tag-nebenkosten","tag-treppenhaus","tag-verteilung"],"yoast_head":"<!-- This site is optimized with the Yoast SEO Premium plugin v27.4 (Yoast SEO v27.5) - https:\/\/yoast.com\/product\/yoast-seo-premium-wordpress\/ -->\n<title>Nebenkosten f\u00fcr Treppenhaus m\u00fcssen alle Mieter gemeinsam tragen<\/title>\n<meta name=\"description\" content=\"Auch wenn ein Mieter behauptet, er w\u00fcrde nur die Kellertreppe nutzen, muss er dennoch die Betriebskosten des Treppenhauses mittragen.\" \/>\n<meta name=\"robots\" content=\"noindex, nofollow\" \/>\n<meta property=\"og:locale\" content=\"de_DE\" \/>\n<meta property=\"og:type\" content=\"article\" \/>\n<meta property=\"og:title\" content=\"Betriebskostenverteilung und Mieternutzung\" \/>\n<meta property=\"og:description\" content=\"Auch wenn ein Mieter behauptet, er w\u00fcrde nur die Kellertreppe nutzen, muss er dennoch die Betriebskosten des Treppenhauses mittragen.\" \/>\n<meta property=\"og:url\" content=\"https:\/\/www.buhl.de\/vermieter-web\/betriebskostenverteilung-und-mieternutzung\/\" \/>\n<meta property=\"og:site_name\" content=\"Online-Nebenkostenabrechnung mit WISO Vermieter-Web\" \/>\n<meta property=\"article:published_time\" content=\"2021-06-26T09:19:07+00:00\" \/>\n<meta property=\"og:image\" content=\"https:\/\/www.buhl.de\/vermieter-web\/wp-content\/uploads\/sites\/33\/2021\/06\/shutterstock_1948249468.jpg\" \/>\n\t<meta property=\"og:image:width\" content=\"840\" \/>\n\t<meta property=\"og:image:height\" content=\"420\" \/>\n\t<meta property=\"og:image:type\" content=\"image\/jpeg\" \/>\n<meta name=\"author\" content=\"Hartmut Fischer\" \/>\n<meta name=\"twitter:card\" content=\"summary_large_image\" \/>\n<meta name=\"twitter:label1\" content=\"Verfasst von\" \/>\n\t<meta name=\"twitter:data1\" content=\"Hartmut Fischer\" \/>\n\t<meta name=\"twitter:label2\" content=\"Gesch\u00e4tzte Lesezeit\" \/>\n\t<meta name=\"twitter:data2\" content=\"2\u00a0Minuten\" \/>\n<script type=\"application\/ld+json\" class=\"yoast-schema-graph\">{\"@context\":\"https:\\\/\\\/schema.org\",\"@graph\":[{\"@type\":\"Article\",\"@id\":\"https:\\\/\\\/www.buhl.de\\\/vermieter-web\\\/betriebskostenverteilung-und-mieternutzung\\\/#article\",\"isPartOf\":{\"@id\":\"https:\\\/\\\/www.buhl.de\\\/vermieter-web\\\/betriebskostenverteilung-und-mieternutzung\\\/\"},\"author\":{\"name\":\"Hartmut Fischer\",\"@id\":\"https:\\\/\\\/www.buhl.de\\\/vermieter-web\\\/#\\\/schema\\\/person\\\/82903e1cb04eb553382702d503991b4f\"},\"headline\":\"Betriebskostenverteilung und Mieternutzung\",\"datePublished\":\"2021-06-26T09:19:07+00:00\",\"mainEntityOfPage\":{\"@id\":\"https:\\\/\\\/www.buhl.de\\\/vermieter-web\\\/betriebskostenverteilung-und-mieternutzung\\\/\"},\"wordCount\":418,\"image\":{\"@id\":\"https:\\\/\\\/www.buhl.de\\\/vermieter-web\\\/betriebskostenverteilung-und-mieternutzung\\\/#primaryimage\"},\"thumbnailUrl\":\"https:\\\/\\\/www.buhl.de\\\/vermieter-web\\\/wp-content\\\/uploads\\\/sites\\\/33\\\/2021\\\/06\\\/shutterstock_1948249468.jpg\",\"keywords\":[\"Aufteilung\",\"Kellertgreppe\",\"Nebenkosten\",\"Treppenhaus\",\"Verteilung\"],\"inLanguage\":\"de\"},{\"@type\":\"WebPage\",\"@id\":\"https:\\\/\\\/www.buhl.de\\\/vermieter-web\\\/betriebskostenverteilung-und-mieternutzung\\\/\",\"url\":\"https:\\\/\\\/www.buhl.de\\\/vermieter-web\\\/betriebskostenverteilung-und-mieternutzung\\\/\",\"name\":\"Nebenkosten f\u00fcr Treppenhaus m\u00fcssen alle Mieter gemeinsam tragen\",\"isPartOf\":{\"@id\":\"https:\\\/\\\/www.buhl.de\\\/vermieter-web\\\/#website\"},\"primaryImageOfPage\":{\"@id\":\"https:\\\/\\\/www.buhl.de\\\/vermieter-web\\\/betriebskostenverteilung-und-mieternutzung\\\/#primaryimage\"},\"image\":{\"@id\":\"https:\\\/\\\/www.buhl.de\\\/vermieter-web\\\/betriebskostenverteilung-und-mieternutzung\\\/#primaryimage\"},\"thumbnailUrl\":\"https:\\\/\\\/www.buhl.de\\\/vermieter-web\\\/wp-content\\\/uploads\\\/sites\\\/33\\\/2021\\\/06\\\/shutterstock_1948249468.jpg\",\"datePublished\":\"2021-06-26T09:19:07+00:00\",\"author\":{\"@id\":\"https:\\\/\\\/www.buhl.de\\\/vermieter-web\\\/#\\\/schema\\\/person\\\/82903e1cb04eb553382702d503991b4f\"},\"description\":\"Auch wenn ein Mieter behauptet, er w\u00fcrde nur die Kellertreppe nutzen, muss er dennoch die Betriebskosten des Treppenhauses mittragen.\",\"breadcrumb\":{\"@id\":\"https:\\\/\\\/www.buhl.de\\\/vermieter-web\\\/betriebskostenverteilung-und-mieternutzung\\\/#breadcrumb\"},\"inLanguage\":\"de\",\"potentialAction\":[{\"@type\":\"ReadAction\",\"target\":[\"https:\\\/\\\/www.buhl.de\\\/vermieter-web\\\/betriebskostenverteilung-und-mieternutzung\\\/\"]}]},{\"@type\":\"ImageObject\",\"inLanguage\":\"de\",\"@id\":\"https:\\\/\\\/www.buhl.de\\\/vermieter-web\\\/betriebskostenverteilung-und-mieternutzung\\\/#primaryimage\",\"url\":\"https:\\\/\\\/www.buhl.de\\\/vermieter-web\\\/wp-content\\\/uploads\\\/sites\\\/33\\\/2021\\\/06\\\/shutterstock_1948249468.jpg\",\"contentUrl\":\"https:\\\/\\\/www.buhl.de\\\/vermieter-web\\\/wp-content\\\/uploads\\\/sites\\\/33\\\/2021\\\/06\\\/shutterstock_1948249468.jpg\",\"width\":840,\"height\":420,\"caption\":\"Hanb mit putzlappen, die ein Tr3eppengl\u00e4nder abputzt.\"},{\"@type\":\"BreadcrumbList\",\"@id\":\"https:\\\/\\\/www.buhl.de\\\/vermieter-web\\\/betriebskostenverteilung-und-mieternutzung\\\/#breadcrumb\",\"itemListElement\":[{\"@type\":\"ListItem\",\"position\":1,\"name\":\"Startseite\",\"item\":\"https:\\\/\\\/www.buhl.de\\\/vermieter-web\\\/\"},{\"@type\":\"ListItem\",\"position\":2,\"name\":\"Betriebskostenverteilung und Mieternutzung\"}]},{\"@type\":\"WebSite\",\"@id\":\"https:\\\/\\\/www.buhl.de\\\/vermieter-web\\\/#website\",\"url\":\"https:\\\/\\\/www.buhl.de\\\/vermieter-web\\\/\",\"name\":\"Online-Nebenkostenabrechnung mit WISO Vermieter-Web\",\"description\":\"\",\"potentialAction\":[{\"@type\":\"SearchAction\",\"target\":{\"@type\":\"EntryPoint\",\"urlTemplate\":\"https:\\\/\\\/www.buhl.de\\\/vermieter-web\\\/?s={search_term_string}\"},\"query-input\":{\"@type\":\"PropertyValueSpecification\",\"valueRequired\":true,\"valueName\":\"search_term_string\"}}],\"inLanguage\":\"de\"},{\"@type\":\"Person\",\"@id\":\"https:\\\/\\\/www.buhl.de\\\/vermieter-web\\\/#\\\/schema\\\/person\\\/82903e1cb04eb553382702d503991b4f\",\"name\":\"Hartmut Fischer\"}]}<\/script>\n<!-- \/ Yoast SEO Premium plugin. -->","yoast_head_json":{"title":"Nebenkosten f\u00fcr Treppenhaus m\u00fcssen alle Mieter gemeinsam tragen","description":"Auch wenn ein Mieter behauptet, er w\u00fcrde nur die Kellertreppe nutzen, muss er dennoch die Betriebskosten des Treppenhauses mittragen.","robots":{"index":"noindex","follow":"nofollow"},"og_locale":"de_DE","og_type":"article","og_title":"Betriebskostenverteilung und Mieternutzung","og_description":"Auch wenn ein Mieter behauptet, er w\u00fcrde nur die Kellertreppe nutzen, muss er dennoch die Betriebskosten des Treppenhauses mittragen.","og_url":"https:\/\/www.buhl.de\/vermieter-web\/betriebskostenverteilung-und-mieternutzung\/","og_site_name":"Online-Nebenkostenabrechnung mit WISO Vermieter-Web","article_published_time":"2021-06-26T09:19:07+00:00","og_image":[{"width":840,"height":420,"url":"https:\/\/www.buhl.de\/vermieter-web\/wp-content\/uploads\/sites\/33\/2021\/06\/shutterstock_1948249468.jpg","type":"image\/jpeg"}],"author":"Hartmut Fischer","twitter_card":"summary_large_image","twitter_misc":{"Verfasst von":"Hartmut Fischer","Gesch\u00e4tzte Lesezeit":"2\u00a0Minuten"},"schema":{"@context":"https:\/\/schema.org","@graph":[{"@type":"Article","@id":"https:\/\/www.buhl.de\/vermieter-web\/betriebskostenverteilung-und-mieternutzung\/#article","isPartOf":{"@id":"https:\/\/www.buhl.de\/vermieter-web\/betriebskostenverteilung-und-mieternutzung\/"},"author":{"name":"Hartmut Fischer","@id":"https:\/\/www.buhl.de\/vermieter-web\/#\/schema\/person\/82903e1cb04eb553382702d503991b4f"},"headline":"Betriebskostenverteilung und Mieternutzung","datePublished":"2021-06-26T09:19:07+00:00","mainEntityOfPage":{"@id":"https:\/\/www.buhl.de\/vermieter-web\/betriebskostenverteilung-und-mieternutzung\/"},"wordCount":418,"image":{"@id":"https:\/\/www.buhl.de\/vermieter-web\/betriebskostenverteilung-und-mieternutzung\/#primaryimage"},"thumbnailUrl":"https:\/\/www.buhl.de\/vermieter-web\/wp-content\/uploads\/sites\/33\/2021\/06\/shutterstock_1948249468.jpg","keywords":["Aufteilung","Kellertgreppe","Nebenkosten","Treppenhaus","Verteilung"],"inLanguage":"de"},{"@type":"WebPage","@id":"https:\/\/www.buhl.de\/vermieter-web\/betriebskostenverteilung-und-mieternutzung\/","url":"https:\/\/www.buhl.de\/vermieter-web\/betriebskostenverteilung-und-mieternutzung\/","name":"Nebenkosten f\u00fcr Treppenhaus m\u00fcssen alle Mieter gemeinsam tragen","isPartOf":{"@id":"https:\/\/www.buhl.de\/vermieter-web\/#website"},"primaryImageOfPage":{"@id":"https:\/\/www.buhl.de\/vermieter-web\/betriebskostenverteilung-und-mieternutzung\/#primaryimage"},"image":{"@id":"https:\/\/www.buhl.de\/vermieter-web\/betriebskostenverteilung-und-mieternutzung\/#primaryimage"},"thumbnailUrl":"https:\/\/www.buhl.de\/vermieter-web\/wp-content\/uploads\/sites\/33\/2021\/06\/shutterstock_1948249468.jpg","datePublished":"2021-06-26T09:19:07+00:00","author":{"@id":"https:\/\/www.buhl.de\/vermieter-web\/#\/schema\/person\/82903e1cb04eb553382702d503991b4f"},"description":"Auch wenn ein Mieter behauptet, er w\u00fcrde nur die Kellertreppe nutzen, muss er dennoch die Betriebskosten des Treppenhauses mittragen.","breadcrumb":{"@id":"https:\/\/www.buhl.de\/vermieter-web\/betriebskostenverteilung-und-mieternutzung\/#breadcrumb"},"inLanguage":"de","potentialAction":[{"@type":"ReadAction","target":["https:\/\/www.buhl.de\/vermieter-web\/betriebskostenverteilung-und-mieternutzung\/"]}]},{"@type":"ImageObject","inLanguage":"de","@id":"https:\/\/www.buhl.de\/vermieter-web\/betriebskostenverteilung-und-mieternutzung\/#primaryimage","url":"https:\/\/www.buhl.de\/vermieter-web\/wp-content\/uploads\/sites\/33\/2021\/06\/shutterstock_1948249468.jpg","contentUrl":"https:\/\/www.buhl.de\/vermieter-web\/wp-content\/uploads\/sites\/33\/2021\/06\/shutterstock_1948249468.jpg","width":840,"height":420,"caption":"Hanb mit putzlappen, die ein Tr3eppengl\u00e4nder abputzt."},{"@type":"BreadcrumbList","@id":"https:\/\/www.buhl.de\/vermieter-web\/betriebskostenverteilung-und-mieternutzung\/#breadcrumb","itemListElement":[{"@type":"ListItem","position":1,"name":"Startseite","item":"https:\/\/www.buhl.de\/vermieter-web\/"},{"@type":"ListItem","position":2,"name":"Betriebskostenverteilung und Mieternutzung"}]},{"@type":"WebSite","@id":"https:\/\/www.buhl.de\/vermieter-web\/#website","url":"https:\/\/www.buhl.de\/vermieter-web\/","name":"Online-Nebenkostenabrechnung mit WISO Vermieter-Web","description":"","potentialAction":[{"@type":"SearchAction","target":{"@type":"EntryPoint","urlTemplate":"https:\/\/www.buhl.de\/vermieter-web\/?s={search_term_string}"},"query-input":{"@type":"PropertyValueSpecification","valueRequired":true,"valueName":"search_term_string"}}],"inLanguage":"de"},{"@type":"Person","@id":"https:\/\/www.buhl.de\/vermieter-web\/#\/schema\/person\/82903e1cb04eb553382702d503991b4f","name":"Hartmut Fischer"}]}},"_links":{"self":[{"href":"https:\/\/www.buhl.de\/vermieter-web\/wp-json\/wp\/v2\/posts\/13684","targetHints":{"allow":["GET"]}}],"collection":[{"href":"https:\/\/www.buhl.de\/vermieter-web\/wp-json\/wp\/v2\/posts"}],"about":[{"href":"https:\/\/www.buhl.de\/vermieter-web\/wp-json\/wp\/v2\/types\/post"}],"author":[{"embeddable":true,"href":"https:\/\/www.buhl.de\/vermieter-web\/wp-json\/wp\/v2\/users\/15"}],"replies":[{"embeddable":true,"href":"https:\/\/www.buhl.de\/vermieter-web\/wp-json\/wp\/v2\/comments?post=13684"}],"version-history":[{"count":2,"href":"https:\/\/www.buhl.de\/vermieter-web\/wp-json\/wp\/v2\/posts\/13684\/revisions"}],"predecessor-version":[{"id":13688,"href":"https:\/\/www.buhl.de\/vermieter-web\/wp-json\/wp\/v2\/posts\/13684\/revisions\/13688"}],"wp:featuredmedia":[{"embeddable":true,"href":"https:\/\/www.buhl.de\/vermieter-web\/wp-json\/wp\/v2\/media\/13686"}],"wp:attachment":[{"href":"https:\/\/www.buhl.de\/vermieter-web\/wp-json\/wp\/v2\/media?parent=13684"}],"wp:term":[{"taxonomy":"category","embeddable":true,"href":"https:\/\/www.buhl.de\/vermieter-web\/wp-json\/wp\/v2\/categories?post=13684"},{"taxonomy":"post_tag","embeddable":true,"href":"https:\/\/www.buhl.de\/vermieter-web\/wp-json\/wp\/v2\/tags?post=13684"}],"curies":[{"name":"wp","href":"https:\/\/api.w.org\/{rel}","templated":true}]}}