{"id":13758,"date":"2021-07-28T08:25:33","date_gmt":"2021-07-28T06:25:33","guid":{"rendered":"https:\/\/www.buhl.de\/vermieter-web\/?p=13758"},"modified":"2021-07-28T08:25:33","modified_gmt":"2021-07-28T06:25:33","slug":"wo-stehen-die-parteien","status":"publish","type":"post","link":"https:\/\/www.buhl.de\/vermieter-web\/wo-stehen-die-parteien\/","title":{"rendered":"Wo stehen die Parteien?"},"content":{"rendered":"<p>In Ihren Wahlprogrammen legen sich die Parteien auf grunds\u00e4tzliche Positionen in den verschiedenen, f\u00fcr die W\u00e4hler interessanten Bereichen fest. Zwar zeigt sich nach den Wahlen oft, dass vieles wegen \u201eSachzw\u00e4ngen\u201c auf der Strecke bleibt, doch eine Tendenz l\u00e4sst sich erkennen. Auch zum Thema Wohnen haben die Parteien sich in ihren Programmen ge\u00e4u\u00dfert. Wir zeigen Ihnen, wo Sie die entsprechenden Aussagen finden, damit Sie sich eine eigene Meinung bilden k\u00f6nnen. Bewusst haben wir auf eine Kommentierung verzichtet.<\/p>\n<p><a href=\"https:\/\/www.csu.de\/common\/download\/Regierungsprogramm.pdf\">Hier k\u00f6nnen Sie das Wahlprogramm der CDU komplett nachlesen<\/a>. Die Partei befasst sich in Ihrem Programm ab Seite 123 mit Fragen zum Thema Wohnen, Mieten, Vermieten und Bauen.<\/p>\n<p><a href=\"https:\/\/cms.gruene.de\/uploads\/documents\/Wahlprogramm-DIE-GRUENEN-Bundestagswahl-2021_barrierefrei.pdf\">Hier k\u00f6nnen Sie das Wahlprogramm der Gr\u00fcnen komplett nachlesen<\/a>. Die Gr\u00fcnen befassen sich ab Seite 128 mit dem Thema Wohnen und Immobilien.<\/p>\n<p><a href=\"https:\/\/www.spd.de\/fileadmin\/Dokumente\/Beschluesse\/Programm\/SPD-Zukunftsprogramm.pdf\">Hier k\u00f6nnen Sie das Wahlprogramm der SPD komplett nachlesen.<\/a> Mit dem Thema Wohnraum befasst sich die Partei ab Seite 37.<\/p>\n<p><a href=\"https:\/\/www.fdp.de\/sites\/default\/files\/2021-06\/FDP_Programm_Bundestagswahl2021_1.pdf\">Hier k\u00f6nnen Sie das Wahlprogramm der FDP komplett nachlesen.<\/a> Die Partei befasst sich ab Seite 84 mit dem Thema Wohnen.<\/p>\n<p><a href=\"https:\/\/www.die-linke.de\/wahlen\/wahlprogramm-2021\/\">Hier finden Sie das Wahlprogramm der Linken.<\/a> Um die Aussagen zum Thema Wohnen zu finden,\u00a0 klicken Sie in der Aufz\u00e4hlung unter \u201eUnser Wahlprogramm\u201c auf den Eintrag \u201eKeine Profite mit Miete und Boden: Zuhause f\u00fcr alle.<\/p>\n<p><a href=\"https:\/\/www.afd.de\/wahlprogramm\/\">Hier finden Sie das Wahlprogramm der AfD.<\/a> Sie befasst sich ab Seite 122 mit dem Thema \u201eWohnen\u201c.<\/p>\n<p>&nbsp;<\/p>\n","protected":false},"excerpt":{"rendered":"<p>In Ihren Wahlprogrammen legen sich die Parteien auf grunds\u00e4tzliche Positionen in den verschiedenen, f\u00fcr die W\u00e4hler interessanten Bereichen fest. Zwar zeigt sich nach den Wahlen oft, dass vieles wegen \u201eSachzw\u00e4ngen\u201c auf der Strecke bleibt, doch eine Tendenz l\u00e4sst sich erkennen. Auch zum Thema Wohnen haben die Parteien sich in ihren Programmen ge\u00e4u\u00dfert. Wir zeigen Ihnen, &hellip; <\/p>\n<p class=\"link-more\"><a href=\"https:\/\/www.buhl.de\/vermieter-web\/wo-stehen-die-parteien\/\" class=\"more-link\"><span class=\"screen-reader-text\">\u201eWo stehen die Parteien?\u201c<\/span> weiterlesen<\/a><\/p>\n","protected":false},"author":15,"featured_media":13764,"comment_status":"closed","ping_status":"open","sticky":false,"template":"","format":"standard","meta":{"footnotes":""},"categories":[1],"tags":[5646,5647],"class_list":["post-13758","post","type-post","status-publish","format-standard","has-post-thumbnail","hentry","category-allgemein","tag-bundestagswahl","tag-parteiprogramm"],"yoast_head":"<!-- This site is optimized with the Yoast SEO Premium plugin v27.4 (Yoast SEO v27.5) - https:\/\/yoast.com\/product\/yoast-seo-premium-wordpress\/ -->\n<title>Wo stehen die Parteien bei Fragen zum Thema &quot;Mieten und Vermieter&quot;?<\/title>\n<meta name=\"description\" content=\"Zur Bundestagswahl 2021 haben alle Parteien ihre Wahlprogramme verabschiedet, in denen Sie auch zum Thema Immobilien Stellung beziehen.\" \/>\n<meta name=\"robots\" content=\"noindex, nofollow\" \/>\n<meta property=\"og:locale\" content=\"de_DE\" \/>\n<meta property=\"og:type\" content=\"article\" \/>\n<meta property=\"og:title\" content=\"Wo stehen die Parteien?\" \/>\n<meta property=\"og:description\" content=\"Zur Bundestagswahl 2021 haben alle Parteien ihre Wahlprogramme verabschiedet, in denen Sie auch zum Thema Immobilien Stellung beziehen.\" \/>\n<meta property=\"og:url\" content=\"https:\/\/www.buhl.de\/vermieter-web\/wo-stehen-die-parteien\/\" \/>\n<meta property=\"og:site_name\" content=\"Online-Nebenkostenabrechnung mit WISO Vermieter-Web\" \/>\n<meta property=\"article:published_time\" content=\"2021-07-28T06:25:33+00:00\" \/>\n<meta property=\"og:image\" content=\"https:\/\/www.buhl.de\/vermieter-web\/wp-content\/uploads\/sites\/33\/2021\/07\/shutterstock_1902603880.jpg\" \/>\n\t<meta property=\"og:image:width\" content=\"840\" \/>\n\t<meta property=\"og:image:height\" content=\"420\" \/>\n\t<meta property=\"og:image:type\" content=\"image\/jpeg\" \/>\n<meta name=\"author\" content=\"Hartmut Fischer\" \/>\n<meta name=\"twitter:card\" content=\"summary_large_image\" \/>\n<meta name=\"twitter:label1\" content=\"Verfasst von\" \/>\n\t<meta name=\"twitter:data1\" content=\"Hartmut Fischer\" \/>\n\t<meta name=\"twitter:label2\" content=\"Gesch\u00e4tzte Lesezeit\" \/>\n\t<meta name=\"twitter:data2\" content=\"1\u00a0Minute\" \/>\n<script type=\"application\/ld+json\" class=\"yoast-schema-graph\">{\"@context\":\"https:\\\/\\\/schema.org\",\"@graph\":[{\"@type\":\"Article\",\"@id\":\"https:\\\/\\\/www.buhl.de\\\/vermieter-web\\\/wo-stehen-die-parteien\\\/#article\",\"isPartOf\":{\"@id\":\"https:\\\/\\\/www.buhl.de\\\/vermieter-web\\\/wo-stehen-die-parteien\\\/\"},\"author\":{\"name\":\"Hartmut Fischer\",\"@id\":\"https:\\\/\\\/www.buhl.de\\\/vermieter-web\\\/#\\\/schema\\\/person\\\/82903e1cb04eb553382702d503991b4f\"},\"headline\":\"Wo stehen die Parteien?\",\"datePublished\":\"2021-07-28T06:25:33+00:00\",\"mainEntityOfPage\":{\"@id\":\"https:\\\/\\\/www.buhl.de\\\/vermieter-web\\\/wo-stehen-die-parteien\\\/\"},\"wordCount\":234,\"image\":{\"@id\":\"https:\\\/\\\/www.buhl.de\\\/vermieter-web\\\/wo-stehen-die-parteien\\\/#primaryimage\"},\"thumbnailUrl\":\"https:\\\/\\\/www.buhl.de\\\/vermieter-web\\\/wp-content\\\/uploads\\\/sites\\\/33\\\/2021\\\/07\\\/shutterstock_1902603880.jpg\",\"keywords\":[\"Bundestagswahl\",\"Parteiprogramm\"],\"inLanguage\":\"de\"},{\"@type\":\"WebPage\",\"@id\":\"https:\\\/\\\/www.buhl.de\\\/vermieter-web\\\/wo-stehen-die-parteien\\\/\",\"url\":\"https:\\\/\\\/www.buhl.de\\\/vermieter-web\\\/wo-stehen-die-parteien\\\/\",\"name\":\"Wo stehen die Parteien bei Fragen zum Thema \\\"Mieten und Vermieter\\\"?\",\"isPartOf\":{\"@id\":\"https:\\\/\\\/www.buhl.de\\\/vermieter-web\\\/#website\"},\"primaryImageOfPage\":{\"@id\":\"https:\\\/\\\/www.buhl.de\\\/vermieter-web\\\/wo-stehen-die-parteien\\\/#primaryimage\"},\"image\":{\"@id\":\"https:\\\/\\\/www.buhl.de\\\/vermieter-web\\\/wo-stehen-die-parteien\\\/#primaryimage\"},\"thumbnailUrl\":\"https:\\\/\\\/www.buhl.de\\\/vermieter-web\\\/wp-content\\\/uploads\\\/sites\\\/33\\\/2021\\\/07\\\/shutterstock_1902603880.jpg\",\"datePublished\":\"2021-07-28T06:25:33+00:00\",\"author\":{\"@id\":\"https:\\\/\\\/www.buhl.de\\\/vermieter-web\\\/#\\\/schema\\\/person\\\/82903e1cb04eb553382702d503991b4f\"},\"description\":\"Zur Bundestagswahl 2021 haben alle Parteien ihre Wahlprogramme verabschiedet, in denen Sie auch zum Thema Immobilien Stellung beziehen.\",\"breadcrumb\":{\"@id\":\"https:\\\/\\\/www.buhl.de\\\/vermieter-web\\\/wo-stehen-die-parteien\\\/#breadcrumb\"},\"inLanguage\":\"de\",\"potentialAction\":[{\"@type\":\"ReadAction\",\"target\":[\"https:\\\/\\\/www.buhl.de\\\/vermieter-web\\\/wo-stehen-die-parteien\\\/\"]}]},{\"@type\":\"ImageObject\",\"inLanguage\":\"de\",\"@id\":\"https:\\\/\\\/www.buhl.de\\\/vermieter-web\\\/wo-stehen-die-parteien\\\/#primaryimage\",\"url\":\"https:\\\/\\\/www.buhl.de\\\/vermieter-web\\\/wp-content\\\/uploads\\\/sites\\\/33\\\/2021\\\/07\\\/shutterstock_1902603880.jpg\",\"contentUrl\":\"https:\\\/\\\/www.buhl.de\\\/vermieter-web\\\/wp-content\\\/uploads\\\/sites\\\/33\\\/2021\\\/07\\\/shutterstock_1902603880.jpg\",\"width\":840,\"height\":420,\"caption\":\"Close up button Bundestagswahl 2021 (Federal Election 2021).\"},{\"@type\":\"BreadcrumbList\",\"@id\":\"https:\\\/\\\/www.buhl.de\\\/vermieter-web\\\/wo-stehen-die-parteien\\\/#breadcrumb\",\"itemListElement\":[{\"@type\":\"ListItem\",\"position\":1,\"name\":\"Startseite\",\"item\":\"https:\\\/\\\/www.buhl.de\\\/vermieter-web\\\/\"},{\"@type\":\"ListItem\",\"position\":2,\"name\":\"Wo stehen die Parteien?\"}]},{\"@type\":\"WebSite\",\"@id\":\"https:\\\/\\\/www.buhl.de\\\/vermieter-web\\\/#website\",\"url\":\"https:\\\/\\\/www.buhl.de\\\/vermieter-web\\\/\",\"name\":\"Online-Nebenkostenabrechnung mit WISO Vermieter-Web\",\"description\":\"\",\"potentialAction\":[{\"@type\":\"SearchAction\",\"target\":{\"@type\":\"EntryPoint\",\"urlTemplate\":\"https:\\\/\\\/www.buhl.de\\\/vermieter-web\\\/?s={search_term_string}\"},\"query-input\":{\"@type\":\"PropertyValueSpecification\",\"valueRequired\":true,\"valueName\":\"search_term_string\"}}],\"inLanguage\":\"de\"},{\"@type\":\"Person\",\"@id\":\"https:\\\/\\\/www.buhl.de\\\/vermieter-web\\\/#\\\/schema\\\/person\\\/82903e1cb04eb553382702d503991b4f\",\"name\":\"Hartmut Fischer\"}]}<\/script>\n<!-- \/ Yoast SEO Premium plugin. -->","yoast_head_json":{"title":"Wo stehen die Parteien bei Fragen zum Thema \"Mieten und Vermieter\"?","description":"Zur Bundestagswahl 2021 haben alle Parteien ihre Wahlprogramme verabschiedet, in denen Sie auch zum Thema Immobilien Stellung beziehen.","robots":{"index":"noindex","follow":"nofollow"},"og_locale":"de_DE","og_type":"article","og_title":"Wo stehen die Parteien?","og_description":"Zur Bundestagswahl 2021 haben alle Parteien ihre Wahlprogramme verabschiedet, in denen Sie auch zum Thema Immobilien Stellung beziehen.","og_url":"https:\/\/www.buhl.de\/vermieter-web\/wo-stehen-die-parteien\/","og_site_name":"Online-Nebenkostenabrechnung mit WISO Vermieter-Web","article_published_time":"2021-07-28T06:25:33+00:00","og_image":[{"width":840,"height":420,"url":"https:\/\/www.buhl.de\/vermieter-web\/wp-content\/uploads\/sites\/33\/2021\/07\/shutterstock_1902603880.jpg","type":"image\/jpeg"}],"author":"Hartmut Fischer","twitter_card":"summary_large_image","twitter_misc":{"Verfasst von":"Hartmut Fischer","Gesch\u00e4tzte Lesezeit":"1\u00a0Minute"},"schema":{"@context":"https:\/\/schema.org","@graph":[{"@type":"Article","@id":"https:\/\/www.buhl.de\/vermieter-web\/wo-stehen-die-parteien\/#article","isPartOf":{"@id":"https:\/\/www.buhl.de\/vermieter-web\/wo-stehen-die-parteien\/"},"author":{"name":"Hartmut Fischer","@id":"https:\/\/www.buhl.de\/vermieter-web\/#\/schema\/person\/82903e1cb04eb553382702d503991b4f"},"headline":"Wo stehen die Parteien?","datePublished":"2021-07-28T06:25:33+00:00","mainEntityOfPage":{"@id":"https:\/\/www.buhl.de\/vermieter-web\/wo-stehen-die-parteien\/"},"wordCount":234,"image":{"@id":"https:\/\/www.buhl.de\/vermieter-web\/wo-stehen-die-parteien\/#primaryimage"},"thumbnailUrl":"https:\/\/www.buhl.de\/vermieter-web\/wp-content\/uploads\/sites\/33\/2021\/07\/shutterstock_1902603880.jpg","keywords":["Bundestagswahl","Parteiprogramm"],"inLanguage":"de"},{"@type":"WebPage","@id":"https:\/\/www.buhl.de\/vermieter-web\/wo-stehen-die-parteien\/","url":"https:\/\/www.buhl.de\/vermieter-web\/wo-stehen-die-parteien\/","name":"Wo stehen die Parteien bei Fragen zum Thema \"Mieten und Vermieter\"?","isPartOf":{"@id":"https:\/\/www.buhl.de\/vermieter-web\/#website"},"primaryImageOfPage":{"@id":"https:\/\/www.buhl.de\/vermieter-web\/wo-stehen-die-parteien\/#primaryimage"},"image":{"@id":"https:\/\/www.buhl.de\/vermieter-web\/wo-stehen-die-parteien\/#primaryimage"},"thumbnailUrl":"https:\/\/www.buhl.de\/vermieter-web\/wp-content\/uploads\/sites\/33\/2021\/07\/shutterstock_1902603880.jpg","datePublished":"2021-07-28T06:25:33+00:00","author":{"@id":"https:\/\/www.buhl.de\/vermieter-web\/#\/schema\/person\/82903e1cb04eb553382702d503991b4f"},"description":"Zur Bundestagswahl 2021 haben alle Parteien ihre Wahlprogramme verabschiedet, in denen Sie auch zum Thema Immobilien Stellung beziehen.","breadcrumb":{"@id":"https:\/\/www.buhl.de\/vermieter-web\/wo-stehen-die-parteien\/#breadcrumb"},"inLanguage":"de","potentialAction":[{"@type":"ReadAction","target":["https:\/\/www.buhl.de\/vermieter-web\/wo-stehen-die-parteien\/"]}]},{"@type":"ImageObject","inLanguage":"de","@id":"https:\/\/www.buhl.de\/vermieter-web\/wo-stehen-die-parteien\/#primaryimage","url":"https:\/\/www.buhl.de\/vermieter-web\/wp-content\/uploads\/sites\/33\/2021\/07\/shutterstock_1902603880.jpg","contentUrl":"https:\/\/www.buhl.de\/vermieter-web\/wp-content\/uploads\/sites\/33\/2021\/07\/shutterstock_1902603880.jpg","width":840,"height":420,"caption":"Close up button Bundestagswahl 2021 (Federal Election 2021)."},{"@type":"BreadcrumbList","@id":"https:\/\/www.buhl.de\/vermieter-web\/wo-stehen-die-parteien\/#breadcrumb","itemListElement":[{"@type":"ListItem","position":1,"name":"Startseite","item":"https:\/\/www.buhl.de\/vermieter-web\/"},{"@type":"ListItem","position":2,"name":"Wo stehen die Parteien?"}]},{"@type":"WebSite","@id":"https:\/\/www.buhl.de\/vermieter-web\/#website","url":"https:\/\/www.buhl.de\/vermieter-web\/","name":"Online-Nebenkostenabrechnung mit WISO Vermieter-Web","description":"","potentialAction":[{"@type":"SearchAction","target":{"@type":"EntryPoint","urlTemplate":"https:\/\/www.buhl.de\/vermieter-web\/?s={search_term_string}"},"query-input":{"@type":"PropertyValueSpecification","valueRequired":true,"valueName":"search_term_string"}}],"inLanguage":"de"},{"@type":"Person","@id":"https:\/\/www.buhl.de\/vermieter-web\/#\/schema\/person\/82903e1cb04eb553382702d503991b4f","name":"Hartmut Fischer"}]}},"_links":{"self":[{"href":"https:\/\/www.buhl.de\/vermieter-web\/wp-json\/wp\/v2\/posts\/13758","targetHints":{"allow":["GET"]}}],"collection":[{"href":"https:\/\/www.buhl.de\/vermieter-web\/wp-json\/wp\/v2\/posts"}],"about":[{"href":"https:\/\/www.buhl.de\/vermieter-web\/wp-json\/wp\/v2\/types\/post"}],"author":[{"embeddable":true,"href":"https:\/\/www.buhl.de\/vermieter-web\/wp-json\/wp\/v2\/users\/15"}],"replies":[{"embeddable":true,"href":"https:\/\/www.buhl.de\/vermieter-web\/wp-json\/wp\/v2\/comments?post=13758"}],"version-history":[{"count":2,"href":"https:\/\/www.buhl.de\/vermieter-web\/wp-json\/wp\/v2\/posts\/13758\/revisions"}],"predecessor-version":[{"id":13761,"href":"https:\/\/www.buhl.de\/vermieter-web\/wp-json\/wp\/v2\/posts\/13758\/revisions\/13761"}],"wp:featuredmedia":[{"embeddable":true,"href":"https:\/\/www.buhl.de\/vermieter-web\/wp-json\/wp\/v2\/media\/13764"}],"wp:attachment":[{"href":"https:\/\/www.buhl.de\/vermieter-web\/wp-json\/wp\/v2\/media?parent=13758"}],"wp:term":[{"taxonomy":"category","embeddable":true,"href":"https:\/\/www.buhl.de\/vermieter-web\/wp-json\/wp\/v2\/categories?post=13758"},{"taxonomy":"post_tag","embeddable":true,"href":"https:\/\/www.buhl.de\/vermieter-web\/wp-json\/wp\/v2\/tags?post=13758"}],"curies":[{"name":"wp","href":"https:\/\/api.w.org\/{rel}","templated":true}]}}