{"id":13793,"date":"2021-08-06T09:04:32","date_gmt":"2021-08-06T07:04:32","guid":{"rendered":"https:\/\/www.buhl.de\/vermieter-web\/?p=13793"},"modified":"2021-08-06T09:04:32","modified_gmt":"2021-08-06T07:04:32","slug":"alles-so-schoen-bunt-hier","status":"publish","type":"post","link":"https:\/\/www.buhl.de\/vermieter-web\/alles-so-schoen-bunt-hier\/","title":{"rendered":"Alles so sch\u00f6n bunt hier"},"content":{"rendered":"<p><strong>Ein Mieter kann w\u00e4hren der Mietzeit die Wohnungsw\u00e4nde streichen, wie er es gerne m\u00f6chte. Doch beim Auszug muss der Vermieter nicht alles akzeptieren. Bei besonders ausgefallenen \u201eFarbgestaltungen\u201c kann er vom Mieter verlangen, dass dieser die W\u00e4nde \u00fcberstreicht. Wiegert sich der Mieter, kann der Vermieter Schadenersatz verlangen. Zu diesem Ergebnis kam das Amtsgericht Paderborn in einem Urteil vom 03.12.2020 (Aktenzeichen 57 C 44\/20).<\/strong><\/p>\n<h5>glitzertapete in der wohnung<\/h5>\n<p>In dem Verfahren stritten sich ein Vermieter und sein Mieter, der augenscheinlich einen etwas extravaganten Geschmack hatte. Augenscheinlich gefielen ihm die bei \u00dcbernahme wei\u00dft gestrichenen W\u00e4nde in der Mietwohnung nicht. Er \u00fcbermalte alle W\u00e4nde mit einer bl\u00e4ulich-gr\u00fcnen Farbe. Dar\u00fcber hinaus war die Farbe mit Glitzerpartikeln vermischt. Je nachdem, wie das Licht auf die W\u00e4nde fiel, leuchteten die Partikel schwach.<\/p>\n<h5>Mieter will bei Auszug nicht dezent streichen<\/h5>\n<p>Als der Mieter auszog, verlangte der Vermieter, dass die W\u00e4nde in einer dezenten Farbe \u00fcberstrichen w\u00fcrden. Eine vom Vermieter gesetzte Frist lie\u00df der Mieter jedoch verstreichen. Daraufhin beauftragte der Vermieter einen Anstreicher mit den Malerarbeiten und verlangte, dass der Mieter die Kosten ersetzen solle. Da dieser sich weigerte klagte der Vermieter auf Erstattung der Ausgaben.<\/p>\n<h5>Gericht entshceidet zugunsten des Vermieters<\/h5>\n<p>Dort hatte er Erfolg. Das Gericht entschied, dass der Mieter die Kosten der Malerarbeiten zahlen muss. Der Vermieter hat Anspruch auf Schadenersatz nach <a href=\"https:\/\/www.gesetze-im-internet.de\/bgb\/__280.html\">\u00a7 280 BGB Abs. 1 BGB<\/a>. Die Verpflichtung, die Wohnung mit einem neutralen Anstich zu versehen, wenn der Mieter sie in neutralem Zustand \u00fcbernommen habe, ergeben sich aus <a href=\"https:\/\/www.gesetze-im-internet.de\/bgb\/__241.html\">\u00a7 241 Abs. 2 BGB<\/a>. Hierzu bed\u00fcrfe es keiner zus\u00e4tzlichen schriftlichen Vereinbarung.<\/p>\n<h5>blinkende farbe ist nicht &#8222;neutral&#8220;<\/h5>\n<p>Das Amtsgericht vertrat die Ansicht, dass die Farbgestaltung des Mieters ungew\u00f6hnlich und deshalb nicht als neutral angesehen werden k\u00f6nne. Die \u201eGlitzerfarbe\u201c sei weder unauff\u00e4llig noch entspreche sie dem Durchschnittsgeschmack, von dem man bei Mietinteressenten ausgehen k\u00f6nne. Insbesondere die leuchtenden Partikel in der Wandfarbe entspreche nicht dem allgemeinen Geschmack.<\/p>\n<p><em><strong>Das k\u00f6nnte Sie auch interessieren:<br \/>\n<\/strong><\/em><a href=\"https:\/\/www.buhl.de\/vermieter-web\/kosten-bei-auszug-trotz-ungueltiger-klausel\/\">Kosten bei Auszug trotz ung\u00fcltiger Klausel<\/a><br \/>\n<a href=\"https:\/\/www.buhl.de\/vermieter-web\/9023-2\/\">Farbgestaltung in der Mietwohnung<\/a><br \/>\n<a href=\"https:\/\/www.buhl.de\/vermieter-web\/mieter-muss-einbaumoebel-nicht-streichen\/\">Mieter muss Einbaum\u00f6bel nicht streichen<\/a><\/p>\n<p>&nbsp;<\/p>\n","protected":false},"excerpt":{"rendered":"<p>Ein Mieter kann w\u00e4hren der Mietzeit die Wohnungsw\u00e4nde streichen, wie er es gerne m\u00f6chte. Doch beim Auszug muss der Vermieter nicht alles akzeptieren. Bei besonders ausgefallenen \u201eFarbgestaltungen\u201c kann er vom Mieter verlangen, dass dieser die W\u00e4nde \u00fcberstreicht. Wiegert sich der Mieter, kann der Vermieter Schadenersatz verlangen. Zu diesem Ergebnis kam das Amtsgericht Paderborn in einem &hellip; <\/p>\n<p class=\"link-more\"><a href=\"https:\/\/www.buhl.de\/vermieter-web\/alles-so-schoen-bunt-hier\/\" class=\"more-link\"><span class=\"screen-reader-text\">\u201eAlles so sch\u00f6n bunt hier\u201c<\/span> weiterlesen<\/a><\/p>\n","protected":false},"author":15,"featured_media":13499,"comment_status":"closed","ping_status":"open","sticky":false,"template":"","format":"standard","meta":{"footnotes":""},"categories":[1],"tags":[3603,5650,5649,3189],"class_list":["post-13793","post","type-post","status-publish","format-standard","has-post-thumbnail","hentry","category-allgemein","tag-auszug","tag-dezente-farbe","tag-streichen","tag-tapete"],"yoast_head":"<!-- This site is optimized with the Yoast SEO Premium plugin v27.4 (Yoast SEO v27.5) - https:\/\/yoast.com\/product\/yoast-seo-premium-wordpress\/ -->\n<title>Mieter muss bei Auszug dezente Farbgestaltung wieder herstellen<\/title>\n<meta name=\"description\" content=\"\u00dcbernimmt ein Mieter eine dezent gestrichene Wohnung, muss er diesen Zustand beim Auszug wiederherstellen und aggresive Farben \u00fcberstreichen.\" \/>\n<meta name=\"robots\" content=\"noindex, nofollow\" \/>\n<meta property=\"og:locale\" content=\"de_DE\" \/>\n<meta property=\"og:type\" content=\"article\" \/>\n<meta property=\"og:title\" content=\"Alles so sch\u00f6n bunt hier\" \/>\n<meta property=\"og:description\" content=\"\u00dcbernimmt ein Mieter eine dezent gestrichene Wohnung, muss er diesen Zustand beim Auszug wiederherstellen und aggresive Farben \u00fcberstreichen.\" \/>\n<meta property=\"og:url\" content=\"https:\/\/www.buhl.de\/vermieter-web\/alles-so-schoen-bunt-hier\/\" \/>\n<meta property=\"og:site_name\" content=\"Online-Nebenkostenabrechnung mit WISO Vermieter-Web\" \/>\n<meta property=\"article:published_time\" content=\"2021-08-06T07:04:32+00:00\" \/>\n<meta property=\"og:image\" content=\"https:\/\/www.buhl.de\/vermieter-web\/wp-content\/uploads\/sites\/33\/2021\/04\/Gericht.jpg\" \/>\n\t<meta property=\"og:image:width\" content=\"840\" \/>\n\t<meta property=\"og:image:height\" content=\"420\" \/>\n\t<meta property=\"og:image:type\" content=\"image\/jpeg\" \/>\n<meta name=\"author\" content=\"Hartmut Fischer\" \/>\n<meta name=\"twitter:card\" content=\"summary_large_image\" \/>\n<meta name=\"twitter:label1\" content=\"Verfasst von\" \/>\n\t<meta name=\"twitter:data1\" content=\"Hartmut Fischer\" \/>\n\t<meta name=\"twitter:label2\" content=\"Gesch\u00e4tzte Lesezeit\" \/>\n\t<meta name=\"twitter:data2\" content=\"2\u00a0Minuten\" \/>\n<script type=\"application\/ld+json\" class=\"yoast-schema-graph\">{\"@context\":\"https:\\\/\\\/schema.org\",\"@graph\":[{\"@type\":\"Article\",\"@id\":\"https:\\\/\\\/www.buhl.de\\\/vermieter-web\\\/alles-so-schoen-bunt-hier\\\/#article\",\"isPartOf\":{\"@id\":\"https:\\\/\\\/www.buhl.de\\\/vermieter-web\\\/alles-so-schoen-bunt-hier\\\/\"},\"author\":{\"name\":\"Hartmut Fischer\",\"@id\":\"https:\\\/\\\/www.buhl.de\\\/vermieter-web\\\/#\\\/schema\\\/person\\\/82903e1cb04eb553382702d503991b4f\"},\"headline\":\"Alles so sch\u00f6n bunt hier\",\"datePublished\":\"2021-08-06T07:04:32+00:00\",\"mainEntityOfPage\":{\"@id\":\"https:\\\/\\\/www.buhl.de\\\/vermieter-web\\\/alles-so-schoen-bunt-hier\\\/\"},\"wordCount\":348,\"image\":{\"@id\":\"https:\\\/\\\/www.buhl.de\\\/vermieter-web\\\/alles-so-schoen-bunt-hier\\\/#primaryimage\"},\"thumbnailUrl\":\"https:\\\/\\\/www.buhl.de\\\/vermieter-web\\\/wp-content\\\/uploads\\\/sites\\\/33\\\/2021\\\/04\\\/Gericht.jpg\",\"keywords\":[\"Auszug\",\"dezente Farbe\",\"streichen\",\"Tapete\"],\"inLanguage\":\"de\"},{\"@type\":\"WebPage\",\"@id\":\"https:\\\/\\\/www.buhl.de\\\/vermieter-web\\\/alles-so-schoen-bunt-hier\\\/\",\"url\":\"https:\\\/\\\/www.buhl.de\\\/vermieter-web\\\/alles-so-schoen-bunt-hier\\\/\",\"name\":\"Mieter muss bei Auszug dezente Farbgestaltung wieder herstellen\",\"isPartOf\":{\"@id\":\"https:\\\/\\\/www.buhl.de\\\/vermieter-web\\\/#website\"},\"primaryImageOfPage\":{\"@id\":\"https:\\\/\\\/www.buhl.de\\\/vermieter-web\\\/alles-so-schoen-bunt-hier\\\/#primaryimage\"},\"image\":{\"@id\":\"https:\\\/\\\/www.buhl.de\\\/vermieter-web\\\/alles-so-schoen-bunt-hier\\\/#primaryimage\"},\"thumbnailUrl\":\"https:\\\/\\\/www.buhl.de\\\/vermieter-web\\\/wp-content\\\/uploads\\\/sites\\\/33\\\/2021\\\/04\\\/Gericht.jpg\",\"datePublished\":\"2021-08-06T07:04:32+00:00\",\"author\":{\"@id\":\"https:\\\/\\\/www.buhl.de\\\/vermieter-web\\\/#\\\/schema\\\/person\\\/82903e1cb04eb553382702d503991b4f\"},\"description\":\"\u00dcbernimmt ein Mieter eine dezent gestrichene Wohnung, muss er diesen Zustand beim Auszug wiederherstellen und aggresive Farben \u00fcberstreichen.\",\"breadcrumb\":{\"@id\":\"https:\\\/\\\/www.buhl.de\\\/vermieter-web\\\/alles-so-schoen-bunt-hier\\\/#breadcrumb\"},\"inLanguage\":\"de\",\"potentialAction\":[{\"@type\":\"ReadAction\",\"target\":[\"https:\\\/\\\/www.buhl.de\\\/vermieter-web\\\/alles-so-schoen-bunt-hier\\\/\"]}]},{\"@type\":\"ImageObject\",\"inLanguage\":\"de\",\"@id\":\"https:\\\/\\\/www.buhl.de\\\/vermieter-web\\\/alles-so-schoen-bunt-hier\\\/#primaryimage\",\"url\":\"https:\\\/\\\/www.buhl.de\\\/vermieter-web\\\/wp-content\\\/uploads\\\/sites\\\/33\\\/2021\\\/04\\\/Gericht.jpg\",\"contentUrl\":\"https:\\\/\\\/www.buhl.de\\\/vermieter-web\\\/wp-content\\\/uploads\\\/sites\\\/33\\\/2021\\\/04\\\/Gericht.jpg\",\"width\":840,\"height\":420},{\"@type\":\"BreadcrumbList\",\"@id\":\"https:\\\/\\\/www.buhl.de\\\/vermieter-web\\\/alles-so-schoen-bunt-hier\\\/#breadcrumb\",\"itemListElement\":[{\"@type\":\"ListItem\",\"position\":1,\"name\":\"Startseite\",\"item\":\"https:\\\/\\\/www.buhl.de\\\/vermieter-web\\\/\"},{\"@type\":\"ListItem\",\"position\":2,\"name\":\"Alles so sch\u00f6n bunt hier\"}]},{\"@type\":\"WebSite\",\"@id\":\"https:\\\/\\\/www.buhl.de\\\/vermieter-web\\\/#website\",\"url\":\"https:\\\/\\\/www.buhl.de\\\/vermieter-web\\\/\",\"name\":\"Online-Nebenkostenabrechnung mit WISO Vermieter-Web\",\"description\":\"\",\"potentialAction\":[{\"@type\":\"SearchAction\",\"target\":{\"@type\":\"EntryPoint\",\"urlTemplate\":\"https:\\\/\\\/www.buhl.de\\\/vermieter-web\\\/?s={search_term_string}\"},\"query-input\":{\"@type\":\"PropertyValueSpecification\",\"valueRequired\":true,\"valueName\":\"search_term_string\"}}],\"inLanguage\":\"de\"},{\"@type\":\"Person\",\"@id\":\"https:\\\/\\\/www.buhl.de\\\/vermieter-web\\\/#\\\/schema\\\/person\\\/82903e1cb04eb553382702d503991b4f\",\"name\":\"Hartmut Fischer\"}]}<\/script>\n<!-- \/ Yoast SEO Premium plugin. -->","yoast_head_json":{"title":"Mieter muss bei Auszug dezente Farbgestaltung wieder herstellen","description":"\u00dcbernimmt ein Mieter eine dezent gestrichene Wohnung, muss er diesen Zustand beim Auszug wiederherstellen und aggresive Farben \u00fcberstreichen.","robots":{"index":"noindex","follow":"nofollow"},"og_locale":"de_DE","og_type":"article","og_title":"Alles so sch\u00f6n bunt hier","og_description":"\u00dcbernimmt ein Mieter eine dezent gestrichene Wohnung, muss er diesen Zustand beim Auszug wiederherstellen und aggresive Farben \u00fcberstreichen.","og_url":"https:\/\/www.buhl.de\/vermieter-web\/alles-so-schoen-bunt-hier\/","og_site_name":"Online-Nebenkostenabrechnung mit WISO Vermieter-Web","article_published_time":"2021-08-06T07:04:32+00:00","og_image":[{"width":840,"height":420,"url":"https:\/\/www.buhl.de\/vermieter-web\/wp-content\/uploads\/sites\/33\/2021\/04\/Gericht.jpg","type":"image\/jpeg"}],"author":"Hartmut Fischer","twitter_card":"summary_large_image","twitter_misc":{"Verfasst von":"Hartmut Fischer","Gesch\u00e4tzte Lesezeit":"2\u00a0Minuten"},"schema":{"@context":"https:\/\/schema.org","@graph":[{"@type":"Article","@id":"https:\/\/www.buhl.de\/vermieter-web\/alles-so-schoen-bunt-hier\/#article","isPartOf":{"@id":"https:\/\/www.buhl.de\/vermieter-web\/alles-so-schoen-bunt-hier\/"},"author":{"name":"Hartmut Fischer","@id":"https:\/\/www.buhl.de\/vermieter-web\/#\/schema\/person\/82903e1cb04eb553382702d503991b4f"},"headline":"Alles so sch\u00f6n bunt hier","datePublished":"2021-08-06T07:04:32+00:00","mainEntityOfPage":{"@id":"https:\/\/www.buhl.de\/vermieter-web\/alles-so-schoen-bunt-hier\/"},"wordCount":348,"image":{"@id":"https:\/\/www.buhl.de\/vermieter-web\/alles-so-schoen-bunt-hier\/#primaryimage"},"thumbnailUrl":"https:\/\/www.buhl.de\/vermieter-web\/wp-content\/uploads\/sites\/33\/2021\/04\/Gericht.jpg","keywords":["Auszug","dezente Farbe","streichen","Tapete"],"inLanguage":"de"},{"@type":"WebPage","@id":"https:\/\/www.buhl.de\/vermieter-web\/alles-so-schoen-bunt-hier\/","url":"https:\/\/www.buhl.de\/vermieter-web\/alles-so-schoen-bunt-hier\/","name":"Mieter muss bei Auszug dezente Farbgestaltung wieder herstellen","isPartOf":{"@id":"https:\/\/www.buhl.de\/vermieter-web\/#website"},"primaryImageOfPage":{"@id":"https:\/\/www.buhl.de\/vermieter-web\/alles-so-schoen-bunt-hier\/#primaryimage"},"image":{"@id":"https:\/\/www.buhl.de\/vermieter-web\/alles-so-schoen-bunt-hier\/#primaryimage"},"thumbnailUrl":"https:\/\/www.buhl.de\/vermieter-web\/wp-content\/uploads\/sites\/33\/2021\/04\/Gericht.jpg","datePublished":"2021-08-06T07:04:32+00:00","author":{"@id":"https:\/\/www.buhl.de\/vermieter-web\/#\/schema\/person\/82903e1cb04eb553382702d503991b4f"},"description":"\u00dcbernimmt ein Mieter eine dezent gestrichene Wohnung, muss er diesen Zustand beim Auszug wiederherstellen und aggresive Farben \u00fcberstreichen.","breadcrumb":{"@id":"https:\/\/www.buhl.de\/vermieter-web\/alles-so-schoen-bunt-hier\/#breadcrumb"},"inLanguage":"de","potentialAction":[{"@type":"ReadAction","target":["https:\/\/www.buhl.de\/vermieter-web\/alles-so-schoen-bunt-hier\/"]}]},{"@type":"ImageObject","inLanguage":"de","@id":"https:\/\/www.buhl.de\/vermieter-web\/alles-so-schoen-bunt-hier\/#primaryimage","url":"https:\/\/www.buhl.de\/vermieter-web\/wp-content\/uploads\/sites\/33\/2021\/04\/Gericht.jpg","contentUrl":"https:\/\/www.buhl.de\/vermieter-web\/wp-content\/uploads\/sites\/33\/2021\/04\/Gericht.jpg","width":840,"height":420},{"@type":"BreadcrumbList","@id":"https:\/\/www.buhl.de\/vermieter-web\/alles-so-schoen-bunt-hier\/#breadcrumb","itemListElement":[{"@type":"ListItem","position":1,"name":"Startseite","item":"https:\/\/www.buhl.de\/vermieter-web\/"},{"@type":"ListItem","position":2,"name":"Alles so sch\u00f6n bunt hier"}]},{"@type":"WebSite","@id":"https:\/\/www.buhl.de\/vermieter-web\/#website","url":"https:\/\/www.buhl.de\/vermieter-web\/","name":"Online-Nebenkostenabrechnung mit WISO Vermieter-Web","description":"","potentialAction":[{"@type":"SearchAction","target":{"@type":"EntryPoint","urlTemplate":"https:\/\/www.buhl.de\/vermieter-web\/?s={search_term_string}"},"query-input":{"@type":"PropertyValueSpecification","valueRequired":true,"valueName":"search_term_string"}}],"inLanguage":"de"},{"@type":"Person","@id":"https:\/\/www.buhl.de\/vermieter-web\/#\/schema\/person\/82903e1cb04eb553382702d503991b4f","name":"Hartmut Fischer"}]}},"_links":{"self":[{"href":"https:\/\/www.buhl.de\/vermieter-web\/wp-json\/wp\/v2\/posts\/13793","targetHints":{"allow":["GET"]}}],"collection":[{"href":"https:\/\/www.buhl.de\/vermieter-web\/wp-json\/wp\/v2\/posts"}],"about":[{"href":"https:\/\/www.buhl.de\/vermieter-web\/wp-json\/wp\/v2\/types\/post"}],"author":[{"embeddable":true,"href":"https:\/\/www.buhl.de\/vermieter-web\/wp-json\/wp\/v2\/users\/15"}],"replies":[{"embeddable":true,"href":"https:\/\/www.buhl.de\/vermieter-web\/wp-json\/wp\/v2\/comments?post=13793"}],"version-history":[{"count":1,"href":"https:\/\/www.buhl.de\/vermieter-web\/wp-json\/wp\/v2\/posts\/13793\/revisions"}],"predecessor-version":[{"id":13795,"href":"https:\/\/www.buhl.de\/vermieter-web\/wp-json\/wp\/v2\/posts\/13793\/revisions\/13795"}],"wp:featuredmedia":[{"embeddable":true,"href":"https:\/\/www.buhl.de\/vermieter-web\/wp-json\/wp\/v2\/media\/13499"}],"wp:attachment":[{"href":"https:\/\/www.buhl.de\/vermieter-web\/wp-json\/wp\/v2\/media?parent=13793"}],"wp:term":[{"taxonomy":"category","embeddable":true,"href":"https:\/\/www.buhl.de\/vermieter-web\/wp-json\/wp\/v2\/categories?post=13793"},{"taxonomy":"post_tag","embeddable":true,"href":"https:\/\/www.buhl.de\/vermieter-web\/wp-json\/wp\/v2\/tags?post=13793"}],"curies":[{"name":"wp","href":"https:\/\/api.w.org\/{rel}","templated":true}]}}