{"id":13990,"date":"2021-09-29T10:01:40","date_gmt":"2021-09-29T08:01:40","guid":{"rendered":"https:\/\/www.buhl.de\/vermieter-web\/?p=13990"},"modified":"2021-09-29T10:01:40","modified_gmt":"2021-09-29T08:01:40","slug":"altbaufenster-muessen-keinen-neubaustandard-erfuellen","status":"publish","type":"post","link":"https:\/\/www.buhl.de\/vermieter-web\/altbaufenster-muessen-keinen-neubaustandard-erfuellen\/","title":{"rendered":"Altbaufenster m\u00fcssen keinen Neubaustandard erf\u00fcllen"},"content":{"rendered":"<p><strong>Wer in einen Altbau einzieht, kann keinen Neubaustandard erwarten. Deshalb ist auch eine Mietminderung nicht m\u00f6glich, wenn ein zu hoher Baustandard f\u00fcr die Altbauwohnung zugrunde gelegt wird. Auch l\u00e4ngerfristige Renovierungsarbeiten m\u00fcsse der Mieter akzeptieren, da hiervon bei einer Altbauwohnung ausgegangen werden m\u00fcsse. Zu diesem Ergebnis kam das Amtsgericht Berlin-Neuk\u00f6lln in einem Urteil vom 22.07.2021 (Aktenzeichen 14 C 75\/20).<\/strong><\/p>\n<h5>Mieter moniert Altbaufenster<\/h5>\n<p>Ausgel\u00f6st hatte das Verfahren ein Mieter, der unter anderem die Beschaffenheit der Fenster beanstandete. Hierbei handelte es sich um sogenannte Kastendoppelfenster, wie sie in Altbauten heute noch anzutreffen sind. Der Mieter monierte, dass die Fenster undicht seien. Der Vermieter beauftragte daraufhin einen Handwerker, der aber keine M\u00e4ngel feststellen konnte.<\/p>\n<h5>2 Monate Instandsetzungsarbeiten &#8211; zu lang?<\/h5>\n<p>Dar\u00fcber hinaus beschwerte sich der Mieter \u00fcber Instandsetzungsarbeiten in der Nachbarwohnung. Diese h\u00e4tten sich zu lange \u2013 \u00fcber zwei Monate \u2013 hingezogen. Der Mieter zahlte vor diesem Hintergrund zun\u00e4chst unter Vorbehalt und verlangte nach Beendigung des Mietverh\u00e4ltnisses die R\u00fcckerstattung der seiner Meinung nach zu viel gezahlten Miete. Da der Vermieter sich weigerte, ging der Mieter vor Gericht.<\/p>\n<h5>Gericht: Altbaustandard ist zu akzeptieren<\/h5>\n<p>Doch das Amtsgericht Berlin-Neuk\u00f6lln stellte sich auf die Seite des Vermieters. In einem Altbau \u2013 so das Gericht \u2013 m\u00fcsse man eine gewisse Undichte der Kastendoppelfenster akzeptieren. Man k\u00f6nne hier also von keinem erheblichen Mangel sprechen, der eine Mietminderung rechtfertige. Hinzu k\u00e4me, dass ein Handwerker den ordnungsgem\u00e4\u00dfen Zustand der Fenster best\u00e4tigt habe.<\/p>\n<p>Auch die Instandsetzungsarbeiten in der Nachbarwohnung stellten f\u00fcr das Gericht keinen Grund zur Mietminderung dar. Mit solchen Arbeiten h\u00e4tte der Mieter rechnen m\u00fcssen, als er die Altbauwohnung bezogen habe. Dadurch sei es auch zu keiner Einschr\u00e4nkung des vertragsgem\u00e4\u00dfen Gebrauchs der eigenen Wohnung gekommen. Dies habe der Mieter auch nicht vorgenommen.<\/p>\n<h5>fazit: Kein Anspruch auf mietminderung<\/h5>\n<p>Das Gericht sah insgesamt keine Gr\u00fcnde, die eine Mietminderung rechtfertigen w\u00fcrde. Der Mieter habe deshalb keinen Anspruch auf R\u00fcckzahlung von Mietanteilen.<\/p>\n<hr \/>\n<h5>das k\u00f6nnte sie auch interessieren:<\/h5>\n<p><a href=\"https:\/\/www.buhl.de\/vermieter-web\/umweltveraenderungen-als-nachtraeglicher-mietmangel\/\">Umweltver\u00e4nderungen als nachtr\u00e4glicher Mietmangel<\/a><br \/>\n<a href=\"https:\/\/www.buhl.de\/vermieter-web\/kellerfeuchtigkeit-nicht-immer-ein-sachmangel\/\">Kellerfeuchtigkeit nicht immer ein Sachmangel<\/a><br \/>\n<a href=\"https:\/\/www.buhl.de\/vermieter-web\/laermschutz-im-altbau\/\">L\u00e4rmschutz im Altbau<\/a><\/p>\n<hr \/>\n<p>&nbsp;<\/p>\n","protected":false},"excerpt":{"rendered":"<p>Wer in einen Altbau einzieht, kann keinen Neubaustandard erwarten. Deshalb ist auch eine Mietminderung nicht m\u00f6glich, wenn ein zu hoher Baustandard f\u00fcr die Altbauwohnung zugrunde gelegt wird. Auch l\u00e4ngerfristige Renovierungsarbeiten m\u00fcsse der Mieter akzeptieren, da hiervon bei einer Altbauwohnung ausgegangen werden m\u00fcsse. Zu diesem Ergebnis kam das Amtsgericht Berlin-Neuk\u00f6lln in einem Urteil vom 22.07.2021 (Aktenzeichen &hellip; <\/p>\n<p class=\"link-more\"><a href=\"https:\/\/www.buhl.de\/vermieter-web\/altbaufenster-muessen-keinen-neubaustandard-erfuellen\/\" class=\"more-link\"><span class=\"screen-reader-text\">\u201eAltbaufenster m\u00fcssen keinen Neubaustandard erf\u00fcllen\u201c<\/span> weiterlesen<\/a><\/p>\n","protected":false},"author":15,"featured_media":13930,"comment_status":"closed","ping_status":"open","sticky":false,"template":"","format":"standard","meta":{"footnotes":""},"categories":[1],"tags":[5672,5673,5675,5676,5674],"class_list":["post-13990","post","type-post","status-publish","format-standard","has-post-thumbnail","hentry","category-allgemein","tag-altbau","tag-fenster","tag-standard","tag-undicht","tag-wohnstandard"],"yoast_head":"<!-- This site is optimized with the Yoast SEO Premium plugin v27.4 (Yoast SEO v27.5) - https:\/\/yoast.com\/product\/yoast-seo-premium-wordpress\/ -->\n<title>Welcher Standard gilt im Altbau?<\/title>\n<meta name=\"description\" content=\"Nicht 100 % dichte Fenster stellen in einem Altbau nicht immer einen Mietmangel dar. Der Mieter muss hiermit im Altbau rechnen.\" \/>\n<meta name=\"robots\" content=\"noindex, nofollow\" \/>\n<meta property=\"og:locale\" content=\"de_DE\" \/>\n<meta property=\"og:type\" content=\"article\" \/>\n<meta property=\"og:title\" content=\"Altbaufenster m\u00fcssen keinen Neubaustandard erf\u00fcllen\" \/>\n<meta property=\"og:description\" content=\"Nicht 100 % dichte Fenster stellen in einem Altbau nicht immer einen Mietmangel dar. Der Mieter muss hiermit im Altbau rechnen.\" \/>\n<meta property=\"og:url\" content=\"https:\/\/www.buhl.de\/vermieter-web\/altbaufenster-muessen-keinen-neubaustandard-erfuellen\/\" \/>\n<meta property=\"og:site_name\" content=\"Online-Nebenkostenabrechnung mit WISO Vermieter-Web\" \/>\n<meta property=\"article:published_time\" content=\"2021-09-29T08:01:40+00:00\" \/>\n<meta property=\"og:image\" content=\"https:\/\/www.buhl.de\/vermieter-web\/wp-content\/uploads\/sites\/33\/2021\/08\/shutterstock_1148992478.jpg\" \/>\n\t<meta property=\"og:image:width\" content=\"840\" \/>\n\t<meta property=\"og:image:height\" content=\"420\" \/>\n\t<meta property=\"og:image:type\" content=\"image\/jpeg\" \/>\n<meta name=\"author\" content=\"Hartmut Fischer\" \/>\n<meta name=\"twitter:card\" content=\"summary_large_image\" \/>\n<meta name=\"twitter:label1\" content=\"Verfasst von\" \/>\n\t<meta name=\"twitter:data1\" content=\"Hartmut Fischer\" \/>\n\t<meta name=\"twitter:label2\" content=\"Gesch\u00e4tzte Lesezeit\" \/>\n\t<meta name=\"twitter:data2\" content=\"2\u00a0Minuten\" \/>\n<script type=\"application\/ld+json\" class=\"yoast-schema-graph\">{\"@context\":\"https:\\\/\\\/schema.org\",\"@graph\":[{\"@type\":\"Article\",\"@id\":\"https:\\\/\\\/www.buhl.de\\\/vermieter-web\\\/altbaufenster-muessen-keinen-neubaustandard-erfuellen\\\/#article\",\"isPartOf\":{\"@id\":\"https:\\\/\\\/www.buhl.de\\\/vermieter-web\\\/altbaufenster-muessen-keinen-neubaustandard-erfuellen\\\/\"},\"author\":{\"name\":\"Hartmut Fischer\",\"@id\":\"https:\\\/\\\/www.buhl.de\\\/vermieter-web\\\/#\\\/schema\\\/person\\\/82903e1cb04eb553382702d503991b4f\"},\"headline\":\"Altbaufenster m\u00fcssen keinen Neubaustandard erf\u00fcllen\",\"datePublished\":\"2021-09-29T08:01:40+00:00\",\"mainEntityOfPage\":{\"@id\":\"https:\\\/\\\/www.buhl.de\\\/vermieter-web\\\/altbaufenster-muessen-keinen-neubaustandard-erfuellen\\\/\"},\"wordCount\":354,\"image\":{\"@id\":\"https:\\\/\\\/www.buhl.de\\\/vermieter-web\\\/altbaufenster-muessen-keinen-neubaustandard-erfuellen\\\/#primaryimage\"},\"thumbnailUrl\":\"https:\\\/\\\/www.buhl.de\\\/vermieter-web\\\/wp-content\\\/uploads\\\/sites\\\/33\\\/2021\\\/08\\\/shutterstock_1148992478.jpg\",\"keywords\":[\"Altbau\",\"Fenster\",\"Standard\",\"undicht\",\"Wohnstandard\"],\"inLanguage\":\"de\"},{\"@type\":\"WebPage\",\"@id\":\"https:\\\/\\\/www.buhl.de\\\/vermieter-web\\\/altbaufenster-muessen-keinen-neubaustandard-erfuellen\\\/\",\"url\":\"https:\\\/\\\/www.buhl.de\\\/vermieter-web\\\/altbaufenster-muessen-keinen-neubaustandard-erfuellen\\\/\",\"name\":\"Welcher Standard gilt im Altbau?\",\"isPartOf\":{\"@id\":\"https:\\\/\\\/www.buhl.de\\\/vermieter-web\\\/#website\"},\"primaryImageOfPage\":{\"@id\":\"https:\\\/\\\/www.buhl.de\\\/vermieter-web\\\/altbaufenster-muessen-keinen-neubaustandard-erfuellen\\\/#primaryimage\"},\"image\":{\"@id\":\"https:\\\/\\\/www.buhl.de\\\/vermieter-web\\\/altbaufenster-muessen-keinen-neubaustandard-erfuellen\\\/#primaryimage\"},\"thumbnailUrl\":\"https:\\\/\\\/www.buhl.de\\\/vermieter-web\\\/wp-content\\\/uploads\\\/sites\\\/33\\\/2021\\\/08\\\/shutterstock_1148992478.jpg\",\"datePublished\":\"2021-09-29T08:01:40+00:00\",\"author\":{\"@id\":\"https:\\\/\\\/www.buhl.de\\\/vermieter-web\\\/#\\\/schema\\\/person\\\/82903e1cb04eb553382702d503991b4f\"},\"description\":\"Nicht 100 % dichte Fenster stellen in einem Altbau nicht immer einen Mietmangel dar. Der Mieter muss hiermit im Altbau rechnen.\",\"breadcrumb\":{\"@id\":\"https:\\\/\\\/www.buhl.de\\\/vermieter-web\\\/altbaufenster-muessen-keinen-neubaustandard-erfuellen\\\/#breadcrumb\"},\"inLanguage\":\"de\",\"potentialAction\":[{\"@type\":\"ReadAction\",\"target\":[\"https:\\\/\\\/www.buhl.de\\\/vermieter-web\\\/altbaufenster-muessen-keinen-neubaustandard-erfuellen\\\/\"]}]},{\"@type\":\"ImageObject\",\"inLanguage\":\"de\",\"@id\":\"https:\\\/\\\/www.buhl.de\\\/vermieter-web\\\/altbaufenster-muessen-keinen-neubaustandard-erfuellen\\\/#primaryimage\",\"url\":\"https:\\\/\\\/www.buhl.de\\\/vermieter-web\\\/wp-content\\\/uploads\\\/sites\\\/33\\\/2021\\\/08\\\/shutterstock_1148992478.jpg\",\"contentUrl\":\"https:\\\/\\\/www.buhl.de\\\/vermieter-web\\\/wp-content\\\/uploads\\\/sites\\\/33\\\/2021\\\/08\\\/shutterstock_1148992478.jpg\",\"width\":840,\"height\":420,\"caption\":\"3D Illustration House Paragraph\"},{\"@type\":\"BreadcrumbList\",\"@id\":\"https:\\\/\\\/www.buhl.de\\\/vermieter-web\\\/altbaufenster-muessen-keinen-neubaustandard-erfuellen\\\/#breadcrumb\",\"itemListElement\":[{\"@type\":\"ListItem\",\"position\":1,\"name\":\"Startseite\",\"item\":\"https:\\\/\\\/www.buhl.de\\\/vermieter-web\\\/\"},{\"@type\":\"ListItem\",\"position\":2,\"name\":\"Altbaufenster m\u00fcssen keinen Neubaustandard erf\u00fcllen\"}]},{\"@type\":\"WebSite\",\"@id\":\"https:\\\/\\\/www.buhl.de\\\/vermieter-web\\\/#website\",\"url\":\"https:\\\/\\\/www.buhl.de\\\/vermieter-web\\\/\",\"name\":\"Online-Nebenkostenabrechnung mit WISO Vermieter-Web\",\"description\":\"\",\"potentialAction\":[{\"@type\":\"SearchAction\",\"target\":{\"@type\":\"EntryPoint\",\"urlTemplate\":\"https:\\\/\\\/www.buhl.de\\\/vermieter-web\\\/?s={search_term_string}\"},\"query-input\":{\"@type\":\"PropertyValueSpecification\",\"valueRequired\":true,\"valueName\":\"search_term_string\"}}],\"inLanguage\":\"de\"},{\"@type\":\"Person\",\"@id\":\"https:\\\/\\\/www.buhl.de\\\/vermieter-web\\\/#\\\/schema\\\/person\\\/82903e1cb04eb553382702d503991b4f\",\"name\":\"Hartmut Fischer\"}]}<\/script>\n<!-- \/ Yoast SEO Premium plugin. -->","yoast_head_json":{"title":"Welcher Standard gilt im Altbau?","description":"Nicht 100 % dichte Fenster stellen in einem Altbau nicht immer einen Mietmangel dar. Der Mieter muss hiermit im Altbau rechnen.","robots":{"index":"noindex","follow":"nofollow"},"og_locale":"de_DE","og_type":"article","og_title":"Altbaufenster m\u00fcssen keinen Neubaustandard erf\u00fcllen","og_description":"Nicht 100 % dichte Fenster stellen in einem Altbau nicht immer einen Mietmangel dar. Der Mieter muss hiermit im Altbau rechnen.","og_url":"https:\/\/www.buhl.de\/vermieter-web\/altbaufenster-muessen-keinen-neubaustandard-erfuellen\/","og_site_name":"Online-Nebenkostenabrechnung mit WISO Vermieter-Web","article_published_time":"2021-09-29T08:01:40+00:00","og_image":[{"width":840,"height":420,"url":"https:\/\/www.buhl.de\/vermieter-web\/wp-content\/uploads\/sites\/33\/2021\/08\/shutterstock_1148992478.jpg","type":"image\/jpeg"}],"author":"Hartmut Fischer","twitter_card":"summary_large_image","twitter_misc":{"Verfasst von":"Hartmut Fischer","Gesch\u00e4tzte Lesezeit":"2\u00a0Minuten"},"schema":{"@context":"https:\/\/schema.org","@graph":[{"@type":"Article","@id":"https:\/\/www.buhl.de\/vermieter-web\/altbaufenster-muessen-keinen-neubaustandard-erfuellen\/#article","isPartOf":{"@id":"https:\/\/www.buhl.de\/vermieter-web\/altbaufenster-muessen-keinen-neubaustandard-erfuellen\/"},"author":{"name":"Hartmut Fischer","@id":"https:\/\/www.buhl.de\/vermieter-web\/#\/schema\/person\/82903e1cb04eb553382702d503991b4f"},"headline":"Altbaufenster m\u00fcssen keinen Neubaustandard erf\u00fcllen","datePublished":"2021-09-29T08:01:40+00:00","mainEntityOfPage":{"@id":"https:\/\/www.buhl.de\/vermieter-web\/altbaufenster-muessen-keinen-neubaustandard-erfuellen\/"},"wordCount":354,"image":{"@id":"https:\/\/www.buhl.de\/vermieter-web\/altbaufenster-muessen-keinen-neubaustandard-erfuellen\/#primaryimage"},"thumbnailUrl":"https:\/\/www.buhl.de\/vermieter-web\/wp-content\/uploads\/sites\/33\/2021\/08\/shutterstock_1148992478.jpg","keywords":["Altbau","Fenster","Standard","undicht","Wohnstandard"],"inLanguage":"de"},{"@type":"WebPage","@id":"https:\/\/www.buhl.de\/vermieter-web\/altbaufenster-muessen-keinen-neubaustandard-erfuellen\/","url":"https:\/\/www.buhl.de\/vermieter-web\/altbaufenster-muessen-keinen-neubaustandard-erfuellen\/","name":"Welcher Standard gilt im Altbau?","isPartOf":{"@id":"https:\/\/www.buhl.de\/vermieter-web\/#website"},"primaryImageOfPage":{"@id":"https:\/\/www.buhl.de\/vermieter-web\/altbaufenster-muessen-keinen-neubaustandard-erfuellen\/#primaryimage"},"image":{"@id":"https:\/\/www.buhl.de\/vermieter-web\/altbaufenster-muessen-keinen-neubaustandard-erfuellen\/#primaryimage"},"thumbnailUrl":"https:\/\/www.buhl.de\/vermieter-web\/wp-content\/uploads\/sites\/33\/2021\/08\/shutterstock_1148992478.jpg","datePublished":"2021-09-29T08:01:40+00:00","author":{"@id":"https:\/\/www.buhl.de\/vermieter-web\/#\/schema\/person\/82903e1cb04eb553382702d503991b4f"},"description":"Nicht 100 % dichte Fenster stellen in einem Altbau nicht immer einen Mietmangel dar. Der Mieter muss hiermit im Altbau rechnen.","breadcrumb":{"@id":"https:\/\/www.buhl.de\/vermieter-web\/altbaufenster-muessen-keinen-neubaustandard-erfuellen\/#breadcrumb"},"inLanguage":"de","potentialAction":[{"@type":"ReadAction","target":["https:\/\/www.buhl.de\/vermieter-web\/altbaufenster-muessen-keinen-neubaustandard-erfuellen\/"]}]},{"@type":"ImageObject","inLanguage":"de","@id":"https:\/\/www.buhl.de\/vermieter-web\/altbaufenster-muessen-keinen-neubaustandard-erfuellen\/#primaryimage","url":"https:\/\/www.buhl.de\/vermieter-web\/wp-content\/uploads\/sites\/33\/2021\/08\/shutterstock_1148992478.jpg","contentUrl":"https:\/\/www.buhl.de\/vermieter-web\/wp-content\/uploads\/sites\/33\/2021\/08\/shutterstock_1148992478.jpg","width":840,"height":420,"caption":"3D Illustration House Paragraph"},{"@type":"BreadcrumbList","@id":"https:\/\/www.buhl.de\/vermieter-web\/altbaufenster-muessen-keinen-neubaustandard-erfuellen\/#breadcrumb","itemListElement":[{"@type":"ListItem","position":1,"name":"Startseite","item":"https:\/\/www.buhl.de\/vermieter-web\/"},{"@type":"ListItem","position":2,"name":"Altbaufenster m\u00fcssen keinen Neubaustandard erf\u00fcllen"}]},{"@type":"WebSite","@id":"https:\/\/www.buhl.de\/vermieter-web\/#website","url":"https:\/\/www.buhl.de\/vermieter-web\/","name":"Online-Nebenkostenabrechnung mit WISO Vermieter-Web","description":"","potentialAction":[{"@type":"SearchAction","target":{"@type":"EntryPoint","urlTemplate":"https:\/\/www.buhl.de\/vermieter-web\/?s={search_term_string}"},"query-input":{"@type":"PropertyValueSpecification","valueRequired":true,"valueName":"search_term_string"}}],"inLanguage":"de"},{"@type":"Person","@id":"https:\/\/www.buhl.de\/vermieter-web\/#\/schema\/person\/82903e1cb04eb553382702d503991b4f","name":"Hartmut Fischer"}]}},"_links":{"self":[{"href":"https:\/\/www.buhl.de\/vermieter-web\/wp-json\/wp\/v2\/posts\/13990","targetHints":{"allow":["GET"]}}],"collection":[{"href":"https:\/\/www.buhl.de\/vermieter-web\/wp-json\/wp\/v2\/posts"}],"about":[{"href":"https:\/\/www.buhl.de\/vermieter-web\/wp-json\/wp\/v2\/types\/post"}],"author":[{"embeddable":true,"href":"https:\/\/www.buhl.de\/vermieter-web\/wp-json\/wp\/v2\/users\/15"}],"replies":[{"embeddable":true,"href":"https:\/\/www.buhl.de\/vermieter-web\/wp-json\/wp\/v2\/comments?post=13990"}],"version-history":[{"count":1,"href":"https:\/\/www.buhl.de\/vermieter-web\/wp-json\/wp\/v2\/posts\/13990\/revisions"}],"predecessor-version":[{"id":13992,"href":"https:\/\/www.buhl.de\/vermieter-web\/wp-json\/wp\/v2\/posts\/13990\/revisions\/13992"}],"wp:featuredmedia":[{"embeddable":true,"href":"https:\/\/www.buhl.de\/vermieter-web\/wp-json\/wp\/v2\/media\/13930"}],"wp:attachment":[{"href":"https:\/\/www.buhl.de\/vermieter-web\/wp-json\/wp\/v2\/media?parent=13990"}],"wp:term":[{"taxonomy":"category","embeddable":true,"href":"https:\/\/www.buhl.de\/vermieter-web\/wp-json\/wp\/v2\/categories?post=13990"},{"taxonomy":"post_tag","embeddable":true,"href":"https:\/\/www.buhl.de\/vermieter-web\/wp-json\/wp\/v2\/tags?post=13990"}],"curies":[{"name":"wp","href":"https:\/\/api.w.org\/{rel}","templated":true}]}}