{"id":13993,"date":"2021-09-29T10:12:35","date_gmt":"2021-09-29T08:12:35","guid":{"rendered":"https:\/\/www.buhl.de\/vermieter-web\/?p=13993"},"modified":"2021-09-29T10:12:35","modified_gmt":"2021-09-29T08:12:35","slug":"weg-gesamtschuldnerische-haftung-fuer-abwassergebuehren","status":"publish","type":"post","link":"https:\/\/www.buhl.de\/vermieter-web\/weg-gesamtschuldnerische-haftung-fuer-abwassergebuehren\/","title":{"rendered":"WEG: Gesamt\u00adschuldnerische Haftung f\u00fcr Abwassergeb\u00fchren"},"content":{"rendered":"<p><strong>Eine Kommune kann in ihrer Geb\u00fchrensatzung festlegen, dass die Wohnungseigent\u00fcmer einer Wohneigentumsgemeinschaft gesamtschuldnerisch f\u00fcr die Abwassergeb\u00fchren haften. Sie muss keine Sonderregelungen f\u00fcr die einzelnen Wohnungseigent\u00fcmer festlegen. Dies geht aus einem Beschluss des Ober\u00adverwaltungs\u00adgericht Rheinland-Pfalz vom 02.08.2021 hervor (Aktenzeichen &amp; C 11564\/20).<\/strong><\/p>\n<p>Dem Verfahren lag die Klage eines Wohnungseigent\u00fcmers gegen die Kommune zugrunde. In der Geb\u00fchrensatzung hatte die Gemeinde festgelegt, dass die Miteigent\u00fcmer einer Wohnungseigent\u00fcmergemeinschaft gesamtschuldnerisch f\u00fcr die wegen der Abwasserbeseitigung anfallenden Geb\u00fchren haften. Hiermit war der Kl\u00e4ger nicht einverstanden. Er verlangte, dass f\u00fcr die einzelnen Eigent\u00fcmer der Wohnungen individuelle Sonderbestimmungen eingef\u00fchrt werden sollten.<\/p>\n<p>Der Wohnungseigent\u00fcmer konnte sich jedoch vor dem Oberverwaltungsgericht Rheinland-Pfalz nicht durchsetzen. Die Kommune sei berechtigt eine gesamtschuldnerische Haftung der Wohnungseigent\u00fcmergemeinschaft festzulegen. Die Gemeinde m\u00fcsse keine spezielle Haftung der Miteigent\u00fcmer festlegen, wonach der Wohnungseigent\u00fcmer nur f\u00fcr den Anteil der Geb\u00fchren hafte, der auf seine Wohnung entf\u00e4llt. Individuelle Sonderregelungen in diesem Sinne seien nicht vorgeschrieben.<\/p>\n<hr \/>\n<h5>Das k\u00f6nnte sie auch interessieren:<\/h5>\n<p><a href=\"https:\/\/www.buhl.de\/vermieter-web\/wartungskosten-fuer-rauchmelder\/\">Wartungskosten f\u00fcr Rauchmelder<\/a><br \/>\n<a href=\"https:\/\/www.buhl.de\/vermieter-web\/wasserzaehler-falsch-montiert-wasserversorger-haftet\/\">Wasserz\u00e4hler falsch montiert \u2013 Wasserversorger haftet<\/a><br \/>\n<a href=\"https:\/\/www.buhl.de\/vermieter-web\/weg-der-mietvertrag-und-die-zustimmung-der-gemeinschaft\/\">WEG: der Mietvertrag und die Zustimmung der Gemeinschaft<\/a><\/p>\n<hr \/>\n<p>&nbsp;<\/p>\n","protected":false},"excerpt":{"rendered":"<p>Eine Kommune kann in ihrer Geb\u00fchrensatzung festlegen, dass die Wohnungseigent\u00fcmer einer Wohneigentumsgemeinschaft gesamtschuldnerisch f\u00fcr die Abwassergeb\u00fchren haften. Sie muss keine Sonderregelungen f\u00fcr die einzelnen Wohnungseigent\u00fcmer festlegen. Dies geht aus einem Beschluss des Ober\u00adverwaltungs\u00adgericht Rheinland-Pfalz vom 02.08.2021 hervor (Aktenzeichen &amp; C 11564\/20). Dem Verfahren lag die Klage eines Wohnungseigent\u00fcmers gegen die Kommune zugrunde. In der Geb\u00fchrensatzung &hellip; <\/p>\n<p class=\"link-more\"><a href=\"https:\/\/www.buhl.de\/vermieter-web\/weg-gesamtschuldnerische-haftung-fuer-abwassergebuehren\/\" class=\"more-link\"><span class=\"screen-reader-text\">\u201eWEG: Gesamt\u00adschuldnerische Haftung f\u00fcr Abwassergeb\u00fchren\u201c<\/span> weiterlesen<\/a><\/p>\n","protected":false},"author":15,"featured_media":13392,"comment_status":"closed","ping_status":"open","sticky":false,"template":"","format":"standard","meta":{"footnotes":""},"categories":[1],"tags":[5677,465,392,2369,5521,5530],"class_list":["post-13993","post","type-post","status-publish","format-standard","has-post-thumbnail","hentry","category-allgemein","tag-abwassergebuehren","tag-haftung","tag-weg","tag-wohneigentum","tag-wohneigentuemer","tag-wohneigentuemergemeinschaft"],"yoast_head":"<!-- This site is optimized with the Yoast SEO Premium plugin v27.4 (Yoast SEO v27.5) - https:\/\/yoast.com\/product\/yoast-seo-premium-wordpress\/ -->\n<title>WEG haftet gesamtschuldnerisch f\u00fcr Abwassergeb\u00fchren<\/title>\n<meta name=\"description\" content=\"Die Kommune ist berechtigt, in ihrer Geb\u00fchrensatzung festzulegen % , dass WEG Mitglieder gesamtschuldnerisch f\u00fcr Abwassergeb\u00fchren haften.\" \/>\n<meta name=\"robots\" content=\"noindex, nofollow\" \/>\n<meta property=\"og:locale\" content=\"de_DE\" \/>\n<meta property=\"og:type\" content=\"article\" \/>\n<meta property=\"og:title\" content=\"WEG: Gesamt\u00adschuldnerische Haftung f\u00fcr Abwassergeb\u00fchren\" \/>\n<meta property=\"og:description\" content=\"Die Kommune ist berechtigt, in ihrer Geb\u00fchrensatzung festzulegen % , dass WEG Mitglieder gesamtschuldnerisch f\u00fcr Abwassergeb\u00fchren haften.\" \/>\n<meta property=\"og:url\" content=\"https:\/\/www.buhl.de\/vermieter-web\/weg-gesamtschuldnerische-haftung-fuer-abwassergebuehren\/\" \/>\n<meta property=\"og:site_name\" content=\"Online-Nebenkostenabrechnung mit WISO Vermieter-Web\" \/>\n<meta property=\"article:published_time\" content=\"2021-09-29T08:12:35+00:00\" \/>\n<meta property=\"og:image\" content=\"https:\/\/www.buhl.de\/vermieter-web\/wp-content\/uploads\/sites\/33\/2021\/02\/shutterstock_1753769294.jpg\" \/>\n\t<meta property=\"og:image:width\" content=\"840\" \/>\n\t<meta property=\"og:image:height\" content=\"420\" \/>\n\t<meta property=\"og:image:type\" content=\"image\/jpeg\" \/>\n<meta name=\"author\" content=\"Hartmut Fischer\" \/>\n<meta name=\"twitter:card\" content=\"summary_large_image\" \/>\n<meta name=\"twitter:label1\" content=\"Verfasst von\" \/>\n\t<meta name=\"twitter:data1\" content=\"Hartmut Fischer\" \/>\n\t<meta name=\"twitter:label2\" content=\"Gesch\u00e4tzte Lesezeit\" \/>\n\t<meta name=\"twitter:data2\" content=\"1\u00a0Minute\" \/>\n<script type=\"application\/ld+json\" class=\"yoast-schema-graph\">{\"@context\":\"https:\\\/\\\/schema.org\",\"@graph\":[{\"@type\":\"Article\",\"@id\":\"https:\\\/\\\/www.buhl.de\\\/vermieter-web\\\/weg-gesamtschuldnerische-haftung-fuer-abwassergebuehren\\\/#article\",\"isPartOf\":{\"@id\":\"https:\\\/\\\/www.buhl.de\\\/vermieter-web\\\/weg-gesamtschuldnerische-haftung-fuer-abwassergebuehren\\\/\"},\"author\":{\"name\":\"Hartmut Fischer\",\"@id\":\"https:\\\/\\\/www.buhl.de\\\/vermieter-web\\\/#\\\/schema\\\/person\\\/82903e1cb04eb553382702d503991b4f\"},\"headline\":\"WEG: Gesamt\u00adschuldnerische Haftung f\u00fcr Abwassergeb\u00fchren\",\"datePublished\":\"2021-09-29T08:12:35+00:00\",\"mainEntityOfPage\":{\"@id\":\"https:\\\/\\\/www.buhl.de\\\/vermieter-web\\\/weg-gesamtschuldnerische-haftung-fuer-abwassergebuehren\\\/\"},\"wordCount\":203,\"image\":{\"@id\":\"https:\\\/\\\/www.buhl.de\\\/vermieter-web\\\/weg-gesamtschuldnerische-haftung-fuer-abwassergebuehren\\\/#primaryimage\"},\"thumbnailUrl\":\"https:\\\/\\\/www.buhl.de\\\/vermieter-web\\\/wp-content\\\/uploads\\\/sites\\\/33\\\/2021\\\/02\\\/shutterstock_1753769294.jpg\",\"keywords\":[\"Abwassergeb\u00fchren\",\"Haftung\",\"WEG\",\"Wohneigentum\",\"Wohneigent\u00fcmer\",\"Wohneigent\u00fcmergemeinschaft\"],\"inLanguage\":\"de\"},{\"@type\":\"WebPage\",\"@id\":\"https:\\\/\\\/www.buhl.de\\\/vermieter-web\\\/weg-gesamtschuldnerische-haftung-fuer-abwassergebuehren\\\/\",\"url\":\"https:\\\/\\\/www.buhl.de\\\/vermieter-web\\\/weg-gesamtschuldnerische-haftung-fuer-abwassergebuehren\\\/\",\"name\":\"WEG haftet gesamtschuldnerisch f\u00fcr Abwassergeb\u00fchren\",\"isPartOf\":{\"@id\":\"https:\\\/\\\/www.buhl.de\\\/vermieter-web\\\/#website\"},\"primaryImageOfPage\":{\"@id\":\"https:\\\/\\\/www.buhl.de\\\/vermieter-web\\\/weg-gesamtschuldnerische-haftung-fuer-abwassergebuehren\\\/#primaryimage\"},\"image\":{\"@id\":\"https:\\\/\\\/www.buhl.de\\\/vermieter-web\\\/weg-gesamtschuldnerische-haftung-fuer-abwassergebuehren\\\/#primaryimage\"},\"thumbnailUrl\":\"https:\\\/\\\/www.buhl.de\\\/vermieter-web\\\/wp-content\\\/uploads\\\/sites\\\/33\\\/2021\\\/02\\\/shutterstock_1753769294.jpg\",\"datePublished\":\"2021-09-29T08:12:35+00:00\",\"author\":{\"@id\":\"https:\\\/\\\/www.buhl.de\\\/vermieter-web\\\/#\\\/schema\\\/person\\\/82903e1cb04eb553382702d503991b4f\"},\"description\":\"Die Kommune ist berechtigt, in ihrer Geb\u00fchrensatzung festzulegen % , dass WEG Mitglieder gesamtschuldnerisch f\u00fcr Abwassergeb\u00fchren haften.\",\"breadcrumb\":{\"@id\":\"https:\\\/\\\/www.buhl.de\\\/vermieter-web\\\/weg-gesamtschuldnerische-haftung-fuer-abwassergebuehren\\\/#breadcrumb\"},\"inLanguage\":\"de\",\"potentialAction\":[{\"@type\":\"ReadAction\",\"target\":[\"https:\\\/\\\/www.buhl.de\\\/vermieter-web\\\/weg-gesamtschuldnerische-haftung-fuer-abwassergebuehren\\\/\"]}]},{\"@type\":\"ImageObject\",\"inLanguage\":\"de\",\"@id\":\"https:\\\/\\\/www.buhl.de\\\/vermieter-web\\\/weg-gesamtschuldnerische-haftung-fuer-abwassergebuehren\\\/#primaryimage\",\"url\":\"https:\\\/\\\/www.buhl.de\\\/vermieter-web\\\/wp-content\\\/uploads\\\/sites\\\/33\\\/2021\\\/02\\\/shutterstock_1753769294.jpg\",\"contentUrl\":\"https:\\\/\\\/www.buhl.de\\\/vermieter-web\\\/wp-content\\\/uploads\\\/sites\\\/33\\\/2021\\\/02\\\/shutterstock_1753769294.jpg\",\"width\":840,\"height\":420,\"caption\":\"German word Mietrecht (tenancy law) in a apartment with The Statue of Justice - lady justice or Iustitia \\\/ Justitia the Roman goddess of Justic as a concept image\"},{\"@type\":\"BreadcrumbList\",\"@id\":\"https:\\\/\\\/www.buhl.de\\\/vermieter-web\\\/weg-gesamtschuldnerische-haftung-fuer-abwassergebuehren\\\/#breadcrumb\",\"itemListElement\":[{\"@type\":\"ListItem\",\"position\":1,\"name\":\"Startseite\",\"item\":\"https:\\\/\\\/www.buhl.de\\\/vermieter-web\\\/\"},{\"@type\":\"ListItem\",\"position\":2,\"name\":\"WEG: Gesamt\u00adschuldnerische Haftung f\u00fcr Abwassergeb\u00fchren\"}]},{\"@type\":\"WebSite\",\"@id\":\"https:\\\/\\\/www.buhl.de\\\/vermieter-web\\\/#website\",\"url\":\"https:\\\/\\\/www.buhl.de\\\/vermieter-web\\\/\",\"name\":\"Online-Nebenkostenabrechnung mit WISO Vermieter-Web\",\"description\":\"\",\"potentialAction\":[{\"@type\":\"SearchAction\",\"target\":{\"@type\":\"EntryPoint\",\"urlTemplate\":\"https:\\\/\\\/www.buhl.de\\\/vermieter-web\\\/?s={search_term_string}\"},\"query-input\":{\"@type\":\"PropertyValueSpecification\",\"valueRequired\":true,\"valueName\":\"search_term_string\"}}],\"inLanguage\":\"de\"},{\"@type\":\"Person\",\"@id\":\"https:\\\/\\\/www.buhl.de\\\/vermieter-web\\\/#\\\/schema\\\/person\\\/82903e1cb04eb553382702d503991b4f\",\"name\":\"Hartmut Fischer\"}]}<\/script>\n<!-- \/ Yoast SEO Premium plugin. -->","yoast_head_json":{"title":"WEG haftet gesamtschuldnerisch f\u00fcr Abwassergeb\u00fchren","description":"Die Kommune ist berechtigt, in ihrer Geb\u00fchrensatzung festzulegen % , dass WEG Mitglieder gesamtschuldnerisch f\u00fcr Abwassergeb\u00fchren haften.","robots":{"index":"noindex","follow":"nofollow"},"og_locale":"de_DE","og_type":"article","og_title":"WEG: Gesamt\u00adschuldnerische Haftung f\u00fcr Abwassergeb\u00fchren","og_description":"Die Kommune ist berechtigt, in ihrer Geb\u00fchrensatzung festzulegen % , dass WEG Mitglieder gesamtschuldnerisch f\u00fcr Abwassergeb\u00fchren haften.","og_url":"https:\/\/www.buhl.de\/vermieter-web\/weg-gesamtschuldnerische-haftung-fuer-abwassergebuehren\/","og_site_name":"Online-Nebenkostenabrechnung mit WISO Vermieter-Web","article_published_time":"2021-09-29T08:12:35+00:00","og_image":[{"width":840,"height":420,"url":"https:\/\/www.buhl.de\/vermieter-web\/wp-content\/uploads\/sites\/33\/2021\/02\/shutterstock_1753769294.jpg","type":"image\/jpeg"}],"author":"Hartmut Fischer","twitter_card":"summary_large_image","twitter_misc":{"Verfasst von":"Hartmut Fischer","Gesch\u00e4tzte Lesezeit":"1\u00a0Minute"},"schema":{"@context":"https:\/\/schema.org","@graph":[{"@type":"Article","@id":"https:\/\/www.buhl.de\/vermieter-web\/weg-gesamtschuldnerische-haftung-fuer-abwassergebuehren\/#article","isPartOf":{"@id":"https:\/\/www.buhl.de\/vermieter-web\/weg-gesamtschuldnerische-haftung-fuer-abwassergebuehren\/"},"author":{"name":"Hartmut Fischer","@id":"https:\/\/www.buhl.de\/vermieter-web\/#\/schema\/person\/82903e1cb04eb553382702d503991b4f"},"headline":"WEG: Gesamt\u00adschuldnerische Haftung f\u00fcr Abwassergeb\u00fchren","datePublished":"2021-09-29T08:12:35+00:00","mainEntityOfPage":{"@id":"https:\/\/www.buhl.de\/vermieter-web\/weg-gesamtschuldnerische-haftung-fuer-abwassergebuehren\/"},"wordCount":203,"image":{"@id":"https:\/\/www.buhl.de\/vermieter-web\/weg-gesamtschuldnerische-haftung-fuer-abwassergebuehren\/#primaryimage"},"thumbnailUrl":"https:\/\/www.buhl.de\/vermieter-web\/wp-content\/uploads\/sites\/33\/2021\/02\/shutterstock_1753769294.jpg","keywords":["Abwassergeb\u00fchren","Haftung","WEG","Wohneigentum","Wohneigent\u00fcmer","Wohneigent\u00fcmergemeinschaft"],"inLanguage":"de"},{"@type":"WebPage","@id":"https:\/\/www.buhl.de\/vermieter-web\/weg-gesamtschuldnerische-haftung-fuer-abwassergebuehren\/","url":"https:\/\/www.buhl.de\/vermieter-web\/weg-gesamtschuldnerische-haftung-fuer-abwassergebuehren\/","name":"WEG haftet gesamtschuldnerisch f\u00fcr Abwassergeb\u00fchren","isPartOf":{"@id":"https:\/\/www.buhl.de\/vermieter-web\/#website"},"primaryImageOfPage":{"@id":"https:\/\/www.buhl.de\/vermieter-web\/weg-gesamtschuldnerische-haftung-fuer-abwassergebuehren\/#primaryimage"},"image":{"@id":"https:\/\/www.buhl.de\/vermieter-web\/weg-gesamtschuldnerische-haftung-fuer-abwassergebuehren\/#primaryimage"},"thumbnailUrl":"https:\/\/www.buhl.de\/vermieter-web\/wp-content\/uploads\/sites\/33\/2021\/02\/shutterstock_1753769294.jpg","datePublished":"2021-09-29T08:12:35+00:00","author":{"@id":"https:\/\/www.buhl.de\/vermieter-web\/#\/schema\/person\/82903e1cb04eb553382702d503991b4f"},"description":"Die Kommune ist berechtigt, in ihrer Geb\u00fchrensatzung festzulegen % , dass WEG Mitglieder gesamtschuldnerisch f\u00fcr Abwassergeb\u00fchren haften.","breadcrumb":{"@id":"https:\/\/www.buhl.de\/vermieter-web\/weg-gesamtschuldnerische-haftung-fuer-abwassergebuehren\/#breadcrumb"},"inLanguage":"de","potentialAction":[{"@type":"ReadAction","target":["https:\/\/www.buhl.de\/vermieter-web\/weg-gesamtschuldnerische-haftung-fuer-abwassergebuehren\/"]}]},{"@type":"ImageObject","inLanguage":"de","@id":"https:\/\/www.buhl.de\/vermieter-web\/weg-gesamtschuldnerische-haftung-fuer-abwassergebuehren\/#primaryimage","url":"https:\/\/www.buhl.de\/vermieter-web\/wp-content\/uploads\/sites\/33\/2021\/02\/shutterstock_1753769294.jpg","contentUrl":"https:\/\/www.buhl.de\/vermieter-web\/wp-content\/uploads\/sites\/33\/2021\/02\/shutterstock_1753769294.jpg","width":840,"height":420,"caption":"German word Mietrecht (tenancy law) in a apartment with The Statue of Justice - lady justice or Iustitia \/ Justitia the Roman goddess of Justic as a concept image"},{"@type":"BreadcrumbList","@id":"https:\/\/www.buhl.de\/vermieter-web\/weg-gesamtschuldnerische-haftung-fuer-abwassergebuehren\/#breadcrumb","itemListElement":[{"@type":"ListItem","position":1,"name":"Startseite","item":"https:\/\/www.buhl.de\/vermieter-web\/"},{"@type":"ListItem","position":2,"name":"WEG: Gesamt\u00adschuldnerische Haftung f\u00fcr Abwassergeb\u00fchren"}]},{"@type":"WebSite","@id":"https:\/\/www.buhl.de\/vermieter-web\/#website","url":"https:\/\/www.buhl.de\/vermieter-web\/","name":"Online-Nebenkostenabrechnung mit WISO Vermieter-Web","description":"","potentialAction":[{"@type":"SearchAction","target":{"@type":"EntryPoint","urlTemplate":"https:\/\/www.buhl.de\/vermieter-web\/?s={search_term_string}"},"query-input":{"@type":"PropertyValueSpecification","valueRequired":true,"valueName":"search_term_string"}}],"inLanguage":"de"},{"@type":"Person","@id":"https:\/\/www.buhl.de\/vermieter-web\/#\/schema\/person\/82903e1cb04eb553382702d503991b4f","name":"Hartmut Fischer"}]}},"_links":{"self":[{"href":"https:\/\/www.buhl.de\/vermieter-web\/wp-json\/wp\/v2\/posts\/13993","targetHints":{"allow":["GET"]}}],"collection":[{"href":"https:\/\/www.buhl.de\/vermieter-web\/wp-json\/wp\/v2\/posts"}],"about":[{"href":"https:\/\/www.buhl.de\/vermieter-web\/wp-json\/wp\/v2\/types\/post"}],"author":[{"embeddable":true,"href":"https:\/\/www.buhl.de\/vermieter-web\/wp-json\/wp\/v2\/users\/15"}],"replies":[{"embeddable":true,"href":"https:\/\/www.buhl.de\/vermieter-web\/wp-json\/wp\/v2\/comments?post=13993"}],"version-history":[{"count":1,"href":"https:\/\/www.buhl.de\/vermieter-web\/wp-json\/wp\/v2\/posts\/13993\/revisions"}],"predecessor-version":[{"id":13995,"href":"https:\/\/www.buhl.de\/vermieter-web\/wp-json\/wp\/v2\/posts\/13993\/revisions\/13995"}],"wp:featuredmedia":[{"embeddable":true,"href":"https:\/\/www.buhl.de\/vermieter-web\/wp-json\/wp\/v2\/media\/13392"}],"wp:attachment":[{"href":"https:\/\/www.buhl.de\/vermieter-web\/wp-json\/wp\/v2\/media?parent=13993"}],"wp:term":[{"taxonomy":"category","embeddable":true,"href":"https:\/\/www.buhl.de\/vermieter-web\/wp-json\/wp\/v2\/categories?post=13993"},{"taxonomy":"post_tag","embeddable":true,"href":"https:\/\/www.buhl.de\/vermieter-web\/wp-json\/wp\/v2\/tags?post=13993"}],"curies":[{"name":"wp","href":"https:\/\/api.w.org\/{rel}","templated":true}]}}