{"id":13996,"date":"2021-10-01T10:36:41","date_gmt":"2021-10-01T08:36:41","guid":{"rendered":"https:\/\/www.buhl.de\/vermieter-web\/?p=13996"},"modified":"2021-10-01T10:36:41","modified_gmt":"2021-10-01T08:36:41","slug":"farbige-waende-beim-einzug-als-gebrauchsspuren-gewertet","status":"publish","type":"post","link":"https:\/\/www.buhl.de\/vermieter-web\/farbige-waende-beim-einzug-als-gebrauchsspuren-gewertet\/","title":{"rendered":"Farbige W\u00e4nde beim Einzug als Gebrauchsspuren gewertet"},"content":{"rendered":"<p>Wenn es zum Streit zwischen Vermieter und Mieter kommt, geht es in vielen F\u00e4llen um die Sch\u00f6nheitsreparaturen. Die Gerichte legen hier strenge Ma\u00dfst\u00e4be zu Ungunsten der Vermieter an. Sch\u00f6nheitsreparaturen m\u00fcssen grunds\u00e4tzlich im Mietvertrag ausdr\u00fccklich vereinbart werden. Allerdings werden diese Klauseln erst wirksam, wenn die Wohnung im renovierten Zustand \u00fcbernommen wird. Das Landgericht Krefeld sah beispielsweise in farbig gestalteten W\u00e4nden einen Hinweis darauf, dass die Wohnung unrenoviert \u00fcbergeben wurde (Urteil vom 25.08.2021 \u2013 Aktenzeichen 2 S 26\/20).<\/p>\n<h5>vermieter verlangt sch\u00f6nheitsreparaturen<\/h5>\n<p>Wie so oft, kam es zu Auseinandersetzungen zwischen Vermieter und Mieter \u00fcber die Ausf\u00fchrung der Sch\u00f6nheitsreparaturen, als es um die R\u00fcckzahlung der Kaution bei Mietende ging. Im Mietvertrag hatten die Parteien vereinbart, dass regelm\u00e4\u00dfige Sch\u00f6nheitsreparaturen durchzuf\u00fchren seien, vorausgesetzt, die entsprechenden Abnutzungen machten die Reparaturen erforderlich.<\/p>\n<h5>w\u00e4nde beim Einzug farbig gestaltet<\/h5>\n<p>Als der Mieter einzog, waren die W\u00e4nde zum Teil farbig gestrichen. Im Kinderzimmer gab es beispielsweise eine zweifarbige Bord\u00fcre, die W\u00e4nde im Wohnzimmer waren cremefarbig und im Wintergarten orange. Nachdem der Mieter ausgezogen war verlangte der Vermieter vom Mieter Sch\u00f6nheitsreparaturen und weigerte sich, die Kaution auszuzahlen.<\/p>\n<h5>sch\u00f6nheitsreparaturklausel teilweise fehlerhaft<\/h5>\n<p>Das Landgericht Krefeld stellte sich jedoch auf Seiten des Mieters. Der Vermieter musste die Kaution auszahlen. Das Gericht r\u00e4umte ein, dass die Fristen im Mietvertrag flexibel seien und von daher rechtskr\u00e4ftig w\u00e4ren. Die Formulierung f\u00fchre jedoch dazu, dass der Mieter nach Ablauf der vereinbarten Fristen nachweisen m\u00fcsse, dass kein Renovierungsbedarf bestehe. Dies k\u00f6nne vom Mieter jedoch nicht verlangt werden.<\/p>\n<h5>farbige w\u00e4nde\u00b4: Hinweis auf unrenovierten zustand<\/h5>\n<p>Au\u00dferdem bestehe grunds\u00e4tzlich keine Pflicht des Mieters die Sch\u00f6nheitsreparaturen durchzuf\u00fchren. Die Farbgestaltung der R\u00e4ume beim Einzug seien ein Hinweis darauf, dass die Wohnung beim Einzug nicht renoviert war. Die Farben wertete das Gericht als Gebrauchsspuren, die auf den tats\u00e4chlichen Renovierungsbedarf hinwiesen.<\/p>\n<hr \/>\n<p><em><strong>Das k\u00f6nnte Sie auch interessieren:<\/strong><\/em><\/p>\n<p><a href=\"https:\/\/www.buhl.de\/vermieter-web\/schoenheitsreparatur-eine-unklare-formulierung-kippt-alles\/\">Sch\u00f6nheitsreparatur: Eine unklare Formulierung kippt alles<\/a><br \/>\n<a href=\"https:\/\/www.buhl.de\/vermieter-web\/schoenheitsreparaturen-gerichte-legen-worte-auf-der-goldwaage\/\">Sch\u00f6nheitsreparaturen: Gerichte legen Worte auf die Goldwaage<\/a><br \/>\n<a href=\"https:\/\/www.buhl.de\/vermieter-web\/schoenheitsreparaturen-bei-unrenoviert-vermieteten-wohnungen\/\">Sch\u00f6nheitsreparaturen bei unrenoviert vermieteten Wohnungen<\/a><\/p>\n<hr \/>\n<p>&nbsp;<\/p>\n","protected":false},"excerpt":{"rendered":"<p>Wenn es zum Streit zwischen Vermieter und Mieter kommt, geht es in vielen F\u00e4llen um die Sch\u00f6nheitsreparaturen. Die Gerichte legen hier strenge Ma\u00dfst\u00e4be zu Ungunsten der Vermieter an. Sch\u00f6nheitsreparaturen m\u00fcssen grunds\u00e4tzlich im Mietvertrag ausdr\u00fccklich vereinbart werden. Allerdings werden diese Klauseln erst wirksam, wenn die Wohnung im renovierten Zustand \u00fcbernommen wird. Das Landgericht Krefeld sah beispielsweise &hellip; <\/p>\n<p class=\"link-more\"><a href=\"https:\/\/www.buhl.de\/vermieter-web\/farbige-waende-beim-einzug-als-gebrauchsspuren-gewertet\/\" class=\"more-link\"><span class=\"screen-reader-text\">\u201eFarbige W\u00e4nde beim Einzug als Gebrauchsspuren gewertet\u201c<\/span> weiterlesen<\/a><\/p>\n","protected":false},"author":15,"featured_media":12964,"comment_status":"closed","ping_status":"open","sticky":false,"template":"","format":"standard","meta":{"footnotes":""},"categories":[1],"tags":[370,714,659,636,5050],"class_list":["post-13996","post","type-post","status-publish","format-standard","has-post-thumbnail","hentry","category-allgemein","tag-kaution","tag-kautionsrueckzahlung","tag-renovierung","tag-schoenheitsreparatur","tag-unrenoviert"],"yoast_head":"<!-- This site is optimized with the Yoast SEO Premium plugin v27.4 (Yoast SEO v27.5) - https:\/\/yoast.com\/product\/yoast-seo-premium-wordpress\/ -->\n<title>Farbige W\u00e4nde beim Einzug lassen unrenovierten Zustand vermuten<\/title>\n<meta name=\"description\" content=\"Bezieht ein Mieter eine Wohnung, deren W\u00e4nde noch farbig gestaltet sind, kann er davon ausgehen, dass die Wohnung unrenoviert ist.\" \/>\n<meta name=\"robots\" content=\"noindex, nofollow\" \/>\n<meta property=\"og:locale\" content=\"de_DE\" \/>\n<meta property=\"og:type\" content=\"article\" \/>\n<meta property=\"og:title\" content=\"Farbige W\u00e4nde beim Einzug als Gebrauchsspuren gewertet\" \/>\n<meta property=\"og:description\" content=\"Bezieht ein Mieter eine Wohnung, deren W\u00e4nde noch farbig gestaltet sind, kann er davon ausgehen, dass die Wohnung unrenoviert ist.\" \/>\n<meta property=\"og:url\" content=\"https:\/\/www.buhl.de\/vermieter-web\/farbige-waende-beim-einzug-als-gebrauchsspuren-gewertet\/\" \/>\n<meta property=\"og:site_name\" content=\"Online-Nebenkostenabrechnung mit WISO Vermieter-Web\" \/>\n<meta property=\"article:published_time\" content=\"2021-10-01T08:36:41+00:00\" \/>\n<meta property=\"og:image\" content=\"https:\/\/www.buhl.de\/vermieter-web\/wp-content\/uploads\/sites\/33\/2020\/09\/shutterstock_596435585.jpg\" \/>\n\t<meta property=\"og:image:width\" content=\"840\" \/>\n\t<meta property=\"og:image:height\" content=\"420\" \/>\n\t<meta property=\"og:image:type\" content=\"image\/jpeg\" \/>\n<meta name=\"author\" content=\"Hartmut Fischer\" \/>\n<meta name=\"twitter:card\" content=\"summary_large_image\" \/>\n<meta name=\"twitter:label1\" content=\"Verfasst von\" \/>\n\t<meta name=\"twitter:data1\" content=\"Hartmut Fischer\" \/>\n\t<meta name=\"twitter:label2\" content=\"Gesch\u00e4tzte Lesezeit\" \/>\n\t<meta name=\"twitter:data2\" content=\"2\u00a0Minuten\" \/>\n<script type=\"application\/ld+json\" class=\"yoast-schema-graph\">{\"@context\":\"https:\\\/\\\/schema.org\",\"@graph\":[{\"@type\":\"Article\",\"@id\":\"https:\\\/\\\/www.buhl.de\\\/vermieter-web\\\/farbige-waende-beim-einzug-als-gebrauchsspuren-gewertet\\\/#article\",\"isPartOf\":{\"@id\":\"https:\\\/\\\/www.buhl.de\\\/vermieter-web\\\/farbige-waende-beim-einzug-als-gebrauchsspuren-gewertet\\\/\"},\"author\":{\"name\":\"Hartmut Fischer\",\"@id\":\"https:\\\/\\\/www.buhl.de\\\/vermieter-web\\\/#\\\/schema\\\/person\\\/82903e1cb04eb553382702d503991b4f\"},\"headline\":\"Farbige W\u00e4nde beim Einzug als Gebrauchsspuren gewertet\",\"datePublished\":\"2021-10-01T08:36:41+00:00\",\"mainEntityOfPage\":{\"@id\":\"https:\\\/\\\/www.buhl.de\\\/vermieter-web\\\/farbige-waende-beim-einzug-als-gebrauchsspuren-gewertet\\\/\"},\"wordCount\":351,\"image\":{\"@id\":\"https:\\\/\\\/www.buhl.de\\\/vermieter-web\\\/farbige-waende-beim-einzug-als-gebrauchsspuren-gewertet\\\/#primaryimage\"},\"thumbnailUrl\":\"https:\\\/\\\/www.buhl.de\\\/vermieter-web\\\/wp-content\\\/uploads\\\/sites\\\/33\\\/2020\\\/09\\\/shutterstock_596435585.jpg\",\"keywords\":[\"Kaution\",\"Kautionsr\u00fcckzahlung\",\"Renovierung\",\"Sch\u00f6nheits\u00adreparatur\",\"Unrenoviert\"],\"inLanguage\":\"de\"},{\"@type\":\"WebPage\",\"@id\":\"https:\\\/\\\/www.buhl.de\\\/vermieter-web\\\/farbige-waende-beim-einzug-als-gebrauchsspuren-gewertet\\\/\",\"url\":\"https:\\\/\\\/www.buhl.de\\\/vermieter-web\\\/farbige-waende-beim-einzug-als-gebrauchsspuren-gewertet\\\/\",\"name\":\"Farbige W\u00e4nde beim Einzug lassen unrenovierten Zustand vermuten\",\"isPartOf\":{\"@id\":\"https:\\\/\\\/www.buhl.de\\\/vermieter-web\\\/#website\"},\"primaryImageOfPage\":{\"@id\":\"https:\\\/\\\/www.buhl.de\\\/vermieter-web\\\/farbige-waende-beim-einzug-als-gebrauchsspuren-gewertet\\\/#primaryimage\"},\"image\":{\"@id\":\"https:\\\/\\\/www.buhl.de\\\/vermieter-web\\\/farbige-waende-beim-einzug-als-gebrauchsspuren-gewertet\\\/#primaryimage\"},\"thumbnailUrl\":\"https:\\\/\\\/www.buhl.de\\\/vermieter-web\\\/wp-content\\\/uploads\\\/sites\\\/33\\\/2020\\\/09\\\/shutterstock_596435585.jpg\",\"datePublished\":\"2021-10-01T08:36:41+00:00\",\"author\":{\"@id\":\"https:\\\/\\\/www.buhl.de\\\/vermieter-web\\\/#\\\/schema\\\/person\\\/82903e1cb04eb553382702d503991b4f\"},\"description\":\"Bezieht ein Mieter eine Wohnung, deren W\u00e4nde noch farbig gestaltet sind, kann er davon ausgehen, dass die Wohnung unrenoviert ist.\",\"breadcrumb\":{\"@id\":\"https:\\\/\\\/www.buhl.de\\\/vermieter-web\\\/farbige-waende-beim-einzug-als-gebrauchsspuren-gewertet\\\/#breadcrumb\"},\"inLanguage\":\"de\",\"potentialAction\":[{\"@type\":\"ReadAction\",\"target\":[\"https:\\\/\\\/www.buhl.de\\\/vermieter-web\\\/farbige-waende-beim-einzug-als-gebrauchsspuren-gewertet\\\/\"]}]},{\"@type\":\"ImageObject\",\"inLanguage\":\"de\",\"@id\":\"https:\\\/\\\/www.buhl.de\\\/vermieter-web\\\/farbige-waende-beim-einzug-als-gebrauchsspuren-gewertet\\\/#primaryimage\",\"url\":\"https:\\\/\\\/www.buhl.de\\\/vermieter-web\\\/wp-content\\\/uploads\\\/sites\\\/33\\\/2020\\\/09\\\/shutterstock_596435585.jpg\",\"contentUrl\":\"https:\\\/\\\/www.buhl.de\\\/vermieter-web\\\/wp-content\\\/uploads\\\/sites\\\/33\\\/2020\\\/09\\\/shutterstock_596435585.jpg\",\"width\":840,\"height\":420},{\"@type\":\"BreadcrumbList\",\"@id\":\"https:\\\/\\\/www.buhl.de\\\/vermieter-web\\\/farbige-waende-beim-einzug-als-gebrauchsspuren-gewertet\\\/#breadcrumb\",\"itemListElement\":[{\"@type\":\"ListItem\",\"position\":1,\"name\":\"Startseite\",\"item\":\"https:\\\/\\\/www.buhl.de\\\/vermieter-web\\\/\"},{\"@type\":\"ListItem\",\"position\":2,\"name\":\"Farbige W\u00e4nde beim Einzug als Gebrauchsspuren gewertet\"}]},{\"@type\":\"WebSite\",\"@id\":\"https:\\\/\\\/www.buhl.de\\\/vermieter-web\\\/#website\",\"url\":\"https:\\\/\\\/www.buhl.de\\\/vermieter-web\\\/\",\"name\":\"Online-Nebenkostenabrechnung mit WISO Vermieter-Web\",\"description\":\"\",\"potentialAction\":[{\"@type\":\"SearchAction\",\"target\":{\"@type\":\"EntryPoint\",\"urlTemplate\":\"https:\\\/\\\/www.buhl.de\\\/vermieter-web\\\/?s={search_term_string}\"},\"query-input\":{\"@type\":\"PropertyValueSpecification\",\"valueRequired\":true,\"valueName\":\"search_term_string\"}}],\"inLanguage\":\"de\"},{\"@type\":\"Person\",\"@id\":\"https:\\\/\\\/www.buhl.de\\\/vermieter-web\\\/#\\\/schema\\\/person\\\/82903e1cb04eb553382702d503991b4f\",\"name\":\"Hartmut Fischer\"}]}<\/script>\n<!-- \/ Yoast SEO Premium plugin. -->","yoast_head_json":{"title":"Farbige W\u00e4nde beim Einzug lassen unrenovierten Zustand vermuten","description":"Bezieht ein Mieter eine Wohnung, deren W\u00e4nde noch farbig gestaltet sind, kann er davon ausgehen, dass die Wohnung unrenoviert ist.","robots":{"index":"noindex","follow":"nofollow"},"og_locale":"de_DE","og_type":"article","og_title":"Farbige W\u00e4nde beim Einzug als Gebrauchsspuren gewertet","og_description":"Bezieht ein Mieter eine Wohnung, deren W\u00e4nde noch farbig gestaltet sind, kann er davon ausgehen, dass die Wohnung unrenoviert ist.","og_url":"https:\/\/www.buhl.de\/vermieter-web\/farbige-waende-beim-einzug-als-gebrauchsspuren-gewertet\/","og_site_name":"Online-Nebenkostenabrechnung mit WISO Vermieter-Web","article_published_time":"2021-10-01T08:36:41+00:00","og_image":[{"width":840,"height":420,"url":"https:\/\/www.buhl.de\/vermieter-web\/wp-content\/uploads\/sites\/33\/2020\/09\/shutterstock_596435585.jpg","type":"image\/jpeg"}],"author":"Hartmut Fischer","twitter_card":"summary_large_image","twitter_misc":{"Verfasst von":"Hartmut Fischer","Gesch\u00e4tzte Lesezeit":"2\u00a0Minuten"},"schema":{"@context":"https:\/\/schema.org","@graph":[{"@type":"Article","@id":"https:\/\/www.buhl.de\/vermieter-web\/farbige-waende-beim-einzug-als-gebrauchsspuren-gewertet\/#article","isPartOf":{"@id":"https:\/\/www.buhl.de\/vermieter-web\/farbige-waende-beim-einzug-als-gebrauchsspuren-gewertet\/"},"author":{"name":"Hartmut Fischer","@id":"https:\/\/www.buhl.de\/vermieter-web\/#\/schema\/person\/82903e1cb04eb553382702d503991b4f"},"headline":"Farbige W\u00e4nde beim Einzug als Gebrauchsspuren gewertet","datePublished":"2021-10-01T08:36:41+00:00","mainEntityOfPage":{"@id":"https:\/\/www.buhl.de\/vermieter-web\/farbige-waende-beim-einzug-als-gebrauchsspuren-gewertet\/"},"wordCount":351,"image":{"@id":"https:\/\/www.buhl.de\/vermieter-web\/farbige-waende-beim-einzug-als-gebrauchsspuren-gewertet\/#primaryimage"},"thumbnailUrl":"https:\/\/www.buhl.de\/vermieter-web\/wp-content\/uploads\/sites\/33\/2020\/09\/shutterstock_596435585.jpg","keywords":["Kaution","Kautionsr\u00fcckzahlung","Renovierung","Sch\u00f6nheits\u00adreparatur","Unrenoviert"],"inLanguage":"de"},{"@type":"WebPage","@id":"https:\/\/www.buhl.de\/vermieter-web\/farbige-waende-beim-einzug-als-gebrauchsspuren-gewertet\/","url":"https:\/\/www.buhl.de\/vermieter-web\/farbige-waende-beim-einzug-als-gebrauchsspuren-gewertet\/","name":"Farbige W\u00e4nde beim Einzug lassen unrenovierten Zustand vermuten","isPartOf":{"@id":"https:\/\/www.buhl.de\/vermieter-web\/#website"},"primaryImageOfPage":{"@id":"https:\/\/www.buhl.de\/vermieter-web\/farbige-waende-beim-einzug-als-gebrauchsspuren-gewertet\/#primaryimage"},"image":{"@id":"https:\/\/www.buhl.de\/vermieter-web\/farbige-waende-beim-einzug-als-gebrauchsspuren-gewertet\/#primaryimage"},"thumbnailUrl":"https:\/\/www.buhl.de\/vermieter-web\/wp-content\/uploads\/sites\/33\/2020\/09\/shutterstock_596435585.jpg","datePublished":"2021-10-01T08:36:41+00:00","author":{"@id":"https:\/\/www.buhl.de\/vermieter-web\/#\/schema\/person\/82903e1cb04eb553382702d503991b4f"},"description":"Bezieht ein Mieter eine Wohnung, deren W\u00e4nde noch farbig gestaltet sind, kann er davon ausgehen, dass die Wohnung unrenoviert ist.","breadcrumb":{"@id":"https:\/\/www.buhl.de\/vermieter-web\/farbige-waende-beim-einzug-als-gebrauchsspuren-gewertet\/#breadcrumb"},"inLanguage":"de","potentialAction":[{"@type":"ReadAction","target":["https:\/\/www.buhl.de\/vermieter-web\/farbige-waende-beim-einzug-als-gebrauchsspuren-gewertet\/"]}]},{"@type":"ImageObject","inLanguage":"de","@id":"https:\/\/www.buhl.de\/vermieter-web\/farbige-waende-beim-einzug-als-gebrauchsspuren-gewertet\/#primaryimage","url":"https:\/\/www.buhl.de\/vermieter-web\/wp-content\/uploads\/sites\/33\/2020\/09\/shutterstock_596435585.jpg","contentUrl":"https:\/\/www.buhl.de\/vermieter-web\/wp-content\/uploads\/sites\/33\/2020\/09\/shutterstock_596435585.jpg","width":840,"height":420},{"@type":"BreadcrumbList","@id":"https:\/\/www.buhl.de\/vermieter-web\/farbige-waende-beim-einzug-als-gebrauchsspuren-gewertet\/#breadcrumb","itemListElement":[{"@type":"ListItem","position":1,"name":"Startseite","item":"https:\/\/www.buhl.de\/vermieter-web\/"},{"@type":"ListItem","position":2,"name":"Farbige W\u00e4nde beim Einzug als Gebrauchsspuren gewertet"}]},{"@type":"WebSite","@id":"https:\/\/www.buhl.de\/vermieter-web\/#website","url":"https:\/\/www.buhl.de\/vermieter-web\/","name":"Online-Nebenkostenabrechnung mit WISO Vermieter-Web","description":"","potentialAction":[{"@type":"SearchAction","target":{"@type":"EntryPoint","urlTemplate":"https:\/\/www.buhl.de\/vermieter-web\/?s={search_term_string}"},"query-input":{"@type":"PropertyValueSpecification","valueRequired":true,"valueName":"search_term_string"}}],"inLanguage":"de"},{"@type":"Person","@id":"https:\/\/www.buhl.de\/vermieter-web\/#\/schema\/person\/82903e1cb04eb553382702d503991b4f","name":"Hartmut Fischer"}]}},"_links":{"self":[{"href":"https:\/\/www.buhl.de\/vermieter-web\/wp-json\/wp\/v2\/posts\/13996","targetHints":{"allow":["GET"]}}],"collection":[{"href":"https:\/\/www.buhl.de\/vermieter-web\/wp-json\/wp\/v2\/posts"}],"about":[{"href":"https:\/\/www.buhl.de\/vermieter-web\/wp-json\/wp\/v2\/types\/post"}],"author":[{"embeddable":true,"href":"https:\/\/www.buhl.de\/vermieter-web\/wp-json\/wp\/v2\/users\/15"}],"replies":[{"embeddable":true,"href":"https:\/\/www.buhl.de\/vermieter-web\/wp-json\/wp\/v2\/comments?post=13996"}],"version-history":[{"count":1,"href":"https:\/\/www.buhl.de\/vermieter-web\/wp-json\/wp\/v2\/posts\/13996\/revisions"}],"predecessor-version":[{"id":13998,"href":"https:\/\/www.buhl.de\/vermieter-web\/wp-json\/wp\/v2\/posts\/13996\/revisions\/13998"}],"wp:featuredmedia":[{"embeddable":true,"href":"https:\/\/www.buhl.de\/vermieter-web\/wp-json\/wp\/v2\/media\/12964"}],"wp:attachment":[{"href":"https:\/\/www.buhl.de\/vermieter-web\/wp-json\/wp\/v2\/media?parent=13996"}],"wp:term":[{"taxonomy":"category","embeddable":true,"href":"https:\/\/www.buhl.de\/vermieter-web\/wp-json\/wp\/v2\/categories?post=13996"},{"taxonomy":"post_tag","embeddable":true,"href":"https:\/\/www.buhl.de\/vermieter-web\/wp-json\/wp\/v2\/tags?post=13996"}],"curies":[{"name":"wp","href":"https:\/\/api.w.org\/{rel}","templated":true}]}}