{"id":14034,"date":"2021-10-17T07:44:16","date_gmt":"2021-10-17T05:44:16","guid":{"rendered":"https:\/\/www.buhl.de\/vermieter-web\/?p=14034"},"modified":"2021-10-17T07:44:16","modified_gmt":"2021-10-17T05:44:16","slug":"staatlich-verordnete-modernisierung-erlaubt-keine-mieterhoehung","status":"publish","type":"post","link":"https:\/\/www.buhl.de\/vermieter-web\/staatlich-verordnete-modernisierung-erlaubt-keine-mieterhoehung\/","title":{"rendered":"Staatlich verordnete Modernisierung erlaubt keine Mieterh\u00f6hung"},"content":{"rendered":"<p><strong>Grunds\u00e4tzlich gilt, dass Modernisierungsma\u00dfnahmen den Vermieter zu einer Mieterh\u00f6hung berechtigen. Dies gilt jedoch nicht, wenn die Ma\u00dfnahme vom Gesetzgeber gefordert wird. Zu diesem Ergebnis kam das Landgericht Bonn in einem Beschluss vom 28.1.2021 (Aktenzeichen\u00a06\u00a0S\u00a078\/20\u00a0).<\/strong><\/p>\n<p>In dem Verfahren hatte ein Mieter gegen eine Modernisierung Mieterh\u00f6hung geklagt. Die Erh\u00f6hung erfolgte aufgrund eines Einbaus einer neuen Heizungsanlage. Die Heizungsanlage musste jedoch aufgrund gesetzlicher Bestimmungen ausgetauscht werden. Es handelte sich um einen Fall aus dem Jahre 2016. Der Austausch musste entsprechend \u00a7 zehn EnEV erfolgen.<\/p>\n<p>Vor diesem Hintergrund erkl\u00e4rte das Landgericht Bonn das Mieterh\u00f6hungsverlangen wegen einer Modernisierungsma\u00dfnahme f\u00fcr unwirksam. Da der Austausch aufgrund der gesetzlichen Bestimmungen erfolgen musste sei er als Instandhaltung zu werten. Darum habe der Vermieter nicht die M\u00f6glichkeit eine Modernisierungsmieterh\u00f6hung zu verlangen.<\/p>\n<hr \/>\n<h5>Das k\u00f6nnte Sie auch interessieren:<\/h5>\n<p><a href=\"https:\/\/www.buhl.de\/vermieter-web\/mieterhoehungsverlangen-versaeumte-klagefrist\/\">Mieterh\u00f6hungsverlangen: vers\u00e4umte Klagefrist<\/a><br \/>\n<a href=\"https:\/\/www.buhl.de\/vermieter-web\/mieterhoehungsverlangen-korrekt-zugestellt\/\">Mieterh\u00f6hungsverlangen korrekt zugestellt?<\/a><br \/>\n<a href=\"https:\/\/www.buhl.de\/vermieter-web\/mieterhoehungsverlangen-wohnwerterhoehende-merkmale-muessen-erlaeutert-werden\/\">Mieterh\u00f6hungsverlangen: Wohnwerterh\u00f6hende Merkmale m\u00fcssen erl\u00e4utert werden<\/a><\/p>\n<hr \/>\n<p>&nbsp;<\/p>\n","protected":false},"excerpt":{"rendered":"<p>Grunds\u00e4tzlich gilt, dass Modernisierungsma\u00dfnahmen den Vermieter zu einer Mieterh\u00f6hung berechtigen. Dies gilt jedoch nicht, wenn die Ma\u00dfnahme vom Gesetzgeber gefordert wird. Zu diesem Ergebnis kam das Landgericht Bonn in einem Beschluss vom 28.1.2021 (Aktenzeichen\u00a06\u00a0S\u00a078\/20\u00a0). In dem Verfahren hatte ein Mieter gegen eine Modernisierung Mieterh\u00f6hung geklagt. Die Erh\u00f6hung erfolgte aufgrund eines Einbaus einer neuen Heizungsanlage. Die &hellip; <\/p>\n<p class=\"link-more\"><a href=\"https:\/\/www.buhl.de\/vermieter-web\/staatlich-verordnete-modernisierung-erlaubt-keine-mieterhoehung\/\" class=\"more-link\"><span class=\"screen-reader-text\">\u201eStaatlich verordnete Modernisierung erlaubt keine Mieterh\u00f6hung\u201c<\/span> weiterlesen<\/a><\/p>\n","protected":false},"author":15,"featured_media":13316,"comment_status":"closed","ping_status":"open","sticky":false,"template":"","format":"standard","meta":{"footnotes":""},"categories":[1],"tags":[5689,416,5688],"class_list":["post-14034","post","type-post","status-publish","format-standard","has-post-thumbnail","hentry","category-allgemein","tag-gesetz","tag-modernisierung","tag-vorschrift"],"yoast_head":"<!-- This site is optimized with the Yoast SEO Premium plugin v27.4 (Yoast SEO v27.5) - https:\/\/yoast.com\/product\/yoast-seo-premium-wordpress\/ -->\n<title>Gesetzlich geforderte Modernisierungen erlauben keine Mieterh\u00f6hung<\/title>\n<meta name=\"description\" content=\"Wird eine Mieterh\u00f6hung aufgrund gesetzliche Vorgaben notwendig, kann daf\u00fcr keine Modsernisierungs-Mieterh\u00f6hung durchgesetzt werden.\" \/>\n<meta name=\"robots\" content=\"noindex, nofollow\" \/>\n<meta property=\"og:locale\" content=\"de_DE\" \/>\n<meta property=\"og:type\" content=\"article\" \/>\n<meta property=\"og:title\" content=\"Staatlich verordnete Modernisierung erlaubt keine Mieterh\u00f6hung\" \/>\n<meta property=\"og:description\" content=\"Wird eine Mieterh\u00f6hung aufgrund gesetzliche Vorgaben notwendig, kann daf\u00fcr keine Modsernisierungs-Mieterh\u00f6hung durchgesetzt werden.\" \/>\n<meta property=\"og:url\" content=\"https:\/\/www.buhl.de\/vermieter-web\/staatlich-verordnete-modernisierung-erlaubt-keine-mieterhoehung\/\" \/>\n<meta property=\"og:site_name\" content=\"Online-Nebenkostenabrechnung mit WISO Vermieter-Web\" \/>\n<meta property=\"article:published_time\" content=\"2021-10-17T05:44:16+00:00\" \/>\n<meta property=\"og:image\" content=\"https:\/\/www.buhl.de\/vermieter-web\/wp-content\/uploads\/sites\/33\/2021\/01\/shutterstock_570912160.jpg\" \/>\n\t<meta property=\"og:image:width\" content=\"840\" \/>\n\t<meta property=\"og:image:height\" content=\"420\" \/>\n\t<meta property=\"og:image:type\" content=\"image\/jpeg\" \/>\n<meta name=\"author\" content=\"Hartmut Fischer\" \/>\n<meta name=\"twitter:card\" content=\"summary_large_image\" \/>\n<meta name=\"twitter:label1\" content=\"Verfasst von\" \/>\n\t<meta name=\"twitter:data1\" content=\"Hartmut Fischer\" \/>\n\t<meta name=\"twitter:label2\" content=\"Gesch\u00e4tzte Lesezeit\" \/>\n\t<meta name=\"twitter:data2\" content=\"1\u00a0Minute\" \/>\n<script type=\"application\/ld+json\" class=\"yoast-schema-graph\">{\"@context\":\"https:\\\/\\\/schema.org\",\"@graph\":[{\"@type\":\"Article\",\"@id\":\"https:\\\/\\\/www.buhl.de\\\/vermieter-web\\\/staatlich-verordnete-modernisierung-erlaubt-keine-mieterhoehung\\\/#article\",\"isPartOf\":{\"@id\":\"https:\\\/\\\/www.buhl.de\\\/vermieter-web\\\/staatlich-verordnete-modernisierung-erlaubt-keine-mieterhoehung\\\/\"},\"author\":{\"name\":\"Hartmut Fischer\",\"@id\":\"https:\\\/\\\/www.buhl.de\\\/vermieter-web\\\/#\\\/schema\\\/person\\\/82903e1cb04eb553382702d503991b4f\"},\"headline\":\"Staatlich verordnete Modernisierung erlaubt keine Mieterh\u00f6hung\",\"datePublished\":\"2021-10-17T05:44:16+00:00\",\"mainEntityOfPage\":{\"@id\":\"https:\\\/\\\/www.buhl.de\\\/vermieter-web\\\/staatlich-verordnete-modernisierung-erlaubt-keine-mieterhoehung\\\/\"},\"wordCount\":164,\"image\":{\"@id\":\"https:\\\/\\\/www.buhl.de\\\/vermieter-web\\\/staatlich-verordnete-modernisierung-erlaubt-keine-mieterhoehung\\\/#primaryimage\"},\"thumbnailUrl\":\"https:\\\/\\\/www.buhl.de\\\/vermieter-web\\\/wp-content\\\/uploads\\\/sites\\\/33\\\/2021\\\/01\\\/shutterstock_570912160.jpg\",\"keywords\":[\"Gesetz\",\"Modernisierung\",\"Vorschrift\"],\"inLanguage\":\"de\"},{\"@type\":\"WebPage\",\"@id\":\"https:\\\/\\\/www.buhl.de\\\/vermieter-web\\\/staatlich-verordnete-modernisierung-erlaubt-keine-mieterhoehung\\\/\",\"url\":\"https:\\\/\\\/www.buhl.de\\\/vermieter-web\\\/staatlich-verordnete-modernisierung-erlaubt-keine-mieterhoehung\\\/\",\"name\":\"Gesetzlich geforderte Modernisierungen erlauben keine Mieterh\u00f6hung\",\"isPartOf\":{\"@id\":\"https:\\\/\\\/www.buhl.de\\\/vermieter-web\\\/#website\"},\"primaryImageOfPage\":{\"@id\":\"https:\\\/\\\/www.buhl.de\\\/vermieter-web\\\/staatlich-verordnete-modernisierung-erlaubt-keine-mieterhoehung\\\/#primaryimage\"},\"image\":{\"@id\":\"https:\\\/\\\/www.buhl.de\\\/vermieter-web\\\/staatlich-verordnete-modernisierung-erlaubt-keine-mieterhoehung\\\/#primaryimage\"},\"thumbnailUrl\":\"https:\\\/\\\/www.buhl.de\\\/vermieter-web\\\/wp-content\\\/uploads\\\/sites\\\/33\\\/2021\\\/01\\\/shutterstock_570912160.jpg\",\"datePublished\":\"2021-10-17T05:44:16+00:00\",\"author\":{\"@id\":\"https:\\\/\\\/www.buhl.de\\\/vermieter-web\\\/#\\\/schema\\\/person\\\/82903e1cb04eb553382702d503991b4f\"},\"description\":\"Wird eine Mieterh\u00f6hung aufgrund gesetzliche Vorgaben notwendig, kann daf\u00fcr keine Modsernisierungs-Mieterh\u00f6hung durchgesetzt werden.\",\"breadcrumb\":{\"@id\":\"https:\\\/\\\/www.buhl.de\\\/vermieter-web\\\/staatlich-verordnete-modernisierung-erlaubt-keine-mieterhoehung\\\/#breadcrumb\"},\"inLanguage\":\"de\",\"potentialAction\":[{\"@type\":\"ReadAction\",\"target\":[\"https:\\\/\\\/www.buhl.de\\\/vermieter-web\\\/staatlich-verordnete-modernisierung-erlaubt-keine-mieterhoehung\\\/\"]}]},{\"@type\":\"ImageObject\",\"inLanguage\":\"de\",\"@id\":\"https:\\\/\\\/www.buhl.de\\\/vermieter-web\\\/staatlich-verordnete-modernisierung-erlaubt-keine-mieterhoehung\\\/#primaryimage\",\"url\":\"https:\\\/\\\/www.buhl.de\\\/vermieter-web\\\/wp-content\\\/uploads\\\/sites\\\/33\\\/2021\\\/01\\\/shutterstock_570912160.jpg\",\"contentUrl\":\"https:\\\/\\\/www.buhl.de\\\/vermieter-web\\\/wp-content\\\/uploads\\\/sites\\\/33\\\/2021\\\/01\\\/shutterstock_570912160.jpg\",\"width\":840,\"height\":420},{\"@type\":\"BreadcrumbList\",\"@id\":\"https:\\\/\\\/www.buhl.de\\\/vermieter-web\\\/staatlich-verordnete-modernisierung-erlaubt-keine-mieterhoehung\\\/#breadcrumb\",\"itemListElement\":[{\"@type\":\"ListItem\",\"position\":1,\"name\":\"Startseite\",\"item\":\"https:\\\/\\\/www.buhl.de\\\/vermieter-web\\\/\"},{\"@type\":\"ListItem\",\"position\":2,\"name\":\"Staatlich verordnete Modernisierung erlaubt keine Mieterh\u00f6hung\"}]},{\"@type\":\"WebSite\",\"@id\":\"https:\\\/\\\/www.buhl.de\\\/vermieter-web\\\/#website\",\"url\":\"https:\\\/\\\/www.buhl.de\\\/vermieter-web\\\/\",\"name\":\"Online-Nebenkostenabrechnung mit WISO Vermieter-Web\",\"description\":\"\",\"potentialAction\":[{\"@type\":\"SearchAction\",\"target\":{\"@type\":\"EntryPoint\",\"urlTemplate\":\"https:\\\/\\\/www.buhl.de\\\/vermieter-web\\\/?s={search_term_string}\"},\"query-input\":{\"@type\":\"PropertyValueSpecification\",\"valueRequired\":true,\"valueName\":\"search_term_string\"}}],\"inLanguage\":\"de\"},{\"@type\":\"Person\",\"@id\":\"https:\\\/\\\/www.buhl.de\\\/vermieter-web\\\/#\\\/schema\\\/person\\\/82903e1cb04eb553382702d503991b4f\",\"name\":\"Hartmut Fischer\"}]}<\/script>\n<!-- \/ Yoast SEO Premium plugin. -->","yoast_head_json":{"title":"Gesetzlich geforderte Modernisierungen erlauben keine Mieterh\u00f6hung","description":"Wird eine Mieterh\u00f6hung aufgrund gesetzliche Vorgaben notwendig, kann daf\u00fcr keine Modsernisierungs-Mieterh\u00f6hung durchgesetzt werden.","robots":{"index":"noindex","follow":"nofollow"},"og_locale":"de_DE","og_type":"article","og_title":"Staatlich verordnete Modernisierung erlaubt keine Mieterh\u00f6hung","og_description":"Wird eine Mieterh\u00f6hung aufgrund gesetzliche Vorgaben notwendig, kann daf\u00fcr keine Modsernisierungs-Mieterh\u00f6hung durchgesetzt werden.","og_url":"https:\/\/www.buhl.de\/vermieter-web\/staatlich-verordnete-modernisierung-erlaubt-keine-mieterhoehung\/","og_site_name":"Online-Nebenkostenabrechnung mit WISO Vermieter-Web","article_published_time":"2021-10-17T05:44:16+00:00","og_image":[{"width":840,"height":420,"url":"https:\/\/www.buhl.de\/vermieter-web\/wp-content\/uploads\/sites\/33\/2021\/01\/shutterstock_570912160.jpg","type":"image\/jpeg"}],"author":"Hartmut Fischer","twitter_card":"summary_large_image","twitter_misc":{"Verfasst von":"Hartmut Fischer","Gesch\u00e4tzte Lesezeit":"1\u00a0Minute"},"schema":{"@context":"https:\/\/schema.org","@graph":[{"@type":"Article","@id":"https:\/\/www.buhl.de\/vermieter-web\/staatlich-verordnete-modernisierung-erlaubt-keine-mieterhoehung\/#article","isPartOf":{"@id":"https:\/\/www.buhl.de\/vermieter-web\/staatlich-verordnete-modernisierung-erlaubt-keine-mieterhoehung\/"},"author":{"name":"Hartmut Fischer","@id":"https:\/\/www.buhl.de\/vermieter-web\/#\/schema\/person\/82903e1cb04eb553382702d503991b4f"},"headline":"Staatlich verordnete Modernisierung erlaubt keine Mieterh\u00f6hung","datePublished":"2021-10-17T05:44:16+00:00","mainEntityOfPage":{"@id":"https:\/\/www.buhl.de\/vermieter-web\/staatlich-verordnete-modernisierung-erlaubt-keine-mieterhoehung\/"},"wordCount":164,"image":{"@id":"https:\/\/www.buhl.de\/vermieter-web\/staatlich-verordnete-modernisierung-erlaubt-keine-mieterhoehung\/#primaryimage"},"thumbnailUrl":"https:\/\/www.buhl.de\/vermieter-web\/wp-content\/uploads\/sites\/33\/2021\/01\/shutterstock_570912160.jpg","keywords":["Gesetz","Modernisierung","Vorschrift"],"inLanguage":"de"},{"@type":"WebPage","@id":"https:\/\/www.buhl.de\/vermieter-web\/staatlich-verordnete-modernisierung-erlaubt-keine-mieterhoehung\/","url":"https:\/\/www.buhl.de\/vermieter-web\/staatlich-verordnete-modernisierung-erlaubt-keine-mieterhoehung\/","name":"Gesetzlich geforderte Modernisierungen erlauben keine Mieterh\u00f6hung","isPartOf":{"@id":"https:\/\/www.buhl.de\/vermieter-web\/#website"},"primaryImageOfPage":{"@id":"https:\/\/www.buhl.de\/vermieter-web\/staatlich-verordnete-modernisierung-erlaubt-keine-mieterhoehung\/#primaryimage"},"image":{"@id":"https:\/\/www.buhl.de\/vermieter-web\/staatlich-verordnete-modernisierung-erlaubt-keine-mieterhoehung\/#primaryimage"},"thumbnailUrl":"https:\/\/www.buhl.de\/vermieter-web\/wp-content\/uploads\/sites\/33\/2021\/01\/shutterstock_570912160.jpg","datePublished":"2021-10-17T05:44:16+00:00","author":{"@id":"https:\/\/www.buhl.de\/vermieter-web\/#\/schema\/person\/82903e1cb04eb553382702d503991b4f"},"description":"Wird eine Mieterh\u00f6hung aufgrund gesetzliche Vorgaben notwendig, kann daf\u00fcr keine Modsernisierungs-Mieterh\u00f6hung durchgesetzt werden.","breadcrumb":{"@id":"https:\/\/www.buhl.de\/vermieter-web\/staatlich-verordnete-modernisierung-erlaubt-keine-mieterhoehung\/#breadcrumb"},"inLanguage":"de","potentialAction":[{"@type":"ReadAction","target":["https:\/\/www.buhl.de\/vermieter-web\/staatlich-verordnete-modernisierung-erlaubt-keine-mieterhoehung\/"]}]},{"@type":"ImageObject","inLanguage":"de","@id":"https:\/\/www.buhl.de\/vermieter-web\/staatlich-verordnete-modernisierung-erlaubt-keine-mieterhoehung\/#primaryimage","url":"https:\/\/www.buhl.de\/vermieter-web\/wp-content\/uploads\/sites\/33\/2021\/01\/shutterstock_570912160.jpg","contentUrl":"https:\/\/www.buhl.de\/vermieter-web\/wp-content\/uploads\/sites\/33\/2021\/01\/shutterstock_570912160.jpg","width":840,"height":420},{"@type":"BreadcrumbList","@id":"https:\/\/www.buhl.de\/vermieter-web\/staatlich-verordnete-modernisierung-erlaubt-keine-mieterhoehung\/#breadcrumb","itemListElement":[{"@type":"ListItem","position":1,"name":"Startseite","item":"https:\/\/www.buhl.de\/vermieter-web\/"},{"@type":"ListItem","position":2,"name":"Staatlich verordnete Modernisierung erlaubt keine Mieterh\u00f6hung"}]},{"@type":"WebSite","@id":"https:\/\/www.buhl.de\/vermieter-web\/#website","url":"https:\/\/www.buhl.de\/vermieter-web\/","name":"Online-Nebenkostenabrechnung mit WISO Vermieter-Web","description":"","potentialAction":[{"@type":"SearchAction","target":{"@type":"EntryPoint","urlTemplate":"https:\/\/www.buhl.de\/vermieter-web\/?s={search_term_string}"},"query-input":{"@type":"PropertyValueSpecification","valueRequired":true,"valueName":"search_term_string"}}],"inLanguage":"de"},{"@type":"Person","@id":"https:\/\/www.buhl.de\/vermieter-web\/#\/schema\/person\/82903e1cb04eb553382702d503991b4f","name":"Hartmut Fischer"}]}},"_links":{"self":[{"href":"https:\/\/www.buhl.de\/vermieter-web\/wp-json\/wp\/v2\/posts\/14034","targetHints":{"allow":["GET"]}}],"collection":[{"href":"https:\/\/www.buhl.de\/vermieter-web\/wp-json\/wp\/v2\/posts"}],"about":[{"href":"https:\/\/www.buhl.de\/vermieter-web\/wp-json\/wp\/v2\/types\/post"}],"author":[{"embeddable":true,"href":"https:\/\/www.buhl.de\/vermieter-web\/wp-json\/wp\/v2\/users\/15"}],"replies":[{"embeddable":true,"href":"https:\/\/www.buhl.de\/vermieter-web\/wp-json\/wp\/v2\/comments?post=14034"}],"version-history":[{"count":1,"href":"https:\/\/www.buhl.de\/vermieter-web\/wp-json\/wp\/v2\/posts\/14034\/revisions"}],"predecessor-version":[{"id":14036,"href":"https:\/\/www.buhl.de\/vermieter-web\/wp-json\/wp\/v2\/posts\/14034\/revisions\/14036"}],"wp:featuredmedia":[{"embeddable":true,"href":"https:\/\/www.buhl.de\/vermieter-web\/wp-json\/wp\/v2\/media\/13316"}],"wp:attachment":[{"href":"https:\/\/www.buhl.de\/vermieter-web\/wp-json\/wp\/v2\/media?parent=14034"}],"wp:term":[{"taxonomy":"category","embeddable":true,"href":"https:\/\/www.buhl.de\/vermieter-web\/wp-json\/wp\/v2\/categories?post=14034"},{"taxonomy":"post_tag","embeddable":true,"href":"https:\/\/www.buhl.de\/vermieter-web\/wp-json\/wp\/v2\/tags?post=14034"}],"curies":[{"name":"wp","href":"https:\/\/api.w.org\/{rel}","templated":true}]}}