{"id":14128,"date":"2021-11-26T16:33:24","date_gmt":"2021-11-26T15:33:24","guid":{"rendered":"https:\/\/www.buhl.de\/vermieter-web\/?p=14128"},"modified":"2021-11-26T16:33:24","modified_gmt":"2021-11-26T15:33:24","slug":"pruefungsordnung-fuer-zertifizierten-verwalter-kommt","status":"publish","type":"post","link":"https:\/\/www.buhl.de\/vermieter-web\/pruefungsordnung-fuer-zertifizierten-verwalter-kommt\/","title":{"rendered":"Pr\u00fcfungsordnung f\u00fcr zertifizierten Verwalter kommt"},"content":{"rendered":"<p>Am 26.11.2021 hat der Bundesrat einer Regierungsverordnung zugestimmt, die die Pr\u00fcfung zum zertifizierten Verwalter nach dem Wohnungseigentumsgesetz WEG regelt. Allerdings ist die Zustimmung an Bedingungen gekn\u00fcpft. Setzt die Bundesregierung diese \u00c4nderungen um, kann sie die Verordnung wie geplant am Tag nach der Verk\u00fcndung in Kraft setzen.<\/p>\n<h5><strong>Nachweis bei IHK<\/strong><\/h5>\n<p>Rechtsgrundlage f\u00fcr die Verordnung ist die von Bundestag und Bundesrat beschlossene Reform des WEG (\/Wohneigentumsgesetz) vom Oktober 2020, die seit Dezember 2020 gilt. Sie gibt allen Wohnungseigent\u00fcmerinnen und Wohnungseigent\u00fcmern den Anspruch auf Bestellung eines zertifizierten Verwalters. Dieser muss vor einer Industrie- und Handelskammer durch eine Pr\u00fcfung nachgewiesen haben, dass er oder sie \u00fcber die notwendigen rechtlichen, kaufm\u00e4nnischen und technischen Voraussetzungen verf\u00fcgt.<\/p>\n<h5><strong>Bundeseinheitliche Vorgaben f\u00fcr Zertifikat<\/strong><\/h5>\n<p>Um die einheitliche Qualit\u00e4t der Zertifizierung sicherzustellen, sieht die Verordnung bundesweite Regeln f\u00fcr das Pr\u00fcfungsverfahren und die Pr\u00fcfungsgegenst\u00e4nde vor, zudem Ausnahmen von Pr\u00fcfungspflicht f\u00fcr Personen, die bestimmte Qualifikationen bereits haben. Ziel ist es, den Industrie- und Handelskammern einen konkreten Rahmen f\u00fcr die Ausgestaltung des Zertifizierungsverfahrens im Detail zu geben.<\/p>\n<h5><strong>Verk\u00fcndung &#8211; Inkrafttreten<\/strong><\/h5>\n<p>Die Verordnung soll am Tag nach der Verk\u00fcndung in Kraft treten. Wann dies geschieht, bestimmt die Bundesregierung, denn sie organisiert die Ver\u00f6ffentlichung.<\/p>\n<hr \/>\n<h5>das k\u00f6nnte sie auch interessieren:<\/h5>\n<p><a href=\"https:\/\/www.buhl.de\/vermieter-web\/bundesrat-stimmt-neuer-verordnung-zur-heizkostenabrechnung-zu\/\">Bundesrat stimmt neuer Verordnung zur Heizkostenabrechnung zu<\/a><br \/>\n<a href=\"https:\/\/www.buhl.de\/vermieter-web\/bundestag-beschliesst-mitspiegelpflicht-ab-2023-24\/\">Bundestag beschlie\u00dft Mitspiegelpflicht ab 2023\/24<\/a><\/p>\n<hr \/>\n<p>&nbsp;<\/p>\n","protected":false},"excerpt":{"rendered":"<p>Am 26.11.2021 hat der Bundesrat einer Regierungsverordnung zugestimmt, die die Pr\u00fcfung zum zertifizierten Verwalter nach dem Wohnungseigentumsgesetz WEG regelt. Allerdings ist die Zustimmung an Bedingungen gekn\u00fcpft. Setzt die Bundesregierung diese \u00c4nderungen um, kann sie die Verordnung wie geplant am Tag nach der Verk\u00fcndung in Kraft setzen. Nachweis bei IHK Rechtsgrundlage f\u00fcr die Verordnung ist die &hellip; <\/p>\n<p class=\"link-more\"><a href=\"https:\/\/www.buhl.de\/vermieter-web\/pruefungsordnung-fuer-zertifizierten-verwalter-kommt\/\" class=\"more-link\"><span class=\"screen-reader-text\">\u201ePr\u00fcfungsordnung f\u00fcr zertifizierten Verwalter kommt\u201c<\/span> weiterlesen<\/a><\/p>\n","protected":false},"author":15,"featured_media":14130,"comment_status":"closed","ping_status":"open","sticky":false,"template":"","format":"standard","meta":{"footnotes":""},"categories":[1],"tags":[5720,607,392,5721],"class_list":["post-14128","post","type-post","status-publish","format-standard","has-post-thumbnail","hentry","category-allgemein","tag-bundesrat","tag-verwalter","tag-weg","tag-zertifiziert"],"yoast_head":"<!-- This site is optimized with the Yoast SEO Premium plugin v27.4 (Yoast SEO v27.5) - https:\/\/yoast.com\/product\/yoast-seo-premium-wordpress\/ -->\n<title>Pr\u00fcfungsordnung f\u00fcr zertifizierten Verwalter kommt - Online-Nebenkostenabrechnung mit WISO Vermieter-Web<\/title>\n<meta name=\"robots\" content=\"noindex, nofollow\" \/>\n<meta property=\"og:locale\" content=\"de_DE\" \/>\n<meta property=\"og:type\" content=\"article\" \/>\n<meta property=\"og:title\" content=\"Pr\u00fcfungsordnung f\u00fcr zertifizierten Verwalter kommt\" \/>\n<meta property=\"og:description\" content=\"Am 26.11.2021 hat der Bundesrat einer Regierungsverordnung zugestimmt, die die Pr\u00fcfung zum zertifizierten Verwalter nach dem Wohnungseigentumsgesetz WEG regelt. Allerdings ist die Zustimmung an Bedingungen gekn\u00fcpft. Setzt die Bundesregierung diese \u00c4nderungen um, kann sie die Verordnung wie geplant am Tag nach der Verk\u00fcndung in Kraft setzen. Nachweis bei IHK Rechtsgrundlage f\u00fcr die Verordnung ist die &hellip; \u201ePr\u00fcfungsordnung f\u00fcr zertifizierten Verwalter kommt\u201c weiterlesen\" \/>\n<meta property=\"og:url\" content=\"https:\/\/www.buhl.de\/vermieter-web\/pruefungsordnung-fuer-zertifizierten-verwalter-kommt\/\" \/>\n<meta property=\"og:site_name\" content=\"Online-Nebenkostenabrechnung mit WISO Vermieter-Web\" \/>\n<meta property=\"article:published_time\" content=\"2021-11-26T15:33:24+00:00\" \/>\n<meta property=\"og:image\" content=\"https:\/\/www.buhl.de\/vermieter-web\/wp-content\/uploads\/sites\/33\/2021\/11\/Eilmeldung.jpg\" \/>\n\t<meta property=\"og:image:width\" content=\"839\" \/>\n\t<meta property=\"og:image:height\" content=\"416\" \/>\n\t<meta property=\"og:image:type\" content=\"image\/jpeg\" \/>\n<meta name=\"author\" content=\"Hartmut Fischer\" \/>\n<meta name=\"twitter:card\" content=\"summary_large_image\" \/>\n<meta name=\"twitter:label1\" content=\"Verfasst von\" \/>\n\t<meta name=\"twitter:data1\" content=\"Hartmut Fischer\" \/>\n\t<meta name=\"twitter:label2\" content=\"Gesch\u00e4tzte Lesezeit\" \/>\n\t<meta name=\"twitter:data2\" content=\"1\u00a0Minute\" \/>\n<script type=\"application\/ld+json\" class=\"yoast-schema-graph\">{\"@context\":\"https:\\\/\\\/schema.org\",\"@graph\":[{\"@type\":\"Article\",\"@id\":\"https:\\\/\\\/www.buhl.de\\\/vermieter-web\\\/pruefungsordnung-fuer-zertifizierten-verwalter-kommt\\\/#article\",\"isPartOf\":{\"@id\":\"https:\\\/\\\/www.buhl.de\\\/vermieter-web\\\/pruefungsordnung-fuer-zertifizierten-verwalter-kommt\\\/\"},\"author\":{\"name\":\"Hartmut Fischer\",\"@id\":\"https:\\\/\\\/www.buhl.de\\\/vermieter-web\\\/#\\\/schema\\\/person\\\/82903e1cb04eb553382702d503991b4f\"},\"headline\":\"Pr\u00fcfungsordnung f\u00fcr zertifizierten Verwalter kommt\",\"datePublished\":\"2021-11-26T15:33:24+00:00\",\"mainEntityOfPage\":{\"@id\":\"https:\\\/\\\/www.buhl.de\\\/vermieter-web\\\/pruefungsordnung-fuer-zertifizierten-verwalter-kommt\\\/\"},\"wordCount\":232,\"image\":{\"@id\":\"https:\\\/\\\/www.buhl.de\\\/vermieter-web\\\/pruefungsordnung-fuer-zertifizierten-verwalter-kommt\\\/#primaryimage\"},\"thumbnailUrl\":\"https:\\\/\\\/www.buhl.de\\\/vermieter-web\\\/wp-content\\\/uploads\\\/sites\\\/33\\\/2021\\\/11\\\/Eilmeldung.jpg\",\"keywords\":[\"Bundesrat\",\"Verwalter\",\"WEG\",\"Zertifiziert\"],\"inLanguage\":\"de\"},{\"@type\":\"WebPage\",\"@id\":\"https:\\\/\\\/www.buhl.de\\\/vermieter-web\\\/pruefungsordnung-fuer-zertifizierten-verwalter-kommt\\\/\",\"url\":\"https:\\\/\\\/www.buhl.de\\\/vermieter-web\\\/pruefungsordnung-fuer-zertifizierten-verwalter-kommt\\\/\",\"name\":\"Pr\u00fcfungsordnung f\u00fcr zertifizierten Verwalter kommt - Online-Nebenkostenabrechnung mit WISO Vermieter-Web\",\"isPartOf\":{\"@id\":\"https:\\\/\\\/www.buhl.de\\\/vermieter-web\\\/#website\"},\"primaryImageOfPage\":{\"@id\":\"https:\\\/\\\/www.buhl.de\\\/vermieter-web\\\/pruefungsordnung-fuer-zertifizierten-verwalter-kommt\\\/#primaryimage\"},\"image\":{\"@id\":\"https:\\\/\\\/www.buhl.de\\\/vermieter-web\\\/pruefungsordnung-fuer-zertifizierten-verwalter-kommt\\\/#primaryimage\"},\"thumbnailUrl\":\"https:\\\/\\\/www.buhl.de\\\/vermieter-web\\\/wp-content\\\/uploads\\\/sites\\\/33\\\/2021\\\/11\\\/Eilmeldung.jpg\",\"datePublished\":\"2021-11-26T15:33:24+00:00\",\"author\":{\"@id\":\"https:\\\/\\\/www.buhl.de\\\/vermieter-web\\\/#\\\/schema\\\/person\\\/82903e1cb04eb553382702d503991b4f\"},\"breadcrumb\":{\"@id\":\"https:\\\/\\\/www.buhl.de\\\/vermieter-web\\\/pruefungsordnung-fuer-zertifizierten-verwalter-kommt\\\/#breadcrumb\"},\"inLanguage\":\"de\",\"potentialAction\":[{\"@type\":\"ReadAction\",\"target\":[\"https:\\\/\\\/www.buhl.de\\\/vermieter-web\\\/pruefungsordnung-fuer-zertifizierten-verwalter-kommt\\\/\"]}]},{\"@type\":\"ImageObject\",\"inLanguage\":\"de\",\"@id\":\"https:\\\/\\\/www.buhl.de\\\/vermieter-web\\\/pruefungsordnung-fuer-zertifizierten-verwalter-kommt\\\/#primaryimage\",\"url\":\"https:\\\/\\\/www.buhl.de\\\/vermieter-web\\\/wp-content\\\/uploads\\\/sites\\\/33\\\/2021\\\/11\\\/Eilmeldung.jpg\",\"contentUrl\":\"https:\\\/\\\/www.buhl.de\\\/vermieter-web\\\/wp-content\\\/uploads\\\/sites\\\/33\\\/2021\\\/11\\\/Eilmeldung.jpg\",\"width\":839,\"height\":416},{\"@type\":\"BreadcrumbList\",\"@id\":\"https:\\\/\\\/www.buhl.de\\\/vermieter-web\\\/pruefungsordnung-fuer-zertifizierten-verwalter-kommt\\\/#breadcrumb\",\"itemListElement\":[{\"@type\":\"ListItem\",\"position\":1,\"name\":\"Startseite\",\"item\":\"https:\\\/\\\/www.buhl.de\\\/vermieter-web\\\/\"},{\"@type\":\"ListItem\",\"position\":2,\"name\":\"Pr\u00fcfungsordnung f\u00fcr zertifizierten Verwalter kommt\"}]},{\"@type\":\"WebSite\",\"@id\":\"https:\\\/\\\/www.buhl.de\\\/vermieter-web\\\/#website\",\"url\":\"https:\\\/\\\/www.buhl.de\\\/vermieter-web\\\/\",\"name\":\"Online-Nebenkostenabrechnung mit WISO Vermieter-Web\",\"description\":\"\",\"potentialAction\":[{\"@type\":\"SearchAction\",\"target\":{\"@type\":\"EntryPoint\",\"urlTemplate\":\"https:\\\/\\\/www.buhl.de\\\/vermieter-web\\\/?s={search_term_string}\"},\"query-input\":{\"@type\":\"PropertyValueSpecification\",\"valueRequired\":true,\"valueName\":\"search_term_string\"}}],\"inLanguage\":\"de\"},{\"@type\":\"Person\",\"@id\":\"https:\\\/\\\/www.buhl.de\\\/vermieter-web\\\/#\\\/schema\\\/person\\\/82903e1cb04eb553382702d503991b4f\",\"name\":\"Hartmut Fischer\"}]}<\/script>\n<!-- \/ Yoast SEO Premium plugin. -->","yoast_head_json":{"title":"Pr\u00fcfungsordnung f\u00fcr zertifizierten Verwalter kommt - Online-Nebenkostenabrechnung mit WISO Vermieter-Web","robots":{"index":"noindex","follow":"nofollow"},"og_locale":"de_DE","og_type":"article","og_title":"Pr\u00fcfungsordnung f\u00fcr zertifizierten Verwalter kommt","og_description":"Am 26.11.2021 hat der Bundesrat einer Regierungsverordnung zugestimmt, die die Pr\u00fcfung zum zertifizierten Verwalter nach dem Wohnungseigentumsgesetz WEG regelt. Allerdings ist die Zustimmung an Bedingungen gekn\u00fcpft. Setzt die Bundesregierung diese \u00c4nderungen um, kann sie die Verordnung wie geplant am Tag nach der Verk\u00fcndung in Kraft setzen. Nachweis bei IHK Rechtsgrundlage f\u00fcr die Verordnung ist die &hellip; \u201ePr\u00fcfungsordnung f\u00fcr zertifizierten Verwalter kommt\u201c weiterlesen","og_url":"https:\/\/www.buhl.de\/vermieter-web\/pruefungsordnung-fuer-zertifizierten-verwalter-kommt\/","og_site_name":"Online-Nebenkostenabrechnung mit WISO Vermieter-Web","article_published_time":"2021-11-26T15:33:24+00:00","og_image":[{"width":839,"height":416,"url":"https:\/\/www.buhl.de\/vermieter-web\/wp-content\/uploads\/sites\/33\/2021\/11\/Eilmeldung.jpg","type":"image\/jpeg"}],"author":"Hartmut Fischer","twitter_card":"summary_large_image","twitter_misc":{"Verfasst von":"Hartmut Fischer","Gesch\u00e4tzte Lesezeit":"1\u00a0Minute"},"schema":{"@context":"https:\/\/schema.org","@graph":[{"@type":"Article","@id":"https:\/\/www.buhl.de\/vermieter-web\/pruefungsordnung-fuer-zertifizierten-verwalter-kommt\/#article","isPartOf":{"@id":"https:\/\/www.buhl.de\/vermieter-web\/pruefungsordnung-fuer-zertifizierten-verwalter-kommt\/"},"author":{"name":"Hartmut Fischer","@id":"https:\/\/www.buhl.de\/vermieter-web\/#\/schema\/person\/82903e1cb04eb553382702d503991b4f"},"headline":"Pr\u00fcfungsordnung f\u00fcr zertifizierten Verwalter kommt","datePublished":"2021-11-26T15:33:24+00:00","mainEntityOfPage":{"@id":"https:\/\/www.buhl.de\/vermieter-web\/pruefungsordnung-fuer-zertifizierten-verwalter-kommt\/"},"wordCount":232,"image":{"@id":"https:\/\/www.buhl.de\/vermieter-web\/pruefungsordnung-fuer-zertifizierten-verwalter-kommt\/#primaryimage"},"thumbnailUrl":"https:\/\/www.buhl.de\/vermieter-web\/wp-content\/uploads\/sites\/33\/2021\/11\/Eilmeldung.jpg","keywords":["Bundesrat","Verwalter","WEG","Zertifiziert"],"inLanguage":"de"},{"@type":"WebPage","@id":"https:\/\/www.buhl.de\/vermieter-web\/pruefungsordnung-fuer-zertifizierten-verwalter-kommt\/","url":"https:\/\/www.buhl.de\/vermieter-web\/pruefungsordnung-fuer-zertifizierten-verwalter-kommt\/","name":"Pr\u00fcfungsordnung f\u00fcr zertifizierten Verwalter kommt - Online-Nebenkostenabrechnung mit WISO Vermieter-Web","isPartOf":{"@id":"https:\/\/www.buhl.de\/vermieter-web\/#website"},"primaryImageOfPage":{"@id":"https:\/\/www.buhl.de\/vermieter-web\/pruefungsordnung-fuer-zertifizierten-verwalter-kommt\/#primaryimage"},"image":{"@id":"https:\/\/www.buhl.de\/vermieter-web\/pruefungsordnung-fuer-zertifizierten-verwalter-kommt\/#primaryimage"},"thumbnailUrl":"https:\/\/www.buhl.de\/vermieter-web\/wp-content\/uploads\/sites\/33\/2021\/11\/Eilmeldung.jpg","datePublished":"2021-11-26T15:33:24+00:00","author":{"@id":"https:\/\/www.buhl.de\/vermieter-web\/#\/schema\/person\/82903e1cb04eb553382702d503991b4f"},"breadcrumb":{"@id":"https:\/\/www.buhl.de\/vermieter-web\/pruefungsordnung-fuer-zertifizierten-verwalter-kommt\/#breadcrumb"},"inLanguage":"de","potentialAction":[{"@type":"ReadAction","target":["https:\/\/www.buhl.de\/vermieter-web\/pruefungsordnung-fuer-zertifizierten-verwalter-kommt\/"]}]},{"@type":"ImageObject","inLanguage":"de","@id":"https:\/\/www.buhl.de\/vermieter-web\/pruefungsordnung-fuer-zertifizierten-verwalter-kommt\/#primaryimage","url":"https:\/\/www.buhl.de\/vermieter-web\/wp-content\/uploads\/sites\/33\/2021\/11\/Eilmeldung.jpg","contentUrl":"https:\/\/www.buhl.de\/vermieter-web\/wp-content\/uploads\/sites\/33\/2021\/11\/Eilmeldung.jpg","width":839,"height":416},{"@type":"BreadcrumbList","@id":"https:\/\/www.buhl.de\/vermieter-web\/pruefungsordnung-fuer-zertifizierten-verwalter-kommt\/#breadcrumb","itemListElement":[{"@type":"ListItem","position":1,"name":"Startseite","item":"https:\/\/www.buhl.de\/vermieter-web\/"},{"@type":"ListItem","position":2,"name":"Pr\u00fcfungsordnung f\u00fcr zertifizierten Verwalter kommt"}]},{"@type":"WebSite","@id":"https:\/\/www.buhl.de\/vermieter-web\/#website","url":"https:\/\/www.buhl.de\/vermieter-web\/","name":"Online-Nebenkostenabrechnung mit WISO Vermieter-Web","description":"","potentialAction":[{"@type":"SearchAction","target":{"@type":"EntryPoint","urlTemplate":"https:\/\/www.buhl.de\/vermieter-web\/?s={search_term_string}"},"query-input":{"@type":"PropertyValueSpecification","valueRequired":true,"valueName":"search_term_string"}}],"inLanguage":"de"},{"@type":"Person","@id":"https:\/\/www.buhl.de\/vermieter-web\/#\/schema\/person\/82903e1cb04eb553382702d503991b4f","name":"Hartmut Fischer"}]}},"_links":{"self":[{"href":"https:\/\/www.buhl.de\/vermieter-web\/wp-json\/wp\/v2\/posts\/14128","targetHints":{"allow":["GET"]}}],"collection":[{"href":"https:\/\/www.buhl.de\/vermieter-web\/wp-json\/wp\/v2\/posts"}],"about":[{"href":"https:\/\/www.buhl.de\/vermieter-web\/wp-json\/wp\/v2\/types\/post"}],"author":[{"embeddable":true,"href":"https:\/\/www.buhl.de\/vermieter-web\/wp-json\/wp\/v2\/users\/15"}],"replies":[{"embeddable":true,"href":"https:\/\/www.buhl.de\/vermieter-web\/wp-json\/wp\/v2\/comments?post=14128"}],"version-history":[{"count":1,"href":"https:\/\/www.buhl.de\/vermieter-web\/wp-json\/wp\/v2\/posts\/14128\/revisions"}],"predecessor-version":[{"id":14131,"href":"https:\/\/www.buhl.de\/vermieter-web\/wp-json\/wp\/v2\/posts\/14128\/revisions\/14131"}],"wp:featuredmedia":[{"embeddable":true,"href":"https:\/\/www.buhl.de\/vermieter-web\/wp-json\/wp\/v2\/media\/14130"}],"wp:attachment":[{"href":"https:\/\/www.buhl.de\/vermieter-web\/wp-json\/wp\/v2\/media?parent=14128"}],"wp:term":[{"taxonomy":"category","embeddable":true,"href":"https:\/\/www.buhl.de\/vermieter-web\/wp-json\/wp\/v2\/categories?post=14128"},{"taxonomy":"post_tag","embeddable":true,"href":"https:\/\/www.buhl.de\/vermieter-web\/wp-json\/wp\/v2\/tags?post=14128"}],"curies":[{"name":"wp","href":"https:\/\/api.w.org\/{rel}","templated":true}]}}