{"id":14132,"date":"2021-11-29T14:47:12","date_gmt":"2021-11-29T13:47:12","guid":{"rendered":"https:\/\/www.buhl.de\/vermieter-web\/?p=14132"},"modified":"2021-11-29T14:47:12","modified_gmt":"2021-11-29T13:47:12","slug":"was-bringt-die-ampel","status":"publish","type":"post","link":"https:\/\/www.buhl.de\/vermieter-web\/was-bringt-die-ampel\/","title":{"rendered":"Was bringt die \u201eAmpel\u201d"},"content":{"rendered":"<p><strong>Der Koalitionsvertrag zwischen SPD, Gr\u00fcne und FDP steht. Man kann davon ausgehen, dass der 178 Seiten umfassende Plan f\u00fcr die n\u00e4chsten Jahre auch von den Parteigremien genehmigt wird. Der Vertrag, der unter dem Motto \u201eMehr Fortschritt wagen\u201c steht, enth\u00e4lt auch einige Punkte, die f\u00fcr Immobilien-Eigent\u00fcmer wichtig sind.<\/strong><\/p>\n<h5><strong>Ministerium f\u00fcr Bauen und Wohnen<\/strong><\/h5>\n<p>Zur neuen Regierung geh\u00f6rt auch ein neu geschaffenes Ministerium f\u00fcr Bauen und Wohnen. Das Ministerium wird von einem SPD-Mitglied geleitet werden. Wer neue Ministerin oder neuer Minister werden wird, steht noch nicht fest. Allerdings scheint die bisherige Umweltministerin Svenja Schulze beste Aussichten auf diese Position zu haben.<\/p>\n<h5><strong>Ausreichend Wohnraum schaffen<\/strong><\/h5>\n<p>Die Ampelparteien haben sich im Koalitionsvertrag dahingehend festgelegt, dass sie pro Jahr 400.000 neue Wohnungen schaffen wollen. 100.000 sollen durch \u00f6ffentliche Mittel gef\u00f6rdert werden. Das Engagement des Bundes im sozialen Wohnungsbau soll nicht nur weitergef\u00fchrt, sondern auch finanziell verst\u00e4rkt werden. Auch die soziale Eigenheimf\u00f6rderung wird dabei eine betr\u00e4chtliche Rolle spielen. Im Vertrag hei\u00dft es dazu:<\/p>\n<p>\u201eWir werden zeitnah eine neue Wohngemeinn\u00fctzigkeit mit steuerlicher F\u00f6rderung und Investitionszulagen auf den Weg bringen und so eine neue Dynamik in den Bau und die dauerhafte Sozialbindung bezahlbaren Wohnraums erzeugen. Sie soll nach den Grunds\u00e4tzen der Wirtschaftlichkeit die Struktur der etablierten Wohnungswirtschaft erg\u00e4nzen, ohne diese zu benachteiligen.\u201c<\/p>\n<h5><strong>Altersgerechtes Wohnen<\/strong><\/h5>\n<p>Die neue Regierung will auch den Neu- und Umbau von altersgerechten bzw. barrierearmen Wohnungen verst\u00e4rkt f\u00f6rdern. Hierf\u00fcr sollen die Mittel des entsprechenden\u00a0 KfW-Programms aufgestockt werden.<\/p>\n<h5><strong>Baukosten senken<\/strong><\/h5>\n<p>Au\u00dferdem will die Ampel-Koalition dazu beitragen, dass die Baukosten gemindert werden. Hierzu soll serielles Bauen gef\u00f6rdert werden und im Genehmigungsverfahren die Digitalisierung, Entb\u00fcrokratisierung und Standardisierung vorangetrieben werden. Gleichzeitig soll die lineare Abschreibung bei Wohnungsneubauten von 2 auf 3 % erh\u00f6ht werden.<\/p>\n<h5><strong>Umweltschutz<\/strong><\/h5>\n<p>Nat\u00fcrlich spielen die hochgesteckten Ziele im Bereich des Umweltschutzes auch hier eine dominante Rolle. In einem Klimaschutzsofortprogramm soll nach dem Auslaufen der KfW-55-F\u00f6rderung ein neues F\u00f6rderprogramm f\u00fcr Wohnungsneubauten eingef\u00fchrt werden. Dieses Programm stellt die Treibhausgasemissionen (THG-Emissionen) in den Mittelpunkt der F\u00f6rderung.<\/p>\n<p>Ab 2024 werden f\u00fcr wesentliche Ausbauten, Umbauten und Erweiterungen von Bestandsgeb\u00e4uden im GEG (Geb\u00e4udeenergiegesetz) die Standards so angepasst, dass die auszutauschenden Teile dem EH 70 (KfW Effizienzhaus 70) entsprechen.<\/p>\n<p>Gleichzeitig soll das GEG wie folgt angepasst werden: Ab 2025 sollen alle neu installierten Heizungen so ausgestaltet sein, dass sie auf der Basis von 65 % erneuerbarer Energien betrieben werden.<\/p>\n<p>&nbsp;<\/p>\n","protected":false},"excerpt":{"rendered":"<p>Der Koalitionsvertrag zwischen SPD, Gr\u00fcne und FDP steht. Man kann davon ausgehen, dass der 178 Seiten umfassende Plan f\u00fcr die n\u00e4chsten Jahre auch von den Parteigremien genehmigt wird. Der Vertrag, der unter dem Motto \u201eMehr Fortschritt wagen\u201c steht, enth\u00e4lt auch einige Punkte, die f\u00fcr Immobilien-Eigent\u00fcmer wichtig sind. Ministerium f\u00fcr Bauen und Wohnen Zur neuen Regierung &hellip; <\/p>\n<p class=\"link-more\"><a href=\"https:\/\/www.buhl.de\/vermieter-web\/was-bringt-die-ampel\/\" class=\"more-link\"><span class=\"screen-reader-text\">\u201eWas bringt die \u201eAmpel\u201d\u201c<\/span> weiterlesen<\/a><\/p>\n","protected":false},"author":15,"featured_media":14134,"comment_status":"closed","ping_status":"open","sticky":false,"template":"","format":"standard","meta":{"footnotes":""},"categories":[1],"tags":[5723,5722,593],"class_list":["post-14132","post","type-post","status-publish","format-standard","has-post-thumbnail","hentry","category-allgemein","tag-ampel","tag-koalition","tag-koalitionsvertrag"],"yoast_head":"<!-- This site is optimized with the Yoast SEO Premium plugin v27.4 (Yoast SEO v27.5) - https:\/\/yoast.com\/product\/yoast-seo-premium-wordpress\/ -->\n<title>Was bringt die &quot;Ampel&quot; den Hausbesitzern und -bauherren<\/title>\n<meta name=\"description\" content=\"Im Koalitionsvertrag von SPD, FDP und Gr\u00fcnen befinden sich auch einige Punkte, die f\u00fcr Immobilieneigent\u00fcmer oder Bauherren wichtig sind.\" \/>\n<meta name=\"robots\" content=\"noindex, nofollow\" \/>\n<meta property=\"og:locale\" content=\"de_DE\" \/>\n<meta property=\"og:type\" content=\"article\" \/>\n<meta property=\"og:title\" content=\"Was bringt die \u201eAmpel\u201d\" \/>\n<meta property=\"og:description\" content=\"Im Koalitionsvertrag von SPD, FDP und Gr\u00fcnen befinden sich auch einige Punkte, die f\u00fcr Immobilieneigent\u00fcmer oder Bauherren wichtig sind.\" \/>\n<meta property=\"og:url\" content=\"https:\/\/www.buhl.de\/vermieter-web\/was-bringt-die-ampel\/\" \/>\n<meta property=\"og:site_name\" content=\"Online-Nebenkostenabrechnung mit WISO Vermieter-Web\" \/>\n<meta property=\"article:published_time\" content=\"2021-11-29T13:47:12+00:00\" \/>\n<meta property=\"og:image\" content=\"https:\/\/www.buhl.de\/vermieter-web\/wp-content\/uploads\/sites\/33\/2021\/11\/shutterstock_2052542069.jpg\" \/>\n\t<meta property=\"og:image:width\" content=\"840\" \/>\n\t<meta property=\"og:image:height\" content=\"420\" \/>\n\t<meta property=\"og:image:type\" content=\"image\/jpeg\" \/>\n<meta name=\"author\" content=\"Hartmut Fischer\" \/>\n<meta name=\"twitter:card\" content=\"summary_large_image\" \/>\n<meta name=\"twitter:label1\" content=\"Verfasst von\" \/>\n\t<meta name=\"twitter:data1\" content=\"Hartmut Fischer\" \/>\n\t<meta name=\"twitter:label2\" content=\"Gesch\u00e4tzte Lesezeit\" \/>\n\t<meta name=\"twitter:data2\" content=\"2\u00a0Minuten\" \/>\n<script type=\"application\/ld+json\" class=\"yoast-schema-graph\">{\"@context\":\"https:\\\/\\\/schema.org\",\"@graph\":[{\"@type\":\"Article\",\"@id\":\"https:\\\/\\\/www.buhl.de\\\/vermieter-web\\\/was-bringt-die-ampel\\\/#article\",\"isPartOf\":{\"@id\":\"https:\\\/\\\/www.buhl.de\\\/vermieter-web\\\/was-bringt-die-ampel\\\/\"},\"author\":{\"name\":\"Hartmut Fischer\",\"@id\":\"https:\\\/\\\/www.buhl.de\\\/vermieter-web\\\/#\\\/schema\\\/person\\\/82903e1cb04eb553382702d503991b4f\"},\"headline\":\"Was bringt die \u201eAmpel\u201d\",\"datePublished\":\"2021-11-29T13:47:12+00:00\",\"mainEntityOfPage\":{\"@id\":\"https:\\\/\\\/www.buhl.de\\\/vermieter-web\\\/was-bringt-die-ampel\\\/\"},\"wordCount\":404,\"image\":{\"@id\":\"https:\\\/\\\/www.buhl.de\\\/vermieter-web\\\/was-bringt-die-ampel\\\/#primaryimage\"},\"thumbnailUrl\":\"https:\\\/\\\/www.buhl.de\\\/vermieter-web\\\/wp-content\\\/uploads\\\/sites\\\/33\\\/2021\\\/11\\\/shutterstock_2052542069.jpg\",\"keywords\":[\"Ampel\",\"Koalition\",\"Koalitionsvertrag\"],\"inLanguage\":\"de\"},{\"@type\":\"WebPage\",\"@id\":\"https:\\\/\\\/www.buhl.de\\\/vermieter-web\\\/was-bringt-die-ampel\\\/\",\"url\":\"https:\\\/\\\/www.buhl.de\\\/vermieter-web\\\/was-bringt-die-ampel\\\/\",\"name\":\"Was bringt die \\\"Ampel\\\" den Hausbesitzern und -bauherren\",\"isPartOf\":{\"@id\":\"https:\\\/\\\/www.buhl.de\\\/vermieter-web\\\/#website\"},\"primaryImageOfPage\":{\"@id\":\"https:\\\/\\\/www.buhl.de\\\/vermieter-web\\\/was-bringt-die-ampel\\\/#primaryimage\"},\"image\":{\"@id\":\"https:\\\/\\\/www.buhl.de\\\/vermieter-web\\\/was-bringt-die-ampel\\\/#primaryimage\"},\"thumbnailUrl\":\"https:\\\/\\\/www.buhl.de\\\/vermieter-web\\\/wp-content\\\/uploads\\\/sites\\\/33\\\/2021\\\/11\\\/shutterstock_2052542069.jpg\",\"datePublished\":\"2021-11-29T13:47:12+00:00\",\"author\":{\"@id\":\"https:\\\/\\\/www.buhl.de\\\/vermieter-web\\\/#\\\/schema\\\/person\\\/82903e1cb04eb553382702d503991b4f\"},\"description\":\"Im Koalitionsvertrag von SPD, FDP und Gr\u00fcnen befinden sich auch einige Punkte, die f\u00fcr Immobilieneigent\u00fcmer oder Bauherren wichtig sind.\",\"breadcrumb\":{\"@id\":\"https:\\\/\\\/www.buhl.de\\\/vermieter-web\\\/was-bringt-die-ampel\\\/#breadcrumb\"},\"inLanguage\":\"de\",\"potentialAction\":[{\"@type\":\"ReadAction\",\"target\":[\"https:\\\/\\\/www.buhl.de\\\/vermieter-web\\\/was-bringt-die-ampel\\\/\"]}]},{\"@type\":\"ImageObject\",\"inLanguage\":\"de\",\"@id\":\"https:\\\/\\\/www.buhl.de\\\/vermieter-web\\\/was-bringt-die-ampel\\\/#primaryimage\",\"url\":\"https:\\\/\\\/www.buhl.de\\\/vermieter-web\\\/wp-content\\\/uploads\\\/sites\\\/33\\\/2021\\\/11\\\/shutterstock_2052542069.jpg\",\"contentUrl\":\"https:\\\/\\\/www.buhl.de\\\/vermieter-web\\\/wp-content\\\/uploads\\\/sites\\\/33\\\/2021\\\/11\\\/shutterstock_2052542069.jpg\",\"width\":840,\"height\":420,\"caption\":\"3D illustration, Traffic light red, yellow, green. Symbolic image for a coalition of the SPD, FDP and the Greens.\"},{\"@type\":\"BreadcrumbList\",\"@id\":\"https:\\\/\\\/www.buhl.de\\\/vermieter-web\\\/was-bringt-die-ampel\\\/#breadcrumb\",\"itemListElement\":[{\"@type\":\"ListItem\",\"position\":1,\"name\":\"Startseite\",\"item\":\"https:\\\/\\\/www.buhl.de\\\/vermieter-web\\\/\"},{\"@type\":\"ListItem\",\"position\":2,\"name\":\"Was bringt die \u201eAmpel\u201d\"}]},{\"@type\":\"WebSite\",\"@id\":\"https:\\\/\\\/www.buhl.de\\\/vermieter-web\\\/#website\",\"url\":\"https:\\\/\\\/www.buhl.de\\\/vermieter-web\\\/\",\"name\":\"Online-Nebenkostenabrechnung mit WISO Vermieter-Web\",\"description\":\"\",\"potentialAction\":[{\"@type\":\"SearchAction\",\"target\":{\"@type\":\"EntryPoint\",\"urlTemplate\":\"https:\\\/\\\/www.buhl.de\\\/vermieter-web\\\/?s={search_term_string}\"},\"query-input\":{\"@type\":\"PropertyValueSpecification\",\"valueRequired\":true,\"valueName\":\"search_term_string\"}}],\"inLanguage\":\"de\"},{\"@type\":\"Person\",\"@id\":\"https:\\\/\\\/www.buhl.de\\\/vermieter-web\\\/#\\\/schema\\\/person\\\/82903e1cb04eb553382702d503991b4f\",\"name\":\"Hartmut Fischer\"}]}<\/script>\n<!-- \/ Yoast SEO Premium plugin. -->","yoast_head_json":{"title":"Was bringt die \"Ampel\" den Hausbesitzern und -bauherren","description":"Im Koalitionsvertrag von SPD, FDP und Gr\u00fcnen befinden sich auch einige Punkte, die f\u00fcr Immobilieneigent\u00fcmer oder Bauherren wichtig sind.","robots":{"index":"noindex","follow":"nofollow"},"og_locale":"de_DE","og_type":"article","og_title":"Was bringt die \u201eAmpel\u201d","og_description":"Im Koalitionsvertrag von SPD, FDP und Gr\u00fcnen befinden sich auch einige Punkte, die f\u00fcr Immobilieneigent\u00fcmer oder Bauherren wichtig sind.","og_url":"https:\/\/www.buhl.de\/vermieter-web\/was-bringt-die-ampel\/","og_site_name":"Online-Nebenkostenabrechnung mit WISO Vermieter-Web","article_published_time":"2021-11-29T13:47:12+00:00","og_image":[{"width":840,"height":420,"url":"https:\/\/www.buhl.de\/vermieter-web\/wp-content\/uploads\/sites\/33\/2021\/11\/shutterstock_2052542069.jpg","type":"image\/jpeg"}],"author":"Hartmut Fischer","twitter_card":"summary_large_image","twitter_misc":{"Verfasst von":"Hartmut Fischer","Gesch\u00e4tzte Lesezeit":"2\u00a0Minuten"},"schema":{"@context":"https:\/\/schema.org","@graph":[{"@type":"Article","@id":"https:\/\/www.buhl.de\/vermieter-web\/was-bringt-die-ampel\/#article","isPartOf":{"@id":"https:\/\/www.buhl.de\/vermieter-web\/was-bringt-die-ampel\/"},"author":{"name":"Hartmut Fischer","@id":"https:\/\/www.buhl.de\/vermieter-web\/#\/schema\/person\/82903e1cb04eb553382702d503991b4f"},"headline":"Was bringt die \u201eAmpel\u201d","datePublished":"2021-11-29T13:47:12+00:00","mainEntityOfPage":{"@id":"https:\/\/www.buhl.de\/vermieter-web\/was-bringt-die-ampel\/"},"wordCount":404,"image":{"@id":"https:\/\/www.buhl.de\/vermieter-web\/was-bringt-die-ampel\/#primaryimage"},"thumbnailUrl":"https:\/\/www.buhl.de\/vermieter-web\/wp-content\/uploads\/sites\/33\/2021\/11\/shutterstock_2052542069.jpg","keywords":["Ampel","Koalition","Koalitionsvertrag"],"inLanguage":"de"},{"@type":"WebPage","@id":"https:\/\/www.buhl.de\/vermieter-web\/was-bringt-die-ampel\/","url":"https:\/\/www.buhl.de\/vermieter-web\/was-bringt-die-ampel\/","name":"Was bringt die \"Ampel\" den Hausbesitzern und -bauherren","isPartOf":{"@id":"https:\/\/www.buhl.de\/vermieter-web\/#website"},"primaryImageOfPage":{"@id":"https:\/\/www.buhl.de\/vermieter-web\/was-bringt-die-ampel\/#primaryimage"},"image":{"@id":"https:\/\/www.buhl.de\/vermieter-web\/was-bringt-die-ampel\/#primaryimage"},"thumbnailUrl":"https:\/\/www.buhl.de\/vermieter-web\/wp-content\/uploads\/sites\/33\/2021\/11\/shutterstock_2052542069.jpg","datePublished":"2021-11-29T13:47:12+00:00","author":{"@id":"https:\/\/www.buhl.de\/vermieter-web\/#\/schema\/person\/82903e1cb04eb553382702d503991b4f"},"description":"Im Koalitionsvertrag von SPD, FDP und Gr\u00fcnen befinden sich auch einige Punkte, die f\u00fcr Immobilieneigent\u00fcmer oder Bauherren wichtig sind.","breadcrumb":{"@id":"https:\/\/www.buhl.de\/vermieter-web\/was-bringt-die-ampel\/#breadcrumb"},"inLanguage":"de","potentialAction":[{"@type":"ReadAction","target":["https:\/\/www.buhl.de\/vermieter-web\/was-bringt-die-ampel\/"]}]},{"@type":"ImageObject","inLanguage":"de","@id":"https:\/\/www.buhl.de\/vermieter-web\/was-bringt-die-ampel\/#primaryimage","url":"https:\/\/www.buhl.de\/vermieter-web\/wp-content\/uploads\/sites\/33\/2021\/11\/shutterstock_2052542069.jpg","contentUrl":"https:\/\/www.buhl.de\/vermieter-web\/wp-content\/uploads\/sites\/33\/2021\/11\/shutterstock_2052542069.jpg","width":840,"height":420,"caption":"3D illustration, Traffic light red, yellow, green. Symbolic image for a coalition of the SPD, FDP and the Greens."},{"@type":"BreadcrumbList","@id":"https:\/\/www.buhl.de\/vermieter-web\/was-bringt-die-ampel\/#breadcrumb","itemListElement":[{"@type":"ListItem","position":1,"name":"Startseite","item":"https:\/\/www.buhl.de\/vermieter-web\/"},{"@type":"ListItem","position":2,"name":"Was bringt die \u201eAmpel\u201d"}]},{"@type":"WebSite","@id":"https:\/\/www.buhl.de\/vermieter-web\/#website","url":"https:\/\/www.buhl.de\/vermieter-web\/","name":"Online-Nebenkostenabrechnung mit WISO Vermieter-Web","description":"","potentialAction":[{"@type":"SearchAction","target":{"@type":"EntryPoint","urlTemplate":"https:\/\/www.buhl.de\/vermieter-web\/?s={search_term_string}"},"query-input":{"@type":"PropertyValueSpecification","valueRequired":true,"valueName":"search_term_string"}}],"inLanguage":"de"},{"@type":"Person","@id":"https:\/\/www.buhl.de\/vermieter-web\/#\/schema\/person\/82903e1cb04eb553382702d503991b4f","name":"Hartmut Fischer"}]}},"_links":{"self":[{"href":"https:\/\/www.buhl.de\/vermieter-web\/wp-json\/wp\/v2\/posts\/14132","targetHints":{"allow":["GET"]}}],"collection":[{"href":"https:\/\/www.buhl.de\/vermieter-web\/wp-json\/wp\/v2\/posts"}],"about":[{"href":"https:\/\/www.buhl.de\/vermieter-web\/wp-json\/wp\/v2\/types\/post"}],"author":[{"embeddable":true,"href":"https:\/\/www.buhl.de\/vermieter-web\/wp-json\/wp\/v2\/users\/15"}],"replies":[{"embeddable":true,"href":"https:\/\/www.buhl.de\/vermieter-web\/wp-json\/wp\/v2\/comments?post=14132"}],"version-history":[{"count":1,"href":"https:\/\/www.buhl.de\/vermieter-web\/wp-json\/wp\/v2\/posts\/14132\/revisions"}],"predecessor-version":[{"id":14135,"href":"https:\/\/www.buhl.de\/vermieter-web\/wp-json\/wp\/v2\/posts\/14132\/revisions\/14135"}],"wp:featuredmedia":[{"embeddable":true,"href":"https:\/\/www.buhl.de\/vermieter-web\/wp-json\/wp\/v2\/media\/14134"}],"wp:attachment":[{"href":"https:\/\/www.buhl.de\/vermieter-web\/wp-json\/wp\/v2\/media?parent=14132"}],"wp:term":[{"taxonomy":"category","embeddable":true,"href":"https:\/\/www.buhl.de\/vermieter-web\/wp-json\/wp\/v2\/categories?post=14132"},{"taxonomy":"post_tag","embeddable":true,"href":"https:\/\/www.buhl.de\/vermieter-web\/wp-json\/wp\/v2\/tags?post=14132"}],"curies":[{"name":"wp","href":"https:\/\/api.w.org\/{rel}","templated":true}]}}