{"id":14136,"date":"2021-12-01T08:55:03","date_gmt":"2021-12-01T07:55:03","guid":{"rendered":"https:\/\/www.buhl.de\/vermieter-web\/?p=14136"},"modified":"2021-12-01T08:55:03","modified_gmt":"2021-12-01T07:55:03","slug":"ueberlassungskonzept-zur-untervermietung","status":"publish","type":"post","link":"https:\/\/www.buhl.de\/vermieter-web\/ueberlassungskonzept-zur-untervermietung\/","title":{"rendered":"\u00dcberlassungskonzept zur Untervermietung"},"content":{"rendered":"<p><strong>Normalerweise ist es gar nicht so einfach, einem Mieter die Zustimmung zur Untervermietung zu verweigern. Allerdings hat der Vermieter vor seiner Zustimmung das Recht, vom Mieter ein r\u00e4umliches \u00dcberlassungskonzept zu verlangen. Darin muss angegeben werden, welche R\u00e4ume untervermietet werden sollen \u2013 zumindest bei kleinen und aufgrund der Raumaufteilung zur Teiluntervermietung nicht geeignete Wohnungen. Zu diesem Ergebnis kam das Landgericht Berlin in einem\u00a0Beschluss\u00a0vom\u00a015.07.2021 (Aktenzeichen 67\u00a0S\u00a087\/21).<\/strong><\/p>\n<h5>schadenersatz wegen verweigerter untervermietung?<\/h5>\n<p>In dem Verfahren verlangte ein Mieter von seinem Vermieter Schadenersatz. Der Mieter hatte vom Vermieter die Zustimmung zur Untervermietung verlangt. Der Vermieter lehnte dies jedoch ab, da der Mieter kein \u00dcberlassungskonzept vorlegen konnte. Er hielt die Wohnung aufgrund ihrer Gr\u00f6\u00dfe und der Raumaufteilung nicht f\u00fcr eine Untervermietung geeignet .<\/p>\n<h5>mieter hat vor gericht keinen erfolg<\/h5>\n<p>Vor diesem Hintergrund konnte sich der Mieter vor dem zust\u00e4ndigen Amtsbericht nicht durchsetzen. Darum legte er Berufung beim Landgericht Berlin ein.<\/p>\n<p>Doch auch dort konnte sich der Vermieter nicht durchsetzen. Das Landgericht best\u00e4tigte die Entscheidung des Amtsgerichts. Der Mieter k\u00f6nnte keinen Schadenersatz verlangen, da der Vermieter die Zustimmung verweigern durfte. Nach <a href=\"https:\/\/www.gesetze-im-internet.de\/bgb\/__553.html\">\u00a7 553 BGB<\/a> muss der Mieter ein r\u00e4umliches \u00dcberlassungskonzept vorlegen.<\/p>\n<h5>vermieter kann Belegungskonzept verlangen<\/h5>\n<p>Das Landgericht Berlin best\u00e4tigte die Entscheidung des Amtsgerichts. Der Mieterin stehe kein Schadenersatzanspruch zu, da der Vermieter nicht verpflichtet gewesen sei, seine Zustimmung zur\u00a0Untervermietung\u00a0zu erteilen. Der Antrag der Mieterin auf\u00a0Erlaubnis\u00a0zur\u00a0Untervermietung\u00a0habe nicht den Anforderungen des \u00a7\u00a0553\u00a0Abs.\u00a01\u00a0und 2 BGB erf\u00fcllt. Es haben n\u00e4mlich Angaben zum r\u00e4umlichen \u00dcberlassungskonzepts gefehlt.<\/p>\n<h5>gericht bezweifelt die m\u00f6glichkeit der untervermietung<\/h5>\n<p>Die Wohnung lasse nach menschlichem Ermessen aufgrund der Gr\u00f6\u00dfe und der R\u00e4umlichkeiten an einer teilweisen Untervermietung zumindest stark zweifeln. Es reicht deshalb nicht aus, nur die Zustimmung zu einer r\u00e4umlich nicht n\u00e4her beschriebenen, teilweisen Untervermietung zu verlangen.<\/p>\n<hr \/>\n<h5>das k\u00f6nnte sie auch interessieren:<\/h5>\n<p><a href=\"https:\/\/www.buhl.de\/vermieter-web\/rechte-von-mieter-un\/\">Untervermietung: Rechte und Haftung<\/a><br \/>\n<a href=\"https:\/\/www.buhl.de\/vermieter-web\/untervermietung-einer-einzimmerwohnung\/\">Untervermietung einer Einzimmerwohnung<\/a><br \/>\n<a href=\"https:\/\/www.buhl.de\/vermieter-web\/untervermietung-untersagen\/\">Untervermietung untersagen?<\/a><\/p>\n<hr \/>\n<p>&nbsp;<\/p>\n","protected":false},"excerpt":{"rendered":"<p>Normalerweise ist es gar nicht so einfach, einem Mieter die Zustimmung zur Untervermietung zu verweigern. Allerdings hat der Vermieter vor seiner Zustimmung das Recht, vom Mieter ein r\u00e4umliches \u00dcberlassungskonzept zu verlangen. Darin muss angegeben werden, welche R\u00e4ume untervermietet werden sollen \u2013 zumindest bei kleinen und aufgrund der Raumaufteilung zur Teiluntervermietung nicht geeignete Wohnungen. Zu diesem &hellip; <\/p>\n<p class=\"link-more\"><a href=\"https:\/\/www.buhl.de\/vermieter-web\/ueberlassungskonzept-zur-untervermietung\/\" class=\"more-link\"><span class=\"screen-reader-text\">\u201e\u00dcberlassungskonzept zur Untervermietung\u201c<\/span> weiterlesen<\/a><\/p>\n","protected":false},"author":15,"featured_media":12650,"comment_status":"closed","ping_status":"open","sticky":false,"template":"","format":"standard","meta":{"footnotes":""},"categories":[1],"tags":[423,684,402],"class_list":["post-14136","post","type-post","status-publish","format-standard","has-post-thumbnail","hentry","category-allgemein","tag-untermieter","tag-untervermietung","tag-zustimmung"],"yoast_head":"<!-- This site is optimized with the Yoast SEO Premium plugin v27.4 (Yoast SEO v27.5) - https:\/\/yoast.com\/product\/yoast-seo-premium-wordpress\/ -->\n<title>Belegungskonzept zur Untervermietung<\/title>\n<meta name=\"description\" content=\"Zumindest bei kleinen Wohnungen kann der Vermieter die Zustimmung zur Untervermietung ablehnen, wenn kein Belegungskonzept vorliegt.\" \/>\n<meta name=\"robots\" content=\"noindex, nofollow\" \/>\n<meta property=\"og:locale\" content=\"de_DE\" \/>\n<meta property=\"og:type\" content=\"article\" \/>\n<meta property=\"og:title\" content=\"\u00dcberlassungskonzept zur Untervermietung\" \/>\n<meta property=\"og:description\" content=\"Zumindest bei kleinen Wohnungen kann der Vermieter die Zustimmung zur Untervermietung ablehnen, wenn kein Belegungskonzept vorliegt.\" \/>\n<meta property=\"og:url\" content=\"https:\/\/www.buhl.de\/vermieter-web\/ueberlassungskonzept-zur-untervermietung\/\" \/>\n<meta property=\"og:site_name\" content=\"Online-Nebenkostenabrechnung mit WISO Vermieter-Web\" \/>\n<meta property=\"article:published_time\" content=\"2021-12-01T07:55:03+00:00\" \/>\n<meta property=\"og:image\" content=\"https:\/\/www.buhl.de\/vermieter-web\/wp-content\/uploads\/sites\/33\/2020\/05\/1578955639.jpg\" \/>\n\t<meta property=\"og:image:width\" content=\"840\" \/>\n\t<meta property=\"og:image:height\" content=\"420\" \/>\n\t<meta property=\"og:image:type\" content=\"image\/jpeg\" \/>\n<meta name=\"author\" content=\"Hartmut Fischer\" \/>\n<meta name=\"twitter:card\" content=\"summary_large_image\" \/>\n<meta name=\"twitter:label1\" content=\"Verfasst von\" \/>\n\t<meta name=\"twitter:data1\" content=\"Hartmut Fischer\" \/>\n\t<meta name=\"twitter:label2\" content=\"Gesch\u00e4tzte Lesezeit\" \/>\n\t<meta name=\"twitter:data2\" content=\"2\u00a0Minuten\" \/>\n<script type=\"application\/ld+json\" class=\"yoast-schema-graph\">{\"@context\":\"https:\\\/\\\/schema.org\",\"@graph\":[{\"@type\":\"Article\",\"@id\":\"https:\\\/\\\/www.buhl.de\\\/vermieter-web\\\/ueberlassungskonzept-zur-untervermietung\\\/#article\",\"isPartOf\":{\"@id\":\"https:\\\/\\\/www.buhl.de\\\/vermieter-web\\\/ueberlassungskonzept-zur-untervermietung\\\/\"},\"author\":{\"name\":\"Hartmut Fischer\",\"@id\":\"https:\\\/\\\/www.buhl.de\\\/vermieter-web\\\/#\\\/schema\\\/person\\\/82903e1cb04eb553382702d503991b4f\"},\"headline\":\"\u00dcberlassungskonzept zur Untervermietung\",\"datePublished\":\"2021-12-01T07:55:03+00:00\",\"mainEntityOfPage\":{\"@id\":\"https:\\\/\\\/www.buhl.de\\\/vermieter-web\\\/ueberlassungskonzept-zur-untervermietung\\\/\"},\"wordCount\":317,\"image\":{\"@id\":\"https:\\\/\\\/www.buhl.de\\\/vermieter-web\\\/ueberlassungskonzept-zur-untervermietung\\\/#primaryimage\"},\"thumbnailUrl\":\"https:\\\/\\\/www.buhl.de\\\/vermieter-web\\\/wp-content\\\/uploads\\\/sites\\\/33\\\/2020\\\/05\\\/1578955639.jpg\",\"keywords\":[\"Untermieter\",\"Untervermietung\",\"Zustimmung\"],\"inLanguage\":\"de\"},{\"@type\":\"WebPage\",\"@id\":\"https:\\\/\\\/www.buhl.de\\\/vermieter-web\\\/ueberlassungskonzept-zur-untervermietung\\\/\",\"url\":\"https:\\\/\\\/www.buhl.de\\\/vermieter-web\\\/ueberlassungskonzept-zur-untervermietung\\\/\",\"name\":\"Belegungskonzept zur Untervermietung\",\"isPartOf\":{\"@id\":\"https:\\\/\\\/www.buhl.de\\\/vermieter-web\\\/#website\"},\"primaryImageOfPage\":{\"@id\":\"https:\\\/\\\/www.buhl.de\\\/vermieter-web\\\/ueberlassungskonzept-zur-untervermietung\\\/#primaryimage\"},\"image\":{\"@id\":\"https:\\\/\\\/www.buhl.de\\\/vermieter-web\\\/ueberlassungskonzept-zur-untervermietung\\\/#primaryimage\"},\"thumbnailUrl\":\"https:\\\/\\\/www.buhl.de\\\/vermieter-web\\\/wp-content\\\/uploads\\\/sites\\\/33\\\/2020\\\/05\\\/1578955639.jpg\",\"datePublished\":\"2021-12-01T07:55:03+00:00\",\"author\":{\"@id\":\"https:\\\/\\\/www.buhl.de\\\/vermieter-web\\\/#\\\/schema\\\/person\\\/82903e1cb04eb553382702d503991b4f\"},\"description\":\"Zumindest bei kleinen Wohnungen kann der Vermieter die Zustimmung zur Untervermietung ablehnen, wenn kein Belegungskonzept vorliegt.\",\"breadcrumb\":{\"@id\":\"https:\\\/\\\/www.buhl.de\\\/vermieter-web\\\/ueberlassungskonzept-zur-untervermietung\\\/#breadcrumb\"},\"inLanguage\":\"de\",\"potentialAction\":[{\"@type\":\"ReadAction\",\"target\":[\"https:\\\/\\\/www.buhl.de\\\/vermieter-web\\\/ueberlassungskonzept-zur-untervermietung\\\/\"]}]},{\"@type\":\"ImageObject\",\"inLanguage\":\"de\",\"@id\":\"https:\\\/\\\/www.buhl.de\\\/vermieter-web\\\/ueberlassungskonzept-zur-untervermietung\\\/#primaryimage\",\"url\":\"https:\\\/\\\/www.buhl.de\\\/vermieter-web\\\/wp-content\\\/uploads\\\/sites\\\/33\\\/2020\\\/05\\\/1578955639.jpg\",\"contentUrl\":\"https:\\\/\\\/www.buhl.de\\\/vermieter-web\\\/wp-content\\\/uploads\\\/sites\\\/33\\\/2020\\\/05\\\/1578955639.jpg\",\"width\":840,\"height\":420},{\"@type\":\"BreadcrumbList\",\"@id\":\"https:\\\/\\\/www.buhl.de\\\/vermieter-web\\\/ueberlassungskonzept-zur-untervermietung\\\/#breadcrumb\",\"itemListElement\":[{\"@type\":\"ListItem\",\"position\":1,\"name\":\"Startseite\",\"item\":\"https:\\\/\\\/www.buhl.de\\\/vermieter-web\\\/\"},{\"@type\":\"ListItem\",\"position\":2,\"name\":\"\u00dcberlassungskonzept zur Untervermietung\"}]},{\"@type\":\"WebSite\",\"@id\":\"https:\\\/\\\/www.buhl.de\\\/vermieter-web\\\/#website\",\"url\":\"https:\\\/\\\/www.buhl.de\\\/vermieter-web\\\/\",\"name\":\"Online-Nebenkostenabrechnung mit WISO Vermieter-Web\",\"description\":\"\",\"potentialAction\":[{\"@type\":\"SearchAction\",\"target\":{\"@type\":\"EntryPoint\",\"urlTemplate\":\"https:\\\/\\\/www.buhl.de\\\/vermieter-web\\\/?s={search_term_string}\"},\"query-input\":{\"@type\":\"PropertyValueSpecification\",\"valueRequired\":true,\"valueName\":\"search_term_string\"}}],\"inLanguage\":\"de\"},{\"@type\":\"Person\",\"@id\":\"https:\\\/\\\/www.buhl.de\\\/vermieter-web\\\/#\\\/schema\\\/person\\\/82903e1cb04eb553382702d503991b4f\",\"name\":\"Hartmut Fischer\"}]}<\/script>\n<!-- \/ Yoast SEO Premium plugin. -->","yoast_head_json":{"title":"Belegungskonzept zur Untervermietung","description":"Zumindest bei kleinen Wohnungen kann der Vermieter die Zustimmung zur Untervermietung ablehnen, wenn kein Belegungskonzept vorliegt.","robots":{"index":"noindex","follow":"nofollow"},"og_locale":"de_DE","og_type":"article","og_title":"\u00dcberlassungskonzept zur Untervermietung","og_description":"Zumindest bei kleinen Wohnungen kann der Vermieter die Zustimmung zur Untervermietung ablehnen, wenn kein Belegungskonzept vorliegt.","og_url":"https:\/\/www.buhl.de\/vermieter-web\/ueberlassungskonzept-zur-untervermietung\/","og_site_name":"Online-Nebenkostenabrechnung mit WISO Vermieter-Web","article_published_time":"2021-12-01T07:55:03+00:00","og_image":[{"width":840,"height":420,"url":"https:\/\/www.buhl.de\/vermieter-web\/wp-content\/uploads\/sites\/33\/2020\/05\/1578955639.jpg","type":"image\/jpeg"}],"author":"Hartmut Fischer","twitter_card":"summary_large_image","twitter_misc":{"Verfasst von":"Hartmut Fischer","Gesch\u00e4tzte Lesezeit":"2\u00a0Minuten"},"schema":{"@context":"https:\/\/schema.org","@graph":[{"@type":"Article","@id":"https:\/\/www.buhl.de\/vermieter-web\/ueberlassungskonzept-zur-untervermietung\/#article","isPartOf":{"@id":"https:\/\/www.buhl.de\/vermieter-web\/ueberlassungskonzept-zur-untervermietung\/"},"author":{"name":"Hartmut Fischer","@id":"https:\/\/www.buhl.de\/vermieter-web\/#\/schema\/person\/82903e1cb04eb553382702d503991b4f"},"headline":"\u00dcberlassungskonzept zur Untervermietung","datePublished":"2021-12-01T07:55:03+00:00","mainEntityOfPage":{"@id":"https:\/\/www.buhl.de\/vermieter-web\/ueberlassungskonzept-zur-untervermietung\/"},"wordCount":317,"image":{"@id":"https:\/\/www.buhl.de\/vermieter-web\/ueberlassungskonzept-zur-untervermietung\/#primaryimage"},"thumbnailUrl":"https:\/\/www.buhl.de\/vermieter-web\/wp-content\/uploads\/sites\/33\/2020\/05\/1578955639.jpg","keywords":["Untermieter","Untervermietung","Zustimmung"],"inLanguage":"de"},{"@type":"WebPage","@id":"https:\/\/www.buhl.de\/vermieter-web\/ueberlassungskonzept-zur-untervermietung\/","url":"https:\/\/www.buhl.de\/vermieter-web\/ueberlassungskonzept-zur-untervermietung\/","name":"Belegungskonzept zur Untervermietung","isPartOf":{"@id":"https:\/\/www.buhl.de\/vermieter-web\/#website"},"primaryImageOfPage":{"@id":"https:\/\/www.buhl.de\/vermieter-web\/ueberlassungskonzept-zur-untervermietung\/#primaryimage"},"image":{"@id":"https:\/\/www.buhl.de\/vermieter-web\/ueberlassungskonzept-zur-untervermietung\/#primaryimage"},"thumbnailUrl":"https:\/\/www.buhl.de\/vermieter-web\/wp-content\/uploads\/sites\/33\/2020\/05\/1578955639.jpg","datePublished":"2021-12-01T07:55:03+00:00","author":{"@id":"https:\/\/www.buhl.de\/vermieter-web\/#\/schema\/person\/82903e1cb04eb553382702d503991b4f"},"description":"Zumindest bei kleinen Wohnungen kann der Vermieter die Zustimmung zur Untervermietung ablehnen, wenn kein Belegungskonzept vorliegt.","breadcrumb":{"@id":"https:\/\/www.buhl.de\/vermieter-web\/ueberlassungskonzept-zur-untervermietung\/#breadcrumb"},"inLanguage":"de","potentialAction":[{"@type":"ReadAction","target":["https:\/\/www.buhl.de\/vermieter-web\/ueberlassungskonzept-zur-untervermietung\/"]}]},{"@type":"ImageObject","inLanguage":"de","@id":"https:\/\/www.buhl.de\/vermieter-web\/ueberlassungskonzept-zur-untervermietung\/#primaryimage","url":"https:\/\/www.buhl.de\/vermieter-web\/wp-content\/uploads\/sites\/33\/2020\/05\/1578955639.jpg","contentUrl":"https:\/\/www.buhl.de\/vermieter-web\/wp-content\/uploads\/sites\/33\/2020\/05\/1578955639.jpg","width":840,"height":420},{"@type":"BreadcrumbList","@id":"https:\/\/www.buhl.de\/vermieter-web\/ueberlassungskonzept-zur-untervermietung\/#breadcrumb","itemListElement":[{"@type":"ListItem","position":1,"name":"Startseite","item":"https:\/\/www.buhl.de\/vermieter-web\/"},{"@type":"ListItem","position":2,"name":"\u00dcberlassungskonzept zur Untervermietung"}]},{"@type":"WebSite","@id":"https:\/\/www.buhl.de\/vermieter-web\/#website","url":"https:\/\/www.buhl.de\/vermieter-web\/","name":"Online-Nebenkostenabrechnung mit WISO Vermieter-Web","description":"","potentialAction":[{"@type":"SearchAction","target":{"@type":"EntryPoint","urlTemplate":"https:\/\/www.buhl.de\/vermieter-web\/?s={search_term_string}"},"query-input":{"@type":"PropertyValueSpecification","valueRequired":true,"valueName":"search_term_string"}}],"inLanguage":"de"},{"@type":"Person","@id":"https:\/\/www.buhl.de\/vermieter-web\/#\/schema\/person\/82903e1cb04eb553382702d503991b4f","name":"Hartmut Fischer"}]}},"_links":{"self":[{"href":"https:\/\/www.buhl.de\/vermieter-web\/wp-json\/wp\/v2\/posts\/14136","targetHints":{"allow":["GET"]}}],"collection":[{"href":"https:\/\/www.buhl.de\/vermieter-web\/wp-json\/wp\/v2\/posts"}],"about":[{"href":"https:\/\/www.buhl.de\/vermieter-web\/wp-json\/wp\/v2\/types\/post"}],"author":[{"embeddable":true,"href":"https:\/\/www.buhl.de\/vermieter-web\/wp-json\/wp\/v2\/users\/15"}],"replies":[{"embeddable":true,"href":"https:\/\/www.buhl.de\/vermieter-web\/wp-json\/wp\/v2\/comments?post=14136"}],"version-history":[{"count":1,"href":"https:\/\/www.buhl.de\/vermieter-web\/wp-json\/wp\/v2\/posts\/14136\/revisions"}],"predecessor-version":[{"id":14138,"href":"https:\/\/www.buhl.de\/vermieter-web\/wp-json\/wp\/v2\/posts\/14136\/revisions\/14138"}],"wp:featuredmedia":[{"embeddable":true,"href":"https:\/\/www.buhl.de\/vermieter-web\/wp-json\/wp\/v2\/media\/12650"}],"wp:attachment":[{"href":"https:\/\/www.buhl.de\/vermieter-web\/wp-json\/wp\/v2\/media?parent=14136"}],"wp:term":[{"taxonomy":"category","embeddable":true,"href":"https:\/\/www.buhl.de\/vermieter-web\/wp-json\/wp\/v2\/categories?post=14136"},{"taxonomy":"post_tag","embeddable":true,"href":"https:\/\/www.buhl.de\/vermieter-web\/wp-json\/wp\/v2\/tags?post=14136"}],"curies":[{"name":"wp","href":"https:\/\/api.w.org\/{rel}","templated":true}]}}