{"id":14139,"date":"2021-12-04T14:58:37","date_gmt":"2021-12-04T13:58:37","guid":{"rendered":"https:\/\/www.buhl.de\/vermieter-web\/?p=14139"},"modified":"2021-12-04T14:58:37","modified_gmt":"2021-12-04T13:58:37","slug":"oelen-ist-kein-streichen","status":"publish","type":"post","link":"https:\/\/www.buhl.de\/vermieter-web\/oelen-ist-kein-streichen\/","title":{"rendered":"\u00d6len ist kein Streichen"},"content":{"rendered":"<p><strong>Bei den sogenannten Sch\u00f6nheitsreparaturklauseln sind die Gerichte besonders streng. Sie verlangen einer \u00e4u\u00dferst pr\u00e4zise Beschreibung der Aufgaben, die im Rahmen der Klausel vom Mieter auszuf\u00fchren sind. In einem Urteil des Landgerichts Berlin vom 06.07.2021 (Aktenzeichen \u00a065 S 292\/20) stellten die Richter fest, dass ein Mieter die Wohnungst\u00fcren nicht abbeizen und \u00f6len muss, wenn im Mietvertrag lediglich vom \u201eStreichen\u201c die Rede ist.<\/strong><\/p>\n<h5>streit um Sch\u00f6nheitsreparaturklausel<\/h5>\n<p>In dem Verfahren stritten sich die Mietparteien \u00fcber die Auslegung der Sch\u00f6nheitsreparaturklausel im Mietvertrag. Dort war das \u201eStreichen der Innent\u00fcren\u201c durch den Mieter vereinbart. Als der Mieter auszog, verlangte der Vermieter, dass der Mieter die T\u00fcren abschleifen beziehungsweise abbeizen und \u00f6len m\u00fcsse.<\/p>\n<p>Hierzu f\u00fchlte sich der Mieter jedoch nicht verpflichtet. Er war der Meinung, dass er lediglich streichen m\u00fcsse. Da sich die Parteien nicht einigen konnten erhob der Vermieter Klage vor dem zust\u00e4ndigen Amtsgericht. Dort wurde seine Klage jedoch abgewiesen. Daraufhin ging der Vermieter in Berufung.<\/p>\n<h5>vermieter unterliegt auch vor dem Landgericht<\/h5>\n<p>Doch auch hier konnte sich der Vermieter nicht durchsetzen. Das Landgericht Berlin best\u00e4tigte die Entscheidung des Amtsgerichts. Da dies im Mietvertrag nicht vereinbart war, konnte der Vermieter nicht verlangen, dass der Mieter die T\u00fcren \u00f6lt.<\/p>\n<h5>mehr als streichen nur, wenn dies ausdr\u00fccklich vereinbart wird<\/h5>\n<p>Das Landgericht f\u00fchrte hierzu aus, dass es in Altbauten allgemein \u00fcblich ist, die Zimmert\u00fcren in einem wei\u00dfen Farbton zu streichen. Erwarte der Vermieter eine Abweichung von dieser Norm, m\u00fcsse er dies dem Mieter zumindest unmissverst\u00e4ndlich mitteilen. \u00c4u\u00dfert sich der Vermieter dahingehend nicht, kann er auch nicht erwarten, dass der Mieter die Zimmert\u00fcren ab bereits und \u00f6lt.<\/p>\n<h5>&#8222;Wei\u00dfen&#8220; ist\u00a0 eine unzul\u00e4ssige farbvorgabe<\/h5>\n<p>Der BGH hat im \u00dcbrigen schon 2009 festgestellt, dass der besonders in S\u00fcddeutschland gebr\u00e4uchliche Begriff des &#8222;wei\u00dfens&#8220; als Farbvorgabe anzusehen ist, der eine Klausel ung\u00fcltig macht (Urteil vom ^18.02.2009 &#8211; Aktenzeichen VIII ZR 166\/08).<\/p>\n<hr \/>\n<h5>das k\u00f6nnte sie auch interessieren<\/h5>\n<p><a href=\"https:\/\/www.buhl.de\/vermieter-web\/die-steckdose-und-die-kleinreparaturklausel\/\">Die Steckdose und die Kleinreparaturklausel<\/a><br \/>\n<a href=\"https:\/\/www.buhl.de\/vermieter-web\/schoenheitsreparaturen-im-keller\/\">Sch\u00f6nheitsreparaturen im Keller?<\/a><br \/>\n<a href=\"https:\/\/www.buhl.de\/vermieter-web\/alles-so-schoen-bunt-hier\/\">Alles so sch\u00f6n bunt hier<\/a><\/p>\n<hr \/>\n<p>&nbsp;<\/p>\n","protected":false},"excerpt":{"rendered":"<p>Bei den sogenannten Sch\u00f6nheitsreparaturklauseln sind die Gerichte besonders streng. Sie verlangen einer \u00e4u\u00dferst pr\u00e4zise Beschreibung der Aufgaben, die im Rahmen der Klausel vom Mieter auszuf\u00fchren sind. In einem Urteil des Landgerichts Berlin vom 06.07.2021 (Aktenzeichen \u00a065 S 292\/20) stellten die Richter fest, dass ein Mieter die Wohnungst\u00fcren nicht abbeizen und \u00f6len muss, wenn im Mietvertrag &hellip; <\/p>\n<p class=\"link-more\"><a href=\"https:\/\/www.buhl.de\/vermieter-web\/oelen-ist-kein-streichen\/\" class=\"more-link\"><span class=\"screen-reader-text\">\u201e\u00d6len ist kein Streichen\u201c<\/span> weiterlesen<\/a><\/p>\n","protected":false},"author":15,"featured_media":14144,"comment_status":"closed","ping_status":"open","sticky":false,"template":"","format":"standard","meta":{"footnotes":""},"categories":[1],"tags":[5724,5479,5725],"class_list":["post-14139","post","type-post","status-publish","format-standard","has-post-thumbnail","hentry","category-allgemein","tag-kleinreparatur","tag-schoenheitsreparatur-2","tag-tueren"],"yoast_head":"<!-- This site is optimized with the Yoast SEO Premium plugin v27.4 (Yoast SEO v27.5) - https:\/\/yoast.com\/product\/yoast-seo-premium-wordpress\/ -->\n<title>Genaue Angaben in der Kleinreparaturklausel<\/title>\n<meta name=\"description\" content=\"Wird in einer Kleinreparaturklausel das &quot;Streichen&quot; der TInnent\u00fcren vereinbart, beinhaltet dies nicht das Abbeizen und \u00f6len der T\u00fcren.\" \/>\n<meta name=\"robots\" content=\"noindex, nofollow\" \/>\n<meta property=\"og:locale\" content=\"de_DE\" \/>\n<meta property=\"og:type\" content=\"article\" \/>\n<meta property=\"og:title\" content=\"\u00d6len ist kein Streichen\" \/>\n<meta property=\"og:description\" content=\"Wird in einer Kleinreparaturklausel das &quot;Streichen&quot; der TInnent\u00fcren vereinbart, beinhaltet dies nicht das Abbeizen und \u00f6len der T\u00fcren.\" \/>\n<meta property=\"og:url\" content=\"https:\/\/www.buhl.de\/vermieter-web\/oelen-ist-kein-streichen\/\" \/>\n<meta property=\"og:site_name\" content=\"Online-Nebenkostenabrechnung mit WISO Vermieter-Web\" \/>\n<meta property=\"article:published_time\" content=\"2021-12-04T13:58:37+00:00\" \/>\n<meta property=\"og:image\" content=\"https:\/\/www.buhl.de\/vermieter-web\/wp-content\/uploads\/sites\/33\/2021\/12\/shutterstock_2004562730.jpg\" \/>\n\t<meta property=\"og:image:width\" content=\"840\" \/>\n\t<meta property=\"og:image:height\" content=\"420\" \/>\n\t<meta property=\"og:image:type\" content=\"image\/jpeg\" \/>\n<meta name=\"author\" content=\"Hartmut Fischer\" \/>\n<meta name=\"twitter:card\" content=\"summary_large_image\" \/>\n<meta name=\"twitter:label1\" content=\"Verfasst von\" \/>\n\t<meta name=\"twitter:data1\" content=\"Hartmut Fischer\" \/>\n\t<meta name=\"twitter:label2\" content=\"Gesch\u00e4tzte Lesezeit\" \/>\n\t<meta name=\"twitter:data2\" content=\"2\u00a0Minuten\" \/>\n<script type=\"application\/ld+json\" class=\"yoast-schema-graph\">{\"@context\":\"https:\\\/\\\/schema.org\",\"@graph\":[{\"@type\":\"Article\",\"@id\":\"https:\\\/\\\/www.buhl.de\\\/vermieter-web\\\/oelen-ist-kein-streichen\\\/#article\",\"isPartOf\":{\"@id\":\"https:\\\/\\\/www.buhl.de\\\/vermieter-web\\\/oelen-ist-kein-streichen\\\/\"},\"author\":{\"name\":\"Hartmut Fischer\",\"@id\":\"https:\\\/\\\/www.buhl.de\\\/vermieter-web\\\/#\\\/schema\\\/person\\\/82903e1cb04eb553382702d503991b4f\"},\"headline\":\"\u00d6len ist kein Streichen\",\"datePublished\":\"2021-12-04T13:58:37+00:00\",\"mainEntityOfPage\":{\"@id\":\"https:\\\/\\\/www.buhl.de\\\/vermieter-web\\\/oelen-ist-kein-streichen\\\/\"},\"wordCount\":344,\"image\":{\"@id\":\"https:\\\/\\\/www.buhl.de\\\/vermieter-web\\\/oelen-ist-kein-streichen\\\/#primaryimage\"},\"thumbnailUrl\":\"https:\\\/\\\/www.buhl.de\\\/vermieter-web\\\/wp-content\\\/uploads\\\/sites\\\/33\\\/2021\\\/12\\\/shutterstock_2004562730.jpg\",\"keywords\":[\"Kleinreparatur\",\"Sch\u00f6nheitsreparatur\",\"T\u00fcren\"],\"inLanguage\":\"de\"},{\"@type\":\"WebPage\",\"@id\":\"https:\\\/\\\/www.buhl.de\\\/vermieter-web\\\/oelen-ist-kein-streichen\\\/\",\"url\":\"https:\\\/\\\/www.buhl.de\\\/vermieter-web\\\/oelen-ist-kein-streichen\\\/\",\"name\":\"Genaue Angaben in der Kleinreparaturklausel\",\"isPartOf\":{\"@id\":\"https:\\\/\\\/www.buhl.de\\\/vermieter-web\\\/#website\"},\"primaryImageOfPage\":{\"@id\":\"https:\\\/\\\/www.buhl.de\\\/vermieter-web\\\/oelen-ist-kein-streichen\\\/#primaryimage\"},\"image\":{\"@id\":\"https:\\\/\\\/www.buhl.de\\\/vermieter-web\\\/oelen-ist-kein-streichen\\\/#primaryimage\"},\"thumbnailUrl\":\"https:\\\/\\\/www.buhl.de\\\/vermieter-web\\\/wp-content\\\/uploads\\\/sites\\\/33\\\/2021\\\/12\\\/shutterstock_2004562730.jpg\",\"datePublished\":\"2021-12-04T13:58:37+00:00\",\"author\":{\"@id\":\"https:\\\/\\\/www.buhl.de\\\/vermieter-web\\\/#\\\/schema\\\/person\\\/82903e1cb04eb553382702d503991b4f\"},\"description\":\"Wird in einer Kleinreparaturklausel das \\\"Streichen\\\" der TInnent\u00fcren vereinbart, beinhaltet dies nicht das Abbeizen und \u00f6len der T\u00fcren.\",\"breadcrumb\":{\"@id\":\"https:\\\/\\\/www.buhl.de\\\/vermieter-web\\\/oelen-ist-kein-streichen\\\/#breadcrumb\"},\"inLanguage\":\"de\",\"potentialAction\":[{\"@type\":\"ReadAction\",\"target\":[\"https:\\\/\\\/www.buhl.de\\\/vermieter-web\\\/oelen-ist-kein-streichen\\\/\"]}]},{\"@type\":\"ImageObject\",\"inLanguage\":\"de\",\"@id\":\"https:\\\/\\\/www.buhl.de\\\/vermieter-web\\\/oelen-ist-kein-streichen\\\/#primaryimage\",\"url\":\"https:\\\/\\\/www.buhl.de\\\/vermieter-web\\\/wp-content\\\/uploads\\\/sites\\\/33\\\/2021\\\/12\\\/shutterstock_2004562730.jpg\",\"contentUrl\":\"https:\\\/\\\/www.buhl.de\\\/vermieter-web\\\/wp-content\\\/uploads\\\/sites\\\/33\\\/2021\\\/12\\\/shutterstock_2004562730.jpg\",\"width\":840,\"height\":420,\"caption\":\"Person painting wooden white door with paint brush during home renovation. Motion blur intended.\"},{\"@type\":\"BreadcrumbList\",\"@id\":\"https:\\\/\\\/www.buhl.de\\\/vermieter-web\\\/oelen-ist-kein-streichen\\\/#breadcrumb\",\"itemListElement\":[{\"@type\":\"ListItem\",\"position\":1,\"name\":\"Startseite\",\"item\":\"https:\\\/\\\/www.buhl.de\\\/vermieter-web\\\/\"},{\"@type\":\"ListItem\",\"position\":2,\"name\":\"\u00d6len ist kein Streichen\"}]},{\"@type\":\"WebSite\",\"@id\":\"https:\\\/\\\/www.buhl.de\\\/vermieter-web\\\/#website\",\"url\":\"https:\\\/\\\/www.buhl.de\\\/vermieter-web\\\/\",\"name\":\"Online-Nebenkostenabrechnung mit WISO Vermieter-Web\",\"description\":\"\",\"potentialAction\":[{\"@type\":\"SearchAction\",\"target\":{\"@type\":\"EntryPoint\",\"urlTemplate\":\"https:\\\/\\\/www.buhl.de\\\/vermieter-web\\\/?s={search_term_string}\"},\"query-input\":{\"@type\":\"PropertyValueSpecification\",\"valueRequired\":true,\"valueName\":\"search_term_string\"}}],\"inLanguage\":\"de\"},{\"@type\":\"Person\",\"@id\":\"https:\\\/\\\/www.buhl.de\\\/vermieter-web\\\/#\\\/schema\\\/person\\\/82903e1cb04eb553382702d503991b4f\",\"name\":\"Hartmut Fischer\"}]}<\/script>\n<!-- \/ Yoast SEO Premium plugin. -->","yoast_head_json":{"title":"Genaue Angaben in der Kleinreparaturklausel","description":"Wird in einer Kleinreparaturklausel das \"Streichen\" der TInnent\u00fcren vereinbart, beinhaltet dies nicht das Abbeizen und \u00f6len der T\u00fcren.","robots":{"index":"noindex","follow":"nofollow"},"og_locale":"de_DE","og_type":"article","og_title":"\u00d6len ist kein Streichen","og_description":"Wird in einer Kleinreparaturklausel das \"Streichen\" der TInnent\u00fcren vereinbart, beinhaltet dies nicht das Abbeizen und \u00f6len der T\u00fcren.","og_url":"https:\/\/www.buhl.de\/vermieter-web\/oelen-ist-kein-streichen\/","og_site_name":"Online-Nebenkostenabrechnung mit WISO Vermieter-Web","article_published_time":"2021-12-04T13:58:37+00:00","og_image":[{"width":840,"height":420,"url":"https:\/\/www.buhl.de\/vermieter-web\/wp-content\/uploads\/sites\/33\/2021\/12\/shutterstock_2004562730.jpg","type":"image\/jpeg"}],"author":"Hartmut Fischer","twitter_card":"summary_large_image","twitter_misc":{"Verfasst von":"Hartmut Fischer","Gesch\u00e4tzte Lesezeit":"2\u00a0Minuten"},"schema":{"@context":"https:\/\/schema.org","@graph":[{"@type":"Article","@id":"https:\/\/www.buhl.de\/vermieter-web\/oelen-ist-kein-streichen\/#article","isPartOf":{"@id":"https:\/\/www.buhl.de\/vermieter-web\/oelen-ist-kein-streichen\/"},"author":{"name":"Hartmut Fischer","@id":"https:\/\/www.buhl.de\/vermieter-web\/#\/schema\/person\/82903e1cb04eb553382702d503991b4f"},"headline":"\u00d6len ist kein Streichen","datePublished":"2021-12-04T13:58:37+00:00","mainEntityOfPage":{"@id":"https:\/\/www.buhl.de\/vermieter-web\/oelen-ist-kein-streichen\/"},"wordCount":344,"image":{"@id":"https:\/\/www.buhl.de\/vermieter-web\/oelen-ist-kein-streichen\/#primaryimage"},"thumbnailUrl":"https:\/\/www.buhl.de\/vermieter-web\/wp-content\/uploads\/sites\/33\/2021\/12\/shutterstock_2004562730.jpg","keywords":["Kleinreparatur","Sch\u00f6nheitsreparatur","T\u00fcren"],"inLanguage":"de"},{"@type":"WebPage","@id":"https:\/\/www.buhl.de\/vermieter-web\/oelen-ist-kein-streichen\/","url":"https:\/\/www.buhl.de\/vermieter-web\/oelen-ist-kein-streichen\/","name":"Genaue Angaben in der Kleinreparaturklausel","isPartOf":{"@id":"https:\/\/www.buhl.de\/vermieter-web\/#website"},"primaryImageOfPage":{"@id":"https:\/\/www.buhl.de\/vermieter-web\/oelen-ist-kein-streichen\/#primaryimage"},"image":{"@id":"https:\/\/www.buhl.de\/vermieter-web\/oelen-ist-kein-streichen\/#primaryimage"},"thumbnailUrl":"https:\/\/www.buhl.de\/vermieter-web\/wp-content\/uploads\/sites\/33\/2021\/12\/shutterstock_2004562730.jpg","datePublished":"2021-12-04T13:58:37+00:00","author":{"@id":"https:\/\/www.buhl.de\/vermieter-web\/#\/schema\/person\/82903e1cb04eb553382702d503991b4f"},"description":"Wird in einer Kleinreparaturklausel das \"Streichen\" der TInnent\u00fcren vereinbart, beinhaltet dies nicht das Abbeizen und \u00f6len der T\u00fcren.","breadcrumb":{"@id":"https:\/\/www.buhl.de\/vermieter-web\/oelen-ist-kein-streichen\/#breadcrumb"},"inLanguage":"de","potentialAction":[{"@type":"ReadAction","target":["https:\/\/www.buhl.de\/vermieter-web\/oelen-ist-kein-streichen\/"]}]},{"@type":"ImageObject","inLanguage":"de","@id":"https:\/\/www.buhl.de\/vermieter-web\/oelen-ist-kein-streichen\/#primaryimage","url":"https:\/\/www.buhl.de\/vermieter-web\/wp-content\/uploads\/sites\/33\/2021\/12\/shutterstock_2004562730.jpg","contentUrl":"https:\/\/www.buhl.de\/vermieter-web\/wp-content\/uploads\/sites\/33\/2021\/12\/shutterstock_2004562730.jpg","width":840,"height":420,"caption":"Person painting wooden white door with paint brush during home renovation. Motion blur intended."},{"@type":"BreadcrumbList","@id":"https:\/\/www.buhl.de\/vermieter-web\/oelen-ist-kein-streichen\/#breadcrumb","itemListElement":[{"@type":"ListItem","position":1,"name":"Startseite","item":"https:\/\/www.buhl.de\/vermieter-web\/"},{"@type":"ListItem","position":2,"name":"\u00d6len ist kein Streichen"}]},{"@type":"WebSite","@id":"https:\/\/www.buhl.de\/vermieter-web\/#website","url":"https:\/\/www.buhl.de\/vermieter-web\/","name":"Online-Nebenkostenabrechnung mit WISO Vermieter-Web","description":"","potentialAction":[{"@type":"SearchAction","target":{"@type":"EntryPoint","urlTemplate":"https:\/\/www.buhl.de\/vermieter-web\/?s={search_term_string}"},"query-input":{"@type":"PropertyValueSpecification","valueRequired":true,"valueName":"search_term_string"}}],"inLanguage":"de"},{"@type":"Person","@id":"https:\/\/www.buhl.de\/vermieter-web\/#\/schema\/person\/82903e1cb04eb553382702d503991b4f","name":"Hartmut Fischer"}]}},"_links":{"self":[{"href":"https:\/\/www.buhl.de\/vermieter-web\/wp-json\/wp\/v2\/posts\/14139","targetHints":{"allow":["GET"]}}],"collection":[{"href":"https:\/\/www.buhl.de\/vermieter-web\/wp-json\/wp\/v2\/posts"}],"about":[{"href":"https:\/\/www.buhl.de\/vermieter-web\/wp-json\/wp\/v2\/types\/post"}],"author":[{"embeddable":true,"href":"https:\/\/www.buhl.de\/vermieter-web\/wp-json\/wp\/v2\/users\/15"}],"replies":[{"embeddable":true,"href":"https:\/\/www.buhl.de\/vermieter-web\/wp-json\/wp\/v2\/comments?post=14139"}],"version-history":[{"count":1,"href":"https:\/\/www.buhl.de\/vermieter-web\/wp-json\/wp\/v2\/posts\/14139\/revisions"}],"predecessor-version":[{"id":14141,"href":"https:\/\/www.buhl.de\/vermieter-web\/wp-json\/wp\/v2\/posts\/14139\/revisions\/14141"}],"wp:featuredmedia":[{"embeddable":true,"href":"https:\/\/www.buhl.de\/vermieter-web\/wp-json\/wp\/v2\/media\/14144"}],"wp:attachment":[{"href":"https:\/\/www.buhl.de\/vermieter-web\/wp-json\/wp\/v2\/media?parent=14139"}],"wp:term":[{"taxonomy":"category","embeddable":true,"href":"https:\/\/www.buhl.de\/vermieter-web\/wp-json\/wp\/v2\/categories?post=14139"},{"taxonomy":"post_tag","embeddable":true,"href":"https:\/\/www.buhl.de\/vermieter-web\/wp-json\/wp\/v2\/tags?post=14139"}],"curies":[{"name":"wp","href":"https:\/\/api.w.org\/{rel}","templated":true}]}}