{"id":14145,"date":"2021-12-09T17:24:34","date_gmt":"2021-12-09T16:24:34","guid":{"rendered":"https:\/\/www.buhl.de\/vermieter-web\/?p=14145"},"modified":"2021-12-09T17:24:34","modified_gmt":"2021-12-09T16:24:34","slug":"weg-eine-eigentuemergemeinschaft-ein-verwalter","status":"publish","type":"post","link":"https:\/\/www.buhl.de\/vermieter-web\/weg-eine-eigentuemergemeinschaft-ein-verwalter\/","title":{"rendered":"WEG: Eine Eigent\u00fcmergemeinschaft &#8211; ein Verwalter"},"content":{"rendered":"<p><strong>Bei gr\u00f6\u00dferen Wohnungseigent\u00fcmergemeinschaften kommt es vor, dass diese per Teilungserkl\u00e4rung in Untergemeinschaften aufgeteilt werden. Auch wenn diese Untergemeinschaften weitgehend selbstst\u00e4ndig agieren und \u00fcber eigene Verwalter verf\u00fcgen, bleibt dies f\u00fcr die Gesamtgemeinschaft unwirksam. Sie gilt dann als Verwalter los und wird durch die Wohnungseigent\u00fcmer gemeinschaftlich vertreten. Dies geht aus einem Urteil des Amtsgerichts Wiesbaden vom 4.5.2021 hervor (Aktenzeichen 91 C9 144\/21).<\/strong><\/p>\n<h5>Drei Untergemeinschaften mit eigenen Verwaltern<\/h5>\n<p>Dem Urteil liegt folgender Sachverhalt zugrunde: Eine mehrere Geb\u00e4ude umfassende Wohneigent\u00fcmergemeinschaft hatte drei Untergemeinschaften gebildet. Jede dieser Untergemeinschaften verf\u00fcgte \u00fcber einen eigenen Verwalter, der die entsprechende Untergemeinschaften weitgehend selbstst\u00e4ndig verwaltete.<\/p>\n<h5>Beim Verkauf probleme mit dem grundbuchamt<\/h5>\n<p>Als einer der Eigent\u00fcmer seine Wohnung verkaufen wollte, wurde vom zust\u00e4ndigen Grundbuchamt die entsprechende Eintragung verweigert. Die Beh\u00f6rde begr\u00fcndete dies damit, dass die notwendige Zustimmung des Verwalters fehle. Zustimmungen der Unterverwalter wurden vom Grundbuchamt nicht anerkannt. Daraufhin reichte der Wohnungsverk\u00e4ufer Klage beim zust\u00e4ndigen Amtsgericht ein, um die Erm\u00e4chtigung zu erhalten, eine Versammlung einzuberufen, um dort einen Verwalter f\u00fcr die Gesamtgemeinschaft bestellen zu lassen.<\/p>\n<h5>Unterschied zwischen Innen- und Aussenverh\u00e4ltnis<\/h5>\n<p>Das Amtsgericht Wiesbaden gab dem Kl\u00e4ger Recht. Ein einzelner Eigent\u00fcmer kann zur Einberufung einer Wohneigent\u00fcmerversammlung erm\u00e4chtigt werden, wenn die Wohneigent\u00fcmergemeinschaft keinen Verwalter hat, der die Versammlung einberufen kann. Dies sei hier der Fall. Dass die Untergemeinschaften eigene Verwalter h\u00e4tten, die weitgehend selbstst\u00e4ndig f\u00fcr ihre Gemeinschaften t\u00e4tig werden, habe nur Auswirkungen auf das Innenverh\u00e4ltnis.<\/p>\n<p>Im Au\u00dfenverh\u00e4ltnis hingegen k\u00f6nne nur die Gesamtgemeinschaft auftreten. Hierf\u00fcr k\u00f6nne es nur einen Verwalter geben. Da dies im vorliegenden Fall nicht gegeben war, galt die Wohneigent\u00fcmergemeinschaft als verwaltungslos. Darum wurde der Kl\u00e4ger erm\u00e4chtigt, eine Versammlung einzuberufen, in der ein Verwalter f\u00fcr die Gesamtgemeinschaft bestellt werden sollte.<\/p>\n<hr \/>\n<h5>Das k\u00f6nnte sie auch interessieren:<\/h5>\n<p><a href=\"https:\/\/www.buhl.de\/vermieter-web\/weg-gesamtschuldnerische-haftung-fuer-abwassergebuehren\/\">WEG: Gesamt\u00adschuldnerische Haftung f\u00fcr Abwassergeb\u00fchren<\/a><br \/>\n<a href=\"https:\/\/www.buhl.de\/vermieter-web\/weg-verwalter-bewerber-unterlagen-muessen-vorgelegt-werden\/\">WEG: Verwalter-Bewerber-Unterlagen m\u00fcssen vorgelegt werden<\/a><br \/>\n<a href=\"https:\/\/www.buhl.de\/vermieter-web\/weg-fortsetzungsversammlung-ohne-neue-einladung\/\">WEG: Fortsetzungsversammlung ohne neue Einladung<\/a><\/p>\n<hr \/>\n<p>&nbsp;<\/p>\n","protected":false},"excerpt":{"rendered":"<p>Bei gr\u00f6\u00dferen Wohnungseigent\u00fcmergemeinschaften kommt es vor, dass diese per Teilungserkl\u00e4rung in Untergemeinschaften aufgeteilt werden. Auch wenn diese Untergemeinschaften weitgehend selbstst\u00e4ndig agieren und \u00fcber eigene Verwalter verf\u00fcgen, bleibt dies f\u00fcr die Gesamtgemeinschaft unwirksam. Sie gilt dann als Verwalter los und wird durch die Wohnungseigent\u00fcmer gemeinschaftlich vertreten. Dies geht aus einem Urteil des Amtsgerichts Wiesbaden vom 4.5.2021 &hellip; <\/p>\n<p class=\"link-more\"><a href=\"https:\/\/www.buhl.de\/vermieter-web\/weg-eine-eigentuemergemeinschaft-ein-verwalter\/\" class=\"more-link\"><span class=\"screen-reader-text\">\u201eWEG: Eine Eigent\u00fcmergemeinschaft &#8211; ein Verwalter\u201c<\/span> weiterlesen<\/a><\/p>\n","protected":false},"author":15,"featured_media":13930,"comment_status":"closed","ping_status":"open","sticky":false,"template":"","format":"standard","meta":{"footnotes":""},"categories":[1],"tags":[5728,5727,5726,3844,607,5530],"class_list":["post-14145","post","type-post","status-publish","format-standard","has-post-thumbnail","hentry","category-allgemein","tag-aussenverhaeltnis","tag-innenverhaeltnis","tag-unterverwalter","tag-verkauf","tag-verwalter","tag-wohneigentuemergemeinschaft"],"yoast_head":"<!-- This site is optimized with the Yoast SEO Premium plugin v27.4 (Yoast SEO v27.5) - https:\/\/yoast.com\/product\/yoast-seo-premium-wordpress\/ -->\n<title>WEG-Unterverwalter nur im Innenverh\u00e4ltnis<\/title>\n<meta name=\"description\" content=\"Eine Wohneigent\u00fcmergmeinschaft mit selbst verwalteten Untergemeinschaften muss im Au\u00dfenverh\u00e4ltnis von einem Gesamtverwalter vertreten werden\" \/>\n<meta name=\"robots\" content=\"noindex, nofollow\" \/>\n<meta property=\"og:locale\" content=\"de_DE\" \/>\n<meta property=\"og:type\" content=\"article\" \/>\n<meta property=\"og:title\" content=\"WEG: Eine Eigent\u00fcmergemeinschaft - ein Verwalter\" \/>\n<meta property=\"og:description\" content=\"Eine Wohneigent\u00fcmergmeinschaft mit selbst verwalteten Untergemeinschaften muss im Au\u00dfenverh\u00e4ltnis von einem Gesamtverwalter vertreten werden\" \/>\n<meta property=\"og:url\" content=\"https:\/\/www.buhl.de\/vermieter-web\/weg-eine-eigentuemergemeinschaft-ein-verwalter\/\" \/>\n<meta property=\"og:site_name\" content=\"Online-Nebenkostenabrechnung mit WISO Vermieter-Web\" \/>\n<meta property=\"article:published_time\" content=\"2021-12-09T16:24:34+00:00\" \/>\n<meta property=\"og:image\" content=\"https:\/\/www.buhl.de\/vermieter-web\/wp-content\/uploads\/sites\/33\/2021\/08\/shutterstock_1148992478.jpg\" \/>\n\t<meta property=\"og:image:width\" content=\"840\" \/>\n\t<meta property=\"og:image:height\" content=\"420\" \/>\n\t<meta property=\"og:image:type\" content=\"image\/jpeg\" \/>\n<meta name=\"author\" content=\"Hartmut Fischer\" \/>\n<meta name=\"twitter:card\" content=\"summary_large_image\" \/>\n<meta name=\"twitter:label1\" content=\"Verfasst von\" \/>\n\t<meta name=\"twitter:data1\" content=\"Hartmut Fischer\" \/>\n\t<meta name=\"twitter:label2\" content=\"Gesch\u00e4tzte Lesezeit\" \/>\n\t<meta name=\"twitter:data2\" content=\"2\u00a0Minuten\" \/>\n<script type=\"application\/ld+json\" class=\"yoast-schema-graph\">{\"@context\":\"https:\\\/\\\/schema.org\",\"@graph\":[{\"@type\":\"Article\",\"@id\":\"https:\\\/\\\/www.buhl.de\\\/vermieter-web\\\/weg-eine-eigentuemergemeinschaft-ein-verwalter\\\/#article\",\"isPartOf\":{\"@id\":\"https:\\\/\\\/www.buhl.de\\\/vermieter-web\\\/weg-eine-eigentuemergemeinschaft-ein-verwalter\\\/\"},\"author\":{\"name\":\"Hartmut Fischer\",\"@id\":\"https:\\\/\\\/www.buhl.de\\\/vermieter-web\\\/#\\\/schema\\\/person\\\/82903e1cb04eb553382702d503991b4f\"},\"headline\":\"WEG: Eine Eigent\u00fcmergemeinschaft &#8211; ein Verwalter\",\"datePublished\":\"2021-12-09T16:24:34+00:00\",\"mainEntityOfPage\":{\"@id\":\"https:\\\/\\\/www.buhl.de\\\/vermieter-web\\\/weg-eine-eigentuemergemeinschaft-ein-verwalter\\\/\"},\"wordCount\":337,\"image\":{\"@id\":\"https:\\\/\\\/www.buhl.de\\\/vermieter-web\\\/weg-eine-eigentuemergemeinschaft-ein-verwalter\\\/#primaryimage\"},\"thumbnailUrl\":\"https:\\\/\\\/www.buhl.de\\\/vermieter-web\\\/wp-content\\\/uploads\\\/sites\\\/33\\\/2021\\\/08\\\/shutterstock_1148992478.jpg\",\"keywords\":[\"Au\u00dfenverh\u00e4ltnis\",\"Innenverh\u00e4ltnis\",\"Unterverwalter\",\"Verkauf\",\"Verwalter\",\"Wohneigent\u00fcmergemeinschaft\"],\"inLanguage\":\"de\"},{\"@type\":\"WebPage\",\"@id\":\"https:\\\/\\\/www.buhl.de\\\/vermieter-web\\\/weg-eine-eigentuemergemeinschaft-ein-verwalter\\\/\",\"url\":\"https:\\\/\\\/www.buhl.de\\\/vermieter-web\\\/weg-eine-eigentuemergemeinschaft-ein-verwalter\\\/\",\"name\":\"WEG-Unterverwalter nur im Innenverh\u00e4ltnis\",\"isPartOf\":{\"@id\":\"https:\\\/\\\/www.buhl.de\\\/vermieter-web\\\/#website\"},\"primaryImageOfPage\":{\"@id\":\"https:\\\/\\\/www.buhl.de\\\/vermieter-web\\\/weg-eine-eigentuemergemeinschaft-ein-verwalter\\\/#primaryimage\"},\"image\":{\"@id\":\"https:\\\/\\\/www.buhl.de\\\/vermieter-web\\\/weg-eine-eigentuemergemeinschaft-ein-verwalter\\\/#primaryimage\"},\"thumbnailUrl\":\"https:\\\/\\\/www.buhl.de\\\/vermieter-web\\\/wp-content\\\/uploads\\\/sites\\\/33\\\/2021\\\/08\\\/shutterstock_1148992478.jpg\",\"datePublished\":\"2021-12-09T16:24:34+00:00\",\"author\":{\"@id\":\"https:\\\/\\\/www.buhl.de\\\/vermieter-web\\\/#\\\/schema\\\/person\\\/82903e1cb04eb553382702d503991b4f\"},\"description\":\"Eine Wohneigent\u00fcmergmeinschaft mit selbst verwalteten Untergemeinschaften muss im Au\u00dfenverh\u00e4ltnis von einem Gesamtverwalter vertreten werden\",\"breadcrumb\":{\"@id\":\"https:\\\/\\\/www.buhl.de\\\/vermieter-web\\\/weg-eine-eigentuemergemeinschaft-ein-verwalter\\\/#breadcrumb\"},\"inLanguage\":\"de\",\"potentialAction\":[{\"@type\":\"ReadAction\",\"target\":[\"https:\\\/\\\/www.buhl.de\\\/vermieter-web\\\/weg-eine-eigentuemergemeinschaft-ein-verwalter\\\/\"]}]},{\"@type\":\"ImageObject\",\"inLanguage\":\"de\",\"@id\":\"https:\\\/\\\/www.buhl.de\\\/vermieter-web\\\/weg-eine-eigentuemergemeinschaft-ein-verwalter\\\/#primaryimage\",\"url\":\"https:\\\/\\\/www.buhl.de\\\/vermieter-web\\\/wp-content\\\/uploads\\\/sites\\\/33\\\/2021\\\/08\\\/shutterstock_1148992478.jpg\",\"contentUrl\":\"https:\\\/\\\/www.buhl.de\\\/vermieter-web\\\/wp-content\\\/uploads\\\/sites\\\/33\\\/2021\\\/08\\\/shutterstock_1148992478.jpg\",\"width\":840,\"height\":420,\"caption\":\"3D Illustration House Paragraph\"},{\"@type\":\"BreadcrumbList\",\"@id\":\"https:\\\/\\\/www.buhl.de\\\/vermieter-web\\\/weg-eine-eigentuemergemeinschaft-ein-verwalter\\\/#breadcrumb\",\"itemListElement\":[{\"@type\":\"ListItem\",\"position\":1,\"name\":\"Startseite\",\"item\":\"https:\\\/\\\/www.buhl.de\\\/vermieter-web\\\/\"},{\"@type\":\"ListItem\",\"position\":2,\"name\":\"WEG: Eine Eigent\u00fcmergemeinschaft &#8211; ein Verwalter\"}]},{\"@type\":\"WebSite\",\"@id\":\"https:\\\/\\\/www.buhl.de\\\/vermieter-web\\\/#website\",\"url\":\"https:\\\/\\\/www.buhl.de\\\/vermieter-web\\\/\",\"name\":\"Online-Nebenkostenabrechnung mit WISO Vermieter-Web\",\"description\":\"\",\"potentialAction\":[{\"@type\":\"SearchAction\",\"target\":{\"@type\":\"EntryPoint\",\"urlTemplate\":\"https:\\\/\\\/www.buhl.de\\\/vermieter-web\\\/?s={search_term_string}\"},\"query-input\":{\"@type\":\"PropertyValueSpecification\",\"valueRequired\":true,\"valueName\":\"search_term_string\"}}],\"inLanguage\":\"de\"},{\"@type\":\"Person\",\"@id\":\"https:\\\/\\\/www.buhl.de\\\/vermieter-web\\\/#\\\/schema\\\/person\\\/82903e1cb04eb553382702d503991b4f\",\"name\":\"Hartmut Fischer\"}]}<\/script>\n<!-- \/ Yoast SEO Premium plugin. -->","yoast_head_json":{"title":"WEG-Unterverwalter nur im Innenverh\u00e4ltnis","description":"Eine Wohneigent\u00fcmergmeinschaft mit selbst verwalteten Untergemeinschaften muss im Au\u00dfenverh\u00e4ltnis von einem Gesamtverwalter vertreten werden","robots":{"index":"noindex","follow":"nofollow"},"og_locale":"de_DE","og_type":"article","og_title":"WEG: Eine Eigent\u00fcmergemeinschaft - ein Verwalter","og_description":"Eine Wohneigent\u00fcmergmeinschaft mit selbst verwalteten Untergemeinschaften muss im Au\u00dfenverh\u00e4ltnis von einem Gesamtverwalter vertreten werden","og_url":"https:\/\/www.buhl.de\/vermieter-web\/weg-eine-eigentuemergemeinschaft-ein-verwalter\/","og_site_name":"Online-Nebenkostenabrechnung mit WISO Vermieter-Web","article_published_time":"2021-12-09T16:24:34+00:00","og_image":[{"width":840,"height":420,"url":"https:\/\/www.buhl.de\/vermieter-web\/wp-content\/uploads\/sites\/33\/2021\/08\/shutterstock_1148992478.jpg","type":"image\/jpeg"}],"author":"Hartmut Fischer","twitter_card":"summary_large_image","twitter_misc":{"Verfasst von":"Hartmut Fischer","Gesch\u00e4tzte Lesezeit":"2\u00a0Minuten"},"schema":{"@context":"https:\/\/schema.org","@graph":[{"@type":"Article","@id":"https:\/\/www.buhl.de\/vermieter-web\/weg-eine-eigentuemergemeinschaft-ein-verwalter\/#article","isPartOf":{"@id":"https:\/\/www.buhl.de\/vermieter-web\/weg-eine-eigentuemergemeinschaft-ein-verwalter\/"},"author":{"name":"Hartmut Fischer","@id":"https:\/\/www.buhl.de\/vermieter-web\/#\/schema\/person\/82903e1cb04eb553382702d503991b4f"},"headline":"WEG: Eine Eigent\u00fcmergemeinschaft &#8211; ein Verwalter","datePublished":"2021-12-09T16:24:34+00:00","mainEntityOfPage":{"@id":"https:\/\/www.buhl.de\/vermieter-web\/weg-eine-eigentuemergemeinschaft-ein-verwalter\/"},"wordCount":337,"image":{"@id":"https:\/\/www.buhl.de\/vermieter-web\/weg-eine-eigentuemergemeinschaft-ein-verwalter\/#primaryimage"},"thumbnailUrl":"https:\/\/www.buhl.de\/vermieter-web\/wp-content\/uploads\/sites\/33\/2021\/08\/shutterstock_1148992478.jpg","keywords":["Au\u00dfenverh\u00e4ltnis","Innenverh\u00e4ltnis","Unterverwalter","Verkauf","Verwalter","Wohneigent\u00fcmergemeinschaft"],"inLanguage":"de"},{"@type":"WebPage","@id":"https:\/\/www.buhl.de\/vermieter-web\/weg-eine-eigentuemergemeinschaft-ein-verwalter\/","url":"https:\/\/www.buhl.de\/vermieter-web\/weg-eine-eigentuemergemeinschaft-ein-verwalter\/","name":"WEG-Unterverwalter nur im Innenverh\u00e4ltnis","isPartOf":{"@id":"https:\/\/www.buhl.de\/vermieter-web\/#website"},"primaryImageOfPage":{"@id":"https:\/\/www.buhl.de\/vermieter-web\/weg-eine-eigentuemergemeinschaft-ein-verwalter\/#primaryimage"},"image":{"@id":"https:\/\/www.buhl.de\/vermieter-web\/weg-eine-eigentuemergemeinschaft-ein-verwalter\/#primaryimage"},"thumbnailUrl":"https:\/\/www.buhl.de\/vermieter-web\/wp-content\/uploads\/sites\/33\/2021\/08\/shutterstock_1148992478.jpg","datePublished":"2021-12-09T16:24:34+00:00","author":{"@id":"https:\/\/www.buhl.de\/vermieter-web\/#\/schema\/person\/82903e1cb04eb553382702d503991b4f"},"description":"Eine Wohneigent\u00fcmergmeinschaft mit selbst verwalteten Untergemeinschaften muss im Au\u00dfenverh\u00e4ltnis von einem Gesamtverwalter vertreten werden","breadcrumb":{"@id":"https:\/\/www.buhl.de\/vermieter-web\/weg-eine-eigentuemergemeinschaft-ein-verwalter\/#breadcrumb"},"inLanguage":"de","potentialAction":[{"@type":"ReadAction","target":["https:\/\/www.buhl.de\/vermieter-web\/weg-eine-eigentuemergemeinschaft-ein-verwalter\/"]}]},{"@type":"ImageObject","inLanguage":"de","@id":"https:\/\/www.buhl.de\/vermieter-web\/weg-eine-eigentuemergemeinschaft-ein-verwalter\/#primaryimage","url":"https:\/\/www.buhl.de\/vermieter-web\/wp-content\/uploads\/sites\/33\/2021\/08\/shutterstock_1148992478.jpg","contentUrl":"https:\/\/www.buhl.de\/vermieter-web\/wp-content\/uploads\/sites\/33\/2021\/08\/shutterstock_1148992478.jpg","width":840,"height":420,"caption":"3D Illustration House Paragraph"},{"@type":"BreadcrumbList","@id":"https:\/\/www.buhl.de\/vermieter-web\/weg-eine-eigentuemergemeinschaft-ein-verwalter\/#breadcrumb","itemListElement":[{"@type":"ListItem","position":1,"name":"Startseite","item":"https:\/\/www.buhl.de\/vermieter-web\/"},{"@type":"ListItem","position":2,"name":"WEG: Eine Eigent\u00fcmergemeinschaft &#8211; ein Verwalter"}]},{"@type":"WebSite","@id":"https:\/\/www.buhl.de\/vermieter-web\/#website","url":"https:\/\/www.buhl.de\/vermieter-web\/","name":"Online-Nebenkostenabrechnung mit WISO Vermieter-Web","description":"","potentialAction":[{"@type":"SearchAction","target":{"@type":"EntryPoint","urlTemplate":"https:\/\/www.buhl.de\/vermieter-web\/?s={search_term_string}"},"query-input":{"@type":"PropertyValueSpecification","valueRequired":true,"valueName":"search_term_string"}}],"inLanguage":"de"},{"@type":"Person","@id":"https:\/\/www.buhl.de\/vermieter-web\/#\/schema\/person\/82903e1cb04eb553382702d503991b4f","name":"Hartmut Fischer"}]}},"_links":{"self":[{"href":"https:\/\/www.buhl.de\/vermieter-web\/wp-json\/wp\/v2\/posts\/14145","targetHints":{"allow":["GET"]}}],"collection":[{"href":"https:\/\/www.buhl.de\/vermieter-web\/wp-json\/wp\/v2\/posts"}],"about":[{"href":"https:\/\/www.buhl.de\/vermieter-web\/wp-json\/wp\/v2\/types\/post"}],"author":[{"embeddable":true,"href":"https:\/\/www.buhl.de\/vermieter-web\/wp-json\/wp\/v2\/users\/15"}],"replies":[{"embeddable":true,"href":"https:\/\/www.buhl.de\/vermieter-web\/wp-json\/wp\/v2\/comments?post=14145"}],"version-history":[{"count":1,"href":"https:\/\/www.buhl.de\/vermieter-web\/wp-json\/wp\/v2\/posts\/14145\/revisions"}],"predecessor-version":[{"id":14149,"href":"https:\/\/www.buhl.de\/vermieter-web\/wp-json\/wp\/v2\/posts\/14145\/revisions\/14149"}],"wp:featuredmedia":[{"embeddable":true,"href":"https:\/\/www.buhl.de\/vermieter-web\/wp-json\/wp\/v2\/media\/13930"}],"wp:attachment":[{"href":"https:\/\/www.buhl.de\/vermieter-web\/wp-json\/wp\/v2\/media?parent=14145"}],"wp:term":[{"taxonomy":"category","embeddable":true,"href":"https:\/\/www.buhl.de\/vermieter-web\/wp-json\/wp\/v2\/categories?post=14145"},{"taxonomy":"post_tag","embeddable":true,"href":"https:\/\/www.buhl.de\/vermieter-web\/wp-json\/wp\/v2\/tags?post=14145"}],"curies":[{"name":"wp","href":"https:\/\/api.w.org\/{rel}","templated":true}]}}