{"id":14150,"date":"2021-12-09T17:37:23","date_gmt":"2021-12-09T16:37:23","guid":{"rendered":"https:\/\/www.buhl.de\/vermieter-web\/?p=14150"},"modified":"2021-12-09T17:37:23","modified_gmt":"2021-12-09T16:37:23","slug":"u-bahn-laerm-muss-akzeptiert-werden","status":"publish","type":"post","link":"https:\/\/www.buhl.de\/vermieter-web\/u-bahn-laerm-muss-akzeptiert-werden\/","title":{"rendered":"U-Bahn-L\u00e4rm muss akzeptiert werden"},"content":{"rendered":"<p><strong>Um die Menschen vor physischen und psychischen Sch\u00e4den durch L\u00e4rm zu sch\u00fctzen, gilt in vielen Bereichen die TA L\u00e4rm (Technische Anleitung zum Schutz gegen L\u00e4rm). Doch die hier festgelegten Grenzwerte gelten nicht immer. Der hessische Verwaltungsgerichtshof hat in einem Beschluss vom 30.8.2021 festgestellt, dass die Grenzwerte der TA L\u00e4rm von auf Wendegleisen befindlichen U-Bahn Z\u00fcgen nicht eingehalten werden m\u00fcssen (Aktenzeichen 9 A 1635\/18.Z). Das hei\u00dft aber nicht, dass Betroffene keinen Unterlassungsanspruch durchsetzen k\u00f6nnen.<\/strong><\/p>\n<h5>Die U-Bahn vor dem Haus<\/h5>\n<p>In dem Verfahren ging es um U-Bahn Z\u00fcge, die vor einem Wohnhaus auf einem Wendegleis bis zu 25 Minuten auf ihre R\u00fcckfahrt warteten. Die Klimaanlagen bzw. Heizungen der wartenden Z\u00fcge blieben dabei in Betrieb. Der Eigent\u00fcmer des Wohnhauses verlangte vom Betreiber der U-Bahn, dass dieser die Grenzwerte der TA L\u00e4rm einhalten m\u00fcsse.<\/p>\n<h5>Bundesimmissionsschutzgesetz statt TA L\u00e4rm<\/h5>\n<p>W\u00e4hrend sich der Kl\u00e4ger zun\u00e4chst vor Gericht durchsetzen konnte, unterlag er im Berufungsverfahren vor dem Hessischen Verwaltungsgerichtshof. Nach Ansicht der Richter konnte der Kl\u00e4ger nicht verlangen, dass der Beklagte die Grenzwerte der TA L\u00e4rm einhalten w\u00fcrde. Statt dieser Verordnung k\u00e4me im vorliegenden Fall \u00a7 <a href=\"https:\/\/www.gesetze-im-internet.de\/bimschg\/__41.html\">41 Bundesimmissionsschutzgesetz (BImSchG<\/a>) zur Anwendung. Die von den Z\u00fcgen ausgehende L\u00e4rmbel\u00e4stigung im Rahmen des Fahrbetriebs sei insofern privilegiert. Zum Fahrbetrieb geh\u00f6re auch das Warten auf den Wendegleisen.<\/p>\n<h5>zivilrechlicher Anspruch m\u00f6glich<\/h5>\n<p>Im vorliegenden Fall m\u00fcsse die L\u00e4rmbel\u00e4stigung als Gesamtheit gesehen werden. Alle Ger\u00e4usche st\u00e4nden im direkten Zusammenhang mit dem Fahrbetrieb. W\u00e4hrend des Fahrbetriebs m\u00fcssten Klimaanlagen und Heizungen in Betrieb sein.<\/p>\n<p>Das Gericht wies aber darauf hin, dass unter Umst\u00e4nden ein zivilrechtlicher Unterlassungsanspruch nach den \u00a7\u00a7 <a href=\"https:\/\/www.gesetze-im-internet.de\/bgb\/__1004.html\">1004<\/a> und <a href=\"https:\/\/www.gesetze-im-internet.de\/bgb\/__906.html\">906<\/a> gegeben sein k\u00f6nnte.<\/p>\n<hr \/>\n<h5>Das k\u00f6nnte sie auch interessieren:<\/h5>\n<p><a href=\"https:\/\/www.buhl.de\/vermieter-web\/wie-viel-laerm-muss-man-hinnehmen\/\">Wie viel L\u00e4rm muss man hinnehmen?<\/a><br \/>\n<a href=\"https:\/\/www.buhl.de\/vermieter-web\/gewerbemietrecht-mietminderung-wegen-baulaerm-und-erschuetterungen\/\">Gewerbemietrecht: Mietminderung wegen Baul\u00e4rm und -ersch\u00fctterungen<\/a><br \/>\n<a href=\"https:\/\/www.buhl.de\/vermieter-web\/keine-mietminderung-bei-baulaerm\/\">Keine Mietminderung bei Baul\u00e4rm<\/a><\/p>\n<hr \/>\n<p>&nbsp;<\/p>\n","protected":false},"excerpt":{"rendered":"<p>Um die Menschen vor physischen und psychischen Sch\u00e4den durch L\u00e4rm zu sch\u00fctzen, gilt in vielen Bereichen die TA L\u00e4rm (Technische Anleitung zum Schutz gegen L\u00e4rm). Doch die hier festgelegten Grenzwerte gelten nicht immer. Der hessische Verwaltungsgerichtshof hat in einem Beschluss vom 30.8.2021 festgestellt, dass die Grenzwerte der TA L\u00e4rm von auf Wendegleisen befindlichen U-Bahn Z\u00fcgen &hellip; <\/p>\n<p class=\"link-more\"><a href=\"https:\/\/www.buhl.de\/vermieter-web\/u-bahn-laerm-muss-akzeptiert-werden\/\" class=\"more-link\"><span class=\"screen-reader-text\">\u201eU-Bahn-L\u00e4rm muss akzeptiert werden\u201c<\/span> weiterlesen<\/a><\/p>\n","protected":false},"author":15,"featured_media":14096,"comment_status":"closed","ping_status":"open","sticky":false,"template":"","format":"standard","meta":{"footnotes":""},"categories":[1],"tags":[5730,1507,5729],"class_list":["post-14150","post","type-post","status-publish","format-standard","has-post-thumbnail","hentry","category-allgemein","tag-bundesimmissionsschutzgesetz","tag-laerm","tag-ta-laerm"],"yoast_head":"<!-- This site is optimized with the Yoast SEO Premium plugin v27.4 (Yoast SEO v27.5) - https:\/\/yoast.com\/product\/yoast-seo-premium-wordpress\/ -->\n<title>U-Bahn-L\u00e4rm muss man hinnehmen<\/title>\n<meta name=\"description\" content=\"Bei U-Bahn-L\u00e4rm wird die TA-L\u00e4rm nicht angewandt. Deshalb muss der L\u00e4rm zun\u00e4chst geduldet werden. Zivilrechtliche Schritte sind m\u00f6glich.\" \/>\n<meta name=\"robots\" content=\"noindex, nofollow\" \/>\n<meta property=\"og:locale\" content=\"de_DE\" \/>\n<meta property=\"og:type\" content=\"article\" \/>\n<meta property=\"og:title\" content=\"U-Bahn-L\u00e4rm muss akzeptiert werden\" \/>\n<meta property=\"og:description\" content=\"Bei U-Bahn-L\u00e4rm wird die TA-L\u00e4rm nicht angewandt. Deshalb muss der L\u00e4rm zun\u00e4chst geduldet werden. Zivilrechtliche Schritte sind m\u00f6glich.\" \/>\n<meta property=\"og:url\" content=\"https:\/\/www.buhl.de\/vermieter-web\/u-bahn-laerm-muss-akzeptiert-werden\/\" \/>\n<meta property=\"og:site_name\" content=\"Online-Nebenkostenabrechnung mit WISO Vermieter-Web\" \/>\n<meta property=\"article:published_time\" content=\"2021-12-09T16:37:23+00:00\" \/>\n<meta property=\"og:image\" content=\"https:\/\/www.buhl.de\/vermieter-web\/wp-content\/uploads\/sites\/33\/2021\/11\/shutterstock_1484973644.jpg\" \/>\n\t<meta property=\"og:image:width\" content=\"840\" \/>\n\t<meta property=\"og:image:height\" content=\"420\" \/>\n\t<meta property=\"og:image:type\" content=\"image\/jpeg\" \/>\n<meta name=\"author\" content=\"Hartmut Fischer\" \/>\n<meta name=\"twitter:card\" content=\"summary_large_image\" \/>\n<meta name=\"twitter:label1\" content=\"Verfasst von\" \/>\n\t<meta name=\"twitter:data1\" content=\"Hartmut Fischer\" \/>\n\t<meta name=\"twitter:label2\" content=\"Gesch\u00e4tzte Lesezeit\" \/>\n\t<meta name=\"twitter:data2\" content=\"2\u00a0Minuten\" \/>\n<script type=\"application\/ld+json\" class=\"yoast-schema-graph\">{\"@context\":\"https:\\\/\\\/schema.org\",\"@graph\":[{\"@type\":\"Article\",\"@id\":\"https:\\\/\\\/www.buhl.de\\\/vermieter-web\\\/u-bahn-laerm-muss-akzeptiert-werden\\\/#article\",\"isPartOf\":{\"@id\":\"https:\\\/\\\/www.buhl.de\\\/vermieter-web\\\/u-bahn-laerm-muss-akzeptiert-werden\\\/\"},\"author\":{\"name\":\"Hartmut Fischer\",\"@id\":\"https:\\\/\\\/www.buhl.de\\\/vermieter-web\\\/#\\\/schema\\\/person\\\/82903e1cb04eb553382702d503991b4f\"},\"headline\":\"U-Bahn-L\u00e4rm muss akzeptiert werden\",\"datePublished\":\"2021-12-09T16:37:23+00:00\",\"mainEntityOfPage\":{\"@id\":\"https:\\\/\\\/www.buhl.de\\\/vermieter-web\\\/u-bahn-laerm-muss-akzeptiert-werden\\\/\"},\"wordCount\":320,\"image\":{\"@id\":\"https:\\\/\\\/www.buhl.de\\\/vermieter-web\\\/u-bahn-laerm-muss-akzeptiert-werden\\\/#primaryimage\"},\"thumbnailUrl\":\"https:\\\/\\\/www.buhl.de\\\/vermieter-web\\\/wp-content\\\/uploads\\\/sites\\\/33\\\/2021\\\/11\\\/shutterstock_1484973644.jpg\",\"keywords\":[\"Bundesimmissionsschutzgesetz\",\"L\u00e4rm\",\"TA L\u00e4rm\"],\"inLanguage\":\"de\"},{\"@type\":\"WebPage\",\"@id\":\"https:\\\/\\\/www.buhl.de\\\/vermieter-web\\\/u-bahn-laerm-muss-akzeptiert-werden\\\/\",\"url\":\"https:\\\/\\\/www.buhl.de\\\/vermieter-web\\\/u-bahn-laerm-muss-akzeptiert-werden\\\/\",\"name\":\"U-Bahn-L\u00e4rm muss man hinnehmen\",\"isPartOf\":{\"@id\":\"https:\\\/\\\/www.buhl.de\\\/vermieter-web\\\/#website\"},\"primaryImageOfPage\":{\"@id\":\"https:\\\/\\\/www.buhl.de\\\/vermieter-web\\\/u-bahn-laerm-muss-akzeptiert-werden\\\/#primaryimage\"},\"image\":{\"@id\":\"https:\\\/\\\/www.buhl.de\\\/vermieter-web\\\/u-bahn-laerm-muss-akzeptiert-werden\\\/#primaryimage\"},\"thumbnailUrl\":\"https:\\\/\\\/www.buhl.de\\\/vermieter-web\\\/wp-content\\\/uploads\\\/sites\\\/33\\\/2021\\\/11\\\/shutterstock_1484973644.jpg\",\"datePublished\":\"2021-12-09T16:37:23+00:00\",\"author\":{\"@id\":\"https:\\\/\\\/www.buhl.de\\\/vermieter-web\\\/#\\\/schema\\\/person\\\/82903e1cb04eb553382702d503991b4f\"},\"description\":\"Bei U-Bahn-L\u00e4rm wird die TA-L\u00e4rm nicht angewandt. Deshalb muss der L\u00e4rm zun\u00e4chst geduldet werden. Zivilrechtliche Schritte sind m\u00f6glich.\",\"breadcrumb\":{\"@id\":\"https:\\\/\\\/www.buhl.de\\\/vermieter-web\\\/u-bahn-laerm-muss-akzeptiert-werden\\\/#breadcrumb\"},\"inLanguage\":\"de\",\"potentialAction\":[{\"@type\":\"ReadAction\",\"target\":[\"https:\\\/\\\/www.buhl.de\\\/vermieter-web\\\/u-bahn-laerm-muss-akzeptiert-werden\\\/\"]}]},{\"@type\":\"ImageObject\",\"inLanguage\":\"de\",\"@id\":\"https:\\\/\\\/www.buhl.de\\\/vermieter-web\\\/u-bahn-laerm-muss-akzeptiert-werden\\\/#primaryimage\",\"url\":\"https:\\\/\\\/www.buhl.de\\\/vermieter-web\\\/wp-content\\\/uploads\\\/sites\\\/33\\\/2021\\\/11\\\/shutterstock_1484973644.jpg\",\"contentUrl\":\"https:\\\/\\\/www.buhl.de\\\/vermieter-web\\\/wp-content\\\/uploads\\\/sites\\\/33\\\/2021\\\/11\\\/shutterstock_1484973644.jpg\",\"width\":840,\"height\":420,\"caption\":\"Young indian man wearing denim shirt standing over isolated yellow background covering ears with fingers with annoyed expression for the noise of loud music. Deaf concept.\"},{\"@type\":\"BreadcrumbList\",\"@id\":\"https:\\\/\\\/www.buhl.de\\\/vermieter-web\\\/u-bahn-laerm-muss-akzeptiert-werden\\\/#breadcrumb\",\"itemListElement\":[{\"@type\":\"ListItem\",\"position\":1,\"name\":\"Startseite\",\"item\":\"https:\\\/\\\/www.buhl.de\\\/vermieter-web\\\/\"},{\"@type\":\"ListItem\",\"position\":2,\"name\":\"U-Bahn-L\u00e4rm muss akzeptiert werden\"}]},{\"@type\":\"WebSite\",\"@id\":\"https:\\\/\\\/www.buhl.de\\\/vermieter-web\\\/#website\",\"url\":\"https:\\\/\\\/www.buhl.de\\\/vermieter-web\\\/\",\"name\":\"Online-Nebenkostenabrechnung mit WISO Vermieter-Web\",\"description\":\"\",\"potentialAction\":[{\"@type\":\"SearchAction\",\"target\":{\"@type\":\"EntryPoint\",\"urlTemplate\":\"https:\\\/\\\/www.buhl.de\\\/vermieter-web\\\/?s={search_term_string}\"},\"query-input\":{\"@type\":\"PropertyValueSpecification\",\"valueRequired\":true,\"valueName\":\"search_term_string\"}}],\"inLanguage\":\"de\"},{\"@type\":\"Person\",\"@id\":\"https:\\\/\\\/www.buhl.de\\\/vermieter-web\\\/#\\\/schema\\\/person\\\/82903e1cb04eb553382702d503991b4f\",\"name\":\"Hartmut Fischer\"}]}<\/script>\n<!-- \/ Yoast SEO Premium plugin. -->","yoast_head_json":{"title":"U-Bahn-L\u00e4rm muss man hinnehmen","description":"Bei U-Bahn-L\u00e4rm wird die TA-L\u00e4rm nicht angewandt. Deshalb muss der L\u00e4rm zun\u00e4chst geduldet werden. Zivilrechtliche Schritte sind m\u00f6glich.","robots":{"index":"noindex","follow":"nofollow"},"og_locale":"de_DE","og_type":"article","og_title":"U-Bahn-L\u00e4rm muss akzeptiert werden","og_description":"Bei U-Bahn-L\u00e4rm wird die TA-L\u00e4rm nicht angewandt. Deshalb muss der L\u00e4rm zun\u00e4chst geduldet werden. Zivilrechtliche Schritte sind m\u00f6glich.","og_url":"https:\/\/www.buhl.de\/vermieter-web\/u-bahn-laerm-muss-akzeptiert-werden\/","og_site_name":"Online-Nebenkostenabrechnung mit WISO Vermieter-Web","article_published_time":"2021-12-09T16:37:23+00:00","og_image":[{"width":840,"height":420,"url":"https:\/\/www.buhl.de\/vermieter-web\/wp-content\/uploads\/sites\/33\/2021\/11\/shutterstock_1484973644.jpg","type":"image\/jpeg"}],"author":"Hartmut Fischer","twitter_card":"summary_large_image","twitter_misc":{"Verfasst von":"Hartmut Fischer","Gesch\u00e4tzte Lesezeit":"2\u00a0Minuten"},"schema":{"@context":"https:\/\/schema.org","@graph":[{"@type":"Article","@id":"https:\/\/www.buhl.de\/vermieter-web\/u-bahn-laerm-muss-akzeptiert-werden\/#article","isPartOf":{"@id":"https:\/\/www.buhl.de\/vermieter-web\/u-bahn-laerm-muss-akzeptiert-werden\/"},"author":{"name":"Hartmut Fischer","@id":"https:\/\/www.buhl.de\/vermieter-web\/#\/schema\/person\/82903e1cb04eb553382702d503991b4f"},"headline":"U-Bahn-L\u00e4rm muss akzeptiert werden","datePublished":"2021-12-09T16:37:23+00:00","mainEntityOfPage":{"@id":"https:\/\/www.buhl.de\/vermieter-web\/u-bahn-laerm-muss-akzeptiert-werden\/"},"wordCount":320,"image":{"@id":"https:\/\/www.buhl.de\/vermieter-web\/u-bahn-laerm-muss-akzeptiert-werden\/#primaryimage"},"thumbnailUrl":"https:\/\/www.buhl.de\/vermieter-web\/wp-content\/uploads\/sites\/33\/2021\/11\/shutterstock_1484973644.jpg","keywords":["Bundesimmissionsschutzgesetz","L\u00e4rm","TA L\u00e4rm"],"inLanguage":"de"},{"@type":"WebPage","@id":"https:\/\/www.buhl.de\/vermieter-web\/u-bahn-laerm-muss-akzeptiert-werden\/","url":"https:\/\/www.buhl.de\/vermieter-web\/u-bahn-laerm-muss-akzeptiert-werden\/","name":"U-Bahn-L\u00e4rm muss man hinnehmen","isPartOf":{"@id":"https:\/\/www.buhl.de\/vermieter-web\/#website"},"primaryImageOfPage":{"@id":"https:\/\/www.buhl.de\/vermieter-web\/u-bahn-laerm-muss-akzeptiert-werden\/#primaryimage"},"image":{"@id":"https:\/\/www.buhl.de\/vermieter-web\/u-bahn-laerm-muss-akzeptiert-werden\/#primaryimage"},"thumbnailUrl":"https:\/\/www.buhl.de\/vermieter-web\/wp-content\/uploads\/sites\/33\/2021\/11\/shutterstock_1484973644.jpg","datePublished":"2021-12-09T16:37:23+00:00","author":{"@id":"https:\/\/www.buhl.de\/vermieter-web\/#\/schema\/person\/82903e1cb04eb553382702d503991b4f"},"description":"Bei U-Bahn-L\u00e4rm wird die TA-L\u00e4rm nicht angewandt. Deshalb muss der L\u00e4rm zun\u00e4chst geduldet werden. Zivilrechtliche Schritte sind m\u00f6glich.","breadcrumb":{"@id":"https:\/\/www.buhl.de\/vermieter-web\/u-bahn-laerm-muss-akzeptiert-werden\/#breadcrumb"},"inLanguage":"de","potentialAction":[{"@type":"ReadAction","target":["https:\/\/www.buhl.de\/vermieter-web\/u-bahn-laerm-muss-akzeptiert-werden\/"]}]},{"@type":"ImageObject","inLanguage":"de","@id":"https:\/\/www.buhl.de\/vermieter-web\/u-bahn-laerm-muss-akzeptiert-werden\/#primaryimage","url":"https:\/\/www.buhl.de\/vermieter-web\/wp-content\/uploads\/sites\/33\/2021\/11\/shutterstock_1484973644.jpg","contentUrl":"https:\/\/www.buhl.de\/vermieter-web\/wp-content\/uploads\/sites\/33\/2021\/11\/shutterstock_1484973644.jpg","width":840,"height":420,"caption":"Young indian man wearing denim shirt standing over isolated yellow background covering ears with fingers with annoyed expression for the noise of loud music. Deaf concept."},{"@type":"BreadcrumbList","@id":"https:\/\/www.buhl.de\/vermieter-web\/u-bahn-laerm-muss-akzeptiert-werden\/#breadcrumb","itemListElement":[{"@type":"ListItem","position":1,"name":"Startseite","item":"https:\/\/www.buhl.de\/vermieter-web\/"},{"@type":"ListItem","position":2,"name":"U-Bahn-L\u00e4rm muss akzeptiert werden"}]},{"@type":"WebSite","@id":"https:\/\/www.buhl.de\/vermieter-web\/#website","url":"https:\/\/www.buhl.de\/vermieter-web\/","name":"Online-Nebenkostenabrechnung mit WISO Vermieter-Web","description":"","potentialAction":[{"@type":"SearchAction","target":{"@type":"EntryPoint","urlTemplate":"https:\/\/www.buhl.de\/vermieter-web\/?s={search_term_string}"},"query-input":{"@type":"PropertyValueSpecification","valueRequired":true,"valueName":"search_term_string"}}],"inLanguage":"de"},{"@type":"Person","@id":"https:\/\/www.buhl.de\/vermieter-web\/#\/schema\/person\/82903e1cb04eb553382702d503991b4f","name":"Hartmut Fischer"}]}},"_links":{"self":[{"href":"https:\/\/www.buhl.de\/vermieter-web\/wp-json\/wp\/v2\/posts\/14150","targetHints":{"allow":["GET"]}}],"collection":[{"href":"https:\/\/www.buhl.de\/vermieter-web\/wp-json\/wp\/v2\/posts"}],"about":[{"href":"https:\/\/www.buhl.de\/vermieter-web\/wp-json\/wp\/v2\/types\/post"}],"author":[{"embeddable":true,"href":"https:\/\/www.buhl.de\/vermieter-web\/wp-json\/wp\/v2\/users\/15"}],"replies":[{"embeddable":true,"href":"https:\/\/www.buhl.de\/vermieter-web\/wp-json\/wp\/v2\/comments?post=14150"}],"version-history":[{"count":1,"href":"https:\/\/www.buhl.de\/vermieter-web\/wp-json\/wp\/v2\/posts\/14150\/revisions"}],"predecessor-version":[{"id":14152,"href":"https:\/\/www.buhl.de\/vermieter-web\/wp-json\/wp\/v2\/posts\/14150\/revisions\/14152"}],"wp:featuredmedia":[{"embeddable":true,"href":"https:\/\/www.buhl.de\/vermieter-web\/wp-json\/wp\/v2\/media\/14096"}],"wp:attachment":[{"href":"https:\/\/www.buhl.de\/vermieter-web\/wp-json\/wp\/v2\/media?parent=14150"}],"wp:term":[{"taxonomy":"category","embeddable":true,"href":"https:\/\/www.buhl.de\/vermieter-web\/wp-json\/wp\/v2\/categories?post=14150"},{"taxonomy":"post_tag","embeddable":true,"href":"https:\/\/www.buhl.de\/vermieter-web\/wp-json\/wp\/v2\/tags?post=14150"}],"curies":[{"name":"wp","href":"https:\/\/api.w.org\/{rel}","templated":true}]}}