{"id":14186,"date":"2021-12-22T16:17:28","date_gmt":"2021-12-22T15:17:28","guid":{"rendered":"https:\/\/www.buhl.de\/vermieter-web\/?p=14186"},"modified":"2021-12-22T16:17:28","modified_gmt":"2021-12-22T15:17:28","slug":"eigentuemerversammlung-darf-niemanden-ausschliessen","status":"publish","type":"post","link":"https:\/\/www.buhl.de\/vermieter-web\/eigentuemerversammlung-darf-niemanden-ausschliessen\/","title":{"rendered":"Eigent\u00fcmer\u00adversammlung darf niemanden ausschlie\u00dfen"},"content":{"rendered":"<p><strong>Treffen in Zeiten der Pandemie sind schwierig zu organisieren. Das gilt auch f\u00fcr die Durchf\u00fchrung von Wohneigentumsversammlungen. Allerdings ist es keine L\u00f6sung, bestimmte Gruppen von der Versammlung auszuschlie\u00dfen. Das hat das Amtsgericht Hannover am 20.10.2021 noch einmal in einem Urteil klargestellt (Aktenzeichen 407 C 383\/21)<\/strong><\/p>\n<h5>nicht alle eigent\u00fcmer bei versammlung erw\u00fcnscht<\/h5>\n<p>Hintergrund des Verfahrens war die Entscheidung eines Beirats und der Verwaltung einer Wohnungseigent\u00fcmergemeinschaft. Diese hatten sich aufgrund der Pandemie entschlossen, den Teilnehmerkreis einer Eigent\u00fcmerversammlung einzuschr\u00e4nken. Darum wurden die Garageneigent\u00fcmer der Gemeinschaft in der Einladung aufgefordert nicht zur Versammlung zu erscheinen. Sie sollten der Verwaltung oder einem Beiratsmitglied ihre Rechte f\u00fcr die Versammlung \u00fcbertragen.<\/p>\n<h5>beschl\u00fcsse angefochten<\/h5>\n<p>Damit war einer der betroffenen Garageneigent\u00fcmer nicht einverstanden. Er hielt seinen Ausschluss f\u00fcr ungerecht und verlangte vor Gericht, die Beschl\u00fcsse der Versammlung \u2013 unter anderem der Wirtschafts\u00adplan und die Jahres\u00adrechnung f\u00fcr 2019 und 2020, f\u00fcr ung\u00fcltig zu erkl\u00e4ren.<\/p>\n<h5>Amtsgericht erkl\u00e4rt beschl\u00fcsse f\u00fcr nichtig<\/h5>\n<p>Das Amtsgericht gab ihm Recht. Das Gericht erkl\u00e4rte die gefassten Beschl\u00fcsse f\u00fcr rechtsfehlerhaft und damit f\u00fcr nichtig. Es stellte klar, dass der Ausschluss der Garageneigent\u00fcmer einen unzul\u00e4ssigen Eingriff in den Kernbereich des Eigentums der Betroffenen dar. Dass man ihnen stattdessen die Erteilung von Vollmachten anbot, m\u00fcssten die Garageneigent\u00fcmer nicht akzeptieren. Es sei Aufgabe der Verwaltung gewesen, gr\u00f6\u00dfere R\u00e4ume f\u00fcr die Versammlung zu organisieren oder eine Teilnahme auf elektronischem Weg zu erm\u00f6glichen.<\/p>\n<hr \/>\n<p><a href=\"https:\/\/www.buhl.de\/vermieter-web\/zu-wenig-eigentuemerversammlung-in-corona-zeiten\/\">Zu wenig Eigent\u00fcmerversammlung in Corona-Zeiten<\/a><br \/>\n<a href=\"https:\/\/www.buhl.de\/vermieter-web\/weg-eigentuemerversammlung-in-der-pandemie-ohne-eigentuemer\/\">WEG: Eigent\u00fcmerversammlung in der Pandemie ohne Eigent\u00fcmer?<\/a>\u00a0<a href=\"https:\/\/www.buhl.de\/vermieter-web\/zukuenftiger-eigentuemer-muss-zur-wohneigentuemerversammlung-eingeladen-werden\/\"><br \/>\nZuk\u00fcnftiger Eigent\u00fcmer muss zur Wohneigent\u00fcmerversammlung eingeladen werden<\/a><\/p>\n<hr \/>\n<p>&nbsp;<\/p>\n","protected":false},"excerpt":{"rendered":"<p>Treffen in Zeiten der Pandemie sind schwierig zu organisieren. Das gilt auch f\u00fcr die Durchf\u00fchrung von Wohneigentumsversammlungen. Allerdings ist es keine L\u00f6sung, bestimmte Gruppen von der Versammlung auszuschlie\u00dfen. Das hat das Amtsgericht Hannover am 20.10.2021 noch einmal in einem Urteil klargestellt (Aktenzeichen 407 C 383\/21) nicht alle eigent\u00fcmer bei versammlung erw\u00fcnscht Hintergrund des Verfahrens war &hellip; <\/p>\n<p class=\"link-more\"><a href=\"https:\/\/www.buhl.de\/vermieter-web\/eigentuemerversammlung-darf-niemanden-ausschliessen\/\" class=\"more-link\"><span class=\"screen-reader-text\">\u201eEigent\u00fcmer\u00adversammlung darf niemanden ausschlie\u00dfen\u201c<\/span> weiterlesen<\/a><\/p>\n","protected":false},"author":15,"featured_media":13392,"comment_status":"closed","ping_status":"open","sticky":false,"template":"","format":"standard","meta":{"footnotes":""},"categories":[1],"tags":[5551,1341,5473],"class_list":["post-14186","post","type-post","status-publish","format-standard","has-post-thumbnail","hentry","category-allgemein","tag-teilnahme","tag-wohnungseigentuemergemeinschaft","tag-wohnungseigentuemerversammlung"],"yoast_head":"<!-- This site is optimized with the Yoast SEO Premium plugin v27.4 (Yoast SEO v27.5) - https:\/\/yoast.com\/product\/yoast-seo-premium-wordpress\/ -->\n<title>Alle Eigent\u00fcmer m\u00fcssen an der WEG-.Versammlung teilnehmen k\u00f6nnen<\/title>\n<meta name=\"description\" content=\"Auch in Corona-Zeiten d\u00fcrfen keine Mitglieder einer WEG von der Teilnahme an der Mitgliederversammlung ausgeschlossen werden.\" \/>\n<meta name=\"robots\" content=\"noindex, nofollow\" \/>\n<meta property=\"og:locale\" content=\"de_DE\" \/>\n<meta property=\"og:type\" content=\"article\" \/>\n<meta property=\"og:title\" content=\"Eigent\u00fcmer\u00adversammlung darf niemanden ausschlie\u00dfen\" \/>\n<meta property=\"og:description\" content=\"Auch in Corona-Zeiten d\u00fcrfen keine Mitglieder einer WEG von der Teilnahme an der Mitgliederversammlung ausgeschlossen werden.\" \/>\n<meta property=\"og:url\" content=\"https:\/\/www.buhl.de\/vermieter-web\/eigentuemerversammlung-darf-niemanden-ausschliessen\/\" \/>\n<meta property=\"og:site_name\" content=\"Online-Nebenkostenabrechnung mit WISO Vermieter-Web\" \/>\n<meta property=\"article:published_time\" content=\"2021-12-22T15:17:28+00:00\" \/>\n<meta property=\"og:image\" content=\"https:\/\/www.buhl.de\/vermieter-web\/wp-content\/uploads\/sites\/33\/2021\/02\/shutterstock_1753769294.jpg\" \/>\n\t<meta property=\"og:image:width\" content=\"840\" \/>\n\t<meta property=\"og:image:height\" content=\"420\" \/>\n\t<meta property=\"og:image:type\" content=\"image\/jpeg\" \/>\n<meta name=\"author\" content=\"Hartmut Fischer\" \/>\n<meta name=\"twitter:card\" content=\"summary_large_image\" \/>\n<meta name=\"twitter:label1\" content=\"Verfasst von\" \/>\n\t<meta name=\"twitter:data1\" content=\"Hartmut Fischer\" \/>\n\t<meta name=\"twitter:label2\" content=\"Gesch\u00e4tzte Lesezeit\" \/>\n\t<meta name=\"twitter:data2\" content=\"1\u00a0Minute\" \/>\n<script type=\"application\/ld+json\" class=\"yoast-schema-graph\">{\"@context\":\"https:\\\/\\\/schema.org\",\"@graph\":[{\"@type\":\"Article\",\"@id\":\"https:\\\/\\\/www.buhl.de\\\/vermieter-web\\\/eigentuemerversammlung-darf-niemanden-ausschliessen\\\/#article\",\"isPartOf\":{\"@id\":\"https:\\\/\\\/www.buhl.de\\\/vermieter-web\\\/eigentuemerversammlung-darf-niemanden-ausschliessen\\\/\"},\"author\":{\"name\":\"Hartmut Fischer\",\"@id\":\"https:\\\/\\\/www.buhl.de\\\/vermieter-web\\\/#\\\/schema\\\/person\\\/82903e1cb04eb553382702d503991b4f\"},\"headline\":\"Eigent\u00fcmer\u00adversammlung darf niemanden ausschlie\u00dfen\",\"datePublished\":\"2021-12-22T15:17:28+00:00\",\"mainEntityOfPage\":{\"@id\":\"https:\\\/\\\/www.buhl.de\\\/vermieter-web\\\/eigentuemerversammlung-darf-niemanden-ausschliessen\\\/\"},\"wordCount\":283,\"image\":{\"@id\":\"https:\\\/\\\/www.buhl.de\\\/vermieter-web\\\/eigentuemerversammlung-darf-niemanden-ausschliessen\\\/#primaryimage\"},\"thumbnailUrl\":\"https:\\\/\\\/www.buhl.de\\\/vermieter-web\\\/wp-content\\\/uploads\\\/sites\\\/33\\\/2021\\\/02\\\/shutterstock_1753769294.jpg\",\"keywords\":[\"Teilnahme\",\"Wohnungseigent\u00fcmergemeinschaft\",\"Wohnungseigent\u00fcmerversammlung\"],\"inLanguage\":\"de\"},{\"@type\":\"WebPage\",\"@id\":\"https:\\\/\\\/www.buhl.de\\\/vermieter-web\\\/eigentuemerversammlung-darf-niemanden-ausschliessen\\\/\",\"url\":\"https:\\\/\\\/www.buhl.de\\\/vermieter-web\\\/eigentuemerversammlung-darf-niemanden-ausschliessen\\\/\",\"name\":\"Alle Eigent\u00fcmer m\u00fcssen an der WEG-.Versammlung teilnehmen k\u00f6nnen\",\"isPartOf\":{\"@id\":\"https:\\\/\\\/www.buhl.de\\\/vermieter-web\\\/#website\"},\"primaryImageOfPage\":{\"@id\":\"https:\\\/\\\/www.buhl.de\\\/vermieter-web\\\/eigentuemerversammlung-darf-niemanden-ausschliessen\\\/#primaryimage\"},\"image\":{\"@id\":\"https:\\\/\\\/www.buhl.de\\\/vermieter-web\\\/eigentuemerversammlung-darf-niemanden-ausschliessen\\\/#primaryimage\"},\"thumbnailUrl\":\"https:\\\/\\\/www.buhl.de\\\/vermieter-web\\\/wp-content\\\/uploads\\\/sites\\\/33\\\/2021\\\/02\\\/shutterstock_1753769294.jpg\",\"datePublished\":\"2021-12-22T15:17:28+00:00\",\"author\":{\"@id\":\"https:\\\/\\\/www.buhl.de\\\/vermieter-web\\\/#\\\/schema\\\/person\\\/82903e1cb04eb553382702d503991b4f\"},\"description\":\"Auch in Corona-Zeiten d\u00fcrfen keine Mitglieder einer WEG von der Teilnahme an der Mitgliederversammlung ausgeschlossen werden.\",\"breadcrumb\":{\"@id\":\"https:\\\/\\\/www.buhl.de\\\/vermieter-web\\\/eigentuemerversammlung-darf-niemanden-ausschliessen\\\/#breadcrumb\"},\"inLanguage\":\"de\",\"potentialAction\":[{\"@type\":\"ReadAction\",\"target\":[\"https:\\\/\\\/www.buhl.de\\\/vermieter-web\\\/eigentuemerversammlung-darf-niemanden-ausschliessen\\\/\"]}]},{\"@type\":\"ImageObject\",\"inLanguage\":\"de\",\"@id\":\"https:\\\/\\\/www.buhl.de\\\/vermieter-web\\\/eigentuemerversammlung-darf-niemanden-ausschliessen\\\/#primaryimage\",\"url\":\"https:\\\/\\\/www.buhl.de\\\/vermieter-web\\\/wp-content\\\/uploads\\\/sites\\\/33\\\/2021\\\/02\\\/shutterstock_1753769294.jpg\",\"contentUrl\":\"https:\\\/\\\/www.buhl.de\\\/vermieter-web\\\/wp-content\\\/uploads\\\/sites\\\/33\\\/2021\\\/02\\\/shutterstock_1753769294.jpg\",\"width\":840,\"height\":420,\"caption\":\"German word Mietrecht (tenancy law) in a apartment with The Statue of Justice - lady justice or Iustitia \\\/ Justitia the Roman goddess of Justic as a concept image\"},{\"@type\":\"BreadcrumbList\",\"@id\":\"https:\\\/\\\/www.buhl.de\\\/vermieter-web\\\/eigentuemerversammlung-darf-niemanden-ausschliessen\\\/#breadcrumb\",\"itemListElement\":[{\"@type\":\"ListItem\",\"position\":1,\"name\":\"Startseite\",\"item\":\"https:\\\/\\\/www.buhl.de\\\/vermieter-web\\\/\"},{\"@type\":\"ListItem\",\"position\":2,\"name\":\"Eigent\u00fcmer\u00adversammlung darf niemanden ausschlie\u00dfen\"}]},{\"@type\":\"WebSite\",\"@id\":\"https:\\\/\\\/www.buhl.de\\\/vermieter-web\\\/#website\",\"url\":\"https:\\\/\\\/www.buhl.de\\\/vermieter-web\\\/\",\"name\":\"Online-Nebenkostenabrechnung mit WISO Vermieter-Web\",\"description\":\"\",\"potentialAction\":[{\"@type\":\"SearchAction\",\"target\":{\"@type\":\"EntryPoint\",\"urlTemplate\":\"https:\\\/\\\/www.buhl.de\\\/vermieter-web\\\/?s={search_term_string}\"},\"query-input\":{\"@type\":\"PropertyValueSpecification\",\"valueRequired\":true,\"valueName\":\"search_term_string\"}}],\"inLanguage\":\"de\"},{\"@type\":\"Person\",\"@id\":\"https:\\\/\\\/www.buhl.de\\\/vermieter-web\\\/#\\\/schema\\\/person\\\/82903e1cb04eb553382702d503991b4f\",\"name\":\"Hartmut Fischer\"}]}<\/script>\n<!-- \/ Yoast SEO Premium plugin. -->","yoast_head_json":{"title":"Alle Eigent\u00fcmer m\u00fcssen an der WEG-.Versammlung teilnehmen k\u00f6nnen","description":"Auch in Corona-Zeiten d\u00fcrfen keine Mitglieder einer WEG von der Teilnahme an der Mitgliederversammlung ausgeschlossen werden.","robots":{"index":"noindex","follow":"nofollow"},"og_locale":"de_DE","og_type":"article","og_title":"Eigent\u00fcmer\u00adversammlung darf niemanden ausschlie\u00dfen","og_description":"Auch in Corona-Zeiten d\u00fcrfen keine Mitglieder einer WEG von der Teilnahme an der Mitgliederversammlung ausgeschlossen werden.","og_url":"https:\/\/www.buhl.de\/vermieter-web\/eigentuemerversammlung-darf-niemanden-ausschliessen\/","og_site_name":"Online-Nebenkostenabrechnung mit WISO Vermieter-Web","article_published_time":"2021-12-22T15:17:28+00:00","og_image":[{"width":840,"height":420,"url":"https:\/\/www.buhl.de\/vermieter-web\/wp-content\/uploads\/sites\/33\/2021\/02\/shutterstock_1753769294.jpg","type":"image\/jpeg"}],"author":"Hartmut Fischer","twitter_card":"summary_large_image","twitter_misc":{"Verfasst von":"Hartmut Fischer","Gesch\u00e4tzte Lesezeit":"1\u00a0Minute"},"schema":{"@context":"https:\/\/schema.org","@graph":[{"@type":"Article","@id":"https:\/\/www.buhl.de\/vermieter-web\/eigentuemerversammlung-darf-niemanden-ausschliessen\/#article","isPartOf":{"@id":"https:\/\/www.buhl.de\/vermieter-web\/eigentuemerversammlung-darf-niemanden-ausschliessen\/"},"author":{"name":"Hartmut Fischer","@id":"https:\/\/www.buhl.de\/vermieter-web\/#\/schema\/person\/82903e1cb04eb553382702d503991b4f"},"headline":"Eigent\u00fcmer\u00adversammlung darf niemanden ausschlie\u00dfen","datePublished":"2021-12-22T15:17:28+00:00","mainEntityOfPage":{"@id":"https:\/\/www.buhl.de\/vermieter-web\/eigentuemerversammlung-darf-niemanden-ausschliessen\/"},"wordCount":283,"image":{"@id":"https:\/\/www.buhl.de\/vermieter-web\/eigentuemerversammlung-darf-niemanden-ausschliessen\/#primaryimage"},"thumbnailUrl":"https:\/\/www.buhl.de\/vermieter-web\/wp-content\/uploads\/sites\/33\/2021\/02\/shutterstock_1753769294.jpg","keywords":["Teilnahme","Wohnungseigent\u00fcmergemeinschaft","Wohnungseigent\u00fcmerversammlung"],"inLanguage":"de"},{"@type":"WebPage","@id":"https:\/\/www.buhl.de\/vermieter-web\/eigentuemerversammlung-darf-niemanden-ausschliessen\/","url":"https:\/\/www.buhl.de\/vermieter-web\/eigentuemerversammlung-darf-niemanden-ausschliessen\/","name":"Alle Eigent\u00fcmer m\u00fcssen an der WEG-.Versammlung teilnehmen k\u00f6nnen","isPartOf":{"@id":"https:\/\/www.buhl.de\/vermieter-web\/#website"},"primaryImageOfPage":{"@id":"https:\/\/www.buhl.de\/vermieter-web\/eigentuemerversammlung-darf-niemanden-ausschliessen\/#primaryimage"},"image":{"@id":"https:\/\/www.buhl.de\/vermieter-web\/eigentuemerversammlung-darf-niemanden-ausschliessen\/#primaryimage"},"thumbnailUrl":"https:\/\/www.buhl.de\/vermieter-web\/wp-content\/uploads\/sites\/33\/2021\/02\/shutterstock_1753769294.jpg","datePublished":"2021-12-22T15:17:28+00:00","author":{"@id":"https:\/\/www.buhl.de\/vermieter-web\/#\/schema\/person\/82903e1cb04eb553382702d503991b4f"},"description":"Auch in Corona-Zeiten d\u00fcrfen keine Mitglieder einer WEG von der Teilnahme an der Mitgliederversammlung ausgeschlossen werden.","breadcrumb":{"@id":"https:\/\/www.buhl.de\/vermieter-web\/eigentuemerversammlung-darf-niemanden-ausschliessen\/#breadcrumb"},"inLanguage":"de","potentialAction":[{"@type":"ReadAction","target":["https:\/\/www.buhl.de\/vermieter-web\/eigentuemerversammlung-darf-niemanden-ausschliessen\/"]}]},{"@type":"ImageObject","inLanguage":"de","@id":"https:\/\/www.buhl.de\/vermieter-web\/eigentuemerversammlung-darf-niemanden-ausschliessen\/#primaryimage","url":"https:\/\/www.buhl.de\/vermieter-web\/wp-content\/uploads\/sites\/33\/2021\/02\/shutterstock_1753769294.jpg","contentUrl":"https:\/\/www.buhl.de\/vermieter-web\/wp-content\/uploads\/sites\/33\/2021\/02\/shutterstock_1753769294.jpg","width":840,"height":420,"caption":"German word Mietrecht (tenancy law) in a apartment with The Statue of Justice - lady justice or Iustitia \/ Justitia the Roman goddess of Justic as a concept image"},{"@type":"BreadcrumbList","@id":"https:\/\/www.buhl.de\/vermieter-web\/eigentuemerversammlung-darf-niemanden-ausschliessen\/#breadcrumb","itemListElement":[{"@type":"ListItem","position":1,"name":"Startseite","item":"https:\/\/www.buhl.de\/vermieter-web\/"},{"@type":"ListItem","position":2,"name":"Eigent\u00fcmer\u00adversammlung darf niemanden ausschlie\u00dfen"}]},{"@type":"WebSite","@id":"https:\/\/www.buhl.de\/vermieter-web\/#website","url":"https:\/\/www.buhl.de\/vermieter-web\/","name":"Online-Nebenkostenabrechnung mit WISO Vermieter-Web","description":"","potentialAction":[{"@type":"SearchAction","target":{"@type":"EntryPoint","urlTemplate":"https:\/\/www.buhl.de\/vermieter-web\/?s={search_term_string}"},"query-input":{"@type":"PropertyValueSpecification","valueRequired":true,"valueName":"search_term_string"}}],"inLanguage":"de"},{"@type":"Person","@id":"https:\/\/www.buhl.de\/vermieter-web\/#\/schema\/person\/82903e1cb04eb553382702d503991b4f","name":"Hartmut Fischer"}]}},"_links":{"self":[{"href":"https:\/\/www.buhl.de\/vermieter-web\/wp-json\/wp\/v2\/posts\/14186","targetHints":{"allow":["GET"]}}],"collection":[{"href":"https:\/\/www.buhl.de\/vermieter-web\/wp-json\/wp\/v2\/posts"}],"about":[{"href":"https:\/\/www.buhl.de\/vermieter-web\/wp-json\/wp\/v2\/types\/post"}],"author":[{"embeddable":true,"href":"https:\/\/www.buhl.de\/vermieter-web\/wp-json\/wp\/v2\/users\/15"}],"replies":[{"embeddable":true,"href":"https:\/\/www.buhl.de\/vermieter-web\/wp-json\/wp\/v2\/comments?post=14186"}],"version-history":[{"count":1,"href":"https:\/\/www.buhl.de\/vermieter-web\/wp-json\/wp\/v2\/posts\/14186\/revisions"}],"predecessor-version":[{"id":14188,"href":"https:\/\/www.buhl.de\/vermieter-web\/wp-json\/wp\/v2\/posts\/14186\/revisions\/14188"}],"wp:featuredmedia":[{"embeddable":true,"href":"https:\/\/www.buhl.de\/vermieter-web\/wp-json\/wp\/v2\/media\/13392"}],"wp:attachment":[{"href":"https:\/\/www.buhl.de\/vermieter-web\/wp-json\/wp\/v2\/media?parent=14186"}],"wp:term":[{"taxonomy":"category","embeddable":true,"href":"https:\/\/www.buhl.de\/vermieter-web\/wp-json\/wp\/v2\/categories?post=14186"},{"taxonomy":"post_tag","embeddable":true,"href":"https:\/\/www.buhl.de\/vermieter-web\/wp-json\/wp\/v2\/tags?post=14186"}],"curies":[{"name":"wp","href":"https:\/\/api.w.org\/{rel}","templated":true}]}}