{"id":14215,"date":"2022-01-07T11:03:07","date_gmt":"2022-01-07T10:03:07","guid":{"rendered":"https:\/\/www.buhl.de\/vermieter-web\/?p=14215"},"modified":"2022-01-07T11:03:07","modified_gmt":"2022-01-07T10:03:07","slug":"kein-versicherungsschutz-bei-undichten-fugen","status":"publish","type":"post","link":"https:\/\/www.buhl.de\/vermieter-web\/kein-versicherungsschutz-bei-undichten-fugen\/","title":{"rendered":"Kein Versicherungsschutz bei undichten Fugen"},"content":{"rendered":"<p><strong>Normalerweise \u00fcbernimmt bei Wassersch\u00e4den die Geb\u00e4udeversicherung die entstehenden Kosten. Doch das gilt nicht in allen F\u00e4llen. So hat der Bundesgerichtshof (BGH) in einem Urteil vom 20. Oktober 2021 festgestellt, dass die Versicherung bei undichten Fugen nicht einspringen muss (Urteil vom 20.10.2021 \u2013 Aktenzeichen IV ZR 236\/20). Hier h\u00e4tte der Versicherter das \u201eKleingedruckte\u201c genauer lesen sollen.<\/strong><\/p>\n<h5>undichte fuge sorgt f\u00fcr immensen schaden<\/h5>\n<p>In dem Verfahren ging es um Silikon-Fugen, die im Duschbereich undicht waren. Da der Schaden nicht sofort erkannt wurde, beliefen sich die Reparaturkosten insgesamt auf rund 17.000 \u20ac. Die Geb\u00e4udeversicherung lehnte es ab, die entstandenen Kosten zu \u00fcbernehmen. Es kam zum Rechtsstreit.<\/p>\n<h5>OLG: Versicherer muss zahlen<\/h5>\n<p>Das Oberlandesgericht Bamberg entschied zu Gunsten des Versicherten. Die Richter vertraten die Ansicht, dass es sich hier um einen Versicherungsfall handele, f\u00fcr den der Versicherer einstehen m\u00fcsse. Der Bereich der Duschwanne geh\u00f6re zu den wasserf\u00fchrenden Einrichtungen, die in der Geb\u00e4udeversicherung mitversichert seien. Das Urteil wurde vom Versicherer nicht anerkannt und es kam zur Verhandlung vor dem BGH.<\/p>\n<h5>bgh: Versicherter bleibt auf kosten sitzen<\/h5>\n<p>Dort gab man dem Versicherungsunternehmen recht. Laut Versicherungsbedingungen schulde der Versicherer nur dann eine Entsch\u00e4digung, wenn Wasser aus dem Rohrsystem bzw. den damit verbundenen Einrichtungen austreten. Dies sei hier jedoch nicht der Fall. Die undichte Fuge habe keine Verbindung mit dem Rohrsystem.<\/p>\n<h5>versicherungsklausel deckt schaden nicht ab<\/h5>\n<p>Aufgrund der Klausel in den Versicherungsbedingungen sei der Schaden deshalb nicht versichert. In der Klausel waren unter anderem Sch\u00e4den aufgef\u00fchrt, die an den Rohren oder wasserf\u00fchrenden Teilen (zum Beispiel Heizungsanlage) aber auch an Wasserbetten.<\/p>\n<hr \/>\n<h5>das k\u00f6nnte sie auch interessieren:<\/h5>\n<p><a href=\"https:\/\/www.buhl.de\/vermieter-web\/verzoegerte-schadensregulierung-ansprueche-gegen-versicherer\/\">Verz\u00f6gerte Schadensregulierung: Anspr\u00fcche gegen Versicherer<\/a><br \/>\n<a href=\"https:\/\/www.buhl.de\/vermieter-web\/fahrlaessiger-brandschaden-fall-fuer-die-wohngebaeudeversicherung\/\">Wohngeb\u00e4udeversicherung bei fahrl\u00e4ssigen Brandsch\u00e4den<\/a><\/p>\n<hr \/>\n<p>&nbsp;<\/p>\n","protected":false},"excerpt":{"rendered":"<p>Normalerweise \u00fcbernimmt bei Wassersch\u00e4den die Geb\u00e4udeversicherung die entstehenden Kosten. Doch das gilt nicht in allen F\u00e4llen. So hat der Bundesgerichtshof (BGH) in einem Urteil vom 20. Oktober 2021 festgestellt, dass die Versicherung bei undichten Fugen nicht einspringen muss (Urteil vom 20.10.2021 \u2013 Aktenzeichen IV ZR 236\/20). Hier h\u00e4tte der Versicherter das \u201eKleingedruckte\u201c genauer lesen sollen. &hellip; <\/p>\n<p class=\"link-more\"><a href=\"https:\/\/www.buhl.de\/vermieter-web\/kein-versicherungsschutz-bei-undichten-fugen\/\" class=\"more-link\"><span class=\"screen-reader-text\">\u201eKein Versicherungsschutz bei undichten Fugen\u201c<\/span> weiterlesen<\/a><\/p>\n","protected":false},"author":15,"featured_media":13361,"comment_status":"closed","ping_status":"open","sticky":false,"template":"","format":"standard","meta":{"footnotes":""},"categories":[1],"tags":[5623,638],"class_list":["post-14215","post","type-post","status-publish","format-standard","has-post-thumbnail","hentry","category-allgemein","tag-versicherung","tag-wasserschaden"],"yoast_head":"<!-- This site is optimized with the Yoast SEO Premium plugin v27.4 (Yoast SEO v27.5) - https:\/\/yoast.com\/product\/yoast-seo-premium-wordpress\/ -->\n<title>Kein Versicherungsschutz bei undichten Fugen - Online-Nebenkostenabrechnung mit WISO Vermieter-Web<\/title>\n<meta name=\"robots\" content=\"noindex, nofollow\" \/>\n<meta property=\"og:locale\" content=\"de_DE\" \/>\n<meta property=\"og:type\" content=\"article\" \/>\n<meta property=\"og:title\" content=\"Kein Versicherungsschutz bei undichten Fugen\" \/>\n<meta property=\"og:description\" content=\"Normalerweise \u00fcbernimmt bei Wassersch\u00e4den die Geb\u00e4udeversicherung die entstehenden Kosten. Doch das gilt nicht in allen F\u00e4llen. So hat der Bundesgerichtshof (BGH) in einem Urteil vom 20. Oktober 2021 festgestellt, dass die Versicherung bei undichten Fugen nicht einspringen muss (Urteil vom 20.10.2021 \u2013 Aktenzeichen IV ZR 236\/20). Hier h\u00e4tte der Versicherter das \u201eKleingedruckte\u201c genauer lesen sollen. &hellip; \u201eKein Versicherungsschutz bei undichten Fugen\u201c weiterlesen\" \/>\n<meta property=\"og:url\" content=\"https:\/\/www.buhl.de\/vermieter-web\/kein-versicherungsschutz-bei-undichten-fugen\/\" \/>\n<meta property=\"og:site_name\" content=\"Online-Nebenkostenabrechnung mit WISO Vermieter-Web\" \/>\n<meta property=\"article:published_time\" content=\"2022-01-07T10:03:07+00:00\" \/>\n<meta property=\"og:image\" content=\"https:\/\/www.buhl.de\/vermieter-web\/wp-content\/uploads\/sites\/33\/2021\/02\/shutterstock_1014184129.jpg\" \/>\n\t<meta property=\"og:image:width\" content=\"840\" \/>\n\t<meta property=\"og:image:height\" content=\"420\" \/>\n\t<meta property=\"og:image:type\" content=\"image\/jpeg\" \/>\n<meta name=\"author\" content=\"Hartmut Fischer\" \/>\n<meta name=\"twitter:card\" content=\"summary_large_image\" \/>\n<meta name=\"twitter:label1\" content=\"Verfasst von\" \/>\n\t<meta name=\"twitter:data1\" content=\"Hartmut Fischer\" \/>\n\t<meta name=\"twitter:label2\" content=\"Gesch\u00e4tzte Lesezeit\" \/>\n\t<meta name=\"twitter:data2\" content=\"1\u00a0Minute\" \/>\n<script type=\"application\/ld+json\" class=\"yoast-schema-graph\">{\"@context\":\"https:\\\/\\\/schema.org\",\"@graph\":[{\"@type\":\"Article\",\"@id\":\"https:\\\/\\\/www.buhl.de\\\/vermieter-web\\\/kein-versicherungsschutz-bei-undichten-fugen\\\/#article\",\"isPartOf\":{\"@id\":\"https:\\\/\\\/www.buhl.de\\\/vermieter-web\\\/kein-versicherungsschutz-bei-undichten-fugen\\\/\"},\"author\":{\"name\":\"Hartmut Fischer\",\"@id\":\"https:\\\/\\\/www.buhl.de\\\/vermieter-web\\\/#\\\/schema\\\/person\\\/82903e1cb04eb553382702d503991b4f\"},\"headline\":\"Kein Versicherungsschutz bei undichten Fugen\",\"datePublished\":\"2022-01-07T10:03:07+00:00\",\"mainEntityOfPage\":{\"@id\":\"https:\\\/\\\/www.buhl.de\\\/vermieter-web\\\/kein-versicherungsschutz-bei-undichten-fugen\\\/\"},\"wordCount\":285,\"image\":{\"@id\":\"https:\\\/\\\/www.buhl.de\\\/vermieter-web\\\/kein-versicherungsschutz-bei-undichten-fugen\\\/#primaryimage\"},\"thumbnailUrl\":\"https:\\\/\\\/www.buhl.de\\\/vermieter-web\\\/wp-content\\\/uploads\\\/sites\\\/33\\\/2021\\\/02\\\/shutterstock_1014184129.jpg\",\"keywords\":[\"Versicherung\",\"Wasserschaden\"],\"inLanguage\":\"de\"},{\"@type\":\"WebPage\",\"@id\":\"https:\\\/\\\/www.buhl.de\\\/vermieter-web\\\/kein-versicherungsschutz-bei-undichten-fugen\\\/\",\"url\":\"https:\\\/\\\/www.buhl.de\\\/vermieter-web\\\/kein-versicherungsschutz-bei-undichten-fugen\\\/\",\"name\":\"Kein Versicherungsschutz bei undichten Fugen - Online-Nebenkostenabrechnung mit WISO Vermieter-Web\",\"isPartOf\":{\"@id\":\"https:\\\/\\\/www.buhl.de\\\/vermieter-web\\\/#website\"},\"primaryImageOfPage\":{\"@id\":\"https:\\\/\\\/www.buhl.de\\\/vermieter-web\\\/kein-versicherungsschutz-bei-undichten-fugen\\\/#primaryimage\"},\"image\":{\"@id\":\"https:\\\/\\\/www.buhl.de\\\/vermieter-web\\\/kein-versicherungsschutz-bei-undichten-fugen\\\/#primaryimage\"},\"thumbnailUrl\":\"https:\\\/\\\/www.buhl.de\\\/vermieter-web\\\/wp-content\\\/uploads\\\/sites\\\/33\\\/2021\\\/02\\\/shutterstock_1014184129.jpg\",\"datePublished\":\"2022-01-07T10:03:07+00:00\",\"author\":{\"@id\":\"https:\\\/\\\/www.buhl.de\\\/vermieter-web\\\/#\\\/schema\\\/person\\\/82903e1cb04eb553382702d503991b4f\"},\"breadcrumb\":{\"@id\":\"https:\\\/\\\/www.buhl.de\\\/vermieter-web\\\/kein-versicherungsschutz-bei-undichten-fugen\\\/#breadcrumb\"},\"inLanguage\":\"de\",\"potentialAction\":[{\"@type\":\"ReadAction\",\"target\":[\"https:\\\/\\\/www.buhl.de\\\/vermieter-web\\\/kein-versicherungsschutz-bei-undichten-fugen\\\/\"]}]},{\"@type\":\"ImageObject\",\"inLanguage\":\"de\",\"@id\":\"https:\\\/\\\/www.buhl.de\\\/vermieter-web\\\/kein-versicherungsschutz-bei-undichten-fugen\\\/#primaryimage\",\"url\":\"https:\\\/\\\/www.buhl.de\\\/vermieter-web\\\/wp-content\\\/uploads\\\/sites\\\/33\\\/2021\\\/02\\\/shutterstock_1014184129.jpg\",\"contentUrl\":\"https:\\\/\\\/www.buhl.de\\\/vermieter-web\\\/wp-content\\\/uploads\\\/sites\\\/33\\\/2021\\\/02\\\/shutterstock_1014184129.jpg\",\"width\":840,\"height\":420,\"caption\":\"Family house in Houston suburb flooded from Hurricane Harvey 2017\"},{\"@type\":\"BreadcrumbList\",\"@id\":\"https:\\\/\\\/www.buhl.de\\\/vermieter-web\\\/kein-versicherungsschutz-bei-undichten-fugen\\\/#breadcrumb\",\"itemListElement\":[{\"@type\":\"ListItem\",\"position\":1,\"name\":\"Startseite\",\"item\":\"https:\\\/\\\/www.buhl.de\\\/vermieter-web\\\/\"},{\"@type\":\"ListItem\",\"position\":2,\"name\":\"Kein Versicherungsschutz bei undichten Fugen\"}]},{\"@type\":\"WebSite\",\"@id\":\"https:\\\/\\\/www.buhl.de\\\/vermieter-web\\\/#website\",\"url\":\"https:\\\/\\\/www.buhl.de\\\/vermieter-web\\\/\",\"name\":\"Online-Nebenkostenabrechnung mit WISO Vermieter-Web\",\"description\":\"\",\"potentialAction\":[{\"@type\":\"SearchAction\",\"target\":{\"@type\":\"EntryPoint\",\"urlTemplate\":\"https:\\\/\\\/www.buhl.de\\\/vermieter-web\\\/?s={search_term_string}\"},\"query-input\":{\"@type\":\"PropertyValueSpecification\",\"valueRequired\":true,\"valueName\":\"search_term_string\"}}],\"inLanguage\":\"de\"},{\"@type\":\"Person\",\"@id\":\"https:\\\/\\\/www.buhl.de\\\/vermieter-web\\\/#\\\/schema\\\/person\\\/82903e1cb04eb553382702d503991b4f\",\"name\":\"Hartmut Fischer\"}]}<\/script>\n<!-- \/ Yoast SEO Premium plugin. -->","yoast_head_json":{"title":"Kein Versicherungsschutz bei undichten Fugen - Online-Nebenkostenabrechnung mit WISO Vermieter-Web","robots":{"index":"noindex","follow":"nofollow"},"og_locale":"de_DE","og_type":"article","og_title":"Kein Versicherungsschutz bei undichten Fugen","og_description":"Normalerweise \u00fcbernimmt bei Wassersch\u00e4den die Geb\u00e4udeversicherung die entstehenden Kosten. Doch das gilt nicht in allen F\u00e4llen. So hat der Bundesgerichtshof (BGH) in einem Urteil vom 20. Oktober 2021 festgestellt, dass die Versicherung bei undichten Fugen nicht einspringen muss (Urteil vom 20.10.2021 \u2013 Aktenzeichen IV ZR 236\/20). Hier h\u00e4tte der Versicherter das \u201eKleingedruckte\u201c genauer lesen sollen. &hellip; \u201eKein Versicherungsschutz bei undichten Fugen\u201c weiterlesen","og_url":"https:\/\/www.buhl.de\/vermieter-web\/kein-versicherungsschutz-bei-undichten-fugen\/","og_site_name":"Online-Nebenkostenabrechnung mit WISO Vermieter-Web","article_published_time":"2022-01-07T10:03:07+00:00","og_image":[{"width":840,"height":420,"url":"https:\/\/www.buhl.de\/vermieter-web\/wp-content\/uploads\/sites\/33\/2021\/02\/shutterstock_1014184129.jpg","type":"image\/jpeg"}],"author":"Hartmut Fischer","twitter_card":"summary_large_image","twitter_misc":{"Verfasst von":"Hartmut Fischer","Gesch\u00e4tzte Lesezeit":"1\u00a0Minute"},"schema":{"@context":"https:\/\/schema.org","@graph":[{"@type":"Article","@id":"https:\/\/www.buhl.de\/vermieter-web\/kein-versicherungsschutz-bei-undichten-fugen\/#article","isPartOf":{"@id":"https:\/\/www.buhl.de\/vermieter-web\/kein-versicherungsschutz-bei-undichten-fugen\/"},"author":{"name":"Hartmut Fischer","@id":"https:\/\/www.buhl.de\/vermieter-web\/#\/schema\/person\/82903e1cb04eb553382702d503991b4f"},"headline":"Kein Versicherungsschutz bei undichten Fugen","datePublished":"2022-01-07T10:03:07+00:00","mainEntityOfPage":{"@id":"https:\/\/www.buhl.de\/vermieter-web\/kein-versicherungsschutz-bei-undichten-fugen\/"},"wordCount":285,"image":{"@id":"https:\/\/www.buhl.de\/vermieter-web\/kein-versicherungsschutz-bei-undichten-fugen\/#primaryimage"},"thumbnailUrl":"https:\/\/www.buhl.de\/vermieter-web\/wp-content\/uploads\/sites\/33\/2021\/02\/shutterstock_1014184129.jpg","keywords":["Versicherung","Wasserschaden"],"inLanguage":"de"},{"@type":"WebPage","@id":"https:\/\/www.buhl.de\/vermieter-web\/kein-versicherungsschutz-bei-undichten-fugen\/","url":"https:\/\/www.buhl.de\/vermieter-web\/kein-versicherungsschutz-bei-undichten-fugen\/","name":"Kein Versicherungsschutz bei undichten Fugen - Online-Nebenkostenabrechnung mit WISO Vermieter-Web","isPartOf":{"@id":"https:\/\/www.buhl.de\/vermieter-web\/#website"},"primaryImageOfPage":{"@id":"https:\/\/www.buhl.de\/vermieter-web\/kein-versicherungsschutz-bei-undichten-fugen\/#primaryimage"},"image":{"@id":"https:\/\/www.buhl.de\/vermieter-web\/kein-versicherungsschutz-bei-undichten-fugen\/#primaryimage"},"thumbnailUrl":"https:\/\/www.buhl.de\/vermieter-web\/wp-content\/uploads\/sites\/33\/2021\/02\/shutterstock_1014184129.jpg","datePublished":"2022-01-07T10:03:07+00:00","author":{"@id":"https:\/\/www.buhl.de\/vermieter-web\/#\/schema\/person\/82903e1cb04eb553382702d503991b4f"},"breadcrumb":{"@id":"https:\/\/www.buhl.de\/vermieter-web\/kein-versicherungsschutz-bei-undichten-fugen\/#breadcrumb"},"inLanguage":"de","potentialAction":[{"@type":"ReadAction","target":["https:\/\/www.buhl.de\/vermieter-web\/kein-versicherungsschutz-bei-undichten-fugen\/"]}]},{"@type":"ImageObject","inLanguage":"de","@id":"https:\/\/www.buhl.de\/vermieter-web\/kein-versicherungsschutz-bei-undichten-fugen\/#primaryimage","url":"https:\/\/www.buhl.de\/vermieter-web\/wp-content\/uploads\/sites\/33\/2021\/02\/shutterstock_1014184129.jpg","contentUrl":"https:\/\/www.buhl.de\/vermieter-web\/wp-content\/uploads\/sites\/33\/2021\/02\/shutterstock_1014184129.jpg","width":840,"height":420,"caption":"Family house in Houston suburb flooded from Hurricane Harvey 2017"},{"@type":"BreadcrumbList","@id":"https:\/\/www.buhl.de\/vermieter-web\/kein-versicherungsschutz-bei-undichten-fugen\/#breadcrumb","itemListElement":[{"@type":"ListItem","position":1,"name":"Startseite","item":"https:\/\/www.buhl.de\/vermieter-web\/"},{"@type":"ListItem","position":2,"name":"Kein Versicherungsschutz bei undichten Fugen"}]},{"@type":"WebSite","@id":"https:\/\/www.buhl.de\/vermieter-web\/#website","url":"https:\/\/www.buhl.de\/vermieter-web\/","name":"Online-Nebenkostenabrechnung mit WISO Vermieter-Web","description":"","potentialAction":[{"@type":"SearchAction","target":{"@type":"EntryPoint","urlTemplate":"https:\/\/www.buhl.de\/vermieter-web\/?s={search_term_string}"},"query-input":{"@type":"PropertyValueSpecification","valueRequired":true,"valueName":"search_term_string"}}],"inLanguage":"de"},{"@type":"Person","@id":"https:\/\/www.buhl.de\/vermieter-web\/#\/schema\/person\/82903e1cb04eb553382702d503991b4f","name":"Hartmut Fischer"}]}},"_links":{"self":[{"href":"https:\/\/www.buhl.de\/vermieter-web\/wp-json\/wp\/v2\/posts\/14215","targetHints":{"allow":["GET"]}}],"collection":[{"href":"https:\/\/www.buhl.de\/vermieter-web\/wp-json\/wp\/v2\/posts"}],"about":[{"href":"https:\/\/www.buhl.de\/vermieter-web\/wp-json\/wp\/v2\/types\/post"}],"author":[{"embeddable":true,"href":"https:\/\/www.buhl.de\/vermieter-web\/wp-json\/wp\/v2\/users\/15"}],"replies":[{"embeddable":true,"href":"https:\/\/www.buhl.de\/vermieter-web\/wp-json\/wp\/v2\/comments?post=14215"}],"version-history":[{"count":2,"href":"https:\/\/www.buhl.de\/vermieter-web\/wp-json\/wp\/v2\/posts\/14215\/revisions"}],"predecessor-version":[{"id":14218,"href":"https:\/\/www.buhl.de\/vermieter-web\/wp-json\/wp\/v2\/posts\/14215\/revisions\/14218"}],"wp:featuredmedia":[{"embeddable":true,"href":"https:\/\/www.buhl.de\/vermieter-web\/wp-json\/wp\/v2\/media\/13361"}],"wp:attachment":[{"href":"https:\/\/www.buhl.de\/vermieter-web\/wp-json\/wp\/v2\/media?parent=14215"}],"wp:term":[{"taxonomy":"category","embeddable":true,"href":"https:\/\/www.buhl.de\/vermieter-web\/wp-json\/wp\/v2\/categories?post=14215"},{"taxonomy":"post_tag","embeddable":true,"href":"https:\/\/www.buhl.de\/vermieter-web\/wp-json\/wp\/v2\/tags?post=14215"}],"curies":[{"name":"wp","href":"https:\/\/api.w.org\/{rel}","templated":true}]}}